{"id":62723,"date":"2016-10-06T18:06:17","date_gmt":"2016-10-06T16:06:17","guid":{"rendered":"https:\/\/www.prijedordanas.com\/?p=62723"},"modified":"2016-10-06T18:06:17","modified_gmt":"2016-10-06T16:06:17","slug":"djecija-nedjelja-tradicionalni-prijem-za-malisane-kod-gradonacelnika-fotovideo","status":"publish","type":"post","link":"https:\/\/www.prijedordanas.com\/?p=62723","title":{"rendered":"DJE\u010cIJA NEDJELJA: TRADICIONALNI PRIJEM ZA MALI\u0160ANE KOD GRADONA\u010cELNIKA \u2013 FOTO\/VIDEO"},"content":{"rendered":"<p><a href=\"https:\/\/www.prijedordanas.com\/wp-content\/uploads\/2016\/10\/djecija-nedjelja-vrticlije-kod-gradonacelnika-1.jpg\"><img loading=\"lazy\" decoding=\"async\" class=\"alignleft size-medium wp-image-62677\" src=\"https:\/\/www.prijedordanas.com\/wp-content\/uploads\/2016\/10\/djecija-nedjelja-vrticlije-kod-gradonacelnika-1-300x223.jpg\" alt=\"djecija-nedjelja-vrticlije-kod-gradonacelnika-1\" width=\"300\" height=\"223\" srcset=\"https:\/\/www.prijedordanas.com\/wp-content\/uploads\/2016\/10\/djecija-nedjelja-vrticlije-kod-gradonacelnika-1-300x223.jpg 300w, https:\/\/www.prijedordanas.com\/wp-content\/uploads\/2016\/10\/djecija-nedjelja-vrticlije-kod-gradonacelnika-1-100x74.jpg 100w, https:\/\/www.prijedordanas.com\/wp-content\/uploads\/2016\/10\/djecija-nedjelja-vrticlije-kod-gradonacelnika-1.jpg 672w\" sizes=\"(max-width: 300px) 100vw, 300px\" \/><\/a>Gradona\u010delnik Prijedora Marko Pavi\u0107 priredio je danas tradicionalni prijem za mali\u0161ane iz Dje\u010dijeg vrti\u0107a &#8220;Radost&#8221;, \u010dime je nastavljena Dje\u010dija nedjelja koja se ove godine u Republici Srpskoj obilje\u017eava pod motom &#8220;Porodica na prvom mjestu&#8221;.<\/p>\n<p>Pavi\u0107 je rekao da dolazak djece unosi radost u zgradu gradske uprave i da nema ve\u0107e radosti za gradona\u010delnika nego kad mu du posjetu dolaze mladi i djeca.<\/p>\n<p>&#8220;Onda vidimo da grad ima budu\u0107nost i da djeca ovog grada imaju budu\u0107nost. Ovo jeste nedjelja djeteta, ali mi u gradskoj upravi trudimo se da to ne bude samo ova sedmica, nego da je dijete va\u017eno svaki dan u godini&#8221;, rekao je Pavi\u0107 u obra\u0107anju mali\u0161anima.<\/p>\n<p><a href=\"https:\/\/www.prijedordanas.com\/wp-content\/uploads\/2016\/10\/djecija-nedjelja-vrticlije-kod-gradonacelnika-2.jpg\"><img loading=\"lazy\" decoding=\"async\" class=\"alignleft size-medium wp-image-62678\" src=\"https:\/\/www.prijedordanas.com\/wp-content\/uploads\/2016\/10\/djecija-nedjelja-vrticlije-kod-gradonacelnika-2-300x199.jpg\" alt=\"djecija-nedjelja-vrticlije-kod-gradonacelnika-2\" width=\"300\" height=\"199\" srcset=\"https:\/\/www.prijedordanas.com\/wp-content\/uploads\/2016\/10\/djecija-nedjelja-vrticlije-kod-gradonacelnika-2-300x200.jpg 300w, https:\/\/www.prijedordanas.com\/wp-content\/uploads\/2016\/10\/djecija-nedjelja-vrticlije-kod-gradonacelnika-2-100x66.jpg 100w, https:\/\/www.prijedordanas.com\/wp-content\/uploads\/2016\/10\/djecija-nedjelja-vrticlije-kod-gradonacelnika-2.jpg 640w, https:\/\/www.prijedordanas.com\/wp-content\/uploads\/2016\/10\/djecija-nedjelja-vrticlije-kod-gradonacelnika-2-480x320.jpg 480w\" sizes=\"(max-width: 300px) 100vw, 300px\" \/><\/a>On je preporu\u010dio mali\u0161anima da slu\u0161aju tete i roditelje jer \u0107e tako lak\u0161e u\u010diti, vi\u0161e raditi i biti bolji \u0111aci.<\/p>\n<p>&#8220;I kad pro\u0111e puno godina neko od vas \u0107e do\u0107i ovdje na moje mjesto i primati neku novu djecu. Raditi se mora mnogo jer se radom mo\u017ee mnogo i stvoriti&#8221;, poru\u010dio im je Pavi\u0107.<\/p>\n<p>&#8220;Ja sa tebe vidio na televiziji&#8221;, rekao je jedan dje\u010dak uperiv\u0161i prst na gradona\u010delnika Pavi\u0107a tokom njegovog obra\u0107anja.<\/p>\n<p>Direktor Dje\u010dijeg vrti\u0107a &#8220;Radost&#8221; Prijedor Du\u0161anka Bo\u017ei\u0107 rekla je da je ovo jedna u nizu dugogodi\u0161njih posjeta ili vrti\u0107a gradskoj upravi ili gradona\u010delnika vrti\u0107u.<\/p>\n<p><a href=\"https:\/\/www.prijedordanas.com\/wp-content\/uploads\/2016\/10\/djecija-nedjelja-vrticlije-kod-gradonacelnika-3.jpg\"><img loading=\"lazy\" decoding=\"async\" class=\"alignleft size-medium wp-image-62679\" src=\"https:\/\/www.prijedordanas.com\/wp-content\/uploads\/2016\/10\/djecija-nedjelja-vrticlije-kod-gradonacelnika-3-300x199.jpg\" alt=\"djecija-nedjelja-vrticlije-kod-gradonacelnika-3\" width=\"300\" height=\"199\" srcset=\"https:\/\/www.prijedordanas.com\/wp-content\/uploads\/2016\/10\/djecija-nedjelja-vrticlije-kod-gradonacelnika-3-300x200.jpg 300w, https:\/\/www.prijedordanas.com\/wp-content\/uploads\/2016\/10\/djecija-nedjelja-vrticlije-kod-gradonacelnika-3-100x66.jpg 100w, https:\/\/www.prijedordanas.com\/wp-content\/uploads\/2016\/10\/djecija-nedjelja-vrticlije-kod-gradonacelnika-3.jpg 640w, https:\/\/www.prijedordanas.com\/wp-content\/uploads\/2016\/10\/djecija-nedjelja-vrticlije-kod-gradonacelnika-3-480x320.jpg 480w\" sizes=\"(max-width: 300px) 100vw, 300px\" \/><\/a>&#8220;Ovo je uvijek prilika da se pozdravimo i ispri\u010damo. Djeca jedva \u010dekaju ovo i puno o\u010dekuju od gradona\u010delnika, da ih po\u0161tuje, da im omogu\u0107i da ostvare svoja prava i da \u0161to vi\u0161e djece bude u vrti\u0107u&#8221;, istakla je Bo\u017ei\u0107eva.<\/p>\n<p>Ona je navela da vrti\u0107 u ovoj godini poha\u0111a 458 mali\u0161ana u svim objektima.<\/p>\n<p>&#8220;To je ne\u0161to vi\u0161e nego lani, ali to je zato \u0161to smo prenapu\u010dili sve objekte. Potrebno je jo\u0161 prostora&#8221;, dodala je Bo\u017ei\u0107eva.<\/p>\n<p>Mali\u0161ani su priredili prigodan program i uru\u010dili poklone gradona\u010delniku, a gradona\u010delnik je obezbijedio slatki\u0161e za sve mali\u0161ane u svim vrti\u0107kim objektima.<\/p>\n<p>Iz gradske uprave je najavljeno da \u0107e, nakon \u0161to je zavr\u0161ena izgradnja ili obnova, te opremanje podru\u010dnih objekata, uslijediti rekonstrukcija centralne zgrade kako bi sva djeca koja \u017eele i\u0107i mogla da se upi\u0161u i kako bi se pove\u0107ao obuhvat pred\u0161kolske djece vrti\u0107em.<\/p>\n<p>Tekst \u2013 SRNA<br \/>\nFoto &#8211; Aleksandar Drakuli\u0107 \u2013 <a href=\"www.prijedordanas.com\" target=\"_blank\">www.prijedordanas.com<\/a><br \/>\nVideo \u2013 RTRS\/RTV Prijedor<\/p>\n<p><iframe loading=\"lazy\" width=\"500\" height=\"375\" src=\"https:\/\/www.youtube.com\/embed\/Cje69YAiAKo?feature=oembed\" frameborder=\"0\" allowfullscreen><\/iframe><\/p>\n<p><iframe loading=\"lazy\" width=\"500\" height=\"281\" src=\"https:\/\/www.youtube.com\/embed\/hHVX5bNUqSg?feature=oembed\" frameborder=\"0\" allowfullscreen><\/iframe><\/p>\n<p><a href=\"https:\/\/www.prijedordanas.com\/wp-content\/uploads\/2016\/10\/djecija-nedjelja-vrticlije-kod-gradonacelnika-5.jpg\"><img loading=\"lazy\" decoding=\"async\" class=\"alignleft size-medium wp-image-62680\" src=\"https:\/\/www.prijedordanas.com\/wp-content\/uploads\/2016\/10\/djecija-nedjelja-vrticlije-kod-gradonacelnika-5-300x199.jpg\" alt=\"djecija-nedjelja-vrticlije-kod-gradonacelnika-5\" width=\"300\" height=\"199\" srcset=\"https:\/\/www.prijedordanas.com\/wp-content\/uploads\/2016\/10\/djecija-nedjelja-vrticlije-kod-gradonacelnika-5-300x200.jpg 300w, https:\/\/www.prijedordanas.com\/wp-content\/uploads\/2016\/10\/djecija-nedjelja-vrticlije-kod-gradonacelnika-5-100x66.jpg 100w, https:\/\/www.prijedordanas.com\/wp-content\/uploads\/2016\/10\/djecija-nedjelja-vrticlije-kod-gradonacelnika-5.jpg 640w, https:\/\/www.prijedordanas.com\/wp-content\/uploads\/2016\/10\/djecija-nedjelja-vrticlije-kod-gradonacelnika-5-480x320.jpg 480w\" sizes=\"(max-width: 300px) 100vw, 300px\" \/><\/a> <a href=\"https:\/\/www.prijedordanas.com\/wp-content\/uploads\/2016\/10\/djecija-nedjelja-vrticlije-kod-gradonacelnika-4.jpg\"><img loading=\"lazy\" decoding=\"async\" class=\"alignleft size-medium wp-image-62681\" src=\"https:\/\/www.prijedordanas.com\/wp-content\/uploads\/2016\/10\/djecija-nedjelja-vrticlije-kod-gradonacelnika-4-300x199.jpg\" alt=\"djecija-nedjelja-vrticlije-kod-gradonacelnika-4\" width=\"300\" height=\"199\" srcset=\"https:\/\/www.prijedordanas.com\/wp-content\/uploads\/2016\/10\/djecija-nedjelja-vrticlije-kod-gradonacelnika-4-300x200.jpg 300w, https:\/\/www.prijedordanas.com\/wp-content\/uploads\/2016\/10\/djecija-nedjelja-vrticlije-kod-gradonacelnika-4-100x66.jpg 100w, https:\/\/www.prijedordanas.com\/wp-content\/uploads\/2016\/10\/djecija-nedjelja-vrticlije-kod-gradonacelnika-4.jpg 640w, https:\/\/www.prijedordanas.com\/wp-content\/uploads\/2016\/10\/djecija-nedjelja-vrticlije-kod-gradonacelnika-4-480x320.jpg 480w\" sizes=\"(max-width: 300px) 100vw, 300px\" \/><\/a> <a href=\"https:\/\/www.prijedordanas.com\/wp-content\/uploads\/2016\/10\/djecija-nedjelja-vrticlije-kod-gradonacelnika-6.jpg\"><img loading=\"lazy\" decoding=\"async\" class=\"alignleft size-medium wp-image-62682\" src=\"https:\/\/www.prijedordanas.com\/wp-content\/uploads\/2016\/10\/djecija-nedjelja-vrticlije-kod-gradonacelnika-6-300x199.jpg\" alt=\"djecija-nedjelja-vrticlije-kod-gradonacelnika-6\" width=\"300\" height=\"199\" srcset=\"https:\/\/www.prijedordanas.com\/wp-content\/uploads\/2016\/10\/djecija-nedjelja-vrticlije-kod-gradonacelnika-6-300x200.jpg 300w, https:\/\/www.prijedordanas.com\/wp-content\/uploads\/2016\/10\/djecija-nedjelja-vrticlije-kod-gradonacelnika-6-100x66.jpg 100w, https:\/\/www.prijedordanas.com\/wp-content\/uploads\/2016\/10\/djecija-nedjelja-vrticlije-kod-gradonacelnika-6.jpg 640w, https:\/\/www.prijedordanas.com\/wp-content\/uploads\/2016\/10\/djecija-nedjelja-vrticlije-kod-gradonacelnika-6-480x320.jpg 480w\" sizes=\"(max-width: 300px) 100vw, 300px\" \/><\/a><\/p>\n","protected":false},"excerpt":{"rendered":"<p>Gradona\u010delnik Prijedora Marko Pavi\u0107 priredio je danas tradicionalni prijem za mali\u0161ane iz Dje\u010dijeg vrti\u0107a &#8220;Radost&#8221;, \u010dime je nastavljena Dje\u010dija nedjelja koja se ove godine u Republici Srpskoj obilje\u017eava pod motom [&hellip;]<\/p>\n","protected":false},"author":1,"featured_media":0,"comment_status":"closed","ping_status":"open","sticky":false,"template":"","format":"standard","meta":{"_monsterinsights_skip_tracking":false,"_monsterinsights_sitenote_active":false,"_monsterinsights_sitenote_note":"","_monsterinsights_sitenote_category":0,"footnotes":""},"categories":[4],"tags":[658,5285,7793,5664,2894],"yoast_head":"<!-- This site is optimized with the Yoast SEO plugin v21.6 - https:\/\/yoast.com\/wordpress\/plugins\/seo\/ -->\n<title>DJE\u010cIJA NEDJELJA: TRADICIONALNI PRIJEM ZA MALI\u0160ANE KOD GRADONA\u010cELNIKA \u2013 FOTO\/VIDEO - PrijedorDanas.com - Prijedorski gradski portal<\/title>\n<meta name=\"robots\" content=\"index, follow, max-snippet:-1, max-image-preview:large, max-video-preview:-1\" \/>\n<link rel=\"canonical\" href=\"https:\/\/www.prijedordanas.com\/?p=62723\" \/>\n<meta property=\"og:locale\" content=\"en_US\" \/>\n<meta property=\"og:type\" content=\"article\" \/>\n<meta property=\"og:title\" content=\"DJE\u010cIJA NEDJELJA: TRADICIONALNI PRIJEM ZA MALI\u0160ANE KOD GRADONA\u010cELNIKA \u2013 FOTO\/VIDEO - PrijedorDanas.com - Prijedorski gradski portal\" \/>\n<meta property=\"og:description\" content=\"Gradona\u010delnik Prijedora Marko Pavi\u0107 priredio je danas tradicionalni prijem za mali\u0161ane iz Dje\u010dijeg vrti\u0107a &#8220;Radost&#8221;, \u010dime je nastavljena Dje\u010dija nedjelja koja se ove godine u Republici Srpskoj obilje\u017eava pod motom [&hellip;]\" \/>\n<meta property=\"og:url\" content=\"https:\/\/www.prijedordanas.com\/?p=62723\" \/>\n<meta property=\"og:site_name\" content=\"PrijedorDanas.com - Prijedorski gradski portal\" \/>\n<meta property=\"article:publisher\" content=\"https:\/\/www.facebook.com\/PrijedorDanasCom\/\" \/>\n<meta property=\"article:published_time\" content=\"2016-10-06T16:06:17+00:00\" \/>\n<meta property=\"og:image\" content=\"https:\/\/www.prijedordanas.com\/wp-content\/uploads\/2016\/10\/djecija-nedjelja-vrticlije-kod-gradonacelnika-1-300x223.jpg\" \/>\n<meta name=\"author\" content=\"admin\" \/>\n<meta name=\"twitter:card\" content=\"summary_large_image\" \/>\n<meta name=\"twitter:label1\" content=\"Written by\" \/>\n\t<meta name=\"twitter:data1\" content=\"admin\" \/>\n\t<meta name=\"twitter:label2\" content=\"Est. reading time\" \/>\n\t<meta name=\"twitter:data2\" content=\"2 minutes\" \/>\n<script type=\"application\/ld+json\" class=\"yoast-schema-graph\">{\"@context\":\"https:\/\/schema.org\",\"@graph\":[{\"@type\":\"Article\",\"@id\":\"https:\/\/www.prijedordanas.com\/?p=62723#article\",\"isPartOf\":{\"@id\":\"https:\/\/www.prijedordanas.com\/?p=62723\"},\"author\":{\"name\":\"admin\",\"@id\":\"https:\/\/www.prijedordanas.com\/#\/schema\/person\/4e08ccf29b506ca916ff86d46bb700e6\"},\"headline\":\"DJE\u010cIJA NEDJELJA: TRADICIONALNI PRIJEM ZA MALI\u0160ANE KOD GRADONA\u010cELNIKA \u2013 FOTO\/VIDEO\",\"datePublished\":\"2016-10-06T16:06:17+00:00\",\"dateModified\":\"2016-10-06T16:06:17+00:00\",\"mainEntityOfPage\":{\"@id\":\"https:\/\/www.prijedordanas.com\/?p=62723\"},\"wordCount\":443,\"publisher\":{\"@id\":\"https:\/\/www.prijedordanas.com\/#organization\"},\"keywords\":[\"djeca\",\"Dje\u010dija nedjelja\",\"Dje\u010diji vrti\u0107 \\\"Radost\\\" Prijedor\",\"gradona\u010delnik Marko Pavi\u0107\",\"prijem\"],\"articleSection\":[\"Dru\u0161tvo\"],\"inLanguage\":\"en-US\"},{\"@type\":\"WebPage\",\"@id\":\"https:\/\/www.prijedordanas.com\/?p=62723\",\"url\":\"https:\/\/www.prijedordanas.com\/?p=62723\",\"name\":\"DJE\u010cIJA NEDJELJA: TRADICIONALNI PRIJEM ZA MALI\u0160ANE KOD GRADONA\u010cELNIKA \u2013 FOTO\/VIDEO - PrijedorDanas.com - Prijedorski gradski portal\",\"isPartOf\":{\"@id\":\"https:\/\/www.prijedordanas.com\/#website\"},\"datePublished\":\"2016-10-06T16:06:17+00:00\",\"dateModified\":\"2016-10-06T16:06:17+00:00\",\"breadcrumb\":{\"@id\":\"https:\/\/www.prijedordanas.com\/?p=62723#breadcrumb\"},\"inLanguage\":\"en-US\",\"potentialAction\":[{\"@type\":\"ReadAction\",\"target\":[\"https:\/\/www.prijedordanas.com\/?p=62723\"]}]},{\"@type\":\"BreadcrumbList\",\"@id\":\"https:\/\/www.prijedordanas.com\/?p=62723#breadcrumb\",\"itemListElement\":[{\"@type\":\"ListItem\",\"position\":1,\"name\":\"Home\",\"item\":\"https:\/\/www.prijedordanas.com\/\"},{\"@type\":\"ListItem\",\"position\":2,\"name\":\"DJE\u010cIJA NEDJELJA: TRADICIONALNI PRIJEM ZA MALI\u0160ANE KOD GRADONA\u010cELNIKA \u2013 FOTO\/VIDEO\"}]},{\"@type\":\"WebSite\",\"@id\":\"https:\/\/www.prijedordanas.com\/#website\",\"url\":\"https:\/\/www.prijedordanas.com\/\",\"name\":\"PrijedorDanas.com - Prijedorski gradski portal\",\"description\":\"Portal o doga\u0111anjima u gradu Prijedoru\",\"publisher\":{\"@id\":\"https:\/\/www.prijedordanas.com\/#organization\"},\"potentialAction\":[{\"@type\":\"SearchAction\",\"target\":{\"@type\":\"EntryPoint\",\"urlTemplate\":\"https:\/\/www.prijedordanas.com\/?s={search_term_string}\"},\"query-input\":\"required name=search_term_string\"}],\"inLanguage\":\"en-US\"},{\"@type\":\"Organization\",\"@id\":\"https:\/\/www.prijedordanas.com\/#organization\",\"name\":\"PrijedorDanas.com\",\"url\":\"https:\/\/www.prijedordanas.com\/\",\"logo\":{\"@type\":\"ImageObject\",\"inLanguage\":\"en-US\",\"@id\":\"https:\/\/www.prijedordanas.com\/#\/schema\/logo\/image\/\",\"url\":\"http:\/\/www.prijedordanas.com\/wp-content\/uploads\/2021\/12\/logopng.png\",\"contentUrl\":\"http:\/\/www.prijedordanas.com\/wp-content\/uploads\/2021\/12\/logopng.png\",\"width\":1019,\"height\":776,\"caption\":\"PrijedorDanas.com\"},\"image\":{\"@id\":\"https:\/\/www.prijedordanas.com\/#\/schema\/logo\/image\/\"},\"sameAs\":[\"https:\/\/www.facebook.com\/PrijedorDanasCom\/\"]},{\"@type\":\"Person\",\"@id\":\"https:\/\/www.prijedordanas.com\/#\/schema\/person\/4e08ccf29b506ca916ff86d46bb700e6\",\"name\":\"admin\",\"image\":{\"@type\":\"ImageObject\",\"inLanguage\":\"en-US\",\"@id\":\"https:\/\/www.prijedordanas.com\/#\/schema\/person\/image\/\",\"url\":\"https:\/\/secure.gravatar.com\/avatar\/1d3fc949d550f0b53a5f0d51e06dfd79?s=96&d=mm&r=g\",\"contentUrl\":\"https:\/\/secure.gravatar.com\/avatar\/1d3fc949d550f0b53a5f0d51e06dfd79?s=96&d=mm&r=g\",\"caption\":\"admin\"},\"url\":\"https:\/\/www.prijedordanas.com\/?author=1\"}]}<\/script>\n<!-- \/ Yoast SEO plugin. -->","yoast_head_json":{"title":"DJE\u010cIJA NEDJELJA: TRADICIONALNI PRIJEM ZA MALI\u0160ANE KOD GRADONA\u010cELNIKA \u2013 FOTO\/VIDEO - PrijedorDanas.com - Prijedorski gradski portal","robots":{"index":"index","follow":"follow","max-snippet":"max-snippet:-1","max-image-preview":"max-image-preview:large","max-video-preview":"max-video-preview:-1"},"canonical":"https:\/\/www.prijedordanas.com\/?p=62723","og_locale":"en_US","og_type":"article","og_title":"DJE\u010cIJA NEDJELJA: TRADICIONALNI PRIJEM ZA MALI\u0160ANE KOD GRADONA\u010cELNIKA \u2013 FOTO\/VIDEO - PrijedorDanas.com - Prijedorski gradski portal","og_description":"Gradona\u010delnik Prijedora Marko Pavi\u0107 priredio je danas tradicionalni prijem za mali\u0161ane iz Dje\u010dijeg vrti\u0107a &#8220;Radost&#8221;, \u010dime je nastavljena Dje\u010dija nedjelja koja se ove godine u Republici Srpskoj obilje\u017eava pod motom [&hellip;]","og_url":"https:\/\/www.prijedordanas.com\/?p=62723","og_site_name":"PrijedorDanas.com - Prijedorski gradski portal","article_publisher":"https:\/\/www.facebook.com\/PrijedorDanasCom\/","article_published_time":"2016-10-06T16:06:17+00:00","og_image":[{"url":"https:\/\/www.prijedordanas.com\/wp-content\/uploads\/2016\/10\/djecija-nedjelja-vrticlije-kod-gradonacelnika-1-300x223.jpg"}],"author":"admin","twitter_card":"summary_large_image","twitter_misc":{"Written by":"admin","Est. reading time":"2 minutes"},"schema":{"@context":"https:\/\/schema.org","@graph":[{"@type":"Article","@id":"https:\/\/www.prijedordanas.com\/?p=62723#article","isPartOf":{"@id":"https:\/\/www.prijedordanas.com\/?p=62723"},"author":{"name":"admin","@id":"https:\/\/www.prijedordanas.com\/#\/schema\/person\/4e08ccf29b506ca916ff86d46bb700e6"},"headline":"DJE\u010cIJA NEDJELJA: TRADICIONALNI PRIJEM ZA MALI\u0160ANE KOD GRADONA\u010cELNIKA \u2013 FOTO\/VIDEO","datePublished":"2016-10-06T16:06:17+00:00","dateModified":"2016-10-06T16:06:17+00:00","mainEntityOfPage":{"@id":"https:\/\/www.prijedordanas.com\/?p=62723"},"wordCount":443,"publisher":{"@id":"https:\/\/www.prijedordanas.com\/#organization"},"keywords":["djeca","Dje\u010dija nedjelja","Dje\u010diji vrti\u0107 \"Radost\" Prijedor","gradona\u010delnik Marko Pavi\u0107","prijem"],"articleSection":["Dru\u0161tvo"],"inLanguage":"en-US"},{"@type":"WebPage","@id":"https:\/\/www.prijedordanas.com\/?p=62723","url":"https:\/\/www.prijedordanas.com\/?p=62723","name":"DJE\u010cIJA NEDJELJA: TRADICIONALNI PRIJEM ZA MALI\u0160ANE KOD GRADONA\u010cELNIKA \u2013 FOTO\/VIDEO - PrijedorDanas.com - Prijedorski gradski portal","isPartOf":{"@id":"https:\/\/www.prijedordanas.com\/#website"},"datePublished":"2016-10-06T16:06:17+00:00","dateModified":"2016-10-06T16:06:17+00:00","breadcrumb":{"@id":"https:\/\/www.prijedordanas.com\/?p=62723#breadcrumb"},"inLanguage":"en-US","potentialAction":[{"@type":"ReadAction","target":["https:\/\/www.prijedordanas.com\/?p=62723"]}]},{"@type":"BreadcrumbList","@id":"https:\/\/www.prijedordanas.com\/?p=62723#breadcrumb","itemListElement":[{"@type":"ListItem","position":1,"name":"Home","item":"https:\/\/www.prijedordanas.com\/"},{"@type":"ListItem","position":2,"name":"DJE\u010cIJA NEDJELJA: TRADICIONALNI PRIJEM ZA MALI\u0160ANE KOD GRADONA\u010cELNIKA \u2013 FOTO\/VIDEO"}]},{"@type":"WebSite","@id":"https:\/\/www.prijedordanas.com\/#website","url":"https:\/\/www.prijedordanas.com\/","name":"PrijedorDanas.com - Prijedorski gradski portal","description":"Portal o doga\u0111anjima u gradu Prijedoru","publisher":{"@id":"https:\/\/www.prijedordanas.com\/#organization"},"potentialAction":[{"@type":"SearchAction","target":{"@type":"EntryPoint","urlTemplate":"https:\/\/www.prijedordanas.com\/?s={search_term_string}"},"query-input":"required name=search_term_string"}],"inLanguage":"en-US"},{"@type":"Organization","@id":"https:\/\/www.prijedordanas.com\/#organization","name":"PrijedorDanas.com","url":"https:\/\/www.prijedordanas.com\/","logo":{"@type":"ImageObject","inLanguage":"en-US","@id":"https:\/\/www.prijedordanas.com\/#\/schema\/logo\/image\/","url":"http:\/\/www.prijedordanas.com\/wp-content\/uploads\/2021\/12\/logopng.png","contentUrl":"http:\/\/www.prijedordanas.com\/wp-content\/uploads\/2021\/12\/logopng.png","width":1019,"height":776,"caption":"PrijedorDanas.com"},"image":{"@id":"https:\/\/www.prijedordanas.com\/#\/schema\/logo\/image\/"},"sameAs":["https:\/\/www.facebook.com\/PrijedorDanasCom\/"]},{"@type":"Person","@id":"https:\/\/www.prijedordanas.com\/#\/schema\/person\/4e08ccf29b506ca916ff86d46bb700e6","name":"admin","image":{"@type":"ImageObject","inLanguage":"en-US","@id":"https:\/\/www.prijedordanas.com\/#\/schema\/person\/image\/","url":"https:\/\/secure.gravatar.com\/avatar\/1d3fc949d550f0b53a5f0d51e06dfd79?s=96&d=mm&r=g","contentUrl":"https:\/\/secure.gravatar.com\/avatar\/1d3fc949d550f0b53a5f0d51e06dfd79?s=96&d=mm&r=g","caption":"admin"},"url":"https:\/\/www.prijedordanas.com\/?author=1"}]}},"_links":{"self":[{"href":"https:\/\/www.prijedordanas.com\/index.php?rest_route=\/wp\/v2\/posts\/62723"}],"collection":[{"href":"https:\/\/www.prijedordanas.com\/index.php?rest_route=\/wp\/v2\/posts"}],"about":[{"href":"https:\/\/www.prijedordanas.com\/index.php?rest_route=\/wp\/v2\/types\/post"}],"author":[{"embeddable":true,"href":"https:\/\/www.prijedordanas.com\/index.php?rest_route=\/wp\/v2\/users\/1"}],"replies":[{"embeddable":true,"href":"https:\/\/www.prijedordanas.com\/index.php?rest_route=%2Fwp%2Fv2%2Fcomments&post=62723"}],"version-history":[{"count":1,"href":"https:\/\/www.prijedordanas.com\/index.php?rest_route=\/wp\/v2\/posts\/62723\/revisions"}],"predecessor-version":[{"id":62724,"href":"https:\/\/www.prijedordanas.com\/index.php?rest_route=\/wp\/v2\/posts\/62723\/revisions\/62724"}],"wp:attachment":[{"href":"https:\/\/www.prijedordanas.com\/index.php?rest_route=%2Fwp%2Fv2%2Fmedia&parent=62723"}],"wp:term":[{"taxonomy":"category","embeddable":true,"href":"https:\/\/www.prijedordanas.com\/index.php?rest_route=%2Fwp%2Fv2%2Fcategories&post=62723"},{"taxonomy":"post_tag","embeddable":true,"href":"https:\/\/www.prijedordanas.com\/index.php?rest_route=%2Fwp%2Fv2%2Ftags&post=62723"}],"curies":[{"name":"wp","href":"https:\/\/api.w.org\/{rel}","templated":true}]}}