{"id":62629,"date":"2016-10-06T09:12:33","date_gmt":"2016-10-06T07:12:33","guid":{"rendered":"https:\/\/www.prijedordanas.com\/?p=62629"},"modified":"2016-10-06T09:12:33","modified_gmt":"2016-10-06T07:12:33","slug":"sudenje-radakovic-pejic-djeca-sa-krvavim-majicama","status":"publish","type":"post","link":"https:\/\/www.prijedordanas.com\/?p=62629","title":{"rendered":"SU\u0110ENJE RADAKOVI\u0106 I PEJI\u0106: DJECA SA KRVAVIM MAJICAMA"},"content":{"rendered":"<p><a href=\"https:\/\/www.prijedordanas.com\/wp-content\/uploads\/2016\/02\/sud-bih-2.jpg\"><img loading=\"lazy\" decoding=\"async\" class=\"alignleft size-medium wp-image-40520\" src=\"https:\/\/www.prijedordanas.com\/wp-content\/uploads\/2016\/02\/sud-bih-2-300x225.jpg\" alt=\"sud bih (2)\" width=\"300\" height=\"225\" srcset=\"https:\/\/www.prijedordanas.com\/wp-content\/uploads\/2016\/02\/sud-bih-2-300x225.jpg 300w, https:\/\/www.prijedordanas.com\/wp-content\/uploads\/2016\/02\/sud-bih-2.jpg 500w\" sizes=\"(max-width: 300px) 100vw, 300px\" \/><\/a>U nastavku su\u0111enja za zlo\u010dine po\u010dinjene na podru\u010dju Prijedora, svjedokinja Tu\u017eila\u0161tva BiH prisjetila se no\u0107i kada je u njenu ku\u0107u do\u0161lo dvoje djece nakon \u0161to su im ubijeni \u010dlanovi porodice 1992. godine.<\/p>\n<p>Dragica Juri\u0161i\u0107 je \u017eivjela u naselju Tukovi (op\u0161tina Prijedor) i E\u0107imovi\u0107i su joj bili kom\u0161ije. Kako je rekla, za njih ima samo rije\u010di hvale.<\/p>\n<p>\u201cMislim da je bio 2. juni uve\u010de, ne sje\u0107am se datuma. Sjedili smo kad sam za\u010dula da se otvaraju vrata kapije. U\u0161la su djeca E\u0107imovi\u0107a u \u010darapicama i bilo je krvi na njihovim majicama. Mala nije pri\u010dala, bila je napunila \u0161est godina, a Nikola, koji je imao sedam, je rekao: \u2018Bako, nemamo gdje, nego kod vas&#8217;\u201d, prisjetila se svjedokinja.<\/p>\n<p>Ona je, kako je rekla, dvoje djece oprala i presvukla.<\/p>\n<p><a href=\"https:\/\/www.prijedordanas.com\/wp-content\/uploads\/2016\/01\/sud-bih-1-1.jpg\"><img loading=\"lazy\" decoding=\"async\" class=\"alignleft size-medium wp-image-40144\" src=\"https:\/\/www.prijedordanas.com\/wp-content\/uploads\/2016\/01\/sud-bih-1-1-300x200.jpg\" alt=\"sud bih (1)\" width=\"300\" height=\"200\" srcset=\"https:\/\/www.prijedordanas.com\/wp-content\/uploads\/2016\/01\/sud-bih-1-1-300x200.jpg 300w, https:\/\/www.prijedordanas.com\/wp-content\/uploads\/2016\/01\/sud-bih-1-1-480x320.jpg 480w, https:\/\/www.prijedordanas.com\/wp-content\/uploads\/2016\/01\/sud-bih-1-1.jpg 600w\" sizes=\"(max-width: 300px) 100vw, 300px\" \/><\/a>\u201cMali Nikola je rekao da su dvojica \u010dika sa maskama, od kojih je jedan bio u uniformi, ubili njegovog strica, strinu i majku. Kad sam ih pitala za\u0161to nisu oti\u0161li baki i djedu koji su tako\u0111er \u017eivjeli tu, rekao mi je da misli da su i oni ubijeni\u201d, ispri\u010dala je Juri\u0161i\u0107.<\/p>\n<p>Ona je kazala da je sutradan neko iz njene porodice javio policiji, koja je djecu odvela prvo u Prijedor kod tetke i tetka, a potom kod bake u Bri\u0161evo (op\u0161tina Prijedor).<\/p>\n<p>\u201cNisam ih nikad vi\u0161e vidjela. I danas kad pri\u010dam o tome, obuzme me strah\u201d, rekla je Juri\u0161i\u0107.<\/p>\n<p>Odgovaraju\u0107i na pitanje Odbrane, ona je kazala da ne poznaje optu\u017eenog Milorada Radakovi\u0107a pod tim imenom, ve\u0107 kao \u201ckom\u0161iju Srbu\u201d i da nije \u010dula da se dovodi u vezu s ubistvom porodice E\u0107imovi\u0107.<\/p>\n<p><a href=\"https:\/\/www.prijedordanas.com\/wp-content\/uploads\/2016\/02\/sud-bih-3.jpg\"><img loading=\"lazy\" decoding=\"async\" src=\"https:\/\/www.prijedordanas.com\/wp-content\/uploads\/2016\/02\/sud-bih-3-300x225.jpg\" alt=\"sud bih (3)\" width=\"300\" height=\"225\" class=\"alignleft size-medium wp-image-40711\" srcset=\"https:\/\/www.prijedordanas.com\/wp-content\/uploads\/2016\/02\/sud-bih-3-300x225.jpg 300w, https:\/\/www.prijedordanas.com\/wp-content\/uploads\/2016\/02\/sud-bih-3.jpg 600w\" sizes=\"(max-width: 300px) 100vw, 300px\" \/><\/a>Miloradu Radakovi\u0107u i Goranu Peji\u0107u sudi se za ubistva civila u naselju Tukovi kod Prijedora. Prema optu\u017enici, oni su 13. juna 1992. godine sa svjedokom S-1 do\u0161li u Tukove. Jedan od optu\u017eenih je u prvoj ku\u0107i ubio tri \u010dlana porodice E\u0107imovi\u0107, a u drugoj su obojica pucala i ubili jo\u0161 dva \u010dlana.<\/p>\n<p>Radakovi\u0107 je optu\u017een kao pripadnik rezervnog sastava Slu\u017ebe javne bezbjednosti (SJB), dok se za Peji\u0107a navodi da je bio u neidentifikovanoj vojnoj ili policijskoj formaciji.<\/p>\n<p>Svjedok Zoran Puziga\u0107a, koji je bio u rezervnom sastavu policije u Tukovima, rekao je da nije poznavao porodicu E\u0107imovi\u0107, te da je tek nedavno \u010duo za to ubistvo.<\/p>\n<p>Upitan da li je u ljeto 1992. vi\u0111ao optu\u017eenog Radakovi\u0107a u Tukovima, svjedok je kazao da \u201cmo\u017eda jeste u kom\u0161iluku\u201d.<\/p>\n<p>Tu\u017eilac Izet Odoba\u0161i\u0107 je prezentovao iskaz ovog svjedoka iz jula pro\u0161le godine, u kome je naveo \u201cda je komandir njih pet, \u0161est rezervnih policajaca odredio za \u010duvanje punkta na po\u010detku akcije \u2018\u010di\u0161\u0107enja terena\u2019, te da im je rekao da \u0107e u toj akciji u\u010destvovati i specijalci, me\u0111u \u010dijim pripadnicima je vidio Dadu Mr\u0111u i Radakovi\u0107a zvanog Srbo\u201d. Svjedok je kazao da se danas slabo sje\u0107a.<\/p>\n<p>Su\u0111enje se nastavlja 11. oktobra.<\/p>\n<p>BIRN<\/p>\n","protected":false},"excerpt":{"rendered":"<p>U nastavku su\u0111enja za zlo\u010dine po\u010dinjene na podru\u010dju Prijedora, svjedokinja Tu\u017eila\u0161tva BiH prisjetila se no\u0107i kada je u njenu ku\u0107u do\u0161lo dvoje djece nakon \u0161to su im ubijeni \u010dlanovi porodice [&hellip;]<\/p>\n","protected":false},"author":1,"featured_media":0,"comment_status":"closed","ping_status":"open","sticky":false,"template":"","format":"standard","meta":{"_monsterinsights_skip_tracking":false,"_monsterinsights_sitenote_active":false,"_monsterinsights_sitenote_note":"","_monsterinsights_sitenote_category":0,"footnotes":""},"categories":[5],"tags":[531,249],"yoast_head":"<!-- This site is optimized with the Yoast SEO plugin v21.6 - https:\/\/yoast.com\/wordpress\/plugins\/seo\/ -->\n<title>SU\u0110ENJE RADAKOVI\u0106 I PEJI\u0106: DJECA SA KRVAVIM MAJICAMA - PrijedorDanas.com - Prijedorski gradski portal<\/title>\n<meta name=\"robots\" content=\"index, follow, max-snippet:-1, max-image-preview:large, max-video-preview:-1\" \/>\n<link rel=\"canonical\" href=\"https:\/\/www.prijedordanas.com\/?p=62629\" \/>\n<meta property=\"og:locale\" content=\"en_US\" \/>\n<meta property=\"og:type\" content=\"article\" \/>\n<meta property=\"og:title\" content=\"SU\u0110ENJE RADAKOVI\u0106 I PEJI\u0106: DJECA SA KRVAVIM MAJICAMA - PrijedorDanas.com - Prijedorski gradski portal\" \/>\n<meta property=\"og:description\" content=\"U nastavku su\u0111enja za zlo\u010dine po\u010dinjene na podru\u010dju Prijedora, svjedokinja Tu\u017eila\u0161tva BiH prisjetila se no\u0107i kada je u njenu ku\u0107u do\u0161lo dvoje djece nakon \u0161to su im ubijeni \u010dlanovi porodice [&hellip;]\" \/>\n<meta property=\"og:url\" content=\"https:\/\/www.prijedordanas.com\/?p=62629\" \/>\n<meta property=\"og:site_name\" content=\"PrijedorDanas.com - Prijedorski gradski portal\" \/>\n<meta property=\"article:publisher\" content=\"https:\/\/www.facebook.com\/PrijedorDanasCom\/\" \/>\n<meta property=\"article:published_time\" content=\"2016-10-06T07:12:33+00:00\" \/>\n<meta property=\"og:image\" content=\"https:\/\/www.prijedordanas.com\/wp-content\/uploads\/2016\/02\/sud-bih-2-300x225.jpg\" \/>\n<meta name=\"author\" content=\"admin\" \/>\n<meta name=\"twitter:card\" content=\"summary_large_image\" \/>\n<meta name=\"twitter:label1\" content=\"Written by\" \/>\n\t<meta name=\"twitter:data1\" content=\"admin\" \/>\n\t<meta name=\"twitter:label2\" content=\"Est. reading time\" \/>\n\t<meta name=\"twitter:data2\" content=\"3 minutes\" \/>\n<script type=\"application\/ld+json\" class=\"yoast-schema-graph\">{\"@context\":\"https:\/\/schema.org\",\"@graph\":[{\"@type\":\"Article\",\"@id\":\"https:\/\/www.prijedordanas.com\/?p=62629#article\",\"isPartOf\":{\"@id\":\"https:\/\/www.prijedordanas.com\/?p=62629\"},\"author\":{\"name\":\"admin\",\"@id\":\"https:\/\/www.prijedordanas.com\/#\/schema\/person\/4e08ccf29b506ca916ff86d46bb700e6\"},\"headline\":\"SU\u0110ENJE RADAKOVI\u0106 I PEJI\u0106: DJECA SA KRVAVIM MAJICAMA\",\"datePublished\":\"2016-10-06T07:12:33+00:00\",\"dateModified\":\"2016-10-06T07:12:33+00:00\",\"mainEntityOfPage\":{\"@id\":\"https:\/\/www.prijedordanas.com\/?p=62629\"},\"wordCount\":521,\"publisher\":{\"@id\":\"https:\/\/www.prijedordanas.com\/#organization\"},\"keywords\":[\"Sud BiH\",\"su\u0111enje\"],\"articleSection\":[\"Hronika\"],\"inLanguage\":\"en-US\"},{\"@type\":\"WebPage\",\"@id\":\"https:\/\/www.prijedordanas.com\/?p=62629\",\"url\":\"https:\/\/www.prijedordanas.com\/?p=62629\",\"name\":\"SU\u0110ENJE RADAKOVI\u0106 I PEJI\u0106: DJECA SA KRVAVIM MAJICAMA - PrijedorDanas.com - Prijedorski gradski portal\",\"isPartOf\":{\"@id\":\"https:\/\/www.prijedordanas.com\/#website\"},\"datePublished\":\"2016-10-06T07:12:33+00:00\",\"dateModified\":\"2016-10-06T07:12:33+00:00\",\"breadcrumb\":{\"@id\":\"https:\/\/www.prijedordanas.com\/?p=62629#breadcrumb\"},\"inLanguage\":\"en-US\",\"potentialAction\":[{\"@type\":\"ReadAction\",\"target\":[\"https:\/\/www.prijedordanas.com\/?p=62629\"]}]},{\"@type\":\"BreadcrumbList\",\"@id\":\"https:\/\/www.prijedordanas.com\/?p=62629#breadcrumb\",\"itemListElement\":[{\"@type\":\"ListItem\",\"position\":1,\"name\":\"Home\",\"item\":\"https:\/\/www.prijedordanas.com\/\"},{\"@type\":\"ListItem\",\"position\":2,\"name\":\"SU\u0110ENJE RADAKOVI\u0106 I PEJI\u0106: DJECA SA KRVAVIM MAJICAMA\"}]},{\"@type\":\"WebSite\",\"@id\":\"https:\/\/www.prijedordanas.com\/#website\",\"url\":\"https:\/\/www.prijedordanas.com\/\",\"name\":\"PrijedorDanas.com - Prijedorski gradski portal\",\"description\":\"Portal o doga\u0111anjima u gradu Prijedoru\",\"publisher\":{\"@id\":\"https:\/\/www.prijedordanas.com\/#organization\"},\"potentialAction\":[{\"@type\":\"SearchAction\",\"target\":{\"@type\":\"EntryPoint\",\"urlTemplate\":\"https:\/\/www.prijedordanas.com\/?s={search_term_string}\"},\"query-input\":\"required name=search_term_string\"}],\"inLanguage\":\"en-US\"},{\"@type\":\"Organization\",\"@id\":\"https:\/\/www.prijedordanas.com\/#organization\",\"name\":\"PrijedorDanas.com\",\"url\":\"https:\/\/www.prijedordanas.com\/\",\"logo\":{\"@type\":\"ImageObject\",\"inLanguage\":\"en-US\",\"@id\":\"https:\/\/www.prijedordanas.com\/#\/schema\/logo\/image\/\",\"url\":\"http:\/\/www.prijedordanas.com\/wp-content\/uploads\/2021\/12\/logopng.png\",\"contentUrl\":\"http:\/\/www.prijedordanas.com\/wp-content\/uploads\/2021\/12\/logopng.png\",\"width\":1019,\"height\":776,\"caption\":\"PrijedorDanas.com\"},\"image\":{\"@id\":\"https:\/\/www.prijedordanas.com\/#\/schema\/logo\/image\/\"},\"sameAs\":[\"https:\/\/www.facebook.com\/PrijedorDanasCom\/\"]},{\"@type\":\"Person\",\"@id\":\"https:\/\/www.prijedordanas.com\/#\/schema\/person\/4e08ccf29b506ca916ff86d46bb700e6\",\"name\":\"admin\",\"image\":{\"@type\":\"ImageObject\",\"inLanguage\":\"en-US\",\"@id\":\"https:\/\/www.prijedordanas.com\/#\/schema\/person\/image\/\",\"url\":\"https:\/\/secure.gravatar.com\/avatar\/1d3fc949d550f0b53a5f0d51e06dfd79?s=96&d=mm&r=g\",\"contentUrl\":\"https:\/\/secure.gravatar.com\/avatar\/1d3fc949d550f0b53a5f0d51e06dfd79?s=96&d=mm&r=g\",\"caption\":\"admin\"},\"url\":\"https:\/\/www.prijedordanas.com\/?author=1\"}]}<\/script>\n<!-- \/ Yoast SEO plugin. -->","yoast_head_json":{"title":"SU\u0110ENJE RADAKOVI\u0106 I PEJI\u0106: DJECA SA KRVAVIM MAJICAMA - PrijedorDanas.com - Prijedorski gradski portal","robots":{"index":"index","follow":"follow","max-snippet":"max-snippet:-1","max-image-preview":"max-image-preview:large","max-video-preview":"max-video-preview:-1"},"canonical":"https:\/\/www.prijedordanas.com\/?p=62629","og_locale":"en_US","og_type":"article","og_title":"SU\u0110ENJE RADAKOVI\u0106 I PEJI\u0106: DJECA SA KRVAVIM MAJICAMA - PrijedorDanas.com - Prijedorski gradski portal","og_description":"U nastavku su\u0111enja za zlo\u010dine po\u010dinjene na podru\u010dju Prijedora, svjedokinja Tu\u017eila\u0161tva BiH prisjetila se no\u0107i kada je u njenu ku\u0107u do\u0161lo dvoje djece nakon \u0161to su im ubijeni \u010dlanovi porodice [&hellip;]","og_url":"https:\/\/www.prijedordanas.com\/?p=62629","og_site_name":"PrijedorDanas.com - Prijedorski gradski portal","article_publisher":"https:\/\/www.facebook.com\/PrijedorDanasCom\/","article_published_time":"2016-10-06T07:12:33+00:00","og_image":[{"url":"https:\/\/www.prijedordanas.com\/wp-content\/uploads\/2016\/02\/sud-bih-2-300x225.jpg"}],"author":"admin","twitter_card":"summary_large_image","twitter_misc":{"Written by":"admin","Est. reading time":"3 minutes"},"schema":{"@context":"https:\/\/schema.org","@graph":[{"@type":"Article","@id":"https:\/\/www.prijedordanas.com\/?p=62629#article","isPartOf":{"@id":"https:\/\/www.prijedordanas.com\/?p=62629"},"author":{"name":"admin","@id":"https:\/\/www.prijedordanas.com\/#\/schema\/person\/4e08ccf29b506ca916ff86d46bb700e6"},"headline":"SU\u0110ENJE RADAKOVI\u0106 I PEJI\u0106: DJECA SA KRVAVIM MAJICAMA","datePublished":"2016-10-06T07:12:33+00:00","dateModified":"2016-10-06T07:12:33+00:00","mainEntityOfPage":{"@id":"https:\/\/www.prijedordanas.com\/?p=62629"},"wordCount":521,"publisher":{"@id":"https:\/\/www.prijedordanas.com\/#organization"},"keywords":["Sud BiH","su\u0111enje"],"articleSection":["Hronika"],"inLanguage":"en-US"},{"@type":"WebPage","@id":"https:\/\/www.prijedordanas.com\/?p=62629","url":"https:\/\/www.prijedordanas.com\/?p=62629","name":"SU\u0110ENJE RADAKOVI\u0106 I PEJI\u0106: DJECA SA KRVAVIM MAJICAMA - PrijedorDanas.com - Prijedorski gradski portal","isPartOf":{"@id":"https:\/\/www.prijedordanas.com\/#website"},"datePublished":"2016-10-06T07:12:33+00:00","dateModified":"2016-10-06T07:12:33+00:00","breadcrumb":{"@id":"https:\/\/www.prijedordanas.com\/?p=62629#breadcrumb"},"inLanguage":"en-US","potentialAction":[{"@type":"ReadAction","target":["https:\/\/www.prijedordanas.com\/?p=62629"]}]},{"@type":"BreadcrumbList","@id":"https:\/\/www.prijedordanas.com\/?p=62629#breadcrumb","itemListElement":[{"@type":"ListItem","position":1,"name":"Home","item":"https:\/\/www.prijedordanas.com\/"},{"@type":"ListItem","position":2,"name":"SU\u0110ENJE RADAKOVI\u0106 I PEJI\u0106: DJECA SA KRVAVIM MAJICAMA"}]},{"@type":"WebSite","@id":"https:\/\/www.prijedordanas.com\/#website","url":"https:\/\/www.prijedordanas.com\/","name":"PrijedorDanas.com - Prijedorski gradski portal","description":"Portal o doga\u0111anjima u gradu Prijedoru","publisher":{"@id":"https:\/\/www.prijedordanas.com\/#organization"},"potentialAction":[{"@type":"SearchAction","target":{"@type":"EntryPoint","urlTemplate":"https:\/\/www.prijedordanas.com\/?s={search_term_string}"},"query-input":"required name=search_term_string"}],"inLanguage":"en-US"},{"@type":"Organization","@id":"https:\/\/www.prijedordanas.com\/#organization","name":"PrijedorDanas.com","url":"https:\/\/www.prijedordanas.com\/","logo":{"@type":"ImageObject","inLanguage":"en-US","@id":"https:\/\/www.prijedordanas.com\/#\/schema\/logo\/image\/","url":"http:\/\/www.prijedordanas.com\/wp-content\/uploads\/2021\/12\/logopng.png","contentUrl":"http:\/\/www.prijedordanas.com\/wp-content\/uploads\/2021\/12\/logopng.png","width":1019,"height":776,"caption":"PrijedorDanas.com"},"image":{"@id":"https:\/\/www.prijedordanas.com\/#\/schema\/logo\/image\/"},"sameAs":["https:\/\/www.facebook.com\/PrijedorDanasCom\/"]},{"@type":"Person","@id":"https:\/\/www.prijedordanas.com\/#\/schema\/person\/4e08ccf29b506ca916ff86d46bb700e6","name":"admin","image":{"@type":"ImageObject","inLanguage":"en-US","@id":"https:\/\/www.prijedordanas.com\/#\/schema\/person\/image\/","url":"https:\/\/secure.gravatar.com\/avatar\/1d3fc949d550f0b53a5f0d51e06dfd79?s=96&d=mm&r=g","contentUrl":"https:\/\/secure.gravatar.com\/avatar\/1d3fc949d550f0b53a5f0d51e06dfd79?s=96&d=mm&r=g","caption":"admin"},"url":"https:\/\/www.prijedordanas.com\/?author=1"}]}},"_links":{"self":[{"href":"https:\/\/www.prijedordanas.com\/index.php?rest_route=\/wp\/v2\/posts\/62629"}],"collection":[{"href":"https:\/\/www.prijedordanas.com\/index.php?rest_route=\/wp\/v2\/posts"}],"about":[{"href":"https:\/\/www.prijedordanas.com\/index.php?rest_route=\/wp\/v2\/types\/post"}],"author":[{"embeddable":true,"href":"https:\/\/www.prijedordanas.com\/index.php?rest_route=\/wp\/v2\/users\/1"}],"replies":[{"embeddable":true,"href":"https:\/\/www.prijedordanas.com\/index.php?rest_route=%2Fwp%2Fv2%2Fcomments&post=62629"}],"version-history":[{"count":1,"href":"https:\/\/www.prijedordanas.com\/index.php?rest_route=\/wp\/v2\/posts\/62629\/revisions"}],"predecessor-version":[{"id":62630,"href":"https:\/\/www.prijedordanas.com\/index.php?rest_route=\/wp\/v2\/posts\/62629\/revisions\/62630"}],"wp:attachment":[{"href":"https:\/\/www.prijedordanas.com\/index.php?rest_route=%2Fwp%2Fv2%2Fmedia&parent=62629"}],"wp:term":[{"taxonomy":"category","embeddable":true,"href":"https:\/\/www.prijedordanas.com\/index.php?rest_route=%2Fwp%2Fv2%2Fcategories&post=62629"},{"taxonomy":"post_tag","embeddable":true,"href":"https:\/\/www.prijedordanas.com\/index.php?rest_route=%2Fwp%2Fv2%2Ftags&post=62629"}],"curies":[{"name":"wp","href":"https:\/\/api.w.org\/{rel}","templated":true}]}}