{"id":62517,"date":"2016-10-02T19:29:11","date_gmt":"2016-10-02T17:29:11","guid":{"rendered":"https:\/\/www.prijedordanas.com\/?p=62517"},"modified":"2016-10-02T19:29:11","modified_gmt":"2016-10-02T17:29:11","slug":"kandidat-za-gradonacelnika-milenko-dakovic-gradani-da-izaberu-ljude-koji-ce-uspjesno-voditi-grad-foto","status":"publish","type":"post","link":"https:\/\/www.prijedordanas.com\/?p=62517","title":{"rendered":"KANDIDAT ZA GRADONA\u010cELNIKA MILENKO \u0110AKOVI\u0106: GRA\u0110ANI DA IZABERU LJUDE KOJI \u0106E USPJE\u0160NO VODITI GRAD &#8211; FOTO"},"content":{"rendered":"<p><a href=\"https:\/\/www.prijedordanas.com\/wp-content\/uploads\/2016\/10\/izbori-2016-djakovic-1.jpg\"><img loading=\"lazy\" decoding=\"async\" src=\"https:\/\/www.prijedordanas.com\/wp-content\/uploads\/2016\/10\/izbori-2016-djakovic-1-300x250.jpg\" alt=\"izbori-2016-djakovic-1\" width=\"300\" height=\"250\" class=\"alignleft size-medium wp-image-62518\" srcset=\"https:\/\/www.prijedordanas.com\/wp-content\/uploads\/2016\/10\/izbori-2016-djakovic-1-300x250.jpg 300w, https:\/\/www.prijedordanas.com\/wp-content\/uploads\/2016\/10\/izbori-2016-djakovic-1-100x83.jpg 100w, https:\/\/www.prijedordanas.com\/wp-content\/uploads\/2016\/10\/izbori-2016-djakovic-1.jpg 600w\" sizes=\"(max-width: 300px) 100vw, 300px\" \/><\/a>Kandidat DNS-a za gradona\u010delnika Prijedora Milenko \u0110akovi\u0107 o\u010dekuje da \u0107e rezultati dana\u0161njih izbora biti korektni i da \u0107e ova lokalna zajednica dobiti gradona\u010delnika i Skup\u0161tinu koji \u0107e nastaviti uspje\u0161no da je vode.<\/p>\n<p>\u0110akovi\u0107 je novinarima u Prijedoru rekao da su kandidati &#8220;svoj posao&#8221; zavr\u0161ili u predizbornoj kampanji. <\/p>\n<p>&#8220;Smatram da \u0107e gra\u0111ani korektno odabrati ljude koji \u0107e dalje voditi grad, a ja iskreno \u017eelim da se Prijedor u budu\u0107nosti razvija i da bude sve vi\u0161e proevropski grad&#8221;, dodao je \u0110akovi\u0107. <\/p>\n<p>Tekst \u2013 SRNA<br \/>\nFoto &#8211; Aleksandar Drakuli\u0107 \u2013 <a href=\"www.prijedordanas.com\" target=\"_blank\">www.prijedordanas.com<\/a><\/p>\n<p><a href=\"https:\/\/www.prijedordanas.com\/wp-content\/uploads\/2016\/10\/izbori-2016-djakovic-2.jpg\"><img loading=\"lazy\" decoding=\"async\" src=\"https:\/\/www.prijedordanas.com\/wp-content\/uploads\/2016\/10\/izbori-2016-djakovic-2-300x199.jpg\" alt=\"izbori-2016-djakovic-2\" width=\"300\" height=\"199\" class=\"alignleft size-medium wp-image-62519\" srcset=\"https:\/\/www.prijedordanas.com\/wp-content\/uploads\/2016\/10\/izbori-2016-djakovic-2-300x200.jpg 300w, https:\/\/www.prijedordanas.com\/wp-content\/uploads\/2016\/10\/izbori-2016-djakovic-2-100x66.jpg 100w, https:\/\/www.prijedordanas.com\/wp-content\/uploads\/2016\/10\/izbori-2016-djakovic-2-480x320.jpg 480w, https:\/\/www.prijedordanas.com\/wp-content\/uploads\/2016\/10\/izbori-2016-djakovic-2.jpg 600w\" sizes=\"(max-width: 300px) 100vw, 300px\" \/><\/a> <a href=\"https:\/\/www.prijedordanas.com\/wp-content\/uploads\/2016\/10\/izbori-2016-djakovic-3.jpg\"><img loading=\"lazy\" decoding=\"async\" src=\"https:\/\/www.prijedordanas.com\/wp-content\/uploads\/2016\/10\/izbori-2016-djakovic-3-300x199.jpg\" alt=\"izbori-2016-djakovic-3\" width=\"300\" height=\"199\" class=\"alignleft size-medium wp-image-62520\" srcset=\"https:\/\/www.prijedordanas.com\/wp-content\/uploads\/2016\/10\/izbori-2016-djakovic-3-300x200.jpg 300w, https:\/\/www.prijedordanas.com\/wp-content\/uploads\/2016\/10\/izbori-2016-djakovic-3-100x66.jpg 100w, https:\/\/www.prijedordanas.com\/wp-content\/uploads\/2016\/10\/izbori-2016-djakovic-3-480x320.jpg 480w, https:\/\/www.prijedordanas.com\/wp-content\/uploads\/2016\/10\/izbori-2016-djakovic-3.jpg 600w\" sizes=\"(max-width: 300px) 100vw, 300px\" \/><\/a> <a href=\"https:\/\/www.prijedordanas.com\/wp-content\/uploads\/2016\/10\/izbori-2016-djakovic-4.jpg\"><img loading=\"lazy\" decoding=\"async\" src=\"https:\/\/www.prijedordanas.com\/wp-content\/uploads\/2016\/10\/izbori-2016-djakovic-4-300x199.jpg\" alt=\"izbori-2016-djakovic-4\" width=\"300\" height=\"199\" class=\"alignleft size-medium wp-image-62521\" srcset=\"https:\/\/www.prijedordanas.com\/wp-content\/uploads\/2016\/10\/izbori-2016-djakovic-4-300x200.jpg 300w, https:\/\/www.prijedordanas.com\/wp-content\/uploads\/2016\/10\/izbori-2016-djakovic-4-100x66.jpg 100w, https:\/\/www.prijedordanas.com\/wp-content\/uploads\/2016\/10\/izbori-2016-djakovic-4-480x320.jpg 480w, https:\/\/www.prijedordanas.com\/wp-content\/uploads\/2016\/10\/izbori-2016-djakovic-4.jpg 600w\" sizes=\"(max-width: 300px) 100vw, 300px\" \/><\/a> <a href=\"https:\/\/www.prijedordanas.com\/wp-content\/uploads\/2016\/10\/izbori-2016-djakovic-5.jpg\"><img loading=\"lazy\" decoding=\"async\" src=\"https:\/\/www.prijedordanas.com\/wp-content\/uploads\/2016\/10\/izbori-2016-djakovic-5-300x199.jpg\" alt=\"izbori-2016-djakovic-5\" width=\"300\" height=\"199\" class=\"alignleft size-medium wp-image-62522\" srcset=\"https:\/\/www.prijedordanas.com\/wp-content\/uploads\/2016\/10\/izbori-2016-djakovic-5-300x200.jpg 300w, https:\/\/www.prijedordanas.com\/wp-content\/uploads\/2016\/10\/izbori-2016-djakovic-5-100x66.jpg 100w, https:\/\/www.prijedordanas.com\/wp-content\/uploads\/2016\/10\/izbori-2016-djakovic-5-480x320.jpg 480w, https:\/\/www.prijedordanas.com\/wp-content\/uploads\/2016\/10\/izbori-2016-djakovic-5.jpg 600w\" sizes=\"(max-width: 300px) 100vw, 300px\" \/><\/a><\/p>\n","protected":false},"excerpt":{"rendered":"<p>Kandidat DNS-a za gradona\u010delnika Prijedora Milenko \u0110akovi\u0107 o\u010dekuje da \u0107e rezultati dana\u0161njih izbora biti korektni i da \u0107e ova lokalna zajednica dobiti gradona\u010delnika i Skup\u0161tinu koji \u0107e nastaviti uspje\u0161no da [&hellip;]<\/p>\n","protected":false},"author":1,"featured_media":0,"comment_status":"closed","ping_status":"open","sticky":false,"template":"","format":"standard","meta":{"_monsterinsights_skip_tracking":false,"_monsterinsights_sitenote_active":false,"_monsterinsights_sitenote_note":"","_monsterinsights_sitenote_category":0,"footnotes":""},"categories":[8],"tags":[8542,5710],"yoast_head":"<!-- This site is optimized with the Yoast SEO plugin v21.6 - https:\/\/yoast.com\/wordpress\/plugins\/seo\/ -->\n<title>KANDIDAT ZA GRADONA\u010cELNIKA MILENKO \u0110AKOVI\u0106: GRA\u0110ANI DA IZABERU LJUDE KOJI \u0106E USPJE\u0160NO VODITI GRAD - FOTO - PrijedorDanas.com - Prijedorski gradski portal<\/title>\n<meta name=\"robots\" content=\"index, follow, max-snippet:-1, max-image-preview:large, max-video-preview:-1\" \/>\n<link rel=\"canonical\" href=\"https:\/\/www.prijedordanas.com\/?p=62517\" \/>\n<meta property=\"og:locale\" content=\"en_US\" \/>\n<meta property=\"og:type\" content=\"article\" \/>\n<meta property=\"og:title\" content=\"KANDIDAT ZA GRADONA\u010cELNIKA MILENKO \u0110AKOVI\u0106: GRA\u0110ANI DA IZABERU LJUDE KOJI \u0106E USPJE\u0160NO VODITI GRAD - FOTO - PrijedorDanas.com - Prijedorski gradski portal\" \/>\n<meta property=\"og:description\" content=\"Kandidat DNS-a za gradona\u010delnika Prijedora Milenko \u0110akovi\u0107 o\u010dekuje da \u0107e rezultati dana\u0161njih izbora biti korektni i da \u0107e ova lokalna zajednica dobiti gradona\u010delnika i Skup\u0161tinu koji \u0107e nastaviti uspje\u0161no da [&hellip;]\" \/>\n<meta property=\"og:url\" content=\"https:\/\/www.prijedordanas.com\/?p=62517\" \/>\n<meta property=\"og:site_name\" content=\"PrijedorDanas.com - Prijedorski gradski portal\" \/>\n<meta property=\"article:publisher\" content=\"https:\/\/www.facebook.com\/PrijedorDanasCom\/\" \/>\n<meta property=\"article:published_time\" content=\"2016-10-02T17:29:11+00:00\" \/>\n<meta property=\"og:image\" content=\"https:\/\/www.prijedordanas.com\/wp-content\/uploads\/2016\/10\/izbori-2016-djakovic-1-300x250.jpg\" \/>\n<meta name=\"author\" content=\"admin\" \/>\n<meta name=\"twitter:card\" content=\"summary_large_image\" \/>\n<meta name=\"twitter:label1\" content=\"Written by\" \/>\n\t<meta name=\"twitter:data1\" content=\"admin\" \/>\n<script type=\"application\/ld+json\" class=\"yoast-schema-graph\">{\"@context\":\"https:\/\/schema.org\",\"@graph\":[{\"@type\":\"Article\",\"@id\":\"https:\/\/www.prijedordanas.com\/?p=62517#article\",\"isPartOf\":{\"@id\":\"https:\/\/www.prijedordanas.com\/?p=62517\"},\"author\":{\"name\":\"admin\",\"@id\":\"https:\/\/www.prijedordanas.com\/#\/schema\/person\/4e08ccf29b506ca916ff86d46bb700e6\"},\"headline\":\"KANDIDAT ZA GRADONA\u010cELNIKA MILENKO \u0110AKOVI\u0106: GRA\u0110ANI DA IZABERU LJUDE KOJI \u0106E USPJE\u0160NO VODITI GRAD &#8211; FOTO\",\"datePublished\":\"2016-10-02T17:29:11+00:00\",\"dateModified\":\"2016-10-02T17:29:11+00:00\",\"mainEntityOfPage\":{\"@id\":\"https:\/\/www.prijedordanas.com\/?p=62517\"},\"wordCount\":117,\"publisher\":{\"@id\":\"https:\/\/www.prijedordanas.com\/#organization\"},\"keywords\":[\"izbori 2016\",\"Milenko \u0110akovi\u0107\"],\"articleSection\":[\"Svakodnevno\"],\"inLanguage\":\"en-US\"},{\"@type\":\"WebPage\",\"@id\":\"https:\/\/www.prijedordanas.com\/?p=62517\",\"url\":\"https:\/\/www.prijedordanas.com\/?p=62517\",\"name\":\"KANDIDAT ZA GRADONA\u010cELNIKA MILENKO \u0110AKOVI\u0106: GRA\u0110ANI DA IZABERU LJUDE KOJI \u0106E USPJE\u0160NO VODITI GRAD - FOTO - PrijedorDanas.com - Prijedorski gradski portal\",\"isPartOf\":{\"@id\":\"https:\/\/www.prijedordanas.com\/#website\"},\"datePublished\":\"2016-10-02T17:29:11+00:00\",\"dateModified\":\"2016-10-02T17:29:11+00:00\",\"breadcrumb\":{\"@id\":\"https:\/\/www.prijedordanas.com\/?p=62517#breadcrumb\"},\"inLanguage\":\"en-US\",\"potentialAction\":[{\"@type\":\"ReadAction\",\"target\":[\"https:\/\/www.prijedordanas.com\/?p=62517\"]}]},{\"@type\":\"BreadcrumbList\",\"@id\":\"https:\/\/www.prijedordanas.com\/?p=62517#breadcrumb\",\"itemListElement\":[{\"@type\":\"ListItem\",\"position\":1,\"name\":\"Home\",\"item\":\"https:\/\/www.prijedordanas.com\/\"},{\"@type\":\"ListItem\",\"position\":2,\"name\":\"KANDIDAT ZA GRADONA\u010cELNIKA MILENKO \u0110AKOVI\u0106: GRA\u0110ANI DA IZABERU LJUDE KOJI \u0106E USPJE\u0160NO VODITI GRAD &#8211; FOTO\"}]},{\"@type\":\"WebSite\",\"@id\":\"https:\/\/www.prijedordanas.com\/#website\",\"url\":\"https:\/\/www.prijedordanas.com\/\",\"name\":\"PrijedorDanas.com - Prijedorski gradski portal\",\"description\":\"Portal o doga\u0111anjima u gradu Prijedoru\",\"publisher\":{\"@id\":\"https:\/\/www.prijedordanas.com\/#organization\"},\"potentialAction\":[{\"@type\":\"SearchAction\",\"target\":{\"@type\":\"EntryPoint\",\"urlTemplate\":\"https:\/\/www.prijedordanas.com\/?s={search_term_string}\"},\"query-input\":\"required name=search_term_string\"}],\"inLanguage\":\"en-US\"},{\"@type\":\"Organization\",\"@id\":\"https:\/\/www.prijedordanas.com\/#organization\",\"name\":\"PrijedorDanas.com\",\"url\":\"https:\/\/www.prijedordanas.com\/\",\"logo\":{\"@type\":\"ImageObject\",\"inLanguage\":\"en-US\",\"@id\":\"https:\/\/www.prijedordanas.com\/#\/schema\/logo\/image\/\",\"url\":\"http:\/\/www.prijedordanas.com\/wp-content\/uploads\/2021\/12\/logopng.png\",\"contentUrl\":\"http:\/\/www.prijedordanas.com\/wp-content\/uploads\/2021\/12\/logopng.png\",\"width\":1019,\"height\":776,\"caption\":\"PrijedorDanas.com\"},\"image\":{\"@id\":\"https:\/\/www.prijedordanas.com\/#\/schema\/logo\/image\/\"},\"sameAs\":[\"https:\/\/www.facebook.com\/PrijedorDanasCom\/\"]},{\"@type\":\"Person\",\"@id\":\"https:\/\/www.prijedordanas.com\/#\/schema\/person\/4e08ccf29b506ca916ff86d46bb700e6\",\"name\":\"admin\",\"image\":{\"@type\":\"ImageObject\",\"inLanguage\":\"en-US\",\"@id\":\"https:\/\/www.prijedordanas.com\/#\/schema\/person\/image\/\",\"url\":\"https:\/\/secure.gravatar.com\/avatar\/1d3fc949d550f0b53a5f0d51e06dfd79?s=96&d=mm&r=g\",\"contentUrl\":\"https:\/\/secure.gravatar.com\/avatar\/1d3fc949d550f0b53a5f0d51e06dfd79?s=96&d=mm&r=g\",\"caption\":\"admin\"},\"url\":\"https:\/\/www.prijedordanas.com\/?author=1\"}]}<\/script>\n<!-- \/ Yoast SEO plugin. -->","yoast_head_json":{"title":"KANDIDAT ZA GRADONA\u010cELNIKA MILENKO \u0110AKOVI\u0106: GRA\u0110ANI DA IZABERU LJUDE KOJI \u0106E USPJE\u0160NO VODITI GRAD - FOTO - PrijedorDanas.com - Prijedorski gradski portal","robots":{"index":"index","follow":"follow","max-snippet":"max-snippet:-1","max-image-preview":"max-image-preview:large","max-video-preview":"max-video-preview:-1"},"canonical":"https:\/\/www.prijedordanas.com\/?p=62517","og_locale":"en_US","og_type":"article","og_title":"KANDIDAT ZA GRADONA\u010cELNIKA MILENKO \u0110AKOVI\u0106: GRA\u0110ANI DA IZABERU LJUDE KOJI \u0106E USPJE\u0160NO VODITI GRAD - FOTO - PrijedorDanas.com - Prijedorski gradski portal","og_description":"Kandidat DNS-a za gradona\u010delnika Prijedora Milenko \u0110akovi\u0107 o\u010dekuje da \u0107e rezultati dana\u0161njih izbora biti korektni i da \u0107e ova lokalna zajednica dobiti gradona\u010delnika i Skup\u0161tinu koji \u0107e nastaviti uspje\u0161no da [&hellip;]","og_url":"https:\/\/www.prijedordanas.com\/?p=62517","og_site_name":"PrijedorDanas.com - Prijedorski gradski portal","article_publisher":"https:\/\/www.facebook.com\/PrijedorDanasCom\/","article_published_time":"2016-10-02T17:29:11+00:00","og_image":[{"url":"https:\/\/www.prijedordanas.com\/wp-content\/uploads\/2016\/10\/izbori-2016-djakovic-1-300x250.jpg"}],"author":"admin","twitter_card":"summary_large_image","twitter_misc":{"Written by":"admin"},"schema":{"@context":"https:\/\/schema.org","@graph":[{"@type":"Article","@id":"https:\/\/www.prijedordanas.com\/?p=62517#article","isPartOf":{"@id":"https:\/\/www.prijedordanas.com\/?p=62517"},"author":{"name":"admin","@id":"https:\/\/www.prijedordanas.com\/#\/schema\/person\/4e08ccf29b506ca916ff86d46bb700e6"},"headline":"KANDIDAT ZA GRADONA\u010cELNIKA MILENKO \u0110AKOVI\u0106: GRA\u0110ANI DA IZABERU LJUDE KOJI \u0106E USPJE\u0160NO VODITI GRAD &#8211; FOTO","datePublished":"2016-10-02T17:29:11+00:00","dateModified":"2016-10-02T17:29:11+00:00","mainEntityOfPage":{"@id":"https:\/\/www.prijedordanas.com\/?p=62517"},"wordCount":117,"publisher":{"@id":"https:\/\/www.prijedordanas.com\/#organization"},"keywords":["izbori 2016","Milenko \u0110akovi\u0107"],"articleSection":["Svakodnevno"],"inLanguage":"en-US"},{"@type":"WebPage","@id":"https:\/\/www.prijedordanas.com\/?p=62517","url":"https:\/\/www.prijedordanas.com\/?p=62517","name":"KANDIDAT ZA GRADONA\u010cELNIKA MILENKO \u0110AKOVI\u0106: GRA\u0110ANI DA IZABERU LJUDE KOJI \u0106E USPJE\u0160NO VODITI GRAD - FOTO - PrijedorDanas.com - Prijedorski gradski portal","isPartOf":{"@id":"https:\/\/www.prijedordanas.com\/#website"},"datePublished":"2016-10-02T17:29:11+00:00","dateModified":"2016-10-02T17:29:11+00:00","breadcrumb":{"@id":"https:\/\/www.prijedordanas.com\/?p=62517#breadcrumb"},"inLanguage":"en-US","potentialAction":[{"@type":"ReadAction","target":["https:\/\/www.prijedordanas.com\/?p=62517"]}]},{"@type":"BreadcrumbList","@id":"https:\/\/www.prijedordanas.com\/?p=62517#breadcrumb","itemListElement":[{"@type":"ListItem","position":1,"name":"Home","item":"https:\/\/www.prijedordanas.com\/"},{"@type":"ListItem","position":2,"name":"KANDIDAT ZA GRADONA\u010cELNIKA MILENKO \u0110AKOVI\u0106: GRA\u0110ANI DA IZABERU LJUDE KOJI \u0106E USPJE\u0160NO VODITI GRAD &#8211; FOTO"}]},{"@type":"WebSite","@id":"https:\/\/www.prijedordanas.com\/#website","url":"https:\/\/www.prijedordanas.com\/","name":"PrijedorDanas.com - Prijedorski gradski portal","description":"Portal o doga\u0111anjima u gradu Prijedoru","publisher":{"@id":"https:\/\/www.prijedordanas.com\/#organization"},"potentialAction":[{"@type":"SearchAction","target":{"@type":"EntryPoint","urlTemplate":"https:\/\/www.prijedordanas.com\/?s={search_term_string}"},"query-input":"required name=search_term_string"}],"inLanguage":"en-US"},{"@type":"Organization","@id":"https:\/\/www.prijedordanas.com\/#organization","name":"PrijedorDanas.com","url":"https:\/\/www.prijedordanas.com\/","logo":{"@type":"ImageObject","inLanguage":"en-US","@id":"https:\/\/www.prijedordanas.com\/#\/schema\/logo\/image\/","url":"http:\/\/www.prijedordanas.com\/wp-content\/uploads\/2021\/12\/logopng.png","contentUrl":"http:\/\/www.prijedordanas.com\/wp-content\/uploads\/2021\/12\/logopng.png","width":1019,"height":776,"caption":"PrijedorDanas.com"},"image":{"@id":"https:\/\/www.prijedordanas.com\/#\/schema\/logo\/image\/"},"sameAs":["https:\/\/www.facebook.com\/PrijedorDanasCom\/"]},{"@type":"Person","@id":"https:\/\/www.prijedordanas.com\/#\/schema\/person\/4e08ccf29b506ca916ff86d46bb700e6","name":"admin","image":{"@type":"ImageObject","inLanguage":"en-US","@id":"https:\/\/www.prijedordanas.com\/#\/schema\/person\/image\/","url":"https:\/\/secure.gravatar.com\/avatar\/1d3fc949d550f0b53a5f0d51e06dfd79?s=96&d=mm&r=g","contentUrl":"https:\/\/secure.gravatar.com\/avatar\/1d3fc949d550f0b53a5f0d51e06dfd79?s=96&d=mm&r=g","caption":"admin"},"url":"https:\/\/www.prijedordanas.com\/?author=1"}]}},"_links":{"self":[{"href":"https:\/\/www.prijedordanas.com\/index.php?rest_route=\/wp\/v2\/posts\/62517"}],"collection":[{"href":"https:\/\/www.prijedordanas.com\/index.php?rest_route=\/wp\/v2\/posts"}],"about":[{"href":"https:\/\/www.prijedordanas.com\/index.php?rest_route=\/wp\/v2\/types\/post"}],"author":[{"embeddable":true,"href":"https:\/\/www.prijedordanas.com\/index.php?rest_route=\/wp\/v2\/users\/1"}],"replies":[{"embeddable":true,"href":"https:\/\/www.prijedordanas.com\/index.php?rest_route=%2Fwp%2Fv2%2Fcomments&post=62517"}],"version-history":[{"count":1,"href":"https:\/\/www.prijedordanas.com\/index.php?rest_route=\/wp\/v2\/posts\/62517\/revisions"}],"predecessor-version":[{"id":62523,"href":"https:\/\/www.prijedordanas.com\/index.php?rest_route=\/wp\/v2\/posts\/62517\/revisions\/62523"}],"wp:attachment":[{"href":"https:\/\/www.prijedordanas.com\/index.php?rest_route=%2Fwp%2Fv2%2Fmedia&parent=62517"}],"wp:term":[{"taxonomy":"category","embeddable":true,"href":"https:\/\/www.prijedordanas.com\/index.php?rest_route=%2Fwp%2Fv2%2Fcategories&post=62517"},{"taxonomy":"post_tag","embeddable":true,"href":"https:\/\/www.prijedordanas.com\/index.php?rest_route=%2Fwp%2Fv2%2Ftags&post=62517"}],"curies":[{"name":"wp","href":"https:\/\/api.w.org\/{rel}","templated":true}]}}