{"id":6224,"date":"2014-08-03T09:02:45","date_gmt":"2014-08-03T08:02:45","guid":{"rendered":"https:\/\/www.prijedordanas.com\/?p=6224"},"modified":"2014-08-03T09:02:45","modified_gmt":"2014-08-03T08:02:45","slug":"nisevic-i-beric-negirali-krivicu-za-ratni-zlocin-u-trnopolju","status":"publish","type":"post","link":"https:\/\/www.prijedordanas.com\/?p=6224","title":{"rendered":"NI\u0160EVI\u0106 I BERI\u0106 NEGIRALI KRIVICU ZA RATNI ZLO\u010cIN U TRNOPOLJU"},"content":{"rendered":"<p><a href=\"https:\/\/www.prijedordanas.com\/wp-content\/uploads\/2014\/08\/glas-ilustracija.jpg\"><img loading=\"lazy\" decoding=\"async\" src=\"https:\/\/www.prijedordanas.com\/wp-content\/uploads\/2014\/08\/glas-ilustracija-300x249.jpg\" alt=\"glas-ilustracija\" width=\"300\" height=\"249\" class=\"alignleft size-medium wp-image-6225\" srcset=\"https:\/\/www.prijedordanas.com\/wp-content\/uploads\/2014\/08\/glas-ilustracija-300x249.jpg 300w, https:\/\/www.prijedordanas.com\/wp-content\/uploads\/2014\/08\/glas-ilustracija.jpg 500w\" sizes=\"(max-width: 300px) 100vw, 300px\" \/><\/a>Goran Ni\u0161evi\u0107 zvani Cigo (46) iz Beograda i policajac iz Prijedora Milenko Beri\u0107 (47), koji su optu\u017eeni za ratni zlo\u010din protiv civilnog stanovni\u0161tva, negirali su krivicu u banjalu\u010dkom Okru\u017enom sudu.<\/p>\n<p>Oni su pred sudijom za prethodno saslu\u0161anje izjavili da se ne osje\u0107aju krivim za zlo\u010dine koji im se stavljaju na teret.<\/p>\n<p>Prema optu\u017enici, Ni\u0161evi\u0107 i Beri\u0107 su zlo\u010din po\u010dinili u julu 1992. godine u Trnopolju kod Prijedora.<\/p>\n<p>U optu\u017enici se navodi da su svjesno i voljno u\u010destvovali u ubistvu dva civila bo\u0161nja\u010dke nacionalnosti.<\/p>\n<p>Dodaje se da su naoru\u017eani automatskim pu\u0161kama 9. jula 1992. godine u prijepodnevnim \u010dasovima do\u0161li u Trnopolje. Navodi se da su bili obu\u010deni u vojni\u010dke uniforme.<\/p>\n<p>Prvo su do\u0161li do ku\u0107e I.H., gdje su se razdvojili. Tada  je Ni\u0161evi\u0107 oti\u0161ao sa jo\u0161 nekoliko osoba do ku\u0107e Suada Sivca, udaljene oko 200 metara od ku\u0107e I.H.. Tu su Suadu Sivcu i G.S. Ni\u0161evi\u0107 i ostali naredili da krenu s njima, \u0161to su oni i u\u010dinili.<\/p>\n<p>Za to vrijeme optu\u017eeni Beri\u0107 je bio ispred ku\u0107e I.H. Poslije odre\u0111enog vremena Ni\u0161evi\u0107 i ostali doveli su Sivca i G.S. pred ku\u0107u I.H., odakle su svi zajedno krenuli u pravcu pruge u Trnopolju. U optu\u017enici se navodi da su Ni\u0161evi\u0107, Beri\u0107 i ostali usmrtili Suada Sivca i G.S. na neutvr\u0111en na\u010din, a njihova tijela jo\u0161 nisu prona\u0111ena.<\/p>\n<p>Optu\u017enicu protiv Ni\u0161evi\u0107a i Beri\u0107a banjalu\u010dko Okru\u017eno tu\u017eila\u0161tvo podiglo je 30. juna, a Okru\u017eni sud potvrdio 3. jula ove godine.<\/p>\n<p>Ni\u0161evi\u0107 trenutno \u017eivi i radi u Beogradu, a Beri\u0107 \u017eivi u Prijedoru. Obojica se brane sa slobode, a do sada su neosu\u0111ivani. Beri\u0107 je tokom izja\u0161njenja o krivici kazao da je i ratni vojni invalid koji je dva puta ranjavan.<\/p>\n<p>Glas Srpske<\/p>\n","protected":false},"excerpt":{"rendered":"<p>Goran Ni\u0161evi\u0107 zvani Cigo (46) iz Beograda i policajac iz Prijedora Milenko Beri\u0107 (47), koji su optu\u017eeni za ratni zlo\u010din protiv civilnog stanovni\u0161tva, negirali su krivicu u banjalu\u010dkom Okru\u017enom sudu. [&hellip;]<\/p>\n","protected":false},"author":1,"featured_media":0,"comment_status":"closed","ping_status":"open","sticky":false,"template":"","format":"standard","meta":{"_monsterinsights_skip_tracking":false,"_monsterinsights_sitenote_active":false,"_monsterinsights_sitenote_note":"","_monsterinsights_sitenote_category":0,"footnotes":""},"categories":[5],"tags":[1670,2054,2053,1434,2055,1359],"yoast_head":"<!-- This site is optimized with the Yoast SEO plugin v21.6 - https:\/\/yoast.com\/wordpress\/plugins\/seo\/ -->\n<title>NI\u0160EVI\u0106 I BERI\u0106 NEGIRALI KRIVICU ZA RATNI ZLO\u010cIN U TRNOPOLJU - PrijedorDanas.com - Prijedorski gradski portal<\/title>\n<meta name=\"robots\" content=\"index, follow, max-snippet:-1, max-image-preview:large, max-video-preview:-1\" \/>\n<link rel=\"canonical\" href=\"https:\/\/www.prijedordanas.com\/?p=6224\" \/>\n<meta property=\"og:locale\" content=\"en_US\" \/>\n<meta property=\"og:type\" content=\"article\" \/>\n<meta property=\"og:title\" content=\"NI\u0160EVI\u0106 I BERI\u0106 NEGIRALI KRIVICU ZA RATNI ZLO\u010cIN U TRNOPOLJU - PrijedorDanas.com - Prijedorski gradski portal\" \/>\n<meta property=\"og:description\" content=\"Goran Ni\u0161evi\u0107 zvani Cigo (46) iz Beograda i policajac iz Prijedora Milenko Beri\u0107 (47), koji su optu\u017eeni za ratni zlo\u010din protiv civilnog stanovni\u0161tva, negirali su krivicu u banjalu\u010dkom Okru\u017enom sudu. [&hellip;]\" \/>\n<meta property=\"og:url\" content=\"https:\/\/www.prijedordanas.com\/?p=6224\" \/>\n<meta property=\"og:site_name\" content=\"PrijedorDanas.com - Prijedorski gradski portal\" \/>\n<meta property=\"article:publisher\" content=\"https:\/\/www.facebook.com\/PrijedorDanasCom\/\" \/>\n<meta property=\"article:published_time\" content=\"2014-08-03T08:02:45+00:00\" \/>\n<meta property=\"og:image\" content=\"https:\/\/www.prijedordanas.com\/wp-content\/uploads\/2014\/08\/glas-ilustracija-300x249.jpg\" \/>\n<meta name=\"author\" content=\"admin\" \/>\n<meta name=\"twitter:card\" content=\"summary_large_image\" \/>\n<meta name=\"twitter:label1\" content=\"Written by\" \/>\n\t<meta name=\"twitter:data1\" content=\"admin\" \/>\n\t<meta name=\"twitter:label2\" content=\"Est. reading time\" \/>\n\t<meta name=\"twitter:data2\" content=\"2 minutes\" \/>\n<script type=\"application\/ld+json\" class=\"yoast-schema-graph\">{\"@context\":\"https:\/\/schema.org\",\"@graph\":[{\"@type\":\"Article\",\"@id\":\"https:\/\/www.prijedordanas.com\/?p=6224#article\",\"isPartOf\":{\"@id\":\"https:\/\/www.prijedordanas.com\/?p=6224\"},\"author\":{\"name\":\"admin\",\"@id\":\"https:\/\/www.prijedordanas.com\/#\/schema\/person\/4e08ccf29b506ca916ff86d46bb700e6\"},\"headline\":\"NI\u0160EVI\u0106 I BERI\u0106 NEGIRALI KRIVICU ZA RATNI ZLO\u010cIN U TRNOPOLJU\",\"datePublished\":\"2014-08-03T08:02:45+00:00\",\"dateModified\":\"2014-08-03T08:02:45+00:00\",\"mainEntityOfPage\":{\"@id\":\"https:\/\/www.prijedordanas.com\/?p=6224\"},\"wordCount\":340,\"publisher\":{\"@id\":\"https:\/\/www.prijedordanas.com\/#organization\"},\"keywords\":[\"Beri\u0107\",\"negiranje\",\"Ni\u0161evi\u0107\",\"ratni zlo\u010din\",\"Sivac\",\"Trnopolje\"],\"articleSection\":[\"Hronika\"],\"inLanguage\":\"en-US\"},{\"@type\":\"WebPage\",\"@id\":\"https:\/\/www.prijedordanas.com\/?p=6224\",\"url\":\"https:\/\/www.prijedordanas.com\/?p=6224\",\"name\":\"NI\u0160EVI\u0106 I BERI\u0106 NEGIRALI KRIVICU ZA RATNI ZLO\u010cIN U TRNOPOLJU - PrijedorDanas.com - Prijedorski gradski portal\",\"isPartOf\":{\"@id\":\"https:\/\/www.prijedordanas.com\/#website\"},\"datePublished\":\"2014-08-03T08:02:45+00:00\",\"dateModified\":\"2014-08-03T08:02:45+00:00\",\"breadcrumb\":{\"@id\":\"https:\/\/www.prijedordanas.com\/?p=6224#breadcrumb\"},\"inLanguage\":\"en-US\",\"potentialAction\":[{\"@type\":\"ReadAction\",\"target\":[\"https:\/\/www.prijedordanas.com\/?p=6224\"]}]},{\"@type\":\"BreadcrumbList\",\"@id\":\"https:\/\/www.prijedordanas.com\/?p=6224#breadcrumb\",\"itemListElement\":[{\"@type\":\"ListItem\",\"position\":1,\"name\":\"Home\",\"item\":\"https:\/\/www.prijedordanas.com\/\"},{\"@type\":\"ListItem\",\"position\":2,\"name\":\"NI\u0160EVI\u0106 I BERI\u0106 NEGIRALI KRIVICU ZA RATNI ZLO\u010cIN U TRNOPOLJU\"}]},{\"@type\":\"WebSite\",\"@id\":\"https:\/\/www.prijedordanas.com\/#website\",\"url\":\"https:\/\/www.prijedordanas.com\/\",\"name\":\"PrijedorDanas.com - Prijedorski gradski portal\",\"description\":\"Portal o doga\u0111anjima u gradu Prijedoru\",\"publisher\":{\"@id\":\"https:\/\/www.prijedordanas.com\/#organization\"},\"potentialAction\":[{\"@type\":\"SearchAction\",\"target\":{\"@type\":\"EntryPoint\",\"urlTemplate\":\"https:\/\/www.prijedordanas.com\/?s={search_term_string}\"},\"query-input\":\"required name=search_term_string\"}],\"inLanguage\":\"en-US\"},{\"@type\":\"Organization\",\"@id\":\"https:\/\/www.prijedordanas.com\/#organization\",\"name\":\"PrijedorDanas.com\",\"url\":\"https:\/\/www.prijedordanas.com\/\",\"logo\":{\"@type\":\"ImageObject\",\"inLanguage\":\"en-US\",\"@id\":\"https:\/\/www.prijedordanas.com\/#\/schema\/logo\/image\/\",\"url\":\"http:\/\/www.prijedordanas.com\/wp-content\/uploads\/2021\/12\/logopng.png\",\"contentUrl\":\"http:\/\/www.prijedordanas.com\/wp-content\/uploads\/2021\/12\/logopng.png\",\"width\":1019,\"height\":776,\"caption\":\"PrijedorDanas.com\"},\"image\":{\"@id\":\"https:\/\/www.prijedordanas.com\/#\/schema\/logo\/image\/\"},\"sameAs\":[\"https:\/\/www.facebook.com\/PrijedorDanasCom\/\"]},{\"@type\":\"Person\",\"@id\":\"https:\/\/www.prijedordanas.com\/#\/schema\/person\/4e08ccf29b506ca916ff86d46bb700e6\",\"name\":\"admin\",\"image\":{\"@type\":\"ImageObject\",\"inLanguage\":\"en-US\",\"@id\":\"https:\/\/www.prijedordanas.com\/#\/schema\/person\/image\/\",\"url\":\"https:\/\/secure.gravatar.com\/avatar\/1d3fc949d550f0b53a5f0d51e06dfd79?s=96&d=mm&r=g\",\"contentUrl\":\"https:\/\/secure.gravatar.com\/avatar\/1d3fc949d550f0b53a5f0d51e06dfd79?s=96&d=mm&r=g\",\"caption\":\"admin\"},\"url\":\"https:\/\/www.prijedordanas.com\/?author=1\"}]}<\/script>\n<!-- \/ Yoast SEO plugin. -->","yoast_head_json":{"title":"NI\u0160EVI\u0106 I BERI\u0106 NEGIRALI KRIVICU ZA RATNI ZLO\u010cIN U TRNOPOLJU - PrijedorDanas.com - Prijedorski gradski portal","robots":{"index":"index","follow":"follow","max-snippet":"max-snippet:-1","max-image-preview":"max-image-preview:large","max-video-preview":"max-video-preview:-1"},"canonical":"https:\/\/www.prijedordanas.com\/?p=6224","og_locale":"en_US","og_type":"article","og_title":"NI\u0160EVI\u0106 I BERI\u0106 NEGIRALI KRIVICU ZA RATNI ZLO\u010cIN U TRNOPOLJU - PrijedorDanas.com - Prijedorski gradski portal","og_description":"Goran Ni\u0161evi\u0107 zvani Cigo (46) iz Beograda i policajac iz Prijedora Milenko Beri\u0107 (47), koji su optu\u017eeni za ratni zlo\u010din protiv civilnog stanovni\u0161tva, negirali su krivicu u banjalu\u010dkom Okru\u017enom sudu. [&hellip;]","og_url":"https:\/\/www.prijedordanas.com\/?p=6224","og_site_name":"PrijedorDanas.com - Prijedorski gradski portal","article_publisher":"https:\/\/www.facebook.com\/PrijedorDanasCom\/","article_published_time":"2014-08-03T08:02:45+00:00","og_image":[{"url":"https:\/\/www.prijedordanas.com\/wp-content\/uploads\/2014\/08\/glas-ilustracija-300x249.jpg"}],"author":"admin","twitter_card":"summary_large_image","twitter_misc":{"Written by":"admin","Est. reading time":"2 minutes"},"schema":{"@context":"https:\/\/schema.org","@graph":[{"@type":"Article","@id":"https:\/\/www.prijedordanas.com\/?p=6224#article","isPartOf":{"@id":"https:\/\/www.prijedordanas.com\/?p=6224"},"author":{"name":"admin","@id":"https:\/\/www.prijedordanas.com\/#\/schema\/person\/4e08ccf29b506ca916ff86d46bb700e6"},"headline":"NI\u0160EVI\u0106 I BERI\u0106 NEGIRALI KRIVICU ZA RATNI ZLO\u010cIN U TRNOPOLJU","datePublished":"2014-08-03T08:02:45+00:00","dateModified":"2014-08-03T08:02:45+00:00","mainEntityOfPage":{"@id":"https:\/\/www.prijedordanas.com\/?p=6224"},"wordCount":340,"publisher":{"@id":"https:\/\/www.prijedordanas.com\/#organization"},"keywords":["Beri\u0107","negiranje","Ni\u0161evi\u0107","ratni zlo\u010din","Sivac","Trnopolje"],"articleSection":["Hronika"],"inLanguage":"en-US"},{"@type":"WebPage","@id":"https:\/\/www.prijedordanas.com\/?p=6224","url":"https:\/\/www.prijedordanas.com\/?p=6224","name":"NI\u0160EVI\u0106 I BERI\u0106 NEGIRALI KRIVICU ZA RATNI ZLO\u010cIN U TRNOPOLJU - PrijedorDanas.com - Prijedorski gradski portal","isPartOf":{"@id":"https:\/\/www.prijedordanas.com\/#website"},"datePublished":"2014-08-03T08:02:45+00:00","dateModified":"2014-08-03T08:02:45+00:00","breadcrumb":{"@id":"https:\/\/www.prijedordanas.com\/?p=6224#breadcrumb"},"inLanguage":"en-US","potentialAction":[{"@type":"ReadAction","target":["https:\/\/www.prijedordanas.com\/?p=6224"]}]},{"@type":"BreadcrumbList","@id":"https:\/\/www.prijedordanas.com\/?p=6224#breadcrumb","itemListElement":[{"@type":"ListItem","position":1,"name":"Home","item":"https:\/\/www.prijedordanas.com\/"},{"@type":"ListItem","position":2,"name":"NI\u0160EVI\u0106 I BERI\u0106 NEGIRALI KRIVICU ZA RATNI ZLO\u010cIN U TRNOPOLJU"}]},{"@type":"WebSite","@id":"https:\/\/www.prijedordanas.com\/#website","url":"https:\/\/www.prijedordanas.com\/","name":"PrijedorDanas.com - Prijedorski gradski portal","description":"Portal o doga\u0111anjima u gradu Prijedoru","publisher":{"@id":"https:\/\/www.prijedordanas.com\/#organization"},"potentialAction":[{"@type":"SearchAction","target":{"@type":"EntryPoint","urlTemplate":"https:\/\/www.prijedordanas.com\/?s={search_term_string}"},"query-input":"required name=search_term_string"}],"inLanguage":"en-US"},{"@type":"Organization","@id":"https:\/\/www.prijedordanas.com\/#organization","name":"PrijedorDanas.com","url":"https:\/\/www.prijedordanas.com\/","logo":{"@type":"ImageObject","inLanguage":"en-US","@id":"https:\/\/www.prijedordanas.com\/#\/schema\/logo\/image\/","url":"http:\/\/www.prijedordanas.com\/wp-content\/uploads\/2021\/12\/logopng.png","contentUrl":"http:\/\/www.prijedordanas.com\/wp-content\/uploads\/2021\/12\/logopng.png","width":1019,"height":776,"caption":"PrijedorDanas.com"},"image":{"@id":"https:\/\/www.prijedordanas.com\/#\/schema\/logo\/image\/"},"sameAs":["https:\/\/www.facebook.com\/PrijedorDanasCom\/"]},{"@type":"Person","@id":"https:\/\/www.prijedordanas.com\/#\/schema\/person\/4e08ccf29b506ca916ff86d46bb700e6","name":"admin","image":{"@type":"ImageObject","inLanguage":"en-US","@id":"https:\/\/www.prijedordanas.com\/#\/schema\/person\/image\/","url":"https:\/\/secure.gravatar.com\/avatar\/1d3fc949d550f0b53a5f0d51e06dfd79?s=96&d=mm&r=g","contentUrl":"https:\/\/secure.gravatar.com\/avatar\/1d3fc949d550f0b53a5f0d51e06dfd79?s=96&d=mm&r=g","caption":"admin"},"url":"https:\/\/www.prijedordanas.com\/?author=1"}]}},"_links":{"self":[{"href":"https:\/\/www.prijedordanas.com\/index.php?rest_route=\/wp\/v2\/posts\/6224"}],"collection":[{"href":"https:\/\/www.prijedordanas.com\/index.php?rest_route=\/wp\/v2\/posts"}],"about":[{"href":"https:\/\/www.prijedordanas.com\/index.php?rest_route=\/wp\/v2\/types\/post"}],"author":[{"embeddable":true,"href":"https:\/\/www.prijedordanas.com\/index.php?rest_route=\/wp\/v2\/users\/1"}],"replies":[{"embeddable":true,"href":"https:\/\/www.prijedordanas.com\/index.php?rest_route=%2Fwp%2Fv2%2Fcomments&post=6224"}],"version-history":[{"count":1,"href":"https:\/\/www.prijedordanas.com\/index.php?rest_route=\/wp\/v2\/posts\/6224\/revisions"}],"predecessor-version":[{"id":6226,"href":"https:\/\/www.prijedordanas.com\/index.php?rest_route=\/wp\/v2\/posts\/6224\/revisions\/6226"}],"wp:attachment":[{"href":"https:\/\/www.prijedordanas.com\/index.php?rest_route=%2Fwp%2Fv2%2Fmedia&parent=6224"}],"wp:term":[{"taxonomy":"category","embeddable":true,"href":"https:\/\/www.prijedordanas.com\/index.php?rest_route=%2Fwp%2Fv2%2Fcategories&post=6224"},{"taxonomy":"post_tag","embeddable":true,"href":"https:\/\/www.prijedordanas.com\/index.php?rest_route=%2Fwp%2Fv2%2Ftags&post=6224"}],"curies":[{"name":"wp","href":"https:\/\/api.w.org\/{rel}","templated":true}]}}