{"id":62043,"date":"2016-09-28T09:14:39","date_gmt":"2016-09-28T07:14:39","guid":{"rendered":"https:\/\/www.prijedordanas.com\/?p=62043"},"modified":"2016-09-28T09:14:39","modified_gmt":"2016-09-28T07:14:39","slug":"zamjenik-gradonacelnika-na-radnom-sastanku-u-radio-klubu-kozara-foto","status":"publish","type":"post","link":"https:\/\/www.prijedordanas.com\/?p=62043","title":{"rendered":"ZAMJENIK GRADONA\u010cELNIKA NA RADNOM SASTANKU U RADIO KLUBU \u201eKOZARA\u201c &#8211; FOTO"},"content":{"rendered":"<p><a href=\"https:\/\/www.prijedordanas.com\/wp-content\/uploads\/2016\/09\/radio-klub-kozara-radni-sastanak-1.jpg\"><img loading=\"lazy\" decoding=\"async\" class=\"alignleft size-medium wp-image-62044\" src=\"https:\/\/www.prijedordanas.com\/wp-content\/uploads\/2016\/09\/radio-klub-kozara-radni-sastanak-1-300x248.jpg\" alt=\"radio-klub-kozara-radni-sastanak-1\" width=\"300\" height=\"248\" srcset=\"https:\/\/www.prijedordanas.com\/wp-content\/uploads\/2016\/09\/radio-klub-kozara-radni-sastanak-1-300x248.jpg 300w, https:\/\/www.prijedordanas.com\/wp-content\/uploads\/2016\/09\/radio-klub-kozara-radni-sastanak-1-100x83.jpg 100w, https:\/\/www.prijedordanas.com\/wp-content\/uploads\/2016\/09\/radio-klub-kozara-radni-sastanak-1.jpg 605w\" sizes=\"(max-width: 300px) 100vw, 300px\" \/><\/a>Zamjenik gradona\u010delnika Prijedora Milenko \u0110akovic\u0301 prisustvovao je sastanku koji je organizovao Radio klub &#8220;Kozara&#8221; sa predstavnicima institucija i slu\u017ebi sa kojima klub ima potpisane sporazume o saradnji.<\/p>\n<p>\u0110akovic\u0301 je obi\u0161ao prostorije kluba i pohvalio \u010dlanove za postignute rezultate na domac\u0301im i me\u0111unarodnim takmi\u010denjima.<\/p>\n<p>-Iako su prisutne nove tehnologije, radio-amaterizam ima svoju dra\u017e, ali i veliki zna\u010daj. Naro\u010dito moram pohvaliti njihov anga\u017eman za vrijeme poplava 2014. godine \u2013 rekao je \u0110akovi\u0107.<\/p>\n<p>Predsjednik Kluba Jovica Kne\u017eevic\u0301 upoznao je prisutne sa dosada\u0161njim aktivnostima kluba i planovima za naredni period.<\/p>\n<p>Ovom prilikom istaknuta je izuzetna saradnja sa Civilnom za\u0161titom, Teritorijalnom vatrogasnom jedinicom Prijedor, Crvenim krstom, a posebno sa Gradskom upravom Prijedora.<\/p>\n<p><a href=\"https:\/\/www.prijedordanas.com\/wp-content\/uploads\/2016\/09\/radio-klub-kozara-radni-sastanak-2.jpg\"><img loading=\"lazy\" decoding=\"async\" class=\"alignleft size-medium wp-image-62045\" src=\"https:\/\/www.prijedordanas.com\/wp-content\/uploads\/2016\/09\/radio-klub-kozara-radni-sastanak-2-300x199.jpg\" alt=\"radio-klub-kozara-radni-sastanak-2\" width=\"300\" height=\"199\" srcset=\"https:\/\/www.prijedordanas.com\/wp-content\/uploads\/2016\/09\/radio-klub-kozara-radni-sastanak-2-300x200.jpg 300w, https:\/\/www.prijedordanas.com\/wp-content\/uploads\/2016\/09\/radio-klub-kozara-radni-sastanak-2-100x66.jpg 100w, https:\/\/www.prijedordanas.com\/wp-content\/uploads\/2016\/09\/radio-klub-kozara-radni-sastanak-2-480x320.jpg 480w, https:\/\/www.prijedordanas.com\/wp-content\/uploads\/2016\/09\/radio-klub-kozara-radni-sastanak-2.jpg 600w\" sizes=\"(max-width: 300px) 100vw, 300px\" \/><\/a>Kne\u017eevic\u0301 je prisutne upoznao sa uspjesima koje prijedorski radio-amateri posti\u017eu na takmi\u010denjima, prijemom novih \u010dlanova, radio-amatera operatora koji su obuku pro\u0161li u okviru prakti\u010dne nastave u Elektro-tehni\u010dkoj \u0161koli.<\/p>\n<p>-Ukratko razlika izme\u0111u novih tehnologija i radio-talasa ogromna i da je utoliko vec\u0301i izazov ostvariti putem radio-talasa \u0161to vi\u0161e veza sa \u0161to vi\u0161e zemalja i \u0161to udaljenijih zemalja, u \u010demu je ovom klubu i prije rata i danas samo nebo bilo granica &#8211; rekao je Kne\u017eevic\u0301.<\/p>\n<p>On je istakao da je mo\u017eda nekome \u010dudno \u0161to ovaj klub u posljednjih nekoliko godina obnavlja rad i \u010dlanstvo pored interneta i mobilne telefonije.<\/p>\n<p><a href=\"https:\/\/www.prijedordanas.com\/wp-content\/uploads\/2016\/09\/radio-klub-kozara-radni-sastanak-3.jpg\"><img loading=\"lazy\" decoding=\"async\" src=\"https:\/\/www.prijedordanas.com\/wp-content\/uploads\/2016\/09\/radio-klub-kozara-radni-sastanak-3-300x199.jpg\" alt=\"radio-klub-kozara-radni-sastanak-3\" width=\"300\" height=\"199\" class=\"alignleft size-medium wp-image-62046\" srcset=\"https:\/\/www.prijedordanas.com\/wp-content\/uploads\/2016\/09\/radio-klub-kozara-radni-sastanak-3-300x200.jpg 300w, https:\/\/www.prijedordanas.com\/wp-content\/uploads\/2016\/09\/radio-klub-kozara-radni-sastanak-3-100x66.jpg 100w, https:\/\/www.prijedordanas.com\/wp-content\/uploads\/2016\/09\/radio-klub-kozara-radni-sastanak-3-480x320.jpg 480w, https:\/\/www.prijedordanas.com\/wp-content\/uploads\/2016\/09\/radio-klub-kozara-radni-sastanak-3.jpg 600w\" sizes=\"(max-width: 300px) 100vw, 300px\" \/><\/a>-Dra\u017e radio-amaterizma je upravo u tome da se uz samo malo kabla i antene na krovu i bez bilo kakvih drugih pomagala ostvari veza sa bilo kojim krajem svijeta,a da ne govorimo o tome da kad sva ta savremena tehnologija stane u uslovima prirodnih nepogoda, radio talasi bez problema funkcioni\u0161u \u0161to se najbolje pokazalo prilikom poplava 2014.godine &#8211; rekao je Kne\u017eevic\u0301.<\/p>\n<p>Ovom sastanku su prisustvovali i Darko Bosan\u010dic\u0301 potpredsjednik Radio kluba \u201eKozara\u201c i predsjednik UO Saveza radio amatera Republike Srpske, Zoran Petric\u0301 i Ognjen Vukic\u0301 \u010dlanovi UO Radio kluba \u201eKozara\u201c te Dra\u0161ko \u0110enadija predstavnik Civilne za\u0161tite, Neboj\u0161a Milju\u0161, komandir TVJ Prijedor i Zoran Veselinovic\u0301, sekretar Crvenog krsta Prijedor.<\/p>\n<p>Oni su se upoznali sa opremom kojom raspola\u017ee klub kao i sa \u010dinjenicom da je RK &#8220;KOZARA&#8221; ve\u0107 \u0161est mjeseci Upravna stanica u sistemu RMZO (Radio mre\u017ea za opasnost) \u0161to dokazuje da klub ima vrhunske operatore.<\/p>\n<p>Kao jedan od zaklju\u010daka sastanka izdvojila se potreba kluba za redovnim finansiranjem kako bi mogao nastaviti sa kvalitetnim radom.<\/p>\n<p>Tekst i foto &#8211; Aleksandar Drakuli\u0107 \u2013 <a href=\"www.prijedordanas.com\" target=\"_blank\">www.prijedordanas.com<\/a><\/p>\n","protected":false},"excerpt":{"rendered":"<p>Zamjenik gradona\u010delnika Prijedora Milenko \u0110akovic\u0301 prisustvovao je sastanku koji je organizovao Radio klub &#8220;Kozara&#8221; sa predstavnicima institucija i slu\u017ebi sa kojima klub ima potpisane sporazume o saradnji. \u0110akovic\u0301 je obi\u0161ao [&hellip;]<\/p>\n","protected":false},"author":1,"featured_media":0,"comment_status":"closed","ping_status":"open","sticky":false,"template":"","format":"standard","meta":{"_monsterinsights_skip_tracking":false,"_monsterinsights_sitenote_active":false,"_monsterinsights_sitenote_note":"","_monsterinsights_sitenote_category":0,"footnotes":""},"categories":[4],"tags":[7244,8878],"yoast_head":"<!-- This site is optimized with the Yoast SEO plugin v21.6 - https:\/\/yoast.com\/wordpress\/plugins\/seo\/ -->\n<title>ZAMJENIK GRADONA\u010cELNIKA NA RADNOM SASTANKU U RADIO KLUBU \u201eKOZARA\u201c - FOTO - PrijedorDanas.com - Prijedorski gradski portal<\/title>\n<meta name=\"robots\" content=\"index, follow, max-snippet:-1, max-image-preview:large, max-video-preview:-1\" \/>\n<link rel=\"canonical\" href=\"https:\/\/www.prijedordanas.com\/?p=62043\" \/>\n<meta property=\"og:locale\" content=\"en_US\" \/>\n<meta property=\"og:type\" content=\"article\" \/>\n<meta property=\"og:title\" content=\"ZAMJENIK GRADONA\u010cELNIKA NA RADNOM SASTANKU U RADIO KLUBU \u201eKOZARA\u201c - FOTO - PrijedorDanas.com - Prijedorski gradski portal\" \/>\n<meta property=\"og:description\" content=\"Zamjenik gradona\u010delnika Prijedora Milenko \u0110akovic\u0301 prisustvovao je sastanku koji je organizovao Radio klub &#8220;Kozara&#8221; sa predstavnicima institucija i slu\u017ebi sa kojima klub ima potpisane sporazume o saradnji. \u0110akovic\u0301 je obi\u0161ao [&hellip;]\" \/>\n<meta property=\"og:url\" content=\"https:\/\/www.prijedordanas.com\/?p=62043\" \/>\n<meta property=\"og:site_name\" content=\"PrijedorDanas.com - Prijedorski gradski portal\" \/>\n<meta property=\"article:publisher\" content=\"https:\/\/www.facebook.com\/PrijedorDanasCom\/\" \/>\n<meta property=\"article:published_time\" content=\"2016-09-28T07:14:39+00:00\" \/>\n<meta property=\"og:image\" content=\"https:\/\/www.prijedordanas.com\/wp-content\/uploads\/2016\/09\/radio-klub-kozara-radni-sastanak-1-300x248.jpg\" \/>\n<meta name=\"author\" content=\"admin\" \/>\n<meta name=\"twitter:card\" content=\"summary_large_image\" \/>\n<meta name=\"twitter:label1\" content=\"Written by\" \/>\n\t<meta name=\"twitter:data1\" content=\"admin\" \/>\n\t<meta name=\"twitter:label2\" content=\"Est. reading time\" \/>\n\t<meta name=\"twitter:data2\" content=\"2 minutes\" \/>\n<script type=\"application\/ld+json\" class=\"yoast-schema-graph\">{\"@context\":\"https:\/\/schema.org\",\"@graph\":[{\"@type\":\"Article\",\"@id\":\"https:\/\/www.prijedordanas.com\/?p=62043#article\",\"isPartOf\":{\"@id\":\"https:\/\/www.prijedordanas.com\/?p=62043\"},\"author\":{\"name\":\"admin\",\"@id\":\"https:\/\/www.prijedordanas.com\/#\/schema\/person\/4e08ccf29b506ca916ff86d46bb700e6\"},\"headline\":\"ZAMJENIK GRADONA\u010cELNIKA NA RADNOM SASTANKU U RADIO KLUBU \u201eKOZARA\u201c &#8211; FOTO\",\"datePublished\":\"2016-09-28T07:14:39+00:00\",\"dateModified\":\"2016-09-28T07:14:39+00:00\",\"mainEntityOfPage\":{\"@id\":\"https:\/\/www.prijedordanas.com\/?p=62043\"},\"wordCount\":421,\"publisher\":{\"@id\":\"https:\/\/www.prijedordanas.com\/#organization\"},\"keywords\":[\"Radio klub \\\"Kozara\\\" Prijedor\",\"radni sastanak\"],\"articleSection\":[\"Dru\u0161tvo\"],\"inLanguage\":\"en-US\"},{\"@type\":\"WebPage\",\"@id\":\"https:\/\/www.prijedordanas.com\/?p=62043\",\"url\":\"https:\/\/www.prijedordanas.com\/?p=62043\",\"name\":\"ZAMJENIK GRADONA\u010cELNIKA NA RADNOM SASTANKU U RADIO KLUBU \u201eKOZARA\u201c - FOTO - PrijedorDanas.com - Prijedorski gradski portal\",\"isPartOf\":{\"@id\":\"https:\/\/www.prijedordanas.com\/#website\"},\"datePublished\":\"2016-09-28T07:14:39+00:00\",\"dateModified\":\"2016-09-28T07:14:39+00:00\",\"breadcrumb\":{\"@id\":\"https:\/\/www.prijedordanas.com\/?p=62043#breadcrumb\"},\"inLanguage\":\"en-US\",\"potentialAction\":[{\"@type\":\"ReadAction\",\"target\":[\"https:\/\/www.prijedordanas.com\/?p=62043\"]}]},{\"@type\":\"BreadcrumbList\",\"@id\":\"https:\/\/www.prijedordanas.com\/?p=62043#breadcrumb\",\"itemListElement\":[{\"@type\":\"ListItem\",\"position\":1,\"name\":\"Home\",\"item\":\"https:\/\/www.prijedordanas.com\/\"},{\"@type\":\"ListItem\",\"position\":2,\"name\":\"ZAMJENIK GRADONA\u010cELNIKA NA RADNOM SASTANKU U RADIO KLUBU \u201eKOZARA\u201c &#8211; FOTO\"}]},{\"@type\":\"WebSite\",\"@id\":\"https:\/\/www.prijedordanas.com\/#website\",\"url\":\"https:\/\/www.prijedordanas.com\/\",\"name\":\"PrijedorDanas.com - Prijedorski gradski portal\",\"description\":\"Portal o doga\u0111anjima u gradu Prijedoru\",\"publisher\":{\"@id\":\"https:\/\/www.prijedordanas.com\/#organization\"},\"potentialAction\":[{\"@type\":\"SearchAction\",\"target\":{\"@type\":\"EntryPoint\",\"urlTemplate\":\"https:\/\/www.prijedordanas.com\/?s={search_term_string}\"},\"query-input\":\"required name=search_term_string\"}],\"inLanguage\":\"en-US\"},{\"@type\":\"Organization\",\"@id\":\"https:\/\/www.prijedordanas.com\/#organization\",\"name\":\"PrijedorDanas.com\",\"url\":\"https:\/\/www.prijedordanas.com\/\",\"logo\":{\"@type\":\"ImageObject\",\"inLanguage\":\"en-US\",\"@id\":\"https:\/\/www.prijedordanas.com\/#\/schema\/logo\/image\/\",\"url\":\"http:\/\/www.prijedordanas.com\/wp-content\/uploads\/2021\/12\/logopng.png\",\"contentUrl\":\"http:\/\/www.prijedordanas.com\/wp-content\/uploads\/2021\/12\/logopng.png\",\"width\":1019,\"height\":776,\"caption\":\"PrijedorDanas.com\"},\"image\":{\"@id\":\"https:\/\/www.prijedordanas.com\/#\/schema\/logo\/image\/\"},\"sameAs\":[\"https:\/\/www.facebook.com\/PrijedorDanasCom\/\"]},{\"@type\":\"Person\",\"@id\":\"https:\/\/www.prijedordanas.com\/#\/schema\/person\/4e08ccf29b506ca916ff86d46bb700e6\",\"name\":\"admin\",\"image\":{\"@type\":\"ImageObject\",\"inLanguage\":\"en-US\",\"@id\":\"https:\/\/www.prijedordanas.com\/#\/schema\/person\/image\/\",\"url\":\"https:\/\/secure.gravatar.com\/avatar\/1d3fc949d550f0b53a5f0d51e06dfd79?s=96&d=mm&r=g\",\"contentUrl\":\"https:\/\/secure.gravatar.com\/avatar\/1d3fc949d550f0b53a5f0d51e06dfd79?s=96&d=mm&r=g\",\"caption\":\"admin\"},\"url\":\"https:\/\/www.prijedordanas.com\/?author=1\"}]}<\/script>\n<!-- \/ Yoast SEO plugin. -->","yoast_head_json":{"title":"ZAMJENIK GRADONA\u010cELNIKA NA RADNOM SASTANKU U RADIO KLUBU \u201eKOZARA\u201c - FOTO - PrijedorDanas.com - Prijedorski gradski portal","robots":{"index":"index","follow":"follow","max-snippet":"max-snippet:-1","max-image-preview":"max-image-preview:large","max-video-preview":"max-video-preview:-1"},"canonical":"https:\/\/www.prijedordanas.com\/?p=62043","og_locale":"en_US","og_type":"article","og_title":"ZAMJENIK GRADONA\u010cELNIKA NA RADNOM SASTANKU U RADIO KLUBU \u201eKOZARA\u201c - FOTO - PrijedorDanas.com - Prijedorski gradski portal","og_description":"Zamjenik gradona\u010delnika Prijedora Milenko \u0110akovic\u0301 prisustvovao je sastanku koji je organizovao Radio klub &#8220;Kozara&#8221; sa predstavnicima institucija i slu\u017ebi sa kojima klub ima potpisane sporazume o saradnji. \u0110akovic\u0301 je obi\u0161ao [&hellip;]","og_url":"https:\/\/www.prijedordanas.com\/?p=62043","og_site_name":"PrijedorDanas.com - Prijedorski gradski portal","article_publisher":"https:\/\/www.facebook.com\/PrijedorDanasCom\/","article_published_time":"2016-09-28T07:14:39+00:00","og_image":[{"url":"https:\/\/www.prijedordanas.com\/wp-content\/uploads\/2016\/09\/radio-klub-kozara-radni-sastanak-1-300x248.jpg"}],"author":"admin","twitter_card":"summary_large_image","twitter_misc":{"Written by":"admin","Est. reading time":"2 minutes"},"schema":{"@context":"https:\/\/schema.org","@graph":[{"@type":"Article","@id":"https:\/\/www.prijedordanas.com\/?p=62043#article","isPartOf":{"@id":"https:\/\/www.prijedordanas.com\/?p=62043"},"author":{"name":"admin","@id":"https:\/\/www.prijedordanas.com\/#\/schema\/person\/4e08ccf29b506ca916ff86d46bb700e6"},"headline":"ZAMJENIK GRADONA\u010cELNIKA NA RADNOM SASTANKU U RADIO KLUBU \u201eKOZARA\u201c &#8211; FOTO","datePublished":"2016-09-28T07:14:39+00:00","dateModified":"2016-09-28T07:14:39+00:00","mainEntityOfPage":{"@id":"https:\/\/www.prijedordanas.com\/?p=62043"},"wordCount":421,"publisher":{"@id":"https:\/\/www.prijedordanas.com\/#organization"},"keywords":["Radio klub \"Kozara\" Prijedor","radni sastanak"],"articleSection":["Dru\u0161tvo"],"inLanguage":"en-US"},{"@type":"WebPage","@id":"https:\/\/www.prijedordanas.com\/?p=62043","url":"https:\/\/www.prijedordanas.com\/?p=62043","name":"ZAMJENIK GRADONA\u010cELNIKA NA RADNOM SASTANKU U RADIO KLUBU \u201eKOZARA\u201c - FOTO - PrijedorDanas.com - Prijedorski gradski portal","isPartOf":{"@id":"https:\/\/www.prijedordanas.com\/#website"},"datePublished":"2016-09-28T07:14:39+00:00","dateModified":"2016-09-28T07:14:39+00:00","breadcrumb":{"@id":"https:\/\/www.prijedordanas.com\/?p=62043#breadcrumb"},"inLanguage":"en-US","potentialAction":[{"@type":"ReadAction","target":["https:\/\/www.prijedordanas.com\/?p=62043"]}]},{"@type":"BreadcrumbList","@id":"https:\/\/www.prijedordanas.com\/?p=62043#breadcrumb","itemListElement":[{"@type":"ListItem","position":1,"name":"Home","item":"https:\/\/www.prijedordanas.com\/"},{"@type":"ListItem","position":2,"name":"ZAMJENIK GRADONA\u010cELNIKA NA RADNOM SASTANKU U RADIO KLUBU \u201eKOZARA\u201c &#8211; FOTO"}]},{"@type":"WebSite","@id":"https:\/\/www.prijedordanas.com\/#website","url":"https:\/\/www.prijedordanas.com\/","name":"PrijedorDanas.com - Prijedorski gradski portal","description":"Portal o doga\u0111anjima u gradu Prijedoru","publisher":{"@id":"https:\/\/www.prijedordanas.com\/#organization"},"potentialAction":[{"@type":"SearchAction","target":{"@type":"EntryPoint","urlTemplate":"https:\/\/www.prijedordanas.com\/?s={search_term_string}"},"query-input":"required name=search_term_string"}],"inLanguage":"en-US"},{"@type":"Organization","@id":"https:\/\/www.prijedordanas.com\/#organization","name":"PrijedorDanas.com","url":"https:\/\/www.prijedordanas.com\/","logo":{"@type":"ImageObject","inLanguage":"en-US","@id":"https:\/\/www.prijedordanas.com\/#\/schema\/logo\/image\/","url":"http:\/\/www.prijedordanas.com\/wp-content\/uploads\/2021\/12\/logopng.png","contentUrl":"http:\/\/www.prijedordanas.com\/wp-content\/uploads\/2021\/12\/logopng.png","width":1019,"height":776,"caption":"PrijedorDanas.com"},"image":{"@id":"https:\/\/www.prijedordanas.com\/#\/schema\/logo\/image\/"},"sameAs":["https:\/\/www.facebook.com\/PrijedorDanasCom\/"]},{"@type":"Person","@id":"https:\/\/www.prijedordanas.com\/#\/schema\/person\/4e08ccf29b506ca916ff86d46bb700e6","name":"admin","image":{"@type":"ImageObject","inLanguage":"en-US","@id":"https:\/\/www.prijedordanas.com\/#\/schema\/person\/image\/","url":"https:\/\/secure.gravatar.com\/avatar\/1d3fc949d550f0b53a5f0d51e06dfd79?s=96&d=mm&r=g","contentUrl":"https:\/\/secure.gravatar.com\/avatar\/1d3fc949d550f0b53a5f0d51e06dfd79?s=96&d=mm&r=g","caption":"admin"},"url":"https:\/\/www.prijedordanas.com\/?author=1"}]}},"_links":{"self":[{"href":"https:\/\/www.prijedordanas.com\/index.php?rest_route=\/wp\/v2\/posts\/62043"}],"collection":[{"href":"https:\/\/www.prijedordanas.com\/index.php?rest_route=\/wp\/v2\/posts"}],"about":[{"href":"https:\/\/www.prijedordanas.com\/index.php?rest_route=\/wp\/v2\/types\/post"}],"author":[{"embeddable":true,"href":"https:\/\/www.prijedordanas.com\/index.php?rest_route=\/wp\/v2\/users\/1"}],"replies":[{"embeddable":true,"href":"https:\/\/www.prijedordanas.com\/index.php?rest_route=%2Fwp%2Fv2%2Fcomments&post=62043"}],"version-history":[{"count":1,"href":"https:\/\/www.prijedordanas.com\/index.php?rest_route=\/wp\/v2\/posts\/62043\/revisions"}],"predecessor-version":[{"id":62047,"href":"https:\/\/www.prijedordanas.com\/index.php?rest_route=\/wp\/v2\/posts\/62043\/revisions\/62047"}],"wp:attachment":[{"href":"https:\/\/www.prijedordanas.com\/index.php?rest_route=%2Fwp%2Fv2%2Fmedia&parent=62043"}],"wp:term":[{"taxonomy":"category","embeddable":true,"href":"https:\/\/www.prijedordanas.com\/index.php?rest_route=%2Fwp%2Fv2%2Fcategories&post=62043"},{"taxonomy":"post_tag","embeddable":true,"href":"https:\/\/www.prijedordanas.com\/index.php?rest_route=%2Fwp%2Fv2%2Ftags&post=62043"}],"curies":[{"name":"wp","href":"https:\/\/api.w.org\/{rel}","templated":true}]}}