{"id":61983,"date":"2016-09-27T15:05:51","date_gmt":"2016-09-27T13:05:51","guid":{"rendered":"https:\/\/www.prijedordanas.com\/?p=61983"},"modified":"2016-09-27T15:05:51","modified_gmt":"2016-09-27T13:05:51","slug":"prijedor-otvoreni-dani-voca-vocnih-rakija-fotovideo","status":"publish","type":"post","link":"https:\/\/www.prijedordanas.com\/?p=61983","title":{"rendered":"PRIJEDOR: OTVORENI &#8220;DANI VO\u0106A I VO\u0106NIH RAKIJA&#8221; \u2013 FOTO\/VIDEO"},"content":{"rendered":"<p><a href=\"https:\/\/www.prijedordanas.com\/wp-content\/uploads\/2016\/09\/srna-dani-voca-i-vocnih-rakija-1.jpg\"><img loading=\"lazy\" decoding=\"async\" class=\"alignleft size-medium wp-image-61984\" src=\"https:\/\/www.prijedordanas.com\/wp-content\/uploads\/2016\/09\/srna-dani-voca-i-vocnih-rakija-1-300x283.jpg\" alt=\"srna-dani-voca-i-vocnih-rakija-1\" width=\"300\" height=\"283\" srcset=\"https:\/\/www.prijedordanas.com\/wp-content\/uploads\/2016\/09\/srna-dani-voca-i-vocnih-rakija-1-300x283.jpg 300w, https:\/\/www.prijedordanas.com\/wp-content\/uploads\/2016\/09\/srna-dani-voca-i-vocnih-rakija-1-100x94.jpg 100w, https:\/\/www.prijedordanas.com\/wp-content\/uploads\/2016\/09\/srna-dani-voca-i-vocnih-rakija-1.jpg 600w\" sizes=\"(max-width: 300px) 100vw, 300px\" \/><\/a>U Prijedoru je danas otvorena manifestacija &#8220;Dani vo\u0107a i vo\u0107nih rakija&#8221; koja je okupila dvadesetak proizvo\u0111a\u010da vo\u0107a, uglavnom \u010dlanova gradskog Udru\u017eenja vo\u0107ara.<\/p>\n<p>Gradona\u010delnik Prijedora Marko Pavi\u0107 rekao je novinarima nakon obilaska \u0161tandova sa vo\u0107em da grad \u017eeli na ovakav na\u010din da pribli\u017ei sve proizvo\u0111a\u010de poljoprivrednih proizvoda svim gra\u0111anima.<\/p>\n<p>&#8220;Imali smo ranije dane cvije\u0107a, jagoda, \u0161ljiva, nedavno su zavr\u0161eni dani meda, a sada su opet izlo\u017eeni proizvodi na\u0161ih vo\u0107ara i izuzetno je lijepo vidjeti sve ove kvalitetne, doma\u0107e proizvode na jednom mjestu&#8221;, istakao je Pavi\u0107.<\/p>\n<p>On je napomenuo da gradska uprava na razne na\u010dine podr\u017eava poljoprivredne proizvo\u0111a\u010de mjerama stimulacije i podsticajima kojima se daju u novcu, stru\u010dnom obrazovanju i kroz to da zajedni\u010dki odlaze na sajmove i sli\u010dno, a da je ovo najspecifi\u010dniji na\u010din podr\u0161ke da svoje proizvode mogu prodavati.<\/p>\n<p>&#8220;U toku smo velikog projekta da obezbijedimo hladnja\u010du za vo\u0107e i ve\u0107 je odre\u0111ena lokacija i objekti da bi vo\u0107ari ipak mogli jedan period preko zime vo\u0107e dr\u017eati u hladnja\u010di i posti\u0107i ve\u0107e cijene nego sada kada je velika ponuda i kada je vi\u0161ak vo\u0107a odlazio u rakiju&#8221;, rekao je Pavi\u0107.<\/p>\n<p>\u0160ef gradskog Odsjeka za razvoj poljoprivrede Tatjana Mari\u0107 potvrdila je da gradska uprava na godi\u0161njem nivou iz bud\u017eeta izdvaja 40.000 KM za podsticaje u vo\u0107arstvu, a da podsti\u010de intenzivne zasade vo\u0107a i sadnju novih vo\u0107njaka.<\/p>\n<p>Manifestacija &#8220;Dani vo\u0107a&#8221; u Prijedoru traja\u0107e narednih 15 dana, a u ponudi su su\u0161ene i svje\u017ee \u0161ljive, razne sorte jabuka i kru\u0161aka, te razne vrste vo\u0107nih rakija i likera.<\/p>\n<p>SRNA<\/p>\n<p><a href=\"https:\/\/www.prijedordanas.com\/wp-content\/uploads\/2016\/09\/srna-dani-voca-i-vocnih-rakija-3.jpg\"><img loading=\"lazy\" decoding=\"async\" class=\"alignleft size-medium wp-image-61985\" src=\"https:\/\/www.prijedordanas.com\/wp-content\/uploads\/2016\/09\/srna-dani-voca-i-vocnih-rakija-3-300x298.jpg\" alt=\"srna-dani-voca-i-vocnih-rakija-3\" width=\"300\" height=\"298\" srcset=\"https:\/\/www.prijedordanas.com\/wp-content\/uploads\/2016\/09\/srna-dani-voca-i-vocnih-rakija-3-300x298.jpg 300w, https:\/\/www.prijedordanas.com\/wp-content\/uploads\/2016\/09\/srna-dani-voca-i-vocnih-rakija-3-150x150.jpg 150w, https:\/\/www.prijedordanas.com\/wp-content\/uploads\/2016\/09\/srna-dani-voca-i-vocnih-rakija-3-100x100.jpg 100w, https:\/\/www.prijedordanas.com\/wp-content\/uploads\/2016\/09\/srna-dani-voca-i-vocnih-rakija-3-50x50.jpg 50w, https:\/\/www.prijedordanas.com\/wp-content\/uploads\/2016\/09\/srna-dani-voca-i-vocnih-rakija-3.jpg 600w\" sizes=\"(max-width: 300px) 100vw, 300px\" \/><\/a> <a href=\"https:\/\/www.prijedordanas.com\/wp-content\/uploads\/2016\/09\/srna-dani-voca-i-vocnih-rakija-2.jpg\"><img loading=\"lazy\" decoding=\"async\" class=\"alignleft size-medium wp-image-61986\" src=\"https:\/\/www.prijedordanas.com\/wp-content\/uploads\/2016\/09\/srna-dani-voca-i-vocnih-rakija-2-300x225.jpg\" alt=\"srna-dani-voca-i-vocnih-rakija-2\" width=\"300\" height=\"225\" srcset=\"https:\/\/www.prijedordanas.com\/wp-content\/uploads\/2016\/09\/srna-dani-voca-i-vocnih-rakija-2-300x225.jpg 300w, https:\/\/www.prijedordanas.com\/wp-content\/uploads\/2016\/09\/srna-dani-voca-i-vocnih-rakija-2-100x75.jpg 100w, https:\/\/www.prijedordanas.com\/wp-content\/uploads\/2016\/09\/srna-dani-voca-i-vocnih-rakija-2.jpg 600w\" sizes=\"(max-width: 300px) 100vw, 300px\" \/><\/a> <a href=\"https:\/\/www.prijedordanas.com\/wp-content\/uploads\/2016\/09\/srna-dani-voca-i-vocnih-rakija-4.jpg\"><img loading=\"lazy\" decoding=\"async\" class=\"alignleft size-medium wp-image-61987\" src=\"https:\/\/www.prijedordanas.com\/wp-content\/uploads\/2016\/09\/srna-dani-voca-i-vocnih-rakija-4-300x225.jpg\" alt=\"srna-dani-voca-i-vocnih-rakija-4\" width=\"300\" height=\"225\" srcset=\"https:\/\/www.prijedordanas.com\/wp-content\/uploads\/2016\/09\/srna-dani-voca-i-vocnih-rakija-4-300x225.jpg 300w, https:\/\/www.prijedordanas.com\/wp-content\/uploads\/2016\/09\/srna-dani-voca-i-vocnih-rakija-4-100x75.jpg 100w, https:\/\/www.prijedordanas.com\/wp-content\/uploads\/2016\/09\/srna-dani-voca-i-vocnih-rakija-4.jpg 600w\" sizes=\"(max-width: 300px) 100vw, 300px\" \/><\/a><\/p>\n<p><iframe loading=\"lazy\" width=\"500\" height=\"281\" src=\"https:\/\/www.youtube.com\/embed\/Z46q-aioCm8?feature=oembed\" frameborder=\"0\" allowfullscreen><\/iframe><\/p>\n","protected":false},"excerpt":{"rendered":"<p>U Prijedoru je danas otvorena manifestacija &#8220;Dani vo\u0107a i vo\u0107nih rakija&#8221; koja je okupila dvadesetak proizvo\u0111a\u010da vo\u0107a, uglavnom \u010dlanova gradskog Udru\u017eenja vo\u0107ara. Gradona\u010delnik Prijedora Marko Pavi\u0107 rekao je novinarima nakon [&hellip;]<\/p>\n","protected":false},"author":1,"featured_media":0,"comment_status":"closed","ping_status":"open","sticky":false,"template":"","format":"standard","meta":{"_monsterinsights_skip_tracking":false,"_monsterinsights_sitenote_active":false,"_monsterinsights_sitenote_note":"","_monsterinsights_sitenote_category":0,"footnotes":""},"categories":[4],"tags":[8875],"yoast_head":"<!-- This site is optimized with the Yoast SEO plugin v21.6 - https:\/\/yoast.com\/wordpress\/plugins\/seo\/ -->\n<title>PRIJEDOR: OTVORENI &quot;DANI VO\u0106A I VO\u0106NIH RAKIJA&quot; \u2013 FOTO\/VIDEO - PrijedorDanas.com - Prijedorski gradski portal<\/title>\n<meta name=\"robots\" content=\"index, follow, max-snippet:-1, max-image-preview:large, max-video-preview:-1\" \/>\n<link rel=\"canonical\" href=\"https:\/\/www.prijedordanas.com\/?p=61983\" \/>\n<meta property=\"og:locale\" content=\"en_US\" \/>\n<meta property=\"og:type\" content=\"article\" \/>\n<meta property=\"og:title\" content=\"PRIJEDOR: OTVORENI &quot;DANI VO\u0106A I VO\u0106NIH RAKIJA&quot; \u2013 FOTO\/VIDEO - PrijedorDanas.com - Prijedorski gradski portal\" \/>\n<meta property=\"og:description\" content=\"U Prijedoru je danas otvorena manifestacija &#8220;Dani vo\u0107a i vo\u0107nih rakija&#8221; koja je okupila dvadesetak proizvo\u0111a\u010da vo\u0107a, uglavnom \u010dlanova gradskog Udru\u017eenja vo\u0107ara. Gradona\u010delnik Prijedora Marko Pavi\u0107 rekao je novinarima nakon [&hellip;]\" \/>\n<meta property=\"og:url\" content=\"https:\/\/www.prijedordanas.com\/?p=61983\" \/>\n<meta property=\"og:site_name\" content=\"PrijedorDanas.com - Prijedorski gradski portal\" \/>\n<meta property=\"article:publisher\" content=\"https:\/\/www.facebook.com\/PrijedorDanasCom\/\" \/>\n<meta property=\"article:published_time\" content=\"2016-09-27T13:05:51+00:00\" \/>\n<meta property=\"og:image\" content=\"https:\/\/www.prijedordanas.com\/wp-content\/uploads\/2016\/09\/srna-dani-voca-i-vocnih-rakija-1-300x283.jpg\" \/>\n<meta name=\"author\" content=\"admin\" \/>\n<meta name=\"twitter:card\" content=\"summary_large_image\" \/>\n<meta name=\"twitter:label1\" content=\"Written by\" \/>\n\t<meta name=\"twitter:data1\" content=\"admin\" \/>\n\t<meta name=\"twitter:label2\" content=\"Est. reading time\" \/>\n\t<meta name=\"twitter:data2\" content=\"2 minutes\" \/>\n<script type=\"application\/ld+json\" class=\"yoast-schema-graph\">{\"@context\":\"https:\/\/schema.org\",\"@graph\":[{\"@type\":\"Article\",\"@id\":\"https:\/\/www.prijedordanas.com\/?p=61983#article\",\"isPartOf\":{\"@id\":\"https:\/\/www.prijedordanas.com\/?p=61983\"},\"author\":{\"name\":\"admin\",\"@id\":\"https:\/\/www.prijedordanas.com\/#\/schema\/person\/4e08ccf29b506ca916ff86d46bb700e6\"},\"headline\":\"PRIJEDOR: OTVORENI &#8220;DANI VO\u0106A I VO\u0106NIH RAKIJA&#8221; \u2013 FOTO\/VIDEO\",\"datePublished\":\"2016-09-27T13:05:51+00:00\",\"dateModified\":\"2016-09-27T13:05:51+00:00\",\"mainEntityOfPage\":{\"@id\":\"https:\/\/www.prijedordanas.com\/?p=61983\"},\"wordCount\":312,\"publisher\":{\"@id\":\"https:\/\/www.prijedordanas.com\/#organization\"},\"keywords\":[\"Dani vo\u0107a i vo\u0107nih rakija\"],\"articleSection\":[\"Dru\u0161tvo\"],\"inLanguage\":\"en-US\"},{\"@type\":\"WebPage\",\"@id\":\"https:\/\/www.prijedordanas.com\/?p=61983\",\"url\":\"https:\/\/www.prijedordanas.com\/?p=61983\",\"name\":\"PRIJEDOR: OTVORENI \\\"DANI VO\u0106A I VO\u0106NIH RAKIJA\\\" \u2013 FOTO\/VIDEO - PrijedorDanas.com - Prijedorski gradski portal\",\"isPartOf\":{\"@id\":\"https:\/\/www.prijedordanas.com\/#website\"},\"datePublished\":\"2016-09-27T13:05:51+00:00\",\"dateModified\":\"2016-09-27T13:05:51+00:00\",\"breadcrumb\":{\"@id\":\"https:\/\/www.prijedordanas.com\/?p=61983#breadcrumb\"},\"inLanguage\":\"en-US\",\"potentialAction\":[{\"@type\":\"ReadAction\",\"target\":[\"https:\/\/www.prijedordanas.com\/?p=61983\"]}]},{\"@type\":\"BreadcrumbList\",\"@id\":\"https:\/\/www.prijedordanas.com\/?p=61983#breadcrumb\",\"itemListElement\":[{\"@type\":\"ListItem\",\"position\":1,\"name\":\"Home\",\"item\":\"https:\/\/www.prijedordanas.com\/\"},{\"@type\":\"ListItem\",\"position\":2,\"name\":\"PRIJEDOR: OTVORENI &#8220;DANI VO\u0106A I VO\u0106NIH RAKIJA&#8221; \u2013 FOTO\/VIDEO\"}]},{\"@type\":\"WebSite\",\"@id\":\"https:\/\/www.prijedordanas.com\/#website\",\"url\":\"https:\/\/www.prijedordanas.com\/\",\"name\":\"PrijedorDanas.com - Prijedorski gradski portal\",\"description\":\"Portal o doga\u0111anjima u gradu Prijedoru\",\"publisher\":{\"@id\":\"https:\/\/www.prijedordanas.com\/#organization\"},\"potentialAction\":[{\"@type\":\"SearchAction\",\"target\":{\"@type\":\"EntryPoint\",\"urlTemplate\":\"https:\/\/www.prijedordanas.com\/?s={search_term_string}\"},\"query-input\":\"required name=search_term_string\"}],\"inLanguage\":\"en-US\"},{\"@type\":\"Organization\",\"@id\":\"https:\/\/www.prijedordanas.com\/#organization\",\"name\":\"PrijedorDanas.com\",\"url\":\"https:\/\/www.prijedordanas.com\/\",\"logo\":{\"@type\":\"ImageObject\",\"inLanguage\":\"en-US\",\"@id\":\"https:\/\/www.prijedordanas.com\/#\/schema\/logo\/image\/\",\"url\":\"http:\/\/www.prijedordanas.com\/wp-content\/uploads\/2021\/12\/logopng.png\",\"contentUrl\":\"http:\/\/www.prijedordanas.com\/wp-content\/uploads\/2021\/12\/logopng.png\",\"width\":1019,\"height\":776,\"caption\":\"PrijedorDanas.com\"},\"image\":{\"@id\":\"https:\/\/www.prijedordanas.com\/#\/schema\/logo\/image\/\"},\"sameAs\":[\"https:\/\/www.facebook.com\/PrijedorDanasCom\/\"]},{\"@type\":\"Person\",\"@id\":\"https:\/\/www.prijedordanas.com\/#\/schema\/person\/4e08ccf29b506ca916ff86d46bb700e6\",\"name\":\"admin\",\"image\":{\"@type\":\"ImageObject\",\"inLanguage\":\"en-US\",\"@id\":\"https:\/\/www.prijedordanas.com\/#\/schema\/person\/image\/\",\"url\":\"https:\/\/secure.gravatar.com\/avatar\/1d3fc949d550f0b53a5f0d51e06dfd79?s=96&d=mm&r=g\",\"contentUrl\":\"https:\/\/secure.gravatar.com\/avatar\/1d3fc949d550f0b53a5f0d51e06dfd79?s=96&d=mm&r=g\",\"caption\":\"admin\"},\"url\":\"https:\/\/www.prijedordanas.com\/?author=1\"}]}<\/script>\n<!-- \/ Yoast SEO plugin. -->","yoast_head_json":{"title":"PRIJEDOR: OTVORENI \"DANI VO\u0106A I VO\u0106NIH RAKIJA\" \u2013 FOTO\/VIDEO - PrijedorDanas.com - Prijedorski gradski portal","robots":{"index":"index","follow":"follow","max-snippet":"max-snippet:-1","max-image-preview":"max-image-preview:large","max-video-preview":"max-video-preview:-1"},"canonical":"https:\/\/www.prijedordanas.com\/?p=61983","og_locale":"en_US","og_type":"article","og_title":"PRIJEDOR: OTVORENI \"DANI VO\u0106A I VO\u0106NIH RAKIJA\" \u2013 FOTO\/VIDEO - PrijedorDanas.com - Prijedorski gradski portal","og_description":"U Prijedoru je danas otvorena manifestacija &#8220;Dani vo\u0107a i vo\u0107nih rakija&#8221; koja je okupila dvadesetak proizvo\u0111a\u010da vo\u0107a, uglavnom \u010dlanova gradskog Udru\u017eenja vo\u0107ara. Gradona\u010delnik Prijedora Marko Pavi\u0107 rekao je novinarima nakon [&hellip;]","og_url":"https:\/\/www.prijedordanas.com\/?p=61983","og_site_name":"PrijedorDanas.com - Prijedorski gradski portal","article_publisher":"https:\/\/www.facebook.com\/PrijedorDanasCom\/","article_published_time":"2016-09-27T13:05:51+00:00","og_image":[{"url":"https:\/\/www.prijedordanas.com\/wp-content\/uploads\/2016\/09\/srna-dani-voca-i-vocnih-rakija-1-300x283.jpg"}],"author":"admin","twitter_card":"summary_large_image","twitter_misc":{"Written by":"admin","Est. reading time":"2 minutes"},"schema":{"@context":"https:\/\/schema.org","@graph":[{"@type":"Article","@id":"https:\/\/www.prijedordanas.com\/?p=61983#article","isPartOf":{"@id":"https:\/\/www.prijedordanas.com\/?p=61983"},"author":{"name":"admin","@id":"https:\/\/www.prijedordanas.com\/#\/schema\/person\/4e08ccf29b506ca916ff86d46bb700e6"},"headline":"PRIJEDOR: OTVORENI &#8220;DANI VO\u0106A I VO\u0106NIH RAKIJA&#8221; \u2013 FOTO\/VIDEO","datePublished":"2016-09-27T13:05:51+00:00","dateModified":"2016-09-27T13:05:51+00:00","mainEntityOfPage":{"@id":"https:\/\/www.prijedordanas.com\/?p=61983"},"wordCount":312,"publisher":{"@id":"https:\/\/www.prijedordanas.com\/#organization"},"keywords":["Dani vo\u0107a i vo\u0107nih rakija"],"articleSection":["Dru\u0161tvo"],"inLanguage":"en-US"},{"@type":"WebPage","@id":"https:\/\/www.prijedordanas.com\/?p=61983","url":"https:\/\/www.prijedordanas.com\/?p=61983","name":"PRIJEDOR: OTVORENI \"DANI VO\u0106A I VO\u0106NIH RAKIJA\" \u2013 FOTO\/VIDEO - PrijedorDanas.com - Prijedorski gradski portal","isPartOf":{"@id":"https:\/\/www.prijedordanas.com\/#website"},"datePublished":"2016-09-27T13:05:51+00:00","dateModified":"2016-09-27T13:05:51+00:00","breadcrumb":{"@id":"https:\/\/www.prijedordanas.com\/?p=61983#breadcrumb"},"inLanguage":"en-US","potentialAction":[{"@type":"ReadAction","target":["https:\/\/www.prijedordanas.com\/?p=61983"]}]},{"@type":"BreadcrumbList","@id":"https:\/\/www.prijedordanas.com\/?p=61983#breadcrumb","itemListElement":[{"@type":"ListItem","position":1,"name":"Home","item":"https:\/\/www.prijedordanas.com\/"},{"@type":"ListItem","position":2,"name":"PRIJEDOR: OTVORENI &#8220;DANI VO\u0106A I VO\u0106NIH RAKIJA&#8221; \u2013 FOTO\/VIDEO"}]},{"@type":"WebSite","@id":"https:\/\/www.prijedordanas.com\/#website","url":"https:\/\/www.prijedordanas.com\/","name":"PrijedorDanas.com - Prijedorski gradski portal","description":"Portal o doga\u0111anjima u gradu Prijedoru","publisher":{"@id":"https:\/\/www.prijedordanas.com\/#organization"},"potentialAction":[{"@type":"SearchAction","target":{"@type":"EntryPoint","urlTemplate":"https:\/\/www.prijedordanas.com\/?s={search_term_string}"},"query-input":"required name=search_term_string"}],"inLanguage":"en-US"},{"@type":"Organization","@id":"https:\/\/www.prijedordanas.com\/#organization","name":"PrijedorDanas.com","url":"https:\/\/www.prijedordanas.com\/","logo":{"@type":"ImageObject","inLanguage":"en-US","@id":"https:\/\/www.prijedordanas.com\/#\/schema\/logo\/image\/","url":"http:\/\/www.prijedordanas.com\/wp-content\/uploads\/2021\/12\/logopng.png","contentUrl":"http:\/\/www.prijedordanas.com\/wp-content\/uploads\/2021\/12\/logopng.png","width":1019,"height":776,"caption":"PrijedorDanas.com"},"image":{"@id":"https:\/\/www.prijedordanas.com\/#\/schema\/logo\/image\/"},"sameAs":["https:\/\/www.facebook.com\/PrijedorDanasCom\/"]},{"@type":"Person","@id":"https:\/\/www.prijedordanas.com\/#\/schema\/person\/4e08ccf29b506ca916ff86d46bb700e6","name":"admin","image":{"@type":"ImageObject","inLanguage":"en-US","@id":"https:\/\/www.prijedordanas.com\/#\/schema\/person\/image\/","url":"https:\/\/secure.gravatar.com\/avatar\/1d3fc949d550f0b53a5f0d51e06dfd79?s=96&d=mm&r=g","contentUrl":"https:\/\/secure.gravatar.com\/avatar\/1d3fc949d550f0b53a5f0d51e06dfd79?s=96&d=mm&r=g","caption":"admin"},"url":"https:\/\/www.prijedordanas.com\/?author=1"}]}},"_links":{"self":[{"href":"https:\/\/www.prijedordanas.com\/index.php?rest_route=\/wp\/v2\/posts\/61983"}],"collection":[{"href":"https:\/\/www.prijedordanas.com\/index.php?rest_route=\/wp\/v2\/posts"}],"about":[{"href":"https:\/\/www.prijedordanas.com\/index.php?rest_route=\/wp\/v2\/types\/post"}],"author":[{"embeddable":true,"href":"https:\/\/www.prijedordanas.com\/index.php?rest_route=\/wp\/v2\/users\/1"}],"replies":[{"embeddable":true,"href":"https:\/\/www.prijedordanas.com\/index.php?rest_route=%2Fwp%2Fv2%2Fcomments&post=61983"}],"version-history":[{"count":1,"href":"https:\/\/www.prijedordanas.com\/index.php?rest_route=\/wp\/v2\/posts\/61983\/revisions"}],"predecessor-version":[{"id":61988,"href":"https:\/\/www.prijedordanas.com\/index.php?rest_route=\/wp\/v2\/posts\/61983\/revisions\/61988"}],"wp:attachment":[{"href":"https:\/\/www.prijedordanas.com\/index.php?rest_route=%2Fwp%2Fv2%2Fmedia&parent=61983"}],"wp:term":[{"taxonomy":"category","embeddable":true,"href":"https:\/\/www.prijedordanas.com\/index.php?rest_route=%2Fwp%2Fv2%2Fcategories&post=61983"},{"taxonomy":"post_tag","embeddable":true,"href":"https:\/\/www.prijedordanas.com\/index.php?rest_route=%2Fwp%2Fv2%2Ftags&post=61983"}],"curies":[{"name":"wp","href":"https:\/\/api.w.org\/{rel}","templated":true}]}}