{"id":61679,"date":"2016-09-23T16:15:25","date_gmt":"2016-09-23T14:15:25","guid":{"rendered":"https:\/\/www.prijedordanas.com\/?p=61679"},"modified":"2016-09-23T16:35:22","modified_gmt":"2016-09-23T14:35:22","slug":"prijem-za-predstavnike-kbk-prijedor-povodom-ulaska-milana-tomasa-u-kucu-slavnih-kucu-casti-foto","status":"publish","type":"post","link":"https:\/\/www.prijedordanas.com\/?p=61679","title":{"rendered":"PRIJEM ZA PREDSTAVNIKE KBK \u201ePRIJEDOR\u201c POVODOM ULASKA MILANA TOMA\u0160A U KU\u0106U SLAVNIH I KU\u0106U \u010cASTI &#8211; FOTO"},"content":{"rendered":"<p><a href=\"https:\/\/www.prijedordanas.com\/wp-content\/uploads\/2016\/09\/kbk-prijedor-prijem-kod-djakovica-1.jpg\"><img loading=\"lazy\" decoding=\"async\" class=\"alignleft size-medium wp-image-61680\" src=\"https:\/\/www.prijedordanas.com\/wp-content\/uploads\/2016\/09\/kbk-prijedor-prijem-kod-djakovica-1-300x234.jpg\" alt=\"kbk-prijedor-prijem-kod-djakovica-1\" width=\"300\" height=\"234\" srcset=\"https:\/\/www.prijedordanas.com\/wp-content\/uploads\/2016\/09\/kbk-prijedor-prijem-kod-djakovica-1-300x234.jpg 300w, https:\/\/www.prijedordanas.com\/wp-content\/uploads\/2016\/09\/kbk-prijedor-prijem-kod-djakovica-1-100x78.jpg 100w, https:\/\/www.prijedordanas.com\/wp-content\/uploads\/2016\/09\/kbk-prijedor-prijem-kod-djakovica-1.jpg 642w\" sizes=\"(max-width: 300px) 100vw, 300px\" \/><\/a>Povodom prijema u Ku\u0107u slavnih svih borila\u010dkih sportova u Lisabonu i Ku\u0107u \u010dasti u Barseloni trenera Kik boks kluba Prijedor Milana Toma\u0161a, za predstavnike ovog kluba je uprili\u010den prijem kod Milenka \u0110akovi\u0107a, zamjenika gradona\u010delnika Prijedora.<\/p>\n<p>Delegacija kluba predvo\u0111ena predsjednikom Bojanom Marti\u0107em upoznala je gospodina \u0110akovi\u0107a i Ljiljanu Babi\u0107, na\u010delnicu Odjeljenja za dru\u0161tvene djelatnosti, sa svime \u0161to je KBK Prijedor napravio u svojih 25 godina postojanja kao i planovima za budu\u0107nost.<\/p>\n<p>Uz \u010destike Milanu Toma\u0161u na ostvarenom, zamjenik gradona\u010delnika je istakao zadovoljstvo \u0161to je prijedorski sport, nakon Vese Are\u017eine, dobio jo\u0161 jednog \u010dlana Ku\u0107e slavnih.<\/p>\n<p>-Gradska uprava Prijedora se trudi da svim sportistima pru\u017ei \u0161to bolje uslove za treninge. U skladu sa mogu\u0107nostima nastojimo da pomognemo svim klubovima, a \u010dinjenica je da se veliki broj Prijedor\u010dana svih uzrasta bavi nekim od borila\u010dkih sportova \u2013 rekao je \u0110akovi\u0107.<\/p>\n<p><a href=\"https:\/\/www.prijedordanas.com\/wp-content\/uploads\/2016\/09\/kbk-prijedor-prijem-kod-djakovica-2.jpg\"><img loading=\"lazy\" decoding=\"async\" class=\"alignleft size-medium wp-image-61681\" src=\"https:\/\/www.prijedordanas.com\/wp-content\/uploads\/2016\/09\/kbk-prijedor-prijem-kod-djakovica-2-300x247.jpg\" alt=\"kbk-prijedor-prijem-kod-djakovica-2\" width=\"300\" height=\"247\" srcset=\"https:\/\/www.prijedordanas.com\/wp-content\/uploads\/2016\/09\/kbk-prijedor-prijem-kod-djakovica-2-300x247.jpg 300w, https:\/\/www.prijedordanas.com\/wp-content\/uploads\/2016\/09\/kbk-prijedor-prijem-kod-djakovica-2-100x82.jpg 100w, https:\/\/www.prijedordanas.com\/wp-content\/uploads\/2016\/09\/kbk-prijedor-prijem-kod-djakovica-2.jpg 640w\" sizes=\"(max-width: 300px) 100vw, 300px\" \/><\/a>On je istakao da grad Prijedor, i u vrijeme ekonomske krize, nije umanjivao sredstva namijenjena sportu, iako su to mnoge druge sredine radile.<\/p>\n<p>-S obzirom da se ukazala potreba, grad je po\u010deo sa izgradnjom nove sportske dvorane u naselju Urije, koja \u0107e imati i kuglanu te malu salu, namijenjenu prvenstveno za borila\u010dke sportove \u2013 dodao je zamjenik gradona\u010delnika.<\/p>\n<p>\u0110akovi\u0107 je sa ponosom istakao da je u proteklih 12 godina Gradska uprava Prijedora na \u010delu sa Markom Pavi\u0107em bila pokrovitelj brojnih sportskih doga\u0111aja u gradu na Sani me\u0111u kojima su bila i takmi\u010denja u borila\u010dkim sportovima.<\/p>\n<p>-Za proteklih \u010detvrt vijeka brojne generacije mladih Prijedor\u010dana su pro\u0161le kroz na\u0161 klub, a mnogi od njih su s ponosom na takmi\u010denjima \u201ebranili\u201c boje svoga grada \u2013 rekao je Marti\u0107.<\/p>\n<p><a href=\"https:\/\/www.prijedordanas.com\/wp-content\/uploads\/2016\/09\/kbk-prijedor-prijem-kod-djakovica-3.jpg\"><img loading=\"lazy\" decoding=\"async\" class=\"alignleft size-medium wp-image-61682\" src=\"https:\/\/www.prijedordanas.com\/wp-content\/uploads\/2016\/09\/kbk-prijedor-prijem-kod-djakovica-3-300x248.jpg\" alt=\"kbk-prijedor-prijem-kod-djakovica-3\" width=\"300\" height=\"248\" srcset=\"https:\/\/www.prijedordanas.com\/wp-content\/uploads\/2016\/09\/kbk-prijedor-prijem-kod-djakovica-3-300x248.jpg 300w, https:\/\/www.prijedordanas.com\/wp-content\/uploads\/2016\/09\/kbk-prijedor-prijem-kod-djakovica-3-100x83.jpg 100w, https:\/\/www.prijedordanas.com\/wp-content\/uploads\/2016\/09\/kbk-prijedor-prijem-kod-djakovica-3.jpg 640w\" sizes=\"(max-width: 300px) 100vw, 300px\" \/><\/a>On je istakao da je saradnja sa Gradskom upravom svih ovih godina bila na izuzetno dobrom nivou, te se uz skromne poklone zahvalio na dosada\u0161njoj podr\u0161ci i izrazio nadu da \u0107e tako biti i u budu\u0107nosti.<\/p>\n<p>-Ovogodi\u0161nji prijem u Ku\u0107u slavnih svih borila\u010dkih sportova i Ku\u0107u \u010dasti je veliko priznanje ne samo meni nego i prijedorskom sportu, jer je za ulazak potreban vi\u0161egodi\u0161nji naporan rad i zapa\u017eeni rezultati. Biti dio svega toga je ne\u0161to \u0161to se rijetko de\u0161ava a iza svega stoji dugogodi\u0161nji naporan rad na usavr\u0161avanju kik boksa, ali i podu\u010davanju mladih snaga koje su u\u010destvovale na brojnim doma\u0107im i me\u0111unarodnim prvenstvima \u2013 rekao je ovom prilikom Milan Toma\u0161, glavni instruktor i trener kluba.<\/p>\n<p>On je najavio svoj skori odlazak u italijansku \u0110enovu na seminar \u201ekrav mage\u201c gdje \u0107e dobiti sertifikat grand mastera za ovu disciplinu.<\/p>\n<p><a href=\"https:\/\/www.prijedordanas.com\/wp-content\/uploads\/2016\/09\/kbk-prijedor-prijem-kod-djakovica-5.jpg\"><img loading=\"lazy\" decoding=\"async\" class=\"alignleft size-medium wp-image-61683\" src=\"https:\/\/www.prijedordanas.com\/wp-content\/uploads\/2016\/09\/kbk-prijedor-prijem-kod-djakovica-5-300x202.jpg\" alt=\"kbk-prijedor-prijem-kod-djakovica-5\" width=\"300\" height=\"202\" srcset=\"https:\/\/www.prijedordanas.com\/wp-content\/uploads\/2016\/09\/kbk-prijedor-prijem-kod-djakovica-5-300x202.jpg 300w, https:\/\/www.prijedordanas.com\/wp-content\/uploads\/2016\/09\/kbk-prijedor-prijem-kod-djakovica-5-100x67.jpg 100w, https:\/\/www.prijedordanas.com\/wp-content\/uploads\/2016\/09\/kbk-prijedor-prijem-kod-djakovica-5.jpg 600w\" sizes=\"(max-width: 300px) 100vw, 300px\" \/><\/a>-Smatram da je veoma va\u017eno sve ono \u0161to su takmi\u010dari KBK Prijedor postigli na dr\u017eavnom, evropskom i svjetskom nivou u proteklim godinama dostojno predstavljaju\u0107i klub i grad o \u010demu svjedo\u010de brojne medalje \u2013 istakao je Toma\u0161.<\/p>\n<p>On \u0107e u novembru boraviti u Barseloni (\u0160panija), gdje \u0107e se okupiti 300 najboljih majstora svijeta u borila\u010dkim sportovim, a tom prilikom dobi\u0107e titulu grand mastera crni pojas 8.dan, dok \u0107e sportski direktor kluba Damir Topi\u0107 dobiti crni pojas 3.dan.<\/p>\n<p>-Sport je veoma va\u017ean za mlade ljude i na\u0161a je \u017eelja da se mladi, prvenstveno bave nekim sportom, a u KBK Prijedor mogu mnogo toga da nau\u010de \u2013 rekao je Topi\u0107 koji je prisutne upoznao sa na\u010dinom rada kluba i uslovima u kojima egzistira.<\/p>\n<p><a href=\"https:\/\/www.prijedordanas.com\/wp-content\/uploads\/2016\/09\/kbk-prijedor-prijem-kod-djakovica-6.jpg\"><img loading=\"lazy\" decoding=\"async\" class=\"alignleft size-medium wp-image-61684\" src=\"https:\/\/www.prijedordanas.com\/wp-content\/uploads\/2016\/09\/kbk-prijedor-prijem-kod-djakovica-6-300x202.jpg\" alt=\"kbk-prijedor-prijem-kod-djakovica-6\" width=\"300\" height=\"202\" srcset=\"https:\/\/www.prijedordanas.com\/wp-content\/uploads\/2016\/09\/kbk-prijedor-prijem-kod-djakovica-6-300x202.jpg 300w, https:\/\/www.prijedordanas.com\/wp-content\/uploads\/2016\/09\/kbk-prijedor-prijem-kod-djakovica-6-100x67.jpg 100w, https:\/\/www.prijedordanas.com\/wp-content\/uploads\/2016\/09\/kbk-prijedor-prijem-kod-djakovica-6.jpg 600w\" sizes=\"(max-width: 300px) 100vw, 300px\" \/><\/a>On je dodao da klub u narednom periodu ide u reorganizaciju sa ciljem pro\u0161irenja svog djelovanja, osim borila\u010dke vje\u0161tine kikboxing na self defence, ju jutsu i krav maga, gdje \u0107e svi oni koji to \u017eele, na jednom mjestu mo\u0107i trenirati vi\u0161e disciplina.<\/p>\n<p>-Moram napomenuti da je trener Toma\u0161 dobio sertifikat za jedinog predstavnika za BiH za U.W.A.M.A. svjetsku asocijaciju za kickbox, krav maga, self defence, i to od predsjednika ove asocijacije Jose Luis Montesa \u2013 rekao je Topi\u0107.<\/p>\n<p>Ono \u0161to je interesantno a vezano je za KBK Prijedor je \u010dinjenica da u klubu redovno vje\u017eba veliki broj visoko obrazovanih mladih ljudi.<\/p>\n<p>U narednom periodu predstavnike kluba o\u010dekuju u\u010de\u0161\u0107a na takmi\u010denjima republi\u010dkog i dr\u017eavnog nivoa, te Evropskom prvenstvu u Banjaluci 26.i 27.novembra ove godine.<\/p>\n<p>Tekst i foto &#8211; Aleksandar Drakuli\u0107 \u2013 <a href=\"www.prijedordanas.com\" target=\"_blank\">www.prijedordanas.com<\/a><\/p>\n<p><a href=\"https:\/\/www.prijedordanas.com\/wp-content\/uploads\/2016\/09\/kbk-prijedor-prijem-kod-djakovica-4.jpg\"><img loading=\"lazy\" decoding=\"async\" class=\"alignleft size-medium wp-image-61685\" src=\"https:\/\/www.prijedordanas.com\/wp-content\/uploads\/2016\/09\/kbk-prijedor-prijem-kod-djakovica-4-300x202.jpg\" alt=\"kbk-prijedor-prijem-kod-djakovica-4\" width=\"300\" height=\"202\" srcset=\"https:\/\/www.prijedordanas.com\/wp-content\/uploads\/2016\/09\/kbk-prijedor-prijem-kod-djakovica-4-300x202.jpg 300w, https:\/\/www.prijedordanas.com\/wp-content\/uploads\/2016\/09\/kbk-prijedor-prijem-kod-djakovica-4-100x67.jpg 100w, https:\/\/www.prijedordanas.com\/wp-content\/uploads\/2016\/09\/kbk-prijedor-prijem-kod-djakovica-4.jpg 600w\" sizes=\"(max-width: 300px) 100vw, 300px\" \/><\/a> <a href=\"https:\/\/www.prijedordanas.com\/wp-content\/uploads\/2016\/09\/kbk-prijedor-prijem-kod-djakovica-8.jpg\"><img loading=\"lazy\" decoding=\"async\" class=\"alignleft size-medium wp-image-61686\" src=\"https:\/\/www.prijedordanas.com\/wp-content\/uploads\/2016\/09\/kbk-prijedor-prijem-kod-djakovica-8-300x202.jpg\" alt=\"kbk-prijedor-prijem-kod-djakovica-8\" width=\"300\" height=\"202\" srcset=\"https:\/\/www.prijedordanas.com\/wp-content\/uploads\/2016\/09\/kbk-prijedor-prijem-kod-djakovica-8-300x202.jpg 300w, https:\/\/www.prijedordanas.com\/wp-content\/uploads\/2016\/09\/kbk-prijedor-prijem-kod-djakovica-8-100x67.jpg 100w, https:\/\/www.prijedordanas.com\/wp-content\/uploads\/2016\/09\/kbk-prijedor-prijem-kod-djakovica-8.jpg 600w\" sizes=\"(max-width: 300px) 100vw, 300px\" \/><\/a> <a href=\"https:\/\/www.prijedordanas.com\/wp-content\/uploads\/2016\/09\/kbk-prijedor-prijem-kod-djakovica-7.jpg\"><img loading=\"lazy\" decoding=\"async\" class=\"alignleft size-medium wp-image-61687\" src=\"https:\/\/www.prijedordanas.com\/wp-content\/uploads\/2016\/09\/kbk-prijedor-prijem-kod-djakovica-7-300x202.jpg\" alt=\"kbk-prijedor-prijem-kod-djakovica-7\" width=\"300\" height=\"202\" srcset=\"https:\/\/www.prijedordanas.com\/wp-content\/uploads\/2016\/09\/kbk-prijedor-prijem-kod-djakovica-7-300x202.jpg 300w, https:\/\/www.prijedordanas.com\/wp-content\/uploads\/2016\/09\/kbk-prijedor-prijem-kod-djakovica-7-100x67.jpg 100w, https:\/\/www.prijedordanas.com\/wp-content\/uploads\/2016\/09\/kbk-prijedor-prijem-kod-djakovica-7.jpg 600w\" sizes=\"(max-width: 300px) 100vw, 300px\" \/><\/a><\/p>\n","protected":false},"excerpt":{"rendered":"<p>Povodom prijema u Ku\u0107u slavnih svih borila\u010dkih sportova u Lisabonu i Ku\u0107u \u010dasti u Barseloni trenera Kik boks kluba Prijedor Milana Toma\u0161a, za predstavnike ovog kluba je uprili\u010den prijem kod [&hellip;]<\/p>\n","protected":false},"author":1,"featured_media":0,"comment_status":"closed","ping_status":"open","sticky":false,"template":"","format":"standard","meta":{"_monsterinsights_skip_tracking":false,"_monsterinsights_sitenote_active":false,"_monsterinsights_sitenote_note":"","_monsterinsights_sitenote_category":0,"footnotes":""},"categories":[7],"tags":[5675,729,5710,2894,8681],"yoast_head":"<!-- This site is optimized with the Yoast SEO plugin v21.6 - https:\/\/yoast.com\/wordpress\/plugins\/seo\/ -->\n<title>PRIJEM ZA PREDSTAVNIKE KBK \u201ePRIJEDOR\u201c POVODOM ULASKA MILANA TOMA\u0160A U KU\u0106U SLAVNIH I KU\u0106U \u010cASTI - FOTO - PrijedorDanas.com - Prijedorski gradski portal<\/title>\n<meta name=\"robots\" content=\"index, follow, max-snippet:-1, max-image-preview:large, max-video-preview:-1\" \/>\n<link rel=\"canonical\" href=\"https:\/\/www.prijedordanas.com\/?p=61679\" \/>\n<meta property=\"og:locale\" content=\"en_US\" \/>\n<meta property=\"og:type\" content=\"article\" \/>\n<meta property=\"og:title\" content=\"PRIJEM ZA PREDSTAVNIKE KBK \u201ePRIJEDOR\u201c POVODOM ULASKA MILANA TOMA\u0160A U KU\u0106U SLAVNIH I KU\u0106U \u010cASTI - FOTO - PrijedorDanas.com - Prijedorski gradski portal\" \/>\n<meta property=\"og:description\" content=\"Povodom prijema u Ku\u0107u slavnih svih borila\u010dkih sportova u Lisabonu i Ku\u0107u \u010dasti u Barseloni trenera Kik boks kluba Prijedor Milana Toma\u0161a, za predstavnike ovog kluba je uprili\u010den prijem kod [&hellip;]\" \/>\n<meta property=\"og:url\" content=\"https:\/\/www.prijedordanas.com\/?p=61679\" \/>\n<meta property=\"og:site_name\" content=\"PrijedorDanas.com - Prijedorski gradski portal\" \/>\n<meta property=\"article:publisher\" content=\"https:\/\/www.facebook.com\/PrijedorDanasCom\/\" \/>\n<meta property=\"article:published_time\" content=\"2016-09-23T14:15:25+00:00\" \/>\n<meta property=\"article:modified_time\" content=\"2016-09-23T14:35:22+00:00\" \/>\n<meta property=\"og:image\" content=\"https:\/\/www.prijedordanas.com\/wp-content\/uploads\/2016\/09\/kbk-prijedor-prijem-kod-djakovica-1-300x234.jpg\" \/>\n<meta name=\"author\" content=\"admin\" \/>\n<meta name=\"twitter:card\" content=\"summary_large_image\" \/>\n<meta name=\"twitter:label1\" content=\"Written by\" \/>\n\t<meta name=\"twitter:data1\" content=\"admin\" \/>\n\t<meta name=\"twitter:label2\" content=\"Est. reading time\" \/>\n\t<meta name=\"twitter:data2\" content=\"4 minutes\" \/>\n<script type=\"application\/ld+json\" class=\"yoast-schema-graph\">{\"@context\":\"https:\/\/schema.org\",\"@graph\":[{\"@type\":\"Article\",\"@id\":\"https:\/\/www.prijedordanas.com\/?p=61679#article\",\"isPartOf\":{\"@id\":\"https:\/\/www.prijedordanas.com\/?p=61679\"},\"author\":{\"name\":\"admin\",\"@id\":\"https:\/\/www.prijedordanas.com\/#\/schema\/person\/4e08ccf29b506ca916ff86d46bb700e6\"},\"headline\":\"PRIJEM ZA PREDSTAVNIKE KBK \u201ePRIJEDOR\u201c POVODOM ULASKA MILANA TOMA\u0160A U KU\u0106U SLAVNIH I KU\u0106U \u010cASTI &#8211; FOTO\",\"datePublished\":\"2016-09-23T14:15:25+00:00\",\"dateModified\":\"2016-09-23T14:35:22+00:00\",\"mainEntityOfPage\":{\"@id\":\"https:\/\/www.prijedordanas.com\/?p=61679\"},\"wordCount\":737,\"publisher\":{\"@id\":\"https:\/\/www.prijedordanas.com\/#organization\"},\"keywords\":[\"Kik boks klub Prijedor\",\"Milan Toma\u0161\",\"Milenko \u0110akovi\u0107\",\"prijem\",\"zamjenik gradona\u010delnika\"],\"articleSection\":[\"Sport\"],\"inLanguage\":\"en-US\"},{\"@type\":\"WebPage\",\"@id\":\"https:\/\/www.prijedordanas.com\/?p=61679\",\"url\":\"https:\/\/www.prijedordanas.com\/?p=61679\",\"name\":\"PRIJEM ZA PREDSTAVNIKE KBK \u201ePRIJEDOR\u201c POVODOM ULASKA MILANA TOMA\u0160A U KU\u0106U SLAVNIH I KU\u0106U \u010cASTI - FOTO - PrijedorDanas.com - Prijedorski gradski portal\",\"isPartOf\":{\"@id\":\"https:\/\/www.prijedordanas.com\/#website\"},\"datePublished\":\"2016-09-23T14:15:25+00:00\",\"dateModified\":\"2016-09-23T14:35:22+00:00\",\"breadcrumb\":{\"@id\":\"https:\/\/www.prijedordanas.com\/?p=61679#breadcrumb\"},\"inLanguage\":\"en-US\",\"potentialAction\":[{\"@type\":\"ReadAction\",\"target\":[\"https:\/\/www.prijedordanas.com\/?p=61679\"]}]},{\"@type\":\"BreadcrumbList\",\"@id\":\"https:\/\/www.prijedordanas.com\/?p=61679#breadcrumb\",\"itemListElement\":[{\"@type\":\"ListItem\",\"position\":1,\"name\":\"Home\",\"item\":\"https:\/\/www.prijedordanas.com\/\"},{\"@type\":\"ListItem\",\"position\":2,\"name\":\"PRIJEM ZA PREDSTAVNIKE KBK \u201ePRIJEDOR\u201c POVODOM ULASKA MILANA TOMA\u0160A U KU\u0106U SLAVNIH I KU\u0106U \u010cASTI &#8211; FOTO\"}]},{\"@type\":\"WebSite\",\"@id\":\"https:\/\/www.prijedordanas.com\/#website\",\"url\":\"https:\/\/www.prijedordanas.com\/\",\"name\":\"PrijedorDanas.com - Prijedorski gradski portal\",\"description\":\"Portal o doga\u0111anjima u gradu Prijedoru\",\"publisher\":{\"@id\":\"https:\/\/www.prijedordanas.com\/#organization\"},\"potentialAction\":[{\"@type\":\"SearchAction\",\"target\":{\"@type\":\"EntryPoint\",\"urlTemplate\":\"https:\/\/www.prijedordanas.com\/?s={search_term_string}\"},\"query-input\":\"required name=search_term_string\"}],\"inLanguage\":\"en-US\"},{\"@type\":\"Organization\",\"@id\":\"https:\/\/www.prijedordanas.com\/#organization\",\"name\":\"PrijedorDanas.com\",\"url\":\"https:\/\/www.prijedordanas.com\/\",\"logo\":{\"@type\":\"ImageObject\",\"inLanguage\":\"en-US\",\"@id\":\"https:\/\/www.prijedordanas.com\/#\/schema\/logo\/image\/\",\"url\":\"http:\/\/www.prijedordanas.com\/wp-content\/uploads\/2021\/12\/logopng.png\",\"contentUrl\":\"http:\/\/www.prijedordanas.com\/wp-content\/uploads\/2021\/12\/logopng.png\",\"width\":1019,\"height\":776,\"caption\":\"PrijedorDanas.com\"},\"image\":{\"@id\":\"https:\/\/www.prijedordanas.com\/#\/schema\/logo\/image\/\"},\"sameAs\":[\"https:\/\/www.facebook.com\/PrijedorDanasCom\/\"]},{\"@type\":\"Person\",\"@id\":\"https:\/\/www.prijedordanas.com\/#\/schema\/person\/4e08ccf29b506ca916ff86d46bb700e6\",\"name\":\"admin\",\"image\":{\"@type\":\"ImageObject\",\"inLanguage\":\"en-US\",\"@id\":\"https:\/\/www.prijedordanas.com\/#\/schema\/person\/image\/\",\"url\":\"https:\/\/secure.gravatar.com\/avatar\/1d3fc949d550f0b53a5f0d51e06dfd79?s=96&d=mm&r=g\",\"contentUrl\":\"https:\/\/secure.gravatar.com\/avatar\/1d3fc949d550f0b53a5f0d51e06dfd79?s=96&d=mm&r=g\",\"caption\":\"admin\"},\"url\":\"https:\/\/www.prijedordanas.com\/?author=1\"}]}<\/script>\n<!-- \/ Yoast SEO plugin. -->","yoast_head_json":{"title":"PRIJEM ZA PREDSTAVNIKE KBK \u201ePRIJEDOR\u201c POVODOM ULASKA MILANA TOMA\u0160A U KU\u0106U SLAVNIH I KU\u0106U \u010cASTI - FOTO - PrijedorDanas.com - Prijedorski gradski portal","robots":{"index":"index","follow":"follow","max-snippet":"max-snippet:-1","max-image-preview":"max-image-preview:large","max-video-preview":"max-video-preview:-1"},"canonical":"https:\/\/www.prijedordanas.com\/?p=61679","og_locale":"en_US","og_type":"article","og_title":"PRIJEM ZA PREDSTAVNIKE KBK \u201ePRIJEDOR\u201c POVODOM ULASKA MILANA TOMA\u0160A U KU\u0106U SLAVNIH I KU\u0106U \u010cASTI - FOTO - PrijedorDanas.com - Prijedorski gradski portal","og_description":"Povodom prijema u Ku\u0107u slavnih svih borila\u010dkih sportova u Lisabonu i Ku\u0107u \u010dasti u Barseloni trenera Kik boks kluba Prijedor Milana Toma\u0161a, za predstavnike ovog kluba je uprili\u010den prijem kod [&hellip;]","og_url":"https:\/\/www.prijedordanas.com\/?p=61679","og_site_name":"PrijedorDanas.com - Prijedorski gradski portal","article_publisher":"https:\/\/www.facebook.com\/PrijedorDanasCom\/","article_published_time":"2016-09-23T14:15:25+00:00","article_modified_time":"2016-09-23T14:35:22+00:00","og_image":[{"url":"https:\/\/www.prijedordanas.com\/wp-content\/uploads\/2016\/09\/kbk-prijedor-prijem-kod-djakovica-1-300x234.jpg"}],"author":"admin","twitter_card":"summary_large_image","twitter_misc":{"Written by":"admin","Est. reading time":"4 minutes"},"schema":{"@context":"https:\/\/schema.org","@graph":[{"@type":"Article","@id":"https:\/\/www.prijedordanas.com\/?p=61679#article","isPartOf":{"@id":"https:\/\/www.prijedordanas.com\/?p=61679"},"author":{"name":"admin","@id":"https:\/\/www.prijedordanas.com\/#\/schema\/person\/4e08ccf29b506ca916ff86d46bb700e6"},"headline":"PRIJEM ZA PREDSTAVNIKE KBK \u201ePRIJEDOR\u201c POVODOM ULASKA MILANA TOMA\u0160A U KU\u0106U SLAVNIH I KU\u0106U \u010cASTI &#8211; FOTO","datePublished":"2016-09-23T14:15:25+00:00","dateModified":"2016-09-23T14:35:22+00:00","mainEntityOfPage":{"@id":"https:\/\/www.prijedordanas.com\/?p=61679"},"wordCount":737,"publisher":{"@id":"https:\/\/www.prijedordanas.com\/#organization"},"keywords":["Kik boks klub Prijedor","Milan Toma\u0161","Milenko \u0110akovi\u0107","prijem","zamjenik gradona\u010delnika"],"articleSection":["Sport"],"inLanguage":"en-US"},{"@type":"WebPage","@id":"https:\/\/www.prijedordanas.com\/?p=61679","url":"https:\/\/www.prijedordanas.com\/?p=61679","name":"PRIJEM ZA PREDSTAVNIKE KBK \u201ePRIJEDOR\u201c POVODOM ULASKA MILANA TOMA\u0160A U KU\u0106U SLAVNIH I KU\u0106U \u010cASTI - FOTO - PrijedorDanas.com - Prijedorski gradski portal","isPartOf":{"@id":"https:\/\/www.prijedordanas.com\/#website"},"datePublished":"2016-09-23T14:15:25+00:00","dateModified":"2016-09-23T14:35:22+00:00","breadcrumb":{"@id":"https:\/\/www.prijedordanas.com\/?p=61679#breadcrumb"},"inLanguage":"en-US","potentialAction":[{"@type":"ReadAction","target":["https:\/\/www.prijedordanas.com\/?p=61679"]}]},{"@type":"BreadcrumbList","@id":"https:\/\/www.prijedordanas.com\/?p=61679#breadcrumb","itemListElement":[{"@type":"ListItem","position":1,"name":"Home","item":"https:\/\/www.prijedordanas.com\/"},{"@type":"ListItem","position":2,"name":"PRIJEM ZA PREDSTAVNIKE KBK \u201ePRIJEDOR\u201c POVODOM ULASKA MILANA TOMA\u0160A U KU\u0106U SLAVNIH I KU\u0106U \u010cASTI &#8211; FOTO"}]},{"@type":"WebSite","@id":"https:\/\/www.prijedordanas.com\/#website","url":"https:\/\/www.prijedordanas.com\/","name":"PrijedorDanas.com - Prijedorski gradski portal","description":"Portal o doga\u0111anjima u gradu Prijedoru","publisher":{"@id":"https:\/\/www.prijedordanas.com\/#organization"},"potentialAction":[{"@type":"SearchAction","target":{"@type":"EntryPoint","urlTemplate":"https:\/\/www.prijedordanas.com\/?s={search_term_string}"},"query-input":"required name=search_term_string"}],"inLanguage":"en-US"},{"@type":"Organization","@id":"https:\/\/www.prijedordanas.com\/#organization","name":"PrijedorDanas.com","url":"https:\/\/www.prijedordanas.com\/","logo":{"@type":"ImageObject","inLanguage":"en-US","@id":"https:\/\/www.prijedordanas.com\/#\/schema\/logo\/image\/","url":"http:\/\/www.prijedordanas.com\/wp-content\/uploads\/2021\/12\/logopng.png","contentUrl":"http:\/\/www.prijedordanas.com\/wp-content\/uploads\/2021\/12\/logopng.png","width":1019,"height":776,"caption":"PrijedorDanas.com"},"image":{"@id":"https:\/\/www.prijedordanas.com\/#\/schema\/logo\/image\/"},"sameAs":["https:\/\/www.facebook.com\/PrijedorDanasCom\/"]},{"@type":"Person","@id":"https:\/\/www.prijedordanas.com\/#\/schema\/person\/4e08ccf29b506ca916ff86d46bb700e6","name":"admin","image":{"@type":"ImageObject","inLanguage":"en-US","@id":"https:\/\/www.prijedordanas.com\/#\/schema\/person\/image\/","url":"https:\/\/secure.gravatar.com\/avatar\/1d3fc949d550f0b53a5f0d51e06dfd79?s=96&d=mm&r=g","contentUrl":"https:\/\/secure.gravatar.com\/avatar\/1d3fc949d550f0b53a5f0d51e06dfd79?s=96&d=mm&r=g","caption":"admin"},"url":"https:\/\/www.prijedordanas.com\/?author=1"}]}},"_links":{"self":[{"href":"https:\/\/www.prijedordanas.com\/index.php?rest_route=\/wp\/v2\/posts\/61679"}],"collection":[{"href":"https:\/\/www.prijedordanas.com\/index.php?rest_route=\/wp\/v2\/posts"}],"about":[{"href":"https:\/\/www.prijedordanas.com\/index.php?rest_route=\/wp\/v2\/types\/post"}],"author":[{"embeddable":true,"href":"https:\/\/www.prijedordanas.com\/index.php?rest_route=\/wp\/v2\/users\/1"}],"replies":[{"embeddable":true,"href":"https:\/\/www.prijedordanas.com\/index.php?rest_route=%2Fwp%2Fv2%2Fcomments&post=61679"}],"version-history":[{"count":2,"href":"https:\/\/www.prijedordanas.com\/index.php?rest_route=\/wp\/v2\/posts\/61679\/revisions"}],"predecessor-version":[{"id":61690,"href":"https:\/\/www.prijedordanas.com\/index.php?rest_route=\/wp\/v2\/posts\/61679\/revisions\/61690"}],"wp:attachment":[{"href":"https:\/\/www.prijedordanas.com\/index.php?rest_route=%2Fwp%2Fv2%2Fmedia&parent=61679"}],"wp:term":[{"taxonomy":"category","embeddable":true,"href":"https:\/\/www.prijedordanas.com\/index.php?rest_route=%2Fwp%2Fv2%2Fcategories&post=61679"},{"taxonomy":"post_tag","embeddable":true,"href":"https:\/\/www.prijedordanas.com\/index.php?rest_route=%2Fwp%2Fv2%2Ftags&post=61679"}],"curies":[{"name":"wp","href":"https:\/\/api.w.org\/{rel}","templated":true}]}}