{"id":61668,"date":"2016-09-23T12:03:30","date_gmt":"2016-09-23T10:03:30","guid":{"rendered":"https:\/\/www.prijedordanas.com\/?p=61668"},"modified":"2016-09-23T12:03:30","modified_gmt":"2016-09-23T10:03:30","slug":"prijedor-turizam-omoguciti-licima-sa-invaliditetom-da-uzivaju-u-turistickoj-ponudi","status":"publish","type":"post","link":"https:\/\/www.prijedordanas.com\/?p=61668","title":{"rendered":"PRIJEDOR-TURIZAM: OMOGU\u0106ITI I LICIMA SA INVALIDITETOM DA U\u017dIVAJU U TURISTI\u010cKOJ PONUDI"},"content":{"rendered":"<p><a href=\"https:\/\/www.prijedordanas.com\/wp-content\/uploads\/2016\/09\/amira-ganic-togpd.jpg\"><img loading=\"lazy\" decoding=\"async\" src=\"https:\/\/www.prijedordanas.com\/wp-content\/uploads\/2016\/09\/amira-ganic-togpd-300x270.jpg\" alt=\"amira-ganic-togpd\" width=\"300\" height=\"270\" class=\"alignleft size-medium wp-image-61669\" srcset=\"https:\/\/www.prijedordanas.com\/wp-content\/uploads\/2016\/09\/amira-ganic-togpd-300x270.jpg 300w, https:\/\/www.prijedordanas.com\/wp-content\/uploads\/2016\/09\/amira-ganic-togpd-100x90.jpg 100w, https:\/\/www.prijedordanas.com\/wp-content\/uploads\/2016\/09\/amira-ganic-togpd.jpg 600w\" sizes=\"(max-width: 300px) 100vw, 300px\" \/><\/a>Turisti\u010dka organizacija Prijedor \u0107e, u okviru obilje\u017eavanja Svjetskog dana turizma, organizovati multimedijalnu prezentaciju turisti\u010dkih potencijala koja je prilago\u0111ena i licima sa invaliditetom, rekla je danas direktor gradske Turisti\u010dke organizacije Amira Gani\u0107.<\/p>\n<p>&#8220;Organizova\u0107emo promocije bro\u0161ure `Turisti\u010dki vodi\u010d` na Brajevom pismu, otvoriti izlo\u017ebu turisti\u010dkih fotografija pod nazivom `Turizam za sve` i promovisati projekat `Edukativna staza &#8211; Upoznaj Prijedor` koji \u010dini 21 tabla na lokalitetu parka Pe\u0107ani, kao i edukativnu ukr\u0161tenicu&#8221;, rekla je Gani\u0107eva<br \/>\nna konferenciji za novinare. <\/p>\n<p>Ona je pojasnila da je ovogodi\u0161nji Svjetski dan turizma pod sloganom &#8220;Turizam za sve&#8221; posve\u0107en pristupa\u010dnom turizmu, naro\u010dito kada je rije\u010d o populaciji sa nekim oblikom invaliditeta koja nije u mogu\u0107nosti da u\u017eiva privilegije upoznavanja drugih kultura, da iskusi prirodne ljepote ili uzbu\u0111enja odlaska na putovanje. <\/p>\n<p>&#8220;Zato se i na me\u0111unarodnom nivou promovi\u0161e slogan `Turizam za sve` s ciljem da svi ljudi, pa i lica sa invaliditetom imaju mogu\u0107nost da u\u017eivaju u turisti\u010dkim ponudama i uslugama&#8221;, rekla je Gani\u0107eva.<\/p>\n<p>Foto-izlo\u017eba &#8220;Turizam za sve&#8221; bi\u0107e otvorena 28. septembra u centru grada, a narednog dana i edukativna staza &#8220;Upoznaj Prijedor&#8221;. <\/p>\n<p>Edukativna staza bi\u0107e postavljena i na lokalitetu Nacionalnog parka &#8220;Kozara&#8221; u saradnji sa kompanijom &#8220;Arselor Mital&#8221; Prijedor. <\/p>\n<p>Tekst \u2013 SRNA<br \/>\nFoto \u2013 Aleksandar Drakuli\u0107 \u2013 <a href=\"www.prijedordanas.com\" target=\"_blank\">www.prijedordanas.com<\/a><\/p>\n","protected":false},"excerpt":{"rendered":"<p>Turisti\u010dka organizacija Prijedor \u0107e, u okviru obilje\u017eavanja Svjetskog dana turizma, organizovati multimedijalnu prezentaciju turisti\u010dkih potencijala koja je prilago\u0111ena i licima sa invaliditetom, rekla je danas direktor gradske Turisti\u010dke organizacije Amira [&hellip;]<\/p>\n","protected":false},"author":1,"featured_media":0,"comment_status":"closed","ping_status":"open","sticky":false,"template":"","format":"standard","meta":{"_monsterinsights_skip_tracking":false,"_monsterinsights_sitenote_active":false,"_monsterinsights_sitenote_note":"","_monsterinsights_sitenote_category":0,"footnotes":""},"categories":[8],"tags":[1817,8865,344],"yoast_head":"<!-- This site is optimized with the Yoast SEO plugin v21.6 - https:\/\/yoast.com\/wordpress\/plugins\/seo\/ -->\n<title>PRIJEDOR-TURIZAM: OMOGU\u0106ITI I LICIMA SA INVALIDITETOM DA U\u017dIVAJU U TURISTI\u010cKOJ PONUDI - PrijedorDanas.com - Prijedorski gradski portal<\/title>\n<meta name=\"robots\" content=\"index, follow, max-snippet:-1, max-image-preview:large, max-video-preview:-1\" \/>\n<link rel=\"canonical\" href=\"https:\/\/www.prijedordanas.com\/?p=61668\" \/>\n<meta property=\"og:locale\" content=\"en_US\" \/>\n<meta property=\"og:type\" content=\"article\" \/>\n<meta property=\"og:title\" content=\"PRIJEDOR-TURIZAM: OMOGU\u0106ITI I LICIMA SA INVALIDITETOM DA U\u017dIVAJU U TURISTI\u010cKOJ PONUDI - PrijedorDanas.com - Prijedorski gradski portal\" \/>\n<meta property=\"og:description\" content=\"Turisti\u010dka organizacija Prijedor \u0107e, u okviru obilje\u017eavanja Svjetskog dana turizma, organizovati multimedijalnu prezentaciju turisti\u010dkih potencijala koja je prilago\u0111ena i licima sa invaliditetom, rekla je danas direktor gradske Turisti\u010dke organizacije Amira [&hellip;]\" \/>\n<meta property=\"og:url\" content=\"https:\/\/www.prijedordanas.com\/?p=61668\" \/>\n<meta property=\"og:site_name\" content=\"PrijedorDanas.com - Prijedorski gradski portal\" \/>\n<meta property=\"article:publisher\" content=\"https:\/\/www.facebook.com\/PrijedorDanasCom\/\" \/>\n<meta property=\"article:published_time\" content=\"2016-09-23T10:03:30+00:00\" \/>\n<meta property=\"og:image\" content=\"https:\/\/www.prijedordanas.com\/wp-content\/uploads\/2016\/09\/amira-ganic-togpd-300x270.jpg\" \/>\n<meta name=\"author\" content=\"admin\" \/>\n<meta name=\"twitter:card\" content=\"summary_large_image\" \/>\n<meta name=\"twitter:label1\" content=\"Written by\" \/>\n\t<meta name=\"twitter:data1\" content=\"admin\" \/>\n\t<meta name=\"twitter:label2\" content=\"Est. reading time\" \/>\n\t<meta name=\"twitter:data2\" content=\"1 minute\" \/>\n<script type=\"application\/ld+json\" class=\"yoast-schema-graph\">{\"@context\":\"https:\/\/schema.org\",\"@graph\":[{\"@type\":\"Article\",\"@id\":\"https:\/\/www.prijedordanas.com\/?p=61668#article\",\"isPartOf\":{\"@id\":\"https:\/\/www.prijedordanas.com\/?p=61668\"},\"author\":{\"name\":\"admin\",\"@id\":\"https:\/\/www.prijedordanas.com\/#\/schema\/person\/4e08ccf29b506ca916ff86d46bb700e6\"},\"headline\":\"PRIJEDOR-TURIZAM: OMOGU\u0106ITI I LICIMA SA INVALIDITETOM DA U\u017dIVAJU U TURISTI\u010cKOJ PONUDI\",\"datePublished\":\"2016-09-23T10:03:30+00:00\",\"dateModified\":\"2016-09-23T10:03:30+00:00\",\"mainEntityOfPage\":{\"@id\":\"https:\/\/www.prijedordanas.com\/?p=61668\"},\"wordCount\":239,\"publisher\":{\"@id\":\"https:\/\/www.prijedordanas.com\/#organization\"},\"keywords\":[\"Amira Gani\u0107\",\"Svjetski dan turizma\",\"Turisti\u010dka organizacija grada Prijedora\"],\"articleSection\":[\"Svakodnevno\"],\"inLanguage\":\"en-US\"},{\"@type\":\"WebPage\",\"@id\":\"https:\/\/www.prijedordanas.com\/?p=61668\",\"url\":\"https:\/\/www.prijedordanas.com\/?p=61668\",\"name\":\"PRIJEDOR-TURIZAM: OMOGU\u0106ITI I LICIMA SA INVALIDITETOM DA U\u017dIVAJU U TURISTI\u010cKOJ PONUDI - PrijedorDanas.com - Prijedorski gradski portal\",\"isPartOf\":{\"@id\":\"https:\/\/www.prijedordanas.com\/#website\"},\"datePublished\":\"2016-09-23T10:03:30+00:00\",\"dateModified\":\"2016-09-23T10:03:30+00:00\",\"breadcrumb\":{\"@id\":\"https:\/\/www.prijedordanas.com\/?p=61668#breadcrumb\"},\"inLanguage\":\"en-US\",\"potentialAction\":[{\"@type\":\"ReadAction\",\"target\":[\"https:\/\/www.prijedordanas.com\/?p=61668\"]}]},{\"@type\":\"BreadcrumbList\",\"@id\":\"https:\/\/www.prijedordanas.com\/?p=61668#breadcrumb\",\"itemListElement\":[{\"@type\":\"ListItem\",\"position\":1,\"name\":\"Home\",\"item\":\"https:\/\/www.prijedordanas.com\/\"},{\"@type\":\"ListItem\",\"position\":2,\"name\":\"PRIJEDOR-TURIZAM: OMOGU\u0106ITI I LICIMA SA INVALIDITETOM DA U\u017dIVAJU U TURISTI\u010cKOJ PONUDI\"}]},{\"@type\":\"WebSite\",\"@id\":\"https:\/\/www.prijedordanas.com\/#website\",\"url\":\"https:\/\/www.prijedordanas.com\/\",\"name\":\"PrijedorDanas.com - Prijedorski gradski portal\",\"description\":\"Portal o doga\u0111anjima u gradu Prijedoru\",\"publisher\":{\"@id\":\"https:\/\/www.prijedordanas.com\/#organization\"},\"potentialAction\":[{\"@type\":\"SearchAction\",\"target\":{\"@type\":\"EntryPoint\",\"urlTemplate\":\"https:\/\/www.prijedordanas.com\/?s={search_term_string}\"},\"query-input\":\"required name=search_term_string\"}],\"inLanguage\":\"en-US\"},{\"@type\":\"Organization\",\"@id\":\"https:\/\/www.prijedordanas.com\/#organization\",\"name\":\"PrijedorDanas.com\",\"url\":\"https:\/\/www.prijedordanas.com\/\",\"logo\":{\"@type\":\"ImageObject\",\"inLanguage\":\"en-US\",\"@id\":\"https:\/\/www.prijedordanas.com\/#\/schema\/logo\/image\/\",\"url\":\"http:\/\/www.prijedordanas.com\/wp-content\/uploads\/2021\/12\/logopng.png\",\"contentUrl\":\"http:\/\/www.prijedordanas.com\/wp-content\/uploads\/2021\/12\/logopng.png\",\"width\":1019,\"height\":776,\"caption\":\"PrijedorDanas.com\"},\"image\":{\"@id\":\"https:\/\/www.prijedordanas.com\/#\/schema\/logo\/image\/\"},\"sameAs\":[\"https:\/\/www.facebook.com\/PrijedorDanasCom\/\"]},{\"@type\":\"Person\",\"@id\":\"https:\/\/www.prijedordanas.com\/#\/schema\/person\/4e08ccf29b506ca916ff86d46bb700e6\",\"name\":\"admin\",\"image\":{\"@type\":\"ImageObject\",\"inLanguage\":\"en-US\",\"@id\":\"https:\/\/www.prijedordanas.com\/#\/schema\/person\/image\/\",\"url\":\"https:\/\/secure.gravatar.com\/avatar\/1d3fc949d550f0b53a5f0d51e06dfd79?s=96&d=mm&r=g\",\"contentUrl\":\"https:\/\/secure.gravatar.com\/avatar\/1d3fc949d550f0b53a5f0d51e06dfd79?s=96&d=mm&r=g\",\"caption\":\"admin\"},\"url\":\"https:\/\/www.prijedordanas.com\/?author=1\"}]}<\/script>\n<!-- \/ Yoast SEO plugin. -->","yoast_head_json":{"title":"PRIJEDOR-TURIZAM: OMOGU\u0106ITI I LICIMA SA INVALIDITETOM DA U\u017dIVAJU U TURISTI\u010cKOJ PONUDI - PrijedorDanas.com - Prijedorski gradski portal","robots":{"index":"index","follow":"follow","max-snippet":"max-snippet:-1","max-image-preview":"max-image-preview:large","max-video-preview":"max-video-preview:-1"},"canonical":"https:\/\/www.prijedordanas.com\/?p=61668","og_locale":"en_US","og_type":"article","og_title":"PRIJEDOR-TURIZAM: OMOGU\u0106ITI I LICIMA SA INVALIDITETOM DA U\u017dIVAJU U TURISTI\u010cKOJ PONUDI - PrijedorDanas.com - Prijedorski gradski portal","og_description":"Turisti\u010dka organizacija Prijedor \u0107e, u okviru obilje\u017eavanja Svjetskog dana turizma, organizovati multimedijalnu prezentaciju turisti\u010dkih potencijala koja je prilago\u0111ena i licima sa invaliditetom, rekla je danas direktor gradske Turisti\u010dke organizacije Amira [&hellip;]","og_url":"https:\/\/www.prijedordanas.com\/?p=61668","og_site_name":"PrijedorDanas.com - Prijedorski gradski portal","article_publisher":"https:\/\/www.facebook.com\/PrijedorDanasCom\/","article_published_time":"2016-09-23T10:03:30+00:00","og_image":[{"url":"https:\/\/www.prijedordanas.com\/wp-content\/uploads\/2016\/09\/amira-ganic-togpd-300x270.jpg"}],"author":"admin","twitter_card":"summary_large_image","twitter_misc":{"Written by":"admin","Est. reading time":"1 minute"},"schema":{"@context":"https:\/\/schema.org","@graph":[{"@type":"Article","@id":"https:\/\/www.prijedordanas.com\/?p=61668#article","isPartOf":{"@id":"https:\/\/www.prijedordanas.com\/?p=61668"},"author":{"name":"admin","@id":"https:\/\/www.prijedordanas.com\/#\/schema\/person\/4e08ccf29b506ca916ff86d46bb700e6"},"headline":"PRIJEDOR-TURIZAM: OMOGU\u0106ITI I LICIMA SA INVALIDITETOM DA U\u017dIVAJU U TURISTI\u010cKOJ PONUDI","datePublished":"2016-09-23T10:03:30+00:00","dateModified":"2016-09-23T10:03:30+00:00","mainEntityOfPage":{"@id":"https:\/\/www.prijedordanas.com\/?p=61668"},"wordCount":239,"publisher":{"@id":"https:\/\/www.prijedordanas.com\/#organization"},"keywords":["Amira Gani\u0107","Svjetski dan turizma","Turisti\u010dka organizacija grada Prijedora"],"articleSection":["Svakodnevno"],"inLanguage":"en-US"},{"@type":"WebPage","@id":"https:\/\/www.prijedordanas.com\/?p=61668","url":"https:\/\/www.prijedordanas.com\/?p=61668","name":"PRIJEDOR-TURIZAM: OMOGU\u0106ITI I LICIMA SA INVALIDITETOM DA U\u017dIVAJU U TURISTI\u010cKOJ PONUDI - PrijedorDanas.com - Prijedorski gradski portal","isPartOf":{"@id":"https:\/\/www.prijedordanas.com\/#website"},"datePublished":"2016-09-23T10:03:30+00:00","dateModified":"2016-09-23T10:03:30+00:00","breadcrumb":{"@id":"https:\/\/www.prijedordanas.com\/?p=61668#breadcrumb"},"inLanguage":"en-US","potentialAction":[{"@type":"ReadAction","target":["https:\/\/www.prijedordanas.com\/?p=61668"]}]},{"@type":"BreadcrumbList","@id":"https:\/\/www.prijedordanas.com\/?p=61668#breadcrumb","itemListElement":[{"@type":"ListItem","position":1,"name":"Home","item":"https:\/\/www.prijedordanas.com\/"},{"@type":"ListItem","position":2,"name":"PRIJEDOR-TURIZAM: OMOGU\u0106ITI I LICIMA SA INVALIDITETOM DA U\u017dIVAJU U TURISTI\u010cKOJ PONUDI"}]},{"@type":"WebSite","@id":"https:\/\/www.prijedordanas.com\/#website","url":"https:\/\/www.prijedordanas.com\/","name":"PrijedorDanas.com - Prijedorski gradski portal","description":"Portal o doga\u0111anjima u gradu Prijedoru","publisher":{"@id":"https:\/\/www.prijedordanas.com\/#organization"},"potentialAction":[{"@type":"SearchAction","target":{"@type":"EntryPoint","urlTemplate":"https:\/\/www.prijedordanas.com\/?s={search_term_string}"},"query-input":"required name=search_term_string"}],"inLanguage":"en-US"},{"@type":"Organization","@id":"https:\/\/www.prijedordanas.com\/#organization","name":"PrijedorDanas.com","url":"https:\/\/www.prijedordanas.com\/","logo":{"@type":"ImageObject","inLanguage":"en-US","@id":"https:\/\/www.prijedordanas.com\/#\/schema\/logo\/image\/","url":"http:\/\/www.prijedordanas.com\/wp-content\/uploads\/2021\/12\/logopng.png","contentUrl":"http:\/\/www.prijedordanas.com\/wp-content\/uploads\/2021\/12\/logopng.png","width":1019,"height":776,"caption":"PrijedorDanas.com"},"image":{"@id":"https:\/\/www.prijedordanas.com\/#\/schema\/logo\/image\/"},"sameAs":["https:\/\/www.facebook.com\/PrijedorDanasCom\/"]},{"@type":"Person","@id":"https:\/\/www.prijedordanas.com\/#\/schema\/person\/4e08ccf29b506ca916ff86d46bb700e6","name":"admin","image":{"@type":"ImageObject","inLanguage":"en-US","@id":"https:\/\/www.prijedordanas.com\/#\/schema\/person\/image\/","url":"https:\/\/secure.gravatar.com\/avatar\/1d3fc949d550f0b53a5f0d51e06dfd79?s=96&d=mm&r=g","contentUrl":"https:\/\/secure.gravatar.com\/avatar\/1d3fc949d550f0b53a5f0d51e06dfd79?s=96&d=mm&r=g","caption":"admin"},"url":"https:\/\/www.prijedordanas.com\/?author=1"}]}},"_links":{"self":[{"href":"https:\/\/www.prijedordanas.com\/index.php?rest_route=\/wp\/v2\/posts\/61668"}],"collection":[{"href":"https:\/\/www.prijedordanas.com\/index.php?rest_route=\/wp\/v2\/posts"}],"about":[{"href":"https:\/\/www.prijedordanas.com\/index.php?rest_route=\/wp\/v2\/types\/post"}],"author":[{"embeddable":true,"href":"https:\/\/www.prijedordanas.com\/index.php?rest_route=\/wp\/v2\/users\/1"}],"replies":[{"embeddable":true,"href":"https:\/\/www.prijedordanas.com\/index.php?rest_route=%2Fwp%2Fv2%2Fcomments&post=61668"}],"version-history":[{"count":1,"href":"https:\/\/www.prijedordanas.com\/index.php?rest_route=\/wp\/v2\/posts\/61668\/revisions"}],"predecessor-version":[{"id":61670,"href":"https:\/\/www.prijedordanas.com\/index.php?rest_route=\/wp\/v2\/posts\/61668\/revisions\/61670"}],"wp:attachment":[{"href":"https:\/\/www.prijedordanas.com\/index.php?rest_route=%2Fwp%2Fv2%2Fmedia&parent=61668"}],"wp:term":[{"taxonomy":"category","embeddable":true,"href":"https:\/\/www.prijedordanas.com\/index.php?rest_route=%2Fwp%2Fv2%2Fcategories&post=61668"},{"taxonomy":"post_tag","embeddable":true,"href":"https:\/\/www.prijedordanas.com\/index.php?rest_route=%2Fwp%2Fv2%2Ftags&post=61668"}],"curies":[{"name":"wp","href":"https:\/\/api.w.org\/{rel}","templated":true}]}}