{"id":61400,"date":"2016-09-21T09:01:26","date_gmt":"2016-09-21T07:01:26","guid":{"rendered":"https:\/\/www.prijedordanas.com\/?p=61400"},"modified":"2016-09-21T09:01:26","modified_gmt":"2016-09-21T07:01:26","slug":"prijedor-odrzana-tribina-kozara-kocicu","status":"publish","type":"post","link":"https:\/\/www.prijedordanas.com\/?p=61400","title":{"rendered":"PRIJEDOR: ODR\u017dANA TRIBINA &#8220;KOZARA KO\u010cI\u0106U&#8221;"},"content":{"rendered":"<p><a href=\"https:\/\/www.prijedordanas.com\/wp-content\/uploads\/2016\/09\/srna-kozara-kocicu-1.jpg\"><img loading=\"lazy\" decoding=\"async\" class=\"alignleft size-medium wp-image-61401\" src=\"https:\/\/www.prijedordanas.com\/wp-content\/uploads\/2016\/09\/srna-kozara-kocicu-1-300x200.jpg\" alt=\"srna-kozara-kocicu-1\" width=\"300\" height=\"200\" srcset=\"https:\/\/www.prijedordanas.com\/wp-content\/uploads\/2016\/09\/srna-kozara-kocicu-1-300x200.jpg 300w, https:\/\/www.prijedordanas.com\/wp-content\/uploads\/2016\/09\/srna-kozara-kocicu-1-100x67.jpg 100w, https:\/\/www.prijedordanas.com\/wp-content\/uploads\/2016\/09\/srna-kozara-kocicu-1-480x320.jpg 480w, https:\/\/www.prijedordanas.com\/wp-content\/uploads\/2016\/09\/srna-kozara-kocicu-1.jpg 600w\" sizes=\"(max-width: 300px) 100vw, 300px\" \/><\/a>Povodom stogodi\u0161njice smrti Petra Ko\u010di\u0107a, u gradskoj \u010ditaonici u Prijedoru sino\u0107 je odr\u017eana tribina pod nazivom &#8220;Kozara Ko\u010di\u0107u&#8221;.<\/p>\n<p>O \u017eivotu i djelu Petra Ko\u010di\u0107a govorio je Du\u0161ko Pevulja, profesor Filolo\u0161kog fakulteta u Banjaluci.<\/p>\n<p>&#8220;Kada je rije\u010d o Ko\u010di\u0107u, tema o kojoj \u017eelim govoriti nosi naslov `Slobodno misliti`&#8221;, rekao je Pevulja i pojasnio da je tema predavanja bila aktuelnost Ko\u010di\u0107evog djela i umjetni\u010dke vrijednosti koje vremenom nisu izblijedile, ve\u0107 naprotiv, vremenom dobijaju na snazi.<\/p>\n<p>U prvom planu je aktuelnost Ko\u010di\u0107eve slobodarske djelatnosti koja je, kako ka\u017ee Pevulja, nikad aktuelnija i koja je ponovo vratila Ko\u010di\u0107a u \u017ei\u017eu ne samo kao pisca nego i kao politi\u010dkog borca i tribuna, nacionalnog mislioca i nacionalnog ideologa.<\/p>\n<p><a href=\"https:\/\/www.prijedordanas.com\/wp-content\/uploads\/2016\/09\/srna-kozara-kocicu-2.jpg\"><img loading=\"lazy\" decoding=\"async\" src=\"https:\/\/www.prijedordanas.com\/wp-content\/uploads\/2016\/09\/srna-kozara-kocicu-2-300x200.jpg\" alt=\"srna-kozara-kocicu-2\" width=\"300\" height=\"200\" class=\"alignleft size-medium wp-image-61402\" srcset=\"https:\/\/www.prijedordanas.com\/wp-content\/uploads\/2016\/09\/srna-kozara-kocicu-2-300x200.jpg 300w, https:\/\/www.prijedordanas.com\/wp-content\/uploads\/2016\/09\/srna-kozara-kocicu-2-100x67.jpg 100w, https:\/\/www.prijedordanas.com\/wp-content\/uploads\/2016\/09\/srna-kozara-kocicu-2-480x320.jpg 480w, https:\/\/www.prijedordanas.com\/wp-content\/uploads\/2016\/09\/srna-kozara-kocicu-2.jpg 600w\" sizes=\"(max-width: 300px) 100vw, 300px\" \/><\/a>On je dodao da je klju\u010dna ideja koja pro\u017eima ideja slobode, slu\u017eenja i borbe za slobodu i \u017ertvovanja za slobodu.<\/p>\n<p>&#8220;Ko\u010di\u0107 je jedan od rijetkih koji je svoju egzistenciju \u017ertvovao i na kraju svoj \u017eivot dao za slobodu i ve\u0107ina njegovih likova \u017eivi za slobodu&#8221;, rekao je Pevulja.<\/p>\n<p>Ova tribina je odr\u017eana u sklopu 44. Knji\u017eevnih susreta na Kozari, a organizatori su bili Organizacioni odbor susreta i Narodna biblioteka &#8220;\u0106irilo i Metodije&#8221; iz Prijedora.<\/p>\n<p>SRNA<\/p>\n","protected":false},"excerpt":{"rendered":"<p>Povodom stogodi\u0161njice smrti Petra Ko\u010di\u0107a, u gradskoj \u010ditaonici u Prijedoru sino\u0107 je odr\u017eana tribina pod nazivom &#8220;Kozara Ko\u010di\u0107u&#8221;. O \u017eivotu i djelu Petra Ko\u010di\u0107a govorio je Du\u0161ko Pevulja, profesor Filolo\u0161kog [&hellip;]<\/p>\n","protected":false},"author":1,"featured_media":0,"comment_status":"closed","ping_status":"open","sticky":false,"template":"","format":"standard","meta":{"_monsterinsights_skip_tracking":false,"_monsterinsights_sitenote_active":false,"_monsterinsights_sitenote_note":"","_monsterinsights_sitenote_category":0,"footnotes":""},"categories":[6],"tags":[8837],"yoast_head":"<!-- This site is optimized with the Yoast SEO plugin v21.6 - https:\/\/yoast.com\/wordpress\/plugins\/seo\/ -->\n<title>PRIJEDOR: ODR\u017dANA TRIBINA &quot;KOZARA KO\u010cI\u0106U&quot; - PrijedorDanas.com - Prijedorski gradski portal<\/title>\n<meta name=\"robots\" content=\"index, follow, max-snippet:-1, max-image-preview:large, max-video-preview:-1\" \/>\n<link rel=\"canonical\" href=\"https:\/\/www.prijedordanas.com\/?p=61400\" \/>\n<meta property=\"og:locale\" content=\"en_US\" \/>\n<meta property=\"og:type\" content=\"article\" \/>\n<meta property=\"og:title\" content=\"PRIJEDOR: ODR\u017dANA TRIBINA &quot;KOZARA KO\u010cI\u0106U&quot; - PrijedorDanas.com - Prijedorski gradski portal\" \/>\n<meta property=\"og:description\" content=\"Povodom stogodi\u0161njice smrti Petra Ko\u010di\u0107a, u gradskoj \u010ditaonici u Prijedoru sino\u0107 je odr\u017eana tribina pod nazivom &#8220;Kozara Ko\u010di\u0107u&#8221;. O \u017eivotu i djelu Petra Ko\u010di\u0107a govorio je Du\u0161ko Pevulja, profesor Filolo\u0161kog [&hellip;]\" \/>\n<meta property=\"og:url\" content=\"https:\/\/www.prijedordanas.com\/?p=61400\" \/>\n<meta property=\"og:site_name\" content=\"PrijedorDanas.com - Prijedorski gradski portal\" \/>\n<meta property=\"article:publisher\" content=\"https:\/\/www.facebook.com\/PrijedorDanasCom\/\" \/>\n<meta property=\"article:published_time\" content=\"2016-09-21T07:01:26+00:00\" \/>\n<meta property=\"og:image\" content=\"https:\/\/www.prijedordanas.com\/wp-content\/uploads\/2016\/09\/srna-kozara-kocicu-1-300x200.jpg\" \/>\n<meta name=\"author\" content=\"admin\" \/>\n<meta name=\"twitter:card\" content=\"summary_large_image\" \/>\n<meta name=\"twitter:label1\" content=\"Written by\" \/>\n\t<meta name=\"twitter:data1\" content=\"admin\" \/>\n\t<meta name=\"twitter:label2\" content=\"Est. reading time\" \/>\n\t<meta name=\"twitter:data2\" content=\"1 minute\" \/>\n<script type=\"application\/ld+json\" class=\"yoast-schema-graph\">{\"@context\":\"https:\/\/schema.org\",\"@graph\":[{\"@type\":\"Article\",\"@id\":\"https:\/\/www.prijedordanas.com\/?p=61400#article\",\"isPartOf\":{\"@id\":\"https:\/\/www.prijedordanas.com\/?p=61400\"},\"author\":{\"name\":\"admin\",\"@id\":\"https:\/\/www.prijedordanas.com\/#\/schema\/person\/4e08ccf29b506ca916ff86d46bb700e6\"},\"headline\":\"PRIJEDOR: ODR\u017dANA TRIBINA &#8220;KOZARA KO\u010cI\u0106U&#8221;\",\"datePublished\":\"2016-09-21T07:01:26+00:00\",\"dateModified\":\"2016-09-21T07:01:26+00:00\",\"mainEntityOfPage\":{\"@id\":\"https:\/\/www.prijedordanas.com\/?p=61400\"},\"wordCount\":223,\"publisher\":{\"@id\":\"https:\/\/www.prijedordanas.com\/#organization\"},\"keywords\":[\"Kozara Ko\u010di\u0107u\"],\"articleSection\":[\"Kultura\"],\"inLanguage\":\"en-US\"},{\"@type\":\"WebPage\",\"@id\":\"https:\/\/www.prijedordanas.com\/?p=61400\",\"url\":\"https:\/\/www.prijedordanas.com\/?p=61400\",\"name\":\"PRIJEDOR: ODR\u017dANA TRIBINA \\\"KOZARA KO\u010cI\u0106U\\\" - PrijedorDanas.com - Prijedorski gradski portal\",\"isPartOf\":{\"@id\":\"https:\/\/www.prijedordanas.com\/#website\"},\"datePublished\":\"2016-09-21T07:01:26+00:00\",\"dateModified\":\"2016-09-21T07:01:26+00:00\",\"breadcrumb\":{\"@id\":\"https:\/\/www.prijedordanas.com\/?p=61400#breadcrumb\"},\"inLanguage\":\"en-US\",\"potentialAction\":[{\"@type\":\"ReadAction\",\"target\":[\"https:\/\/www.prijedordanas.com\/?p=61400\"]}]},{\"@type\":\"BreadcrumbList\",\"@id\":\"https:\/\/www.prijedordanas.com\/?p=61400#breadcrumb\",\"itemListElement\":[{\"@type\":\"ListItem\",\"position\":1,\"name\":\"Home\",\"item\":\"https:\/\/www.prijedordanas.com\/\"},{\"@type\":\"ListItem\",\"position\":2,\"name\":\"PRIJEDOR: ODR\u017dANA TRIBINA &#8220;KOZARA KO\u010cI\u0106U&#8221;\"}]},{\"@type\":\"WebSite\",\"@id\":\"https:\/\/www.prijedordanas.com\/#website\",\"url\":\"https:\/\/www.prijedordanas.com\/\",\"name\":\"PrijedorDanas.com - Prijedorski gradski portal\",\"description\":\"Portal o doga\u0111anjima u gradu Prijedoru\",\"publisher\":{\"@id\":\"https:\/\/www.prijedordanas.com\/#organization\"},\"potentialAction\":[{\"@type\":\"SearchAction\",\"target\":{\"@type\":\"EntryPoint\",\"urlTemplate\":\"https:\/\/www.prijedordanas.com\/?s={search_term_string}\"},\"query-input\":\"required name=search_term_string\"}],\"inLanguage\":\"en-US\"},{\"@type\":\"Organization\",\"@id\":\"https:\/\/www.prijedordanas.com\/#organization\",\"name\":\"PrijedorDanas.com\",\"url\":\"https:\/\/www.prijedordanas.com\/\",\"logo\":{\"@type\":\"ImageObject\",\"inLanguage\":\"en-US\",\"@id\":\"https:\/\/www.prijedordanas.com\/#\/schema\/logo\/image\/\",\"url\":\"http:\/\/www.prijedordanas.com\/wp-content\/uploads\/2021\/12\/logopng.png\",\"contentUrl\":\"http:\/\/www.prijedordanas.com\/wp-content\/uploads\/2021\/12\/logopng.png\",\"width\":1019,\"height\":776,\"caption\":\"PrijedorDanas.com\"},\"image\":{\"@id\":\"https:\/\/www.prijedordanas.com\/#\/schema\/logo\/image\/\"},\"sameAs\":[\"https:\/\/www.facebook.com\/PrijedorDanasCom\/\"]},{\"@type\":\"Person\",\"@id\":\"https:\/\/www.prijedordanas.com\/#\/schema\/person\/4e08ccf29b506ca916ff86d46bb700e6\",\"name\":\"admin\",\"image\":{\"@type\":\"ImageObject\",\"inLanguage\":\"en-US\",\"@id\":\"https:\/\/www.prijedordanas.com\/#\/schema\/person\/image\/\",\"url\":\"https:\/\/secure.gravatar.com\/avatar\/1d3fc949d550f0b53a5f0d51e06dfd79?s=96&d=mm&r=g\",\"contentUrl\":\"https:\/\/secure.gravatar.com\/avatar\/1d3fc949d550f0b53a5f0d51e06dfd79?s=96&d=mm&r=g\",\"caption\":\"admin\"},\"url\":\"https:\/\/www.prijedordanas.com\/?author=1\"}]}<\/script>\n<!-- \/ Yoast SEO plugin. -->","yoast_head_json":{"title":"PRIJEDOR: ODR\u017dANA TRIBINA \"KOZARA KO\u010cI\u0106U\" - PrijedorDanas.com - Prijedorski gradski portal","robots":{"index":"index","follow":"follow","max-snippet":"max-snippet:-1","max-image-preview":"max-image-preview:large","max-video-preview":"max-video-preview:-1"},"canonical":"https:\/\/www.prijedordanas.com\/?p=61400","og_locale":"en_US","og_type":"article","og_title":"PRIJEDOR: ODR\u017dANA TRIBINA \"KOZARA KO\u010cI\u0106U\" - PrijedorDanas.com - Prijedorski gradski portal","og_description":"Povodom stogodi\u0161njice smrti Petra Ko\u010di\u0107a, u gradskoj \u010ditaonici u Prijedoru sino\u0107 je odr\u017eana tribina pod nazivom &#8220;Kozara Ko\u010di\u0107u&#8221;. O \u017eivotu i djelu Petra Ko\u010di\u0107a govorio je Du\u0161ko Pevulja, profesor Filolo\u0161kog [&hellip;]","og_url":"https:\/\/www.prijedordanas.com\/?p=61400","og_site_name":"PrijedorDanas.com - Prijedorski gradski portal","article_publisher":"https:\/\/www.facebook.com\/PrijedorDanasCom\/","article_published_time":"2016-09-21T07:01:26+00:00","og_image":[{"url":"https:\/\/www.prijedordanas.com\/wp-content\/uploads\/2016\/09\/srna-kozara-kocicu-1-300x200.jpg"}],"author":"admin","twitter_card":"summary_large_image","twitter_misc":{"Written by":"admin","Est. reading time":"1 minute"},"schema":{"@context":"https:\/\/schema.org","@graph":[{"@type":"Article","@id":"https:\/\/www.prijedordanas.com\/?p=61400#article","isPartOf":{"@id":"https:\/\/www.prijedordanas.com\/?p=61400"},"author":{"name":"admin","@id":"https:\/\/www.prijedordanas.com\/#\/schema\/person\/4e08ccf29b506ca916ff86d46bb700e6"},"headline":"PRIJEDOR: ODR\u017dANA TRIBINA &#8220;KOZARA KO\u010cI\u0106U&#8221;","datePublished":"2016-09-21T07:01:26+00:00","dateModified":"2016-09-21T07:01:26+00:00","mainEntityOfPage":{"@id":"https:\/\/www.prijedordanas.com\/?p=61400"},"wordCount":223,"publisher":{"@id":"https:\/\/www.prijedordanas.com\/#organization"},"keywords":["Kozara Ko\u010di\u0107u"],"articleSection":["Kultura"],"inLanguage":"en-US"},{"@type":"WebPage","@id":"https:\/\/www.prijedordanas.com\/?p=61400","url":"https:\/\/www.prijedordanas.com\/?p=61400","name":"PRIJEDOR: ODR\u017dANA TRIBINA \"KOZARA KO\u010cI\u0106U\" - PrijedorDanas.com - Prijedorski gradski portal","isPartOf":{"@id":"https:\/\/www.prijedordanas.com\/#website"},"datePublished":"2016-09-21T07:01:26+00:00","dateModified":"2016-09-21T07:01:26+00:00","breadcrumb":{"@id":"https:\/\/www.prijedordanas.com\/?p=61400#breadcrumb"},"inLanguage":"en-US","potentialAction":[{"@type":"ReadAction","target":["https:\/\/www.prijedordanas.com\/?p=61400"]}]},{"@type":"BreadcrumbList","@id":"https:\/\/www.prijedordanas.com\/?p=61400#breadcrumb","itemListElement":[{"@type":"ListItem","position":1,"name":"Home","item":"https:\/\/www.prijedordanas.com\/"},{"@type":"ListItem","position":2,"name":"PRIJEDOR: ODR\u017dANA TRIBINA &#8220;KOZARA KO\u010cI\u0106U&#8221;"}]},{"@type":"WebSite","@id":"https:\/\/www.prijedordanas.com\/#website","url":"https:\/\/www.prijedordanas.com\/","name":"PrijedorDanas.com - Prijedorski gradski portal","description":"Portal o doga\u0111anjima u gradu Prijedoru","publisher":{"@id":"https:\/\/www.prijedordanas.com\/#organization"},"potentialAction":[{"@type":"SearchAction","target":{"@type":"EntryPoint","urlTemplate":"https:\/\/www.prijedordanas.com\/?s={search_term_string}"},"query-input":"required name=search_term_string"}],"inLanguage":"en-US"},{"@type":"Organization","@id":"https:\/\/www.prijedordanas.com\/#organization","name":"PrijedorDanas.com","url":"https:\/\/www.prijedordanas.com\/","logo":{"@type":"ImageObject","inLanguage":"en-US","@id":"https:\/\/www.prijedordanas.com\/#\/schema\/logo\/image\/","url":"http:\/\/www.prijedordanas.com\/wp-content\/uploads\/2021\/12\/logopng.png","contentUrl":"http:\/\/www.prijedordanas.com\/wp-content\/uploads\/2021\/12\/logopng.png","width":1019,"height":776,"caption":"PrijedorDanas.com"},"image":{"@id":"https:\/\/www.prijedordanas.com\/#\/schema\/logo\/image\/"},"sameAs":["https:\/\/www.facebook.com\/PrijedorDanasCom\/"]},{"@type":"Person","@id":"https:\/\/www.prijedordanas.com\/#\/schema\/person\/4e08ccf29b506ca916ff86d46bb700e6","name":"admin","image":{"@type":"ImageObject","inLanguage":"en-US","@id":"https:\/\/www.prijedordanas.com\/#\/schema\/person\/image\/","url":"https:\/\/secure.gravatar.com\/avatar\/1d3fc949d550f0b53a5f0d51e06dfd79?s=96&d=mm&r=g","contentUrl":"https:\/\/secure.gravatar.com\/avatar\/1d3fc949d550f0b53a5f0d51e06dfd79?s=96&d=mm&r=g","caption":"admin"},"url":"https:\/\/www.prijedordanas.com\/?author=1"}]}},"_links":{"self":[{"href":"https:\/\/www.prijedordanas.com\/index.php?rest_route=\/wp\/v2\/posts\/61400"}],"collection":[{"href":"https:\/\/www.prijedordanas.com\/index.php?rest_route=\/wp\/v2\/posts"}],"about":[{"href":"https:\/\/www.prijedordanas.com\/index.php?rest_route=\/wp\/v2\/types\/post"}],"author":[{"embeddable":true,"href":"https:\/\/www.prijedordanas.com\/index.php?rest_route=\/wp\/v2\/users\/1"}],"replies":[{"embeddable":true,"href":"https:\/\/www.prijedordanas.com\/index.php?rest_route=%2Fwp%2Fv2%2Fcomments&post=61400"}],"version-history":[{"count":1,"href":"https:\/\/www.prijedordanas.com\/index.php?rest_route=\/wp\/v2\/posts\/61400\/revisions"}],"predecessor-version":[{"id":61403,"href":"https:\/\/www.prijedordanas.com\/index.php?rest_route=\/wp\/v2\/posts\/61400\/revisions\/61403"}],"wp:attachment":[{"href":"https:\/\/www.prijedordanas.com\/index.php?rest_route=%2Fwp%2Fv2%2Fmedia&parent=61400"}],"wp:term":[{"taxonomy":"category","embeddable":true,"href":"https:\/\/www.prijedordanas.com\/index.php?rest_route=%2Fwp%2Fv2%2Fcategories&post=61400"},{"taxonomy":"post_tag","embeddable":true,"href":"https:\/\/www.prijedordanas.com\/index.php?rest_route=%2Fwp%2Fv2%2Ftags&post=61400"}],"curies":[{"name":"wp","href":"https:\/\/api.w.org\/{rel}","templated":true}]}}