{"id":61253,"date":"2016-09-19T10:30:53","date_gmt":"2016-09-19T08:30:53","guid":{"rendered":"https:\/\/www.prijedordanas.com\/?p=61253"},"modified":"2016-09-19T10:30:53","modified_gmt":"2016-09-19T08:30:53","slug":"premijerno-prikazan-film-kad-klasje-pozlati-prijedorcanina-nedeljka-lajsica","status":"publish","type":"post","link":"https:\/\/www.prijedordanas.com\/?p=61253","title":{"rendered":"PREMIJERNO PRIKAZAN FILM &#8220;KAD KLASJE POZLATI&#8221; PRIJEDOR\u010cANINA NEDELJKA LAJ\u0160I\u0106A"},"content":{"rendered":"<p><a href=\"https:\/\/www.prijedordanas.com\/wp-content\/uploads\/2016\/09\/nedeljko-lajsic-2.jpg\"><img loading=\"lazy\" decoding=\"async\" class=\"alignleft size-medium wp-image-61254\" src=\"https:\/\/www.prijedordanas.com\/wp-content\/uploads\/2016\/09\/nedeljko-lajsic-2-300x264.jpg\" alt=\"nedeljko-lajsic-2\" width=\"300\" height=\"264\" srcset=\"https:\/\/www.prijedordanas.com\/wp-content\/uploads\/2016\/09\/nedeljko-lajsic-2-300x264.jpg 300w, https:\/\/www.prijedordanas.com\/wp-content\/uploads\/2016\/09\/nedeljko-lajsic-2-100x88.jpg 100w, https:\/\/www.prijedordanas.com\/wp-content\/uploads\/2016\/09\/nedeljko-lajsic-2.jpg 600w\" sizes=\"(max-width: 300px) 100vw, 300px\" \/><\/a>U Svodni kod Novog Grada premijerno je prikazan dokumentarni film Prijedor\u010danina Nedeljka Laj\u0161i\u0107a &#8220;Kad klasje pozlati&#8221; koji prikazuje obi\u010daje iz pro\u0161log vijeka o \u017eetvi i vr\u0161idbi.<\/p>\n<p>Film je ura\u0111en u produkciji Radio-televizije Republike Srpske, a materijal je snimljen u Petkovcu i Svodni, novogradskim naseljima, tokom manifestacije &#8220;Kraji\u0161ka \u017eetva i vr\u0161idba&#8221; odr\u017eane 10. jula u sklopu obilje\u017eavanja Petrovdana &#8211; Dana op\u0161tine Novi Grad.<\/p>\n<p>&#8220;Film traje 25 minuta i televizijsko prikazivanje slijedi u oktobru&#8221;, rekao je Laj\u0161i\u0107 Srni.<\/p>\n<p>On ka\u017ee da je u snimanju u\u010destvovalo oko 40 statista iz sela Petkovac, Prusci, Ahmetovci i Svodna koji su nesebe\u010dno pomogli, posebno Gojko Kne\u017eevi\u0107 koji je osmislio manifestaciju &#8220;Kraji\u0161ka \u017eetva i vr\u0161idba&#8221;.<\/p>\n<p>&#8220;Film je prikaz obi\u010daja iz 60-ih godina pro\u0161log vijeka i ve\u0107ini mladih ovo \u0107e biti jedina prilika da vide kako se u to doba radilo, a podsje\u0107a i na zajedni\u0161tvo koje je nekad vladalo, pa se na \u017eetvi i vr\u0161idbi okupljalo 30-40 ljudi, \u0161to se sad ne de\u0161ava&#8221;, rekao je Laj\u0161i\u0107.<\/p>\n<p><a href=\"https:\/\/www.prijedordanas.com\/wp-content\/uploads\/2016\/09\/nedeljko-lajsic-1.jpg\"><img loading=\"lazy\" decoding=\"async\" class=\"alignleft size-medium wp-image-61255\" src=\"https:\/\/www.prijedordanas.com\/wp-content\/uploads\/2016\/09\/nedeljko-lajsic-1-300x247.jpg\" alt=\"nedeljko-lajsic-1\" width=\"300\" height=\"247\" srcset=\"https:\/\/www.prijedordanas.com\/wp-content\/uploads\/2016\/09\/nedeljko-lajsic-1-300x247.jpg 300w, https:\/\/www.prijedordanas.com\/wp-content\/uploads\/2016\/09\/nedeljko-lajsic-1-100x82.jpg 100w, https:\/\/www.prijedordanas.com\/wp-content\/uploads\/2016\/09\/nedeljko-lajsic-1.jpg 608w\" sizes=\"(max-width: 300px) 100vw, 300px\" \/><\/a>On je naveo da su pomo\u0107 pru\u017eili monta\u017eer Zoran Babi\u0107, ton majstor Du\u0161ko Mandi\u0107, asistent snimatelja Nenad Marjanovi\u0107 i urednik dokumentranog programa RTRS-a Branko Lazi\u0107.<\/p>\n<p>Laj\u0161i\u0107u je ovo 18. dokumentarni film u samostalnoj re\u017eiji, a dva su ra\u0111ena u produkciji RTRS-a.<\/p>\n<p>On je rekao da je zavr\u0161noj fazi njegov dokumentarni film o majoru Milanu Tepi\u0107u &#8220;Nebo nad Bjelovarom&#8221;.<\/p>\n<p>SRNA<br \/>\nFoto \u2013 privatna arhiva\/Boris Kova\u010devi\u0107<\/p>\n","protected":false},"excerpt":{"rendered":"<p>U Svodni kod Novog Grada premijerno je prikazan dokumentarni film Prijedor\u010danina Nedeljka Laj\u0161i\u0107a &#8220;Kad klasje pozlati&#8221; koji prikazuje obi\u010daje iz pro\u0161log vijeka o \u017eetvi i vr\u0161idbi. Film je ura\u0111en u [&hellip;]<\/p>\n","protected":false},"author":1,"featured_media":0,"comment_status":"closed","ping_status":"open","sticky":false,"template":"","format":"standard","meta":{"_monsterinsights_skip_tracking":false,"_monsterinsights_sitenote_active":false,"_monsterinsights_sitenote_note":"","_monsterinsights_sitenote_category":0,"footnotes":""},"categories":[6],"tags":[380,8836,1109],"yoast_head":"<!-- This site is optimized with the Yoast SEO plugin v21.6 - https:\/\/yoast.com\/wordpress\/plugins\/seo\/ -->\n<title>PREMIJERNO PRIKAZAN FILM &quot;KAD KLASJE POZLATI&quot; PRIJEDOR\u010cANINA NEDELJKA LAJ\u0160I\u0106A - PrijedorDanas.com - Prijedorski gradski portal<\/title>\n<meta name=\"robots\" content=\"index, follow, max-snippet:-1, max-image-preview:large, max-video-preview:-1\" \/>\n<link rel=\"canonical\" href=\"https:\/\/www.prijedordanas.com\/?p=61253\" \/>\n<meta property=\"og:locale\" content=\"en_US\" \/>\n<meta property=\"og:type\" content=\"article\" \/>\n<meta property=\"og:title\" content=\"PREMIJERNO PRIKAZAN FILM &quot;KAD KLASJE POZLATI&quot; PRIJEDOR\u010cANINA NEDELJKA LAJ\u0160I\u0106A - PrijedorDanas.com - Prijedorski gradski portal\" \/>\n<meta property=\"og:description\" content=\"U Svodni kod Novog Grada premijerno je prikazan dokumentarni film Prijedor\u010danina Nedeljka Laj\u0161i\u0107a &#8220;Kad klasje pozlati&#8221; koji prikazuje obi\u010daje iz pro\u0161log vijeka o \u017eetvi i vr\u0161idbi. Film je ura\u0111en u [&hellip;]\" \/>\n<meta property=\"og:url\" content=\"https:\/\/www.prijedordanas.com\/?p=61253\" \/>\n<meta property=\"og:site_name\" content=\"PrijedorDanas.com - Prijedorski gradski portal\" \/>\n<meta property=\"article:publisher\" content=\"https:\/\/www.facebook.com\/PrijedorDanasCom\/\" \/>\n<meta property=\"article:published_time\" content=\"2016-09-19T08:30:53+00:00\" \/>\n<meta property=\"og:image\" content=\"https:\/\/www.prijedordanas.com\/wp-content\/uploads\/2016\/09\/nedeljko-lajsic-2-300x264.jpg\" \/>\n<meta name=\"author\" content=\"admin\" \/>\n<meta name=\"twitter:card\" content=\"summary_large_image\" \/>\n<meta name=\"twitter:label1\" content=\"Written by\" \/>\n\t<meta name=\"twitter:data1\" content=\"admin\" \/>\n\t<meta name=\"twitter:label2\" content=\"Est. reading time\" \/>\n\t<meta name=\"twitter:data2\" content=\"1 minute\" \/>\n<script type=\"application\/ld+json\" class=\"yoast-schema-graph\">{\"@context\":\"https:\/\/schema.org\",\"@graph\":[{\"@type\":\"Article\",\"@id\":\"https:\/\/www.prijedordanas.com\/?p=61253#article\",\"isPartOf\":{\"@id\":\"https:\/\/www.prijedordanas.com\/?p=61253\"},\"author\":{\"name\":\"admin\",\"@id\":\"https:\/\/www.prijedordanas.com\/#\/schema\/person\/4e08ccf29b506ca916ff86d46bb700e6\"},\"headline\":\"PREMIJERNO PRIKAZAN FILM &#8220;KAD KLASJE POZLATI&#8221; PRIJEDOR\u010cANINA NEDELJKA LAJ\u0160I\u0106A\",\"datePublished\":\"2016-09-19T08:30:53+00:00\",\"dateModified\":\"2016-09-19T08:30:53+00:00\",\"mainEntityOfPage\":{\"@id\":\"https:\/\/www.prijedordanas.com\/?p=61253\"},\"wordCount\":268,\"publisher\":{\"@id\":\"https:\/\/www.prijedordanas.com\/#organization\"},\"keywords\":[\"dokumentarni film\",\"Kad klasje pozlati\",\"Nedeljko Laj\u0161i\u0107\"],\"articleSection\":[\"Kultura\"],\"inLanguage\":\"en-US\"},{\"@type\":\"WebPage\",\"@id\":\"https:\/\/www.prijedordanas.com\/?p=61253\",\"url\":\"https:\/\/www.prijedordanas.com\/?p=61253\",\"name\":\"PREMIJERNO PRIKAZAN FILM \\\"KAD KLASJE POZLATI\\\" PRIJEDOR\u010cANINA NEDELJKA LAJ\u0160I\u0106A - PrijedorDanas.com - Prijedorski gradski portal\",\"isPartOf\":{\"@id\":\"https:\/\/www.prijedordanas.com\/#website\"},\"datePublished\":\"2016-09-19T08:30:53+00:00\",\"dateModified\":\"2016-09-19T08:30:53+00:00\",\"breadcrumb\":{\"@id\":\"https:\/\/www.prijedordanas.com\/?p=61253#breadcrumb\"},\"inLanguage\":\"en-US\",\"potentialAction\":[{\"@type\":\"ReadAction\",\"target\":[\"https:\/\/www.prijedordanas.com\/?p=61253\"]}]},{\"@type\":\"BreadcrumbList\",\"@id\":\"https:\/\/www.prijedordanas.com\/?p=61253#breadcrumb\",\"itemListElement\":[{\"@type\":\"ListItem\",\"position\":1,\"name\":\"Home\",\"item\":\"https:\/\/www.prijedordanas.com\/\"},{\"@type\":\"ListItem\",\"position\":2,\"name\":\"PREMIJERNO PRIKAZAN FILM &#8220;KAD KLASJE POZLATI&#8221; PRIJEDOR\u010cANINA NEDELJKA LAJ\u0160I\u0106A\"}]},{\"@type\":\"WebSite\",\"@id\":\"https:\/\/www.prijedordanas.com\/#website\",\"url\":\"https:\/\/www.prijedordanas.com\/\",\"name\":\"PrijedorDanas.com - Prijedorski gradski portal\",\"description\":\"Portal o doga\u0111anjima u gradu Prijedoru\",\"publisher\":{\"@id\":\"https:\/\/www.prijedordanas.com\/#organization\"},\"potentialAction\":[{\"@type\":\"SearchAction\",\"target\":{\"@type\":\"EntryPoint\",\"urlTemplate\":\"https:\/\/www.prijedordanas.com\/?s={search_term_string}\"},\"query-input\":\"required name=search_term_string\"}],\"inLanguage\":\"en-US\"},{\"@type\":\"Organization\",\"@id\":\"https:\/\/www.prijedordanas.com\/#organization\",\"name\":\"PrijedorDanas.com\",\"url\":\"https:\/\/www.prijedordanas.com\/\",\"logo\":{\"@type\":\"ImageObject\",\"inLanguage\":\"en-US\",\"@id\":\"https:\/\/www.prijedordanas.com\/#\/schema\/logo\/image\/\",\"url\":\"http:\/\/www.prijedordanas.com\/wp-content\/uploads\/2021\/12\/logopng.png\",\"contentUrl\":\"http:\/\/www.prijedordanas.com\/wp-content\/uploads\/2021\/12\/logopng.png\",\"width\":1019,\"height\":776,\"caption\":\"PrijedorDanas.com\"},\"image\":{\"@id\":\"https:\/\/www.prijedordanas.com\/#\/schema\/logo\/image\/\"},\"sameAs\":[\"https:\/\/www.facebook.com\/PrijedorDanasCom\/\"]},{\"@type\":\"Person\",\"@id\":\"https:\/\/www.prijedordanas.com\/#\/schema\/person\/4e08ccf29b506ca916ff86d46bb700e6\",\"name\":\"admin\",\"image\":{\"@type\":\"ImageObject\",\"inLanguage\":\"en-US\",\"@id\":\"https:\/\/www.prijedordanas.com\/#\/schema\/person\/image\/\",\"url\":\"https:\/\/secure.gravatar.com\/avatar\/1d3fc949d550f0b53a5f0d51e06dfd79?s=96&d=mm&r=g\",\"contentUrl\":\"https:\/\/secure.gravatar.com\/avatar\/1d3fc949d550f0b53a5f0d51e06dfd79?s=96&d=mm&r=g\",\"caption\":\"admin\"},\"url\":\"https:\/\/www.prijedordanas.com\/?author=1\"}]}<\/script>\n<!-- \/ Yoast SEO plugin. -->","yoast_head_json":{"title":"PREMIJERNO PRIKAZAN FILM \"KAD KLASJE POZLATI\" PRIJEDOR\u010cANINA NEDELJKA LAJ\u0160I\u0106A - PrijedorDanas.com - Prijedorski gradski portal","robots":{"index":"index","follow":"follow","max-snippet":"max-snippet:-1","max-image-preview":"max-image-preview:large","max-video-preview":"max-video-preview:-1"},"canonical":"https:\/\/www.prijedordanas.com\/?p=61253","og_locale":"en_US","og_type":"article","og_title":"PREMIJERNO PRIKAZAN FILM \"KAD KLASJE POZLATI\" PRIJEDOR\u010cANINA NEDELJKA LAJ\u0160I\u0106A - PrijedorDanas.com - Prijedorski gradski portal","og_description":"U Svodni kod Novog Grada premijerno je prikazan dokumentarni film Prijedor\u010danina Nedeljka Laj\u0161i\u0107a &#8220;Kad klasje pozlati&#8221; koji prikazuje obi\u010daje iz pro\u0161log vijeka o \u017eetvi i vr\u0161idbi. Film je ura\u0111en u [&hellip;]","og_url":"https:\/\/www.prijedordanas.com\/?p=61253","og_site_name":"PrijedorDanas.com - Prijedorski gradski portal","article_publisher":"https:\/\/www.facebook.com\/PrijedorDanasCom\/","article_published_time":"2016-09-19T08:30:53+00:00","og_image":[{"url":"https:\/\/www.prijedordanas.com\/wp-content\/uploads\/2016\/09\/nedeljko-lajsic-2-300x264.jpg"}],"author":"admin","twitter_card":"summary_large_image","twitter_misc":{"Written by":"admin","Est. reading time":"1 minute"},"schema":{"@context":"https:\/\/schema.org","@graph":[{"@type":"Article","@id":"https:\/\/www.prijedordanas.com\/?p=61253#article","isPartOf":{"@id":"https:\/\/www.prijedordanas.com\/?p=61253"},"author":{"name":"admin","@id":"https:\/\/www.prijedordanas.com\/#\/schema\/person\/4e08ccf29b506ca916ff86d46bb700e6"},"headline":"PREMIJERNO PRIKAZAN FILM &#8220;KAD KLASJE POZLATI&#8221; PRIJEDOR\u010cANINA NEDELJKA LAJ\u0160I\u0106A","datePublished":"2016-09-19T08:30:53+00:00","dateModified":"2016-09-19T08:30:53+00:00","mainEntityOfPage":{"@id":"https:\/\/www.prijedordanas.com\/?p=61253"},"wordCount":268,"publisher":{"@id":"https:\/\/www.prijedordanas.com\/#organization"},"keywords":["dokumentarni film","Kad klasje pozlati","Nedeljko Laj\u0161i\u0107"],"articleSection":["Kultura"],"inLanguage":"en-US"},{"@type":"WebPage","@id":"https:\/\/www.prijedordanas.com\/?p=61253","url":"https:\/\/www.prijedordanas.com\/?p=61253","name":"PREMIJERNO PRIKAZAN FILM \"KAD KLASJE POZLATI\" PRIJEDOR\u010cANINA NEDELJKA LAJ\u0160I\u0106A - PrijedorDanas.com - Prijedorski gradski portal","isPartOf":{"@id":"https:\/\/www.prijedordanas.com\/#website"},"datePublished":"2016-09-19T08:30:53+00:00","dateModified":"2016-09-19T08:30:53+00:00","breadcrumb":{"@id":"https:\/\/www.prijedordanas.com\/?p=61253#breadcrumb"},"inLanguage":"en-US","potentialAction":[{"@type":"ReadAction","target":["https:\/\/www.prijedordanas.com\/?p=61253"]}]},{"@type":"BreadcrumbList","@id":"https:\/\/www.prijedordanas.com\/?p=61253#breadcrumb","itemListElement":[{"@type":"ListItem","position":1,"name":"Home","item":"https:\/\/www.prijedordanas.com\/"},{"@type":"ListItem","position":2,"name":"PREMIJERNO PRIKAZAN FILM &#8220;KAD KLASJE POZLATI&#8221; PRIJEDOR\u010cANINA NEDELJKA LAJ\u0160I\u0106A"}]},{"@type":"WebSite","@id":"https:\/\/www.prijedordanas.com\/#website","url":"https:\/\/www.prijedordanas.com\/","name":"PrijedorDanas.com - Prijedorski gradski portal","description":"Portal o doga\u0111anjima u gradu Prijedoru","publisher":{"@id":"https:\/\/www.prijedordanas.com\/#organization"},"potentialAction":[{"@type":"SearchAction","target":{"@type":"EntryPoint","urlTemplate":"https:\/\/www.prijedordanas.com\/?s={search_term_string}"},"query-input":"required name=search_term_string"}],"inLanguage":"en-US"},{"@type":"Organization","@id":"https:\/\/www.prijedordanas.com\/#organization","name":"PrijedorDanas.com","url":"https:\/\/www.prijedordanas.com\/","logo":{"@type":"ImageObject","inLanguage":"en-US","@id":"https:\/\/www.prijedordanas.com\/#\/schema\/logo\/image\/","url":"http:\/\/www.prijedordanas.com\/wp-content\/uploads\/2021\/12\/logopng.png","contentUrl":"http:\/\/www.prijedordanas.com\/wp-content\/uploads\/2021\/12\/logopng.png","width":1019,"height":776,"caption":"PrijedorDanas.com"},"image":{"@id":"https:\/\/www.prijedordanas.com\/#\/schema\/logo\/image\/"},"sameAs":["https:\/\/www.facebook.com\/PrijedorDanasCom\/"]},{"@type":"Person","@id":"https:\/\/www.prijedordanas.com\/#\/schema\/person\/4e08ccf29b506ca916ff86d46bb700e6","name":"admin","image":{"@type":"ImageObject","inLanguage":"en-US","@id":"https:\/\/www.prijedordanas.com\/#\/schema\/person\/image\/","url":"https:\/\/secure.gravatar.com\/avatar\/1d3fc949d550f0b53a5f0d51e06dfd79?s=96&d=mm&r=g","contentUrl":"https:\/\/secure.gravatar.com\/avatar\/1d3fc949d550f0b53a5f0d51e06dfd79?s=96&d=mm&r=g","caption":"admin"},"url":"https:\/\/www.prijedordanas.com\/?author=1"}]}},"_links":{"self":[{"href":"https:\/\/www.prijedordanas.com\/index.php?rest_route=\/wp\/v2\/posts\/61253"}],"collection":[{"href":"https:\/\/www.prijedordanas.com\/index.php?rest_route=\/wp\/v2\/posts"}],"about":[{"href":"https:\/\/www.prijedordanas.com\/index.php?rest_route=\/wp\/v2\/types\/post"}],"author":[{"embeddable":true,"href":"https:\/\/www.prijedordanas.com\/index.php?rest_route=\/wp\/v2\/users\/1"}],"replies":[{"embeddable":true,"href":"https:\/\/www.prijedordanas.com\/index.php?rest_route=%2Fwp%2Fv2%2Fcomments&post=61253"}],"version-history":[{"count":1,"href":"https:\/\/www.prijedordanas.com\/index.php?rest_route=\/wp\/v2\/posts\/61253\/revisions"}],"predecessor-version":[{"id":61256,"href":"https:\/\/www.prijedordanas.com\/index.php?rest_route=\/wp\/v2\/posts\/61253\/revisions\/61256"}],"wp:attachment":[{"href":"https:\/\/www.prijedordanas.com\/index.php?rest_route=%2Fwp%2Fv2%2Fmedia&parent=61253"}],"wp:term":[{"taxonomy":"category","embeddable":true,"href":"https:\/\/www.prijedordanas.com\/index.php?rest_route=%2Fwp%2Fv2%2Fcategories&post=61253"},{"taxonomy":"post_tag","embeddable":true,"href":"https:\/\/www.prijedordanas.com\/index.php?rest_route=%2Fwp%2Fv2%2Ftags&post=61253"}],"curies":[{"name":"wp","href":"https:\/\/api.w.org\/{rel}","templated":true}]}}