{"id":60696,"date":"2016-09-12T18:00:58","date_gmt":"2016-09-12T16:00:58","guid":{"rendered":"https:\/\/www.prijedordanas.com\/?p=60696"},"modified":"2016-09-12T18:00:58","modified_gmt":"2016-09-12T16:00:58","slug":"sindikat-obrazovanja-nauke-kulture-nezadovoljni-prevozom-koeficijentima-video","status":"publish","type":"post","link":"https:\/\/www.prijedordanas.com\/?p=60696","title":{"rendered":"SINDIKAT OBRAZOVANJA, NAUKE I KULTURE: NEZADOVOLJNI PREVOZOM I KOEFICIJENTIMA \u2013 VIDEO"},"content":{"rendered":"<p><a href=\"https:\/\/www.prijedordanas.com\/wp-content\/uploads\/2016\/09\/rtvpd-sindikat-onk-nezadovoljan.jpg\"><img loading=\"lazy\" decoding=\"async\" src=\"https:\/\/www.prijedordanas.com\/wp-content\/uploads\/2016\/09\/rtvpd-sindikat-onk-nezadovoljan-300x216.jpg\" alt=\"rtvpd-sindikat-onk-nezadovoljan\" width=\"300\" height=\"216\" class=\"alignleft size-medium wp-image-60697\" srcset=\"https:\/\/www.prijedordanas.com\/wp-content\/uploads\/2016\/09\/rtvpd-sindikat-onk-nezadovoljan-300x216.jpg 300w, https:\/\/www.prijedordanas.com\/wp-content\/uploads\/2016\/09\/rtvpd-sindikat-onk-nezadovoljan-100x72.jpg 100w, https:\/\/www.prijedordanas.com\/wp-content\/uploads\/2016\/09\/rtvpd-sindikat-onk-nezadovoljan.jpg 694w\" sizes=\"(max-width: 300px) 100vw, 300px\" \/><\/a>Novi Posebni kolektivni ugovor bio je tema dana\u0161nje sjednice Sindikata obrazovanja, nauke i kulture Republike Srpske, Regionalog odbora Prijedor.<\/p>\n<p>U nekim segmentima, kako je re\u010deno, odredbe Ugovora su pobolj\u0161ane, u nekim pogor\u0161ane, a najve\u0107e nezadovoljstvo izazvale su naknade za prevoz i najave o mogu\u0107em smanjenju koeficijenata.<\/p>\n<p>\u2013 Prema novom Posebnom kolektivnom ugovoru, radnici koji putuju javnim prevozom, odnosno autobusima, ima\u0107e pla\u0107enu mjese\u010dnu kartu, dok \u0107e oni koji koriste sopstvene automobile dobiti naknadu od 50, odnosno 60 posto, ukoliko rade u dvije \u0161kole \u2013 pojasnio je Dragan Gnjati\u0107, predsjednik Sindikata obrazovanja, nauke i kulture Republike Srpske.<\/p>\n<p>Sindikalce posebno zabrinjavaju najave o mogu\u0107em smanjenju koeficijenata zaposlenima u ovoj oblasti, \u0161to je za njih potpuno neprihvatljivo, kategori\u010dan je Gnjati\u0107.<\/p>\n<p>Niko ne smije da se igra sudbinama 22.000 radnika koji su ionako o\u0161te\u0107eni u prethodnom periodu, poru\u010duju iz Sindikata obrazovanja, nauke i kulture uz napomenu da \u0107e preduzeti sve dozvoljene oblike sindikalne borbe, ukoliko to bude potrebno.<\/p>\n<p>Sindikalci se tako\u0111e pozivaju na raniji zaklju\u010dak Narodne skup\u0161tine Republike Srpske, prema kojem \u0107e koeficijenti u prosvjeti biti pove\u0107ani i izjedna\u010deni sa ostalim bud\u017eetskim korisnicima.<\/p>\n<p>RTV Prijedor<\/p>\n<p><iframe loading=\"lazy\" width=\"500\" height=\"281\" src=\"https:\/\/www.youtube.com\/embed\/3BOUbK1T1iw?feature=oembed\" frameborder=\"0\" allowfullscreen><\/iframe><\/p>\n","protected":false},"excerpt":{"rendered":"<p>Novi Posebni kolektivni ugovor bio je tema dana\u0161nje sjednice Sindikata obrazovanja, nauke i kulture Republike Srpske, Regionalog odbora Prijedor. U nekim segmentima, kako je re\u010deno, odredbe Ugovora su pobolj\u0161ane, u [&hellip;]<\/p>\n","protected":false},"author":1,"featured_media":0,"comment_status":"closed","ping_status":"open","sticky":false,"template":"","format":"standard","meta":{"_monsterinsights_skip_tracking":false,"_monsterinsights_sitenote_active":false,"_monsterinsights_sitenote_note":"","_monsterinsights_sitenote_category":0,"footnotes":""},"categories":[8],"tags":[5487,8796,8061,8795],"yoast_head":"<!-- This site is optimized with the Yoast SEO plugin v21.6 - https:\/\/yoast.com\/wordpress\/plugins\/seo\/ -->\n<title>SINDIKAT OBRAZOVANJA, NAUKE I KULTURE: NEZADOVOLJNI PREVOZOM I KOEFICIJENTIMA \u2013 VIDEO - PrijedorDanas.com - Prijedorski gradski portal<\/title>\n<meta name=\"robots\" content=\"index, follow, max-snippet:-1, max-image-preview:large, max-video-preview:-1\" \/>\n<link rel=\"canonical\" href=\"https:\/\/www.prijedordanas.com\/?p=60696\" \/>\n<meta property=\"og:locale\" content=\"en_US\" \/>\n<meta property=\"og:type\" content=\"article\" \/>\n<meta property=\"og:title\" content=\"SINDIKAT OBRAZOVANJA, NAUKE I KULTURE: NEZADOVOLJNI PREVOZOM I KOEFICIJENTIMA \u2013 VIDEO - PrijedorDanas.com - Prijedorski gradski portal\" \/>\n<meta property=\"og:description\" content=\"Novi Posebni kolektivni ugovor bio je tema dana\u0161nje sjednice Sindikata obrazovanja, nauke i kulture Republike Srpske, Regionalog odbora Prijedor. U nekim segmentima, kako je re\u010deno, odredbe Ugovora su pobolj\u0161ane, u [&hellip;]\" \/>\n<meta property=\"og:url\" content=\"https:\/\/www.prijedordanas.com\/?p=60696\" \/>\n<meta property=\"og:site_name\" content=\"PrijedorDanas.com - Prijedorski gradski portal\" \/>\n<meta property=\"article:publisher\" content=\"https:\/\/www.facebook.com\/PrijedorDanasCom\/\" \/>\n<meta property=\"article:published_time\" content=\"2016-09-12T16:00:58+00:00\" \/>\n<meta property=\"og:image\" content=\"https:\/\/www.prijedordanas.com\/wp-content\/uploads\/2016\/09\/rtvpd-sindikat-onk-nezadovoljan-300x216.jpg\" \/>\n<meta name=\"author\" content=\"admin\" \/>\n<meta name=\"twitter:card\" content=\"summary_large_image\" \/>\n<meta name=\"twitter:label1\" content=\"Written by\" \/>\n\t<meta name=\"twitter:data1\" content=\"admin\" \/>\n\t<meta name=\"twitter:label2\" content=\"Est. reading time\" \/>\n\t<meta name=\"twitter:data2\" content=\"1 minute\" \/>\n<script type=\"application\/ld+json\" class=\"yoast-schema-graph\">{\"@context\":\"https:\/\/schema.org\",\"@graph\":[{\"@type\":\"Article\",\"@id\":\"https:\/\/www.prijedordanas.com\/?p=60696#article\",\"isPartOf\":{\"@id\":\"https:\/\/www.prijedordanas.com\/?p=60696\"},\"author\":{\"name\":\"admin\",\"@id\":\"https:\/\/www.prijedordanas.com\/#\/schema\/person\/4e08ccf29b506ca916ff86d46bb700e6\"},\"headline\":\"SINDIKAT OBRAZOVANJA, NAUKE I KULTURE: NEZADOVOLJNI PREVOZOM I KOEFICIJENTIMA \u2013 VIDEO\",\"datePublished\":\"2016-09-12T16:00:58+00:00\",\"dateModified\":\"2016-09-12T16:00:58+00:00\",\"mainEntityOfPage\":{\"@id\":\"https:\/\/www.prijedordanas.com\/?p=60696\"},\"wordCount\":211,\"publisher\":{\"@id\":\"https:\/\/www.prijedordanas.com\/#organization\"},\"keywords\":[\"nezadovoljstvo\",\"Posebni kolektivni ugovor\",\"sindikalci\",\"Sindikat obrazovanja nauke i kulture RS Regionalni odbor Prijedor.\"],\"articleSection\":[\"Svakodnevno\"],\"inLanguage\":\"en-US\"},{\"@type\":\"WebPage\",\"@id\":\"https:\/\/www.prijedordanas.com\/?p=60696\",\"url\":\"https:\/\/www.prijedordanas.com\/?p=60696\",\"name\":\"SINDIKAT OBRAZOVANJA, NAUKE I KULTURE: NEZADOVOLJNI PREVOZOM I KOEFICIJENTIMA \u2013 VIDEO - PrijedorDanas.com - Prijedorski gradski portal\",\"isPartOf\":{\"@id\":\"https:\/\/www.prijedordanas.com\/#website\"},\"datePublished\":\"2016-09-12T16:00:58+00:00\",\"dateModified\":\"2016-09-12T16:00:58+00:00\",\"breadcrumb\":{\"@id\":\"https:\/\/www.prijedordanas.com\/?p=60696#breadcrumb\"},\"inLanguage\":\"en-US\",\"potentialAction\":[{\"@type\":\"ReadAction\",\"target\":[\"https:\/\/www.prijedordanas.com\/?p=60696\"]}]},{\"@type\":\"BreadcrumbList\",\"@id\":\"https:\/\/www.prijedordanas.com\/?p=60696#breadcrumb\",\"itemListElement\":[{\"@type\":\"ListItem\",\"position\":1,\"name\":\"Home\",\"item\":\"https:\/\/www.prijedordanas.com\/\"},{\"@type\":\"ListItem\",\"position\":2,\"name\":\"SINDIKAT OBRAZOVANJA, NAUKE I KULTURE: NEZADOVOLJNI PREVOZOM I KOEFICIJENTIMA \u2013 VIDEO\"}]},{\"@type\":\"WebSite\",\"@id\":\"https:\/\/www.prijedordanas.com\/#website\",\"url\":\"https:\/\/www.prijedordanas.com\/\",\"name\":\"PrijedorDanas.com - Prijedorski gradski portal\",\"description\":\"Portal o doga\u0111anjima u gradu Prijedoru\",\"publisher\":{\"@id\":\"https:\/\/www.prijedordanas.com\/#organization\"},\"potentialAction\":[{\"@type\":\"SearchAction\",\"target\":{\"@type\":\"EntryPoint\",\"urlTemplate\":\"https:\/\/www.prijedordanas.com\/?s={search_term_string}\"},\"query-input\":\"required name=search_term_string\"}],\"inLanguage\":\"en-US\"},{\"@type\":\"Organization\",\"@id\":\"https:\/\/www.prijedordanas.com\/#organization\",\"name\":\"PrijedorDanas.com\",\"url\":\"https:\/\/www.prijedordanas.com\/\",\"logo\":{\"@type\":\"ImageObject\",\"inLanguage\":\"en-US\",\"@id\":\"https:\/\/www.prijedordanas.com\/#\/schema\/logo\/image\/\",\"url\":\"http:\/\/www.prijedordanas.com\/wp-content\/uploads\/2021\/12\/logopng.png\",\"contentUrl\":\"http:\/\/www.prijedordanas.com\/wp-content\/uploads\/2021\/12\/logopng.png\",\"width\":1019,\"height\":776,\"caption\":\"PrijedorDanas.com\"},\"image\":{\"@id\":\"https:\/\/www.prijedordanas.com\/#\/schema\/logo\/image\/\"},\"sameAs\":[\"https:\/\/www.facebook.com\/PrijedorDanasCom\/\"]},{\"@type\":\"Person\",\"@id\":\"https:\/\/www.prijedordanas.com\/#\/schema\/person\/4e08ccf29b506ca916ff86d46bb700e6\",\"name\":\"admin\",\"image\":{\"@type\":\"ImageObject\",\"inLanguage\":\"en-US\",\"@id\":\"https:\/\/www.prijedordanas.com\/#\/schema\/person\/image\/\",\"url\":\"https:\/\/secure.gravatar.com\/avatar\/1d3fc949d550f0b53a5f0d51e06dfd79?s=96&d=mm&r=g\",\"contentUrl\":\"https:\/\/secure.gravatar.com\/avatar\/1d3fc949d550f0b53a5f0d51e06dfd79?s=96&d=mm&r=g\",\"caption\":\"admin\"},\"url\":\"https:\/\/www.prijedordanas.com\/?author=1\"}]}<\/script>\n<!-- \/ Yoast SEO plugin. -->","yoast_head_json":{"title":"SINDIKAT OBRAZOVANJA, NAUKE I KULTURE: NEZADOVOLJNI PREVOZOM I KOEFICIJENTIMA \u2013 VIDEO - PrijedorDanas.com - Prijedorski gradski portal","robots":{"index":"index","follow":"follow","max-snippet":"max-snippet:-1","max-image-preview":"max-image-preview:large","max-video-preview":"max-video-preview:-1"},"canonical":"https:\/\/www.prijedordanas.com\/?p=60696","og_locale":"en_US","og_type":"article","og_title":"SINDIKAT OBRAZOVANJA, NAUKE I KULTURE: NEZADOVOLJNI PREVOZOM I KOEFICIJENTIMA \u2013 VIDEO - PrijedorDanas.com - Prijedorski gradski portal","og_description":"Novi Posebni kolektivni ugovor bio je tema dana\u0161nje sjednice Sindikata obrazovanja, nauke i kulture Republike Srpske, Regionalog odbora Prijedor. U nekim segmentima, kako je re\u010deno, odredbe Ugovora su pobolj\u0161ane, u [&hellip;]","og_url":"https:\/\/www.prijedordanas.com\/?p=60696","og_site_name":"PrijedorDanas.com - Prijedorski gradski portal","article_publisher":"https:\/\/www.facebook.com\/PrijedorDanasCom\/","article_published_time":"2016-09-12T16:00:58+00:00","og_image":[{"url":"https:\/\/www.prijedordanas.com\/wp-content\/uploads\/2016\/09\/rtvpd-sindikat-onk-nezadovoljan-300x216.jpg"}],"author":"admin","twitter_card":"summary_large_image","twitter_misc":{"Written by":"admin","Est. reading time":"1 minute"},"schema":{"@context":"https:\/\/schema.org","@graph":[{"@type":"Article","@id":"https:\/\/www.prijedordanas.com\/?p=60696#article","isPartOf":{"@id":"https:\/\/www.prijedordanas.com\/?p=60696"},"author":{"name":"admin","@id":"https:\/\/www.prijedordanas.com\/#\/schema\/person\/4e08ccf29b506ca916ff86d46bb700e6"},"headline":"SINDIKAT OBRAZOVANJA, NAUKE I KULTURE: NEZADOVOLJNI PREVOZOM I KOEFICIJENTIMA \u2013 VIDEO","datePublished":"2016-09-12T16:00:58+00:00","dateModified":"2016-09-12T16:00:58+00:00","mainEntityOfPage":{"@id":"https:\/\/www.prijedordanas.com\/?p=60696"},"wordCount":211,"publisher":{"@id":"https:\/\/www.prijedordanas.com\/#organization"},"keywords":["nezadovoljstvo","Posebni kolektivni ugovor","sindikalci","Sindikat obrazovanja nauke i kulture RS Regionalni odbor Prijedor."],"articleSection":["Svakodnevno"],"inLanguage":"en-US"},{"@type":"WebPage","@id":"https:\/\/www.prijedordanas.com\/?p=60696","url":"https:\/\/www.prijedordanas.com\/?p=60696","name":"SINDIKAT OBRAZOVANJA, NAUKE I KULTURE: NEZADOVOLJNI PREVOZOM I KOEFICIJENTIMA \u2013 VIDEO - PrijedorDanas.com - Prijedorski gradski portal","isPartOf":{"@id":"https:\/\/www.prijedordanas.com\/#website"},"datePublished":"2016-09-12T16:00:58+00:00","dateModified":"2016-09-12T16:00:58+00:00","breadcrumb":{"@id":"https:\/\/www.prijedordanas.com\/?p=60696#breadcrumb"},"inLanguage":"en-US","potentialAction":[{"@type":"ReadAction","target":["https:\/\/www.prijedordanas.com\/?p=60696"]}]},{"@type":"BreadcrumbList","@id":"https:\/\/www.prijedordanas.com\/?p=60696#breadcrumb","itemListElement":[{"@type":"ListItem","position":1,"name":"Home","item":"https:\/\/www.prijedordanas.com\/"},{"@type":"ListItem","position":2,"name":"SINDIKAT OBRAZOVANJA, NAUKE I KULTURE: NEZADOVOLJNI PREVOZOM I KOEFICIJENTIMA \u2013 VIDEO"}]},{"@type":"WebSite","@id":"https:\/\/www.prijedordanas.com\/#website","url":"https:\/\/www.prijedordanas.com\/","name":"PrijedorDanas.com - Prijedorski gradski portal","description":"Portal o doga\u0111anjima u gradu Prijedoru","publisher":{"@id":"https:\/\/www.prijedordanas.com\/#organization"},"potentialAction":[{"@type":"SearchAction","target":{"@type":"EntryPoint","urlTemplate":"https:\/\/www.prijedordanas.com\/?s={search_term_string}"},"query-input":"required name=search_term_string"}],"inLanguage":"en-US"},{"@type":"Organization","@id":"https:\/\/www.prijedordanas.com\/#organization","name":"PrijedorDanas.com","url":"https:\/\/www.prijedordanas.com\/","logo":{"@type":"ImageObject","inLanguage":"en-US","@id":"https:\/\/www.prijedordanas.com\/#\/schema\/logo\/image\/","url":"http:\/\/www.prijedordanas.com\/wp-content\/uploads\/2021\/12\/logopng.png","contentUrl":"http:\/\/www.prijedordanas.com\/wp-content\/uploads\/2021\/12\/logopng.png","width":1019,"height":776,"caption":"PrijedorDanas.com"},"image":{"@id":"https:\/\/www.prijedordanas.com\/#\/schema\/logo\/image\/"},"sameAs":["https:\/\/www.facebook.com\/PrijedorDanasCom\/"]},{"@type":"Person","@id":"https:\/\/www.prijedordanas.com\/#\/schema\/person\/4e08ccf29b506ca916ff86d46bb700e6","name":"admin","image":{"@type":"ImageObject","inLanguage":"en-US","@id":"https:\/\/www.prijedordanas.com\/#\/schema\/person\/image\/","url":"https:\/\/secure.gravatar.com\/avatar\/1d3fc949d550f0b53a5f0d51e06dfd79?s=96&d=mm&r=g","contentUrl":"https:\/\/secure.gravatar.com\/avatar\/1d3fc949d550f0b53a5f0d51e06dfd79?s=96&d=mm&r=g","caption":"admin"},"url":"https:\/\/www.prijedordanas.com\/?author=1"}]}},"_links":{"self":[{"href":"https:\/\/www.prijedordanas.com\/index.php?rest_route=\/wp\/v2\/posts\/60696"}],"collection":[{"href":"https:\/\/www.prijedordanas.com\/index.php?rest_route=\/wp\/v2\/posts"}],"about":[{"href":"https:\/\/www.prijedordanas.com\/index.php?rest_route=\/wp\/v2\/types\/post"}],"author":[{"embeddable":true,"href":"https:\/\/www.prijedordanas.com\/index.php?rest_route=\/wp\/v2\/users\/1"}],"replies":[{"embeddable":true,"href":"https:\/\/www.prijedordanas.com\/index.php?rest_route=%2Fwp%2Fv2%2Fcomments&post=60696"}],"version-history":[{"count":1,"href":"https:\/\/www.prijedordanas.com\/index.php?rest_route=\/wp\/v2\/posts\/60696\/revisions"}],"predecessor-version":[{"id":60698,"href":"https:\/\/www.prijedordanas.com\/index.php?rest_route=\/wp\/v2\/posts\/60696\/revisions\/60698"}],"wp:attachment":[{"href":"https:\/\/www.prijedordanas.com\/index.php?rest_route=%2Fwp%2Fv2%2Fmedia&parent=60696"}],"wp:term":[{"taxonomy":"category","embeddable":true,"href":"https:\/\/www.prijedordanas.com\/index.php?rest_route=%2Fwp%2Fv2%2Fcategories&post=60696"},{"taxonomy":"post_tag","embeddable":true,"href":"https:\/\/www.prijedordanas.com\/index.php?rest_route=%2Fwp%2Fv2%2Ftags&post=60696"}],"curies":[{"name":"wp","href":"https:\/\/api.w.org\/{rel}","templated":true}]}}