{"id":60437,"date":"2016-09-09T08:26:42","date_gmt":"2016-09-09T06:26:42","guid":{"rendered":"https:\/\/www.prijedordanas.com\/?p=60437"},"modified":"2016-09-09T08:26:42","modified_gmt":"2016-09-09T06:26:42","slug":"prijedorcanin-drazan-janjanin-boksuje-mec-karijere-zelim-da-iznenadim-cisoru","status":"publish","type":"post","link":"https:\/\/www.prijedordanas.com\/?p=60437","title":{"rendered":"PRIJEDOR\u010cANIN DRA\u017dAN JANJANIN BOKSUJE ME\u010c KARIJERE: \u017dELIM DA IZNENADIM \u010cISORU"},"content":{"rendered":"<p><a href=\"https:\/\/www.prijedordanas.com\/wp-content\/uploads\/2016\/09\/chisora-janjanin.jpg\"><img loading=\"lazy\" decoding=\"async\" class=\"alignleft size-medium wp-image-60438\" src=\"https:\/\/www.prijedordanas.com\/wp-content\/uploads\/2016\/09\/chisora-janjanin-240x300.jpg\" alt=\"chisora-janjanin\" width=\"240\" height=\"300\" srcset=\"https:\/\/www.prijedordanas.com\/wp-content\/uploads\/2016\/09\/chisora-janjanin-240x300.jpg 240w, https:\/\/www.prijedordanas.com\/wp-content\/uploads\/2016\/09\/chisora-janjanin-80x100.jpg 80w, https:\/\/www.prijedordanas.com\/wp-content\/uploads\/2016\/09\/chisora-janjanin.jpg 576w\" sizes=\"(max-width: 240px) 100vw, 240px\" \/><\/a>Pred Prijedor\u010daninom Dra\u017eanom Janjaninom ovog vikenda je me\u010d karijere.<\/p>\n<p>Naime, najstariji od trojice bra\u0107e boksera u subotu, 10.septembra, u \u0160tokholmu (\u0160vedska) \u0107e odmjeriti snage sa poznatim britanskim borcem Derekom \u010cisorom.<\/p>\n<p>O kakvom borcu se radi dovoljno govori spisak njegovih protivnika i titule za koje se borio.<\/p>\n<p>Bokser ro\u0111en u Zimbabveu borio se protiv Vitalija Kli\u010dka za WBC svjetsku titulu, protiv Tajsona Fjurija dva puta za Komonvelt i za WBO titulu, protiv Kubrata Puleva za evropsku titulu, protiv Dejvida Heja za WBO titulu.<\/p>\n<p>-Moj protivnik je 12. na listi najboljih svjetskih \u201cte\u0161ka\u0161a\u201d a ja sam 225. \u0161to dovoljno govori ko je favorit u ovom presti\u017e me\u010du u te\u0161koj kategoriji. Me\u0111utim, ni trenutka se nisam dvoumio kada sam od jedne njema\u010dke bokserske agencije dobio poziv da mu budem rival. Istina je da su mnogi bokseri prije mene odbili duel sa \u010cisorom, ali ja jednostavno nemam \u0161ta da izgubim \u2013 ka\u017ee Dra\u017ean Janjanin.<\/p>\n<p><a href=\"https:\/\/www.prijedordanas.com\/wp-content\/uploads\/2015\/12\/drazan-janjanin.jpg\"><img loading=\"lazy\" decoding=\"async\" class=\"alignleft size-medium wp-image-36938\" src=\"https:\/\/www.prijedordanas.com\/wp-content\/uploads\/2015\/12\/drazan-janjanin-300x238.jpg\" alt=\"drazan janjanin\" width=\"300\" height=\"238\" srcset=\"https:\/\/www.prijedordanas.com\/wp-content\/uploads\/2015\/12\/drazan-janjanin-300x238.jpg 300w, https:\/\/www.prijedordanas.com\/wp-content\/uploads\/2015\/12\/drazan-janjanin.jpg 600w\" sizes=\"(max-width: 300px) 100vw, 300px\" \/><\/a>On se, prije svega, nada da mo\u017ee \u201codraditi\u201d me\u010d punih osam rundi po tri minuta koliko je i predvi\u0111eno.<\/p>\n<p>-Ovaj me\u010d je ostvarenje mojih snova. On je planetarno poznat, a ja sam, realno, \u201canonimac\u201d koji je dobio priliku koja se ukazuje, vjerovatno, samo jednom u \u017eivotu \u2013 isti\u010de Prijedor\u010danin.<\/p>\n<p>Dra\u017ean dodaje da je njegova najve\u0107a prednost upravo to \u0161to ga protivnik ne poznaje dovoljno.<\/p>\n<p>-Svi znaju kakav je borac \u010cisora i kakvu reputaciju ima. Ne\u0107u \u201cnasjesti\u201d na njegove provokacije po kojima je poznat i da\u0107u svoj maksimum da ga iznenadim. Nekada je dovoljan samo jedan pravi udarac koji mo\u017ee donijeti prevagu. Nadam se da \u0107u taj udarac zadati upravo ja. Pobjedom bih napravio veliko iznena\u0111enje i ogroman iskorak u svojoj karijeri \u2013 optimista je Janjanin.<\/p>\n<p>Nakon treninga u Prijedoru, on je zavr\u0161ni dio priprema obavio u Gracu (Austrija) kod prijatelja Mirze Rami\u0107a a sparing partner mu je, izme\u0111u ostalih, bio i poznati UFC borac Riko Rodrigez.<\/p>\n<p>Dra\u017ean Janjanin \u0107e u \u0160vedskoj imati podr\u0161ku i brata Sla\u0111ana koji tako\u0111e gradi uspje\u0161nu boksersku karijeru.<\/p>\n<p>Tekst i foto arhiva \u2013 Aleksandar Drakuli\u0107 \u2013 <a href=\"www.prijedordanas.com\" target=\"_blank\">www.prijedordanas.com<\/a><br \/>\nFoto &#8211; Dra\u017ean Janjanin<\/p>\n<p><a href=\"https:\/\/www.prijedordanas.com\/wp-content\/uploads\/2016\/07\/box-noc-ratnika-5.jpg\"><img loading=\"lazy\" decoding=\"async\" class=\"alignleft size-medium wp-image-54427\" src=\"https:\/\/www.prijedordanas.com\/wp-content\/uploads\/2016\/07\/box-noc-ratnika-5-300x199.jpg\" alt=\"box-noc ratnika (5)\" width=\"300\" height=\"199\" srcset=\"https:\/\/www.prijedordanas.com\/wp-content\/uploads\/2016\/07\/box-noc-ratnika-5-300x200.jpg 300w, https:\/\/www.prijedordanas.com\/wp-content\/uploads\/2016\/07\/box-noc-ratnika-5-768x509.jpg 768w, https:\/\/www.prijedordanas.com\/wp-content\/uploads\/2016\/07\/box-noc-ratnika-5-480x320.jpg 480w, https:\/\/www.prijedordanas.com\/wp-content\/uploads\/2016\/07\/box-noc-ratnika-5.jpg 800w\" sizes=\"(max-width: 300px) 100vw, 300px\" \/><\/a> <a href=\"https:\/\/www.prijedordanas.com\/wp-content\/uploads\/2015\/07\/vece-boksa-braca-janjanin-6.jpg\"><img loading=\"lazy\" decoding=\"async\" class=\"alignleft size-medium wp-image-26056\" src=\"https:\/\/www.prijedordanas.com\/wp-content\/uploads\/2015\/07\/vece-boksa-braca-janjanin-6-300x199.jpg\" alt=\"vece boksa-braca janjanin (6)\" width=\"300\" height=\"199\" srcset=\"https:\/\/www.prijedordanas.com\/wp-content\/uploads\/2015\/07\/vece-boksa-braca-janjanin-6-300x199.jpg 300w, https:\/\/www.prijedordanas.com\/wp-content\/uploads\/2015\/07\/vece-boksa-braca-janjanin-6-150x100.jpg 150w, https:\/\/www.prijedordanas.com\/wp-content\/uploads\/2015\/07\/vece-boksa-braca-janjanin-6-200x133.jpg 200w, https:\/\/www.prijedordanas.com\/wp-content\/uploads\/2015\/07\/vece-boksa-braca-janjanin-6-250x166.jpg 250w, https:\/\/www.prijedordanas.com\/wp-content\/uploads\/2015\/07\/vece-boksa-braca-janjanin-6-480x320.jpg 480w, https:\/\/www.prijedordanas.com\/wp-content\/uploads\/2015\/07\/vece-boksa-braca-janjanin-6.jpg 800w\" sizes=\"(max-width: 300px) 100vw, 300px\" \/><\/a><\/p>\n","protected":false},"excerpt":{"rendered":"<p>Pred Prijedor\u010daninom Dra\u017eanom Janjaninom ovog vikenda je me\u010d karijere. Naime, najstariji od trojice bra\u0107e boksera u subotu, 10.septembra, u \u0160tokholmu (\u0160vedska) \u0107e odmjeriti snage sa poznatim britanskim borcem Derekom \u010cisorom. [&hellip;]<\/p>\n","protected":false},"author":1,"featured_media":0,"comment_status":"closed","ping_status":"open","sticky":false,"template":"","format":"standard","meta":{"_monsterinsights_skip_tracking":false,"_monsterinsights_sitenote_active":false,"_monsterinsights_sitenote_note":"","_monsterinsights_sitenote_category":0,"footnotes":""},"categories":[7],"tags":[1984,1986],"yoast_head":"<!-- This site is optimized with the Yoast SEO plugin v21.6 - https:\/\/yoast.com\/wordpress\/plugins\/seo\/ -->\n<title>PRIJEDOR\u010cANIN DRA\u017dAN JANJANIN BOKSUJE ME\u010c KARIJERE: \u017dELIM DA IZNENADIM \u010cISORU - PrijedorDanas.com - Prijedorski gradski portal<\/title>\n<meta name=\"robots\" content=\"index, follow, max-snippet:-1, max-image-preview:large, max-video-preview:-1\" \/>\n<link rel=\"canonical\" href=\"https:\/\/www.prijedordanas.com\/?p=60437\" \/>\n<meta property=\"og:locale\" content=\"en_US\" \/>\n<meta property=\"og:type\" content=\"article\" \/>\n<meta property=\"og:title\" content=\"PRIJEDOR\u010cANIN DRA\u017dAN JANJANIN BOKSUJE ME\u010c KARIJERE: \u017dELIM DA IZNENADIM \u010cISORU - PrijedorDanas.com - Prijedorski gradski portal\" \/>\n<meta property=\"og:description\" content=\"Pred Prijedor\u010daninom Dra\u017eanom Janjaninom ovog vikenda je me\u010d karijere. Naime, najstariji od trojice bra\u0107e boksera u subotu, 10.septembra, u \u0160tokholmu (\u0160vedska) \u0107e odmjeriti snage sa poznatim britanskim borcem Derekom \u010cisorom. [&hellip;]\" \/>\n<meta property=\"og:url\" content=\"https:\/\/www.prijedordanas.com\/?p=60437\" \/>\n<meta property=\"og:site_name\" content=\"PrijedorDanas.com - Prijedorski gradski portal\" \/>\n<meta property=\"article:publisher\" content=\"https:\/\/www.facebook.com\/PrijedorDanasCom\/\" \/>\n<meta property=\"article:published_time\" content=\"2016-09-09T06:26:42+00:00\" \/>\n<meta property=\"og:image\" content=\"https:\/\/www.prijedordanas.com\/wp-content\/uploads\/2016\/09\/chisora-janjanin-240x300.jpg\" \/>\n<meta name=\"author\" content=\"admin\" \/>\n<meta name=\"twitter:card\" content=\"summary_large_image\" \/>\n<meta name=\"twitter:label1\" content=\"Written by\" \/>\n\t<meta name=\"twitter:data1\" content=\"admin\" \/>\n\t<meta name=\"twitter:label2\" content=\"Est. reading time\" \/>\n\t<meta name=\"twitter:data2\" content=\"2 minutes\" \/>\n<script type=\"application\/ld+json\" class=\"yoast-schema-graph\">{\"@context\":\"https:\/\/schema.org\",\"@graph\":[{\"@type\":\"Article\",\"@id\":\"https:\/\/www.prijedordanas.com\/?p=60437#article\",\"isPartOf\":{\"@id\":\"https:\/\/www.prijedordanas.com\/?p=60437\"},\"author\":{\"name\":\"admin\",\"@id\":\"https:\/\/www.prijedordanas.com\/#\/schema\/person\/4e08ccf29b506ca916ff86d46bb700e6\"},\"headline\":\"PRIJEDOR\u010cANIN DRA\u017dAN JANJANIN BOKSUJE ME\u010c KARIJERE: \u017dELIM DA IZNENADIM \u010cISORU\",\"datePublished\":\"2016-09-09T06:26:42+00:00\",\"dateModified\":\"2016-09-09T06:26:42+00:00\",\"mainEntityOfPage\":{\"@id\":\"https:\/\/www.prijedordanas.com\/?p=60437\"},\"wordCount\":374,\"publisher\":{\"@id\":\"https:\/\/www.prijedordanas.com\/#organization\"},\"keywords\":[\"boks\",\"Dra\u017ean Janjanin\"],\"articleSection\":[\"Sport\"],\"inLanguage\":\"en-US\"},{\"@type\":\"WebPage\",\"@id\":\"https:\/\/www.prijedordanas.com\/?p=60437\",\"url\":\"https:\/\/www.prijedordanas.com\/?p=60437\",\"name\":\"PRIJEDOR\u010cANIN DRA\u017dAN JANJANIN BOKSUJE ME\u010c KARIJERE: \u017dELIM DA IZNENADIM \u010cISORU - PrijedorDanas.com - Prijedorski gradski portal\",\"isPartOf\":{\"@id\":\"https:\/\/www.prijedordanas.com\/#website\"},\"datePublished\":\"2016-09-09T06:26:42+00:00\",\"dateModified\":\"2016-09-09T06:26:42+00:00\",\"breadcrumb\":{\"@id\":\"https:\/\/www.prijedordanas.com\/?p=60437#breadcrumb\"},\"inLanguage\":\"en-US\",\"potentialAction\":[{\"@type\":\"ReadAction\",\"target\":[\"https:\/\/www.prijedordanas.com\/?p=60437\"]}]},{\"@type\":\"BreadcrumbList\",\"@id\":\"https:\/\/www.prijedordanas.com\/?p=60437#breadcrumb\",\"itemListElement\":[{\"@type\":\"ListItem\",\"position\":1,\"name\":\"Home\",\"item\":\"https:\/\/www.prijedordanas.com\/\"},{\"@type\":\"ListItem\",\"position\":2,\"name\":\"PRIJEDOR\u010cANIN DRA\u017dAN JANJANIN BOKSUJE ME\u010c KARIJERE: \u017dELIM DA IZNENADIM \u010cISORU\"}]},{\"@type\":\"WebSite\",\"@id\":\"https:\/\/www.prijedordanas.com\/#website\",\"url\":\"https:\/\/www.prijedordanas.com\/\",\"name\":\"PrijedorDanas.com - Prijedorski gradski portal\",\"description\":\"Portal o doga\u0111anjima u gradu Prijedoru\",\"publisher\":{\"@id\":\"https:\/\/www.prijedordanas.com\/#organization\"},\"potentialAction\":[{\"@type\":\"SearchAction\",\"target\":{\"@type\":\"EntryPoint\",\"urlTemplate\":\"https:\/\/www.prijedordanas.com\/?s={search_term_string}\"},\"query-input\":\"required name=search_term_string\"}],\"inLanguage\":\"en-US\"},{\"@type\":\"Organization\",\"@id\":\"https:\/\/www.prijedordanas.com\/#organization\",\"name\":\"PrijedorDanas.com\",\"url\":\"https:\/\/www.prijedordanas.com\/\",\"logo\":{\"@type\":\"ImageObject\",\"inLanguage\":\"en-US\",\"@id\":\"https:\/\/www.prijedordanas.com\/#\/schema\/logo\/image\/\",\"url\":\"http:\/\/www.prijedordanas.com\/wp-content\/uploads\/2021\/12\/logopng.png\",\"contentUrl\":\"http:\/\/www.prijedordanas.com\/wp-content\/uploads\/2021\/12\/logopng.png\",\"width\":1019,\"height\":776,\"caption\":\"PrijedorDanas.com\"},\"image\":{\"@id\":\"https:\/\/www.prijedordanas.com\/#\/schema\/logo\/image\/\"},\"sameAs\":[\"https:\/\/www.facebook.com\/PrijedorDanasCom\/\"]},{\"@type\":\"Person\",\"@id\":\"https:\/\/www.prijedordanas.com\/#\/schema\/person\/4e08ccf29b506ca916ff86d46bb700e6\",\"name\":\"admin\",\"image\":{\"@type\":\"ImageObject\",\"inLanguage\":\"en-US\",\"@id\":\"https:\/\/www.prijedordanas.com\/#\/schema\/person\/image\/\",\"url\":\"https:\/\/secure.gravatar.com\/avatar\/1d3fc949d550f0b53a5f0d51e06dfd79?s=96&d=mm&r=g\",\"contentUrl\":\"https:\/\/secure.gravatar.com\/avatar\/1d3fc949d550f0b53a5f0d51e06dfd79?s=96&d=mm&r=g\",\"caption\":\"admin\"},\"url\":\"https:\/\/www.prijedordanas.com\/?author=1\"}]}<\/script>\n<!-- \/ Yoast SEO plugin. -->","yoast_head_json":{"title":"PRIJEDOR\u010cANIN DRA\u017dAN JANJANIN BOKSUJE ME\u010c KARIJERE: \u017dELIM DA IZNENADIM \u010cISORU - PrijedorDanas.com - Prijedorski gradski portal","robots":{"index":"index","follow":"follow","max-snippet":"max-snippet:-1","max-image-preview":"max-image-preview:large","max-video-preview":"max-video-preview:-1"},"canonical":"https:\/\/www.prijedordanas.com\/?p=60437","og_locale":"en_US","og_type":"article","og_title":"PRIJEDOR\u010cANIN DRA\u017dAN JANJANIN BOKSUJE ME\u010c KARIJERE: \u017dELIM DA IZNENADIM \u010cISORU - PrijedorDanas.com - Prijedorski gradski portal","og_description":"Pred Prijedor\u010daninom Dra\u017eanom Janjaninom ovog vikenda je me\u010d karijere. Naime, najstariji od trojice bra\u0107e boksera u subotu, 10.septembra, u \u0160tokholmu (\u0160vedska) \u0107e odmjeriti snage sa poznatim britanskim borcem Derekom \u010cisorom. [&hellip;]","og_url":"https:\/\/www.prijedordanas.com\/?p=60437","og_site_name":"PrijedorDanas.com - Prijedorski gradski portal","article_publisher":"https:\/\/www.facebook.com\/PrijedorDanasCom\/","article_published_time":"2016-09-09T06:26:42+00:00","og_image":[{"url":"https:\/\/www.prijedordanas.com\/wp-content\/uploads\/2016\/09\/chisora-janjanin-240x300.jpg"}],"author":"admin","twitter_card":"summary_large_image","twitter_misc":{"Written by":"admin","Est. reading time":"2 minutes"},"schema":{"@context":"https:\/\/schema.org","@graph":[{"@type":"Article","@id":"https:\/\/www.prijedordanas.com\/?p=60437#article","isPartOf":{"@id":"https:\/\/www.prijedordanas.com\/?p=60437"},"author":{"name":"admin","@id":"https:\/\/www.prijedordanas.com\/#\/schema\/person\/4e08ccf29b506ca916ff86d46bb700e6"},"headline":"PRIJEDOR\u010cANIN DRA\u017dAN JANJANIN BOKSUJE ME\u010c KARIJERE: \u017dELIM DA IZNENADIM \u010cISORU","datePublished":"2016-09-09T06:26:42+00:00","dateModified":"2016-09-09T06:26:42+00:00","mainEntityOfPage":{"@id":"https:\/\/www.prijedordanas.com\/?p=60437"},"wordCount":374,"publisher":{"@id":"https:\/\/www.prijedordanas.com\/#organization"},"keywords":["boks","Dra\u017ean Janjanin"],"articleSection":["Sport"],"inLanguage":"en-US"},{"@type":"WebPage","@id":"https:\/\/www.prijedordanas.com\/?p=60437","url":"https:\/\/www.prijedordanas.com\/?p=60437","name":"PRIJEDOR\u010cANIN DRA\u017dAN JANJANIN BOKSUJE ME\u010c KARIJERE: \u017dELIM DA IZNENADIM \u010cISORU - PrijedorDanas.com - Prijedorski gradski portal","isPartOf":{"@id":"https:\/\/www.prijedordanas.com\/#website"},"datePublished":"2016-09-09T06:26:42+00:00","dateModified":"2016-09-09T06:26:42+00:00","breadcrumb":{"@id":"https:\/\/www.prijedordanas.com\/?p=60437#breadcrumb"},"inLanguage":"en-US","potentialAction":[{"@type":"ReadAction","target":["https:\/\/www.prijedordanas.com\/?p=60437"]}]},{"@type":"BreadcrumbList","@id":"https:\/\/www.prijedordanas.com\/?p=60437#breadcrumb","itemListElement":[{"@type":"ListItem","position":1,"name":"Home","item":"https:\/\/www.prijedordanas.com\/"},{"@type":"ListItem","position":2,"name":"PRIJEDOR\u010cANIN DRA\u017dAN JANJANIN BOKSUJE ME\u010c KARIJERE: \u017dELIM DA IZNENADIM \u010cISORU"}]},{"@type":"WebSite","@id":"https:\/\/www.prijedordanas.com\/#website","url":"https:\/\/www.prijedordanas.com\/","name":"PrijedorDanas.com - Prijedorski gradski portal","description":"Portal o doga\u0111anjima u gradu Prijedoru","publisher":{"@id":"https:\/\/www.prijedordanas.com\/#organization"},"potentialAction":[{"@type":"SearchAction","target":{"@type":"EntryPoint","urlTemplate":"https:\/\/www.prijedordanas.com\/?s={search_term_string}"},"query-input":"required name=search_term_string"}],"inLanguage":"en-US"},{"@type":"Organization","@id":"https:\/\/www.prijedordanas.com\/#organization","name":"PrijedorDanas.com","url":"https:\/\/www.prijedordanas.com\/","logo":{"@type":"ImageObject","inLanguage":"en-US","@id":"https:\/\/www.prijedordanas.com\/#\/schema\/logo\/image\/","url":"http:\/\/www.prijedordanas.com\/wp-content\/uploads\/2021\/12\/logopng.png","contentUrl":"http:\/\/www.prijedordanas.com\/wp-content\/uploads\/2021\/12\/logopng.png","width":1019,"height":776,"caption":"PrijedorDanas.com"},"image":{"@id":"https:\/\/www.prijedordanas.com\/#\/schema\/logo\/image\/"},"sameAs":["https:\/\/www.facebook.com\/PrijedorDanasCom\/"]},{"@type":"Person","@id":"https:\/\/www.prijedordanas.com\/#\/schema\/person\/4e08ccf29b506ca916ff86d46bb700e6","name":"admin","image":{"@type":"ImageObject","inLanguage":"en-US","@id":"https:\/\/www.prijedordanas.com\/#\/schema\/person\/image\/","url":"https:\/\/secure.gravatar.com\/avatar\/1d3fc949d550f0b53a5f0d51e06dfd79?s=96&d=mm&r=g","contentUrl":"https:\/\/secure.gravatar.com\/avatar\/1d3fc949d550f0b53a5f0d51e06dfd79?s=96&d=mm&r=g","caption":"admin"},"url":"https:\/\/www.prijedordanas.com\/?author=1"}]}},"_links":{"self":[{"href":"https:\/\/www.prijedordanas.com\/index.php?rest_route=\/wp\/v2\/posts\/60437"}],"collection":[{"href":"https:\/\/www.prijedordanas.com\/index.php?rest_route=\/wp\/v2\/posts"}],"about":[{"href":"https:\/\/www.prijedordanas.com\/index.php?rest_route=\/wp\/v2\/types\/post"}],"author":[{"embeddable":true,"href":"https:\/\/www.prijedordanas.com\/index.php?rest_route=\/wp\/v2\/users\/1"}],"replies":[{"embeddable":true,"href":"https:\/\/www.prijedordanas.com\/index.php?rest_route=%2Fwp%2Fv2%2Fcomments&post=60437"}],"version-history":[{"count":2,"href":"https:\/\/www.prijedordanas.com\/index.php?rest_route=\/wp\/v2\/posts\/60437\/revisions"}],"predecessor-version":[{"id":60469,"href":"https:\/\/www.prijedordanas.com\/index.php?rest_route=\/wp\/v2\/posts\/60437\/revisions\/60469"}],"wp:attachment":[{"href":"https:\/\/www.prijedordanas.com\/index.php?rest_route=%2Fwp%2Fv2%2Fmedia&parent=60437"}],"wp:term":[{"taxonomy":"category","embeddable":true,"href":"https:\/\/www.prijedordanas.com\/index.php?rest_route=%2Fwp%2Fv2%2Fcategories&post=60437"},{"taxonomy":"post_tag","embeddable":true,"href":"https:\/\/www.prijedordanas.com\/index.php?rest_route=%2Fwp%2Fv2%2Ftags&post=60437"}],"curies":[{"name":"wp","href":"https:\/\/api.w.org\/{rel}","templated":true}]}}