{"id":60289,"date":"2016-09-06T12:39:57","date_gmt":"2016-09-06T10:39:57","guid":{"rendered":"https:\/\/www.prijedordanas.com\/?p=60289"},"modified":"2016-09-06T12:39:57","modified_gmt":"2016-09-06T10:39:57","slug":"prijedorcanin-osumnjicen-za-13-krada","status":"publish","type":"post","link":"https:\/\/www.prijedordanas.com\/?p=60289","title":{"rendered":"PRIJEDOR\u010cANIN OSUMNJI\u010cEN ZA 13 KRA\u0110A"},"content":{"rendered":"<p><a href=\"https:\/\/www.prijedordanas.com\/wp-content\/uploads\/2016\/05\/ilustracija-kradje.jpg\"><img loading=\"lazy\" decoding=\"async\" class=\"alignleft size-medium wp-image-49790\" src=\"https:\/\/www.prijedordanas.com\/wp-content\/uploads\/2016\/05\/ilustracija-kradje-300x187.jpg\" alt=\"ilustracija-kradje\" width=\"300\" height=\"187\" srcset=\"https:\/\/www.prijedordanas.com\/wp-content\/uploads\/2016\/05\/ilustracija-kradje-300x187.jpg 300w, https:\/\/www.prijedordanas.com\/wp-content\/uploads\/2016\/05\/ilustracija-kradje.jpg 600w\" sizes=\"(max-width: 300px) 100vw, 300px\" \/><\/a>Radec\u0301i na rasvjetljavanju krivi\u010dnih djela protiv imovine policijski slu\u017ebenici Policijske stanice Prijedor 1 i Prijedor 2, su do\u0161li do postojanja osnova sumnje da je lice inicijala A.D\u017d. (1997) iz Prijedor izvr\u0161ilac 13 krivi\u010dnih djela protiv imovine, a koja su po\u010dinjena na podru\u010dju koje operativno pokrivaju ove policijske stanice.<\/p>\n<p>Naime, osumnji\u010deni je u proteklom periodu tekuc\u0301e godine po\u010dinio krivi\u010dna djela za koja se sumnji\u010di.<\/p>\n<p>Lice A.D\u017d. je prilikom izvr\u0161enja krivi\u010dnih djela sa upotrebom fizi\u010dke snage i podesnog alata, ulazio u unutra\u0161njost ugostiteljskih objekata i trgovinskih radnji, kojom prilikom je otu\u0111ivao novac, cigarete, alkoholna pic\u0301a.<\/p>\n<p><a href=\"https:\/\/www.prijedordanas.com\/wp-content\/uploads\/2015\/12\/kradje-1.jpg\"><img loading=\"lazy\" decoding=\"async\" src=\"https:\/\/www.prijedordanas.com\/wp-content\/uploads\/2015\/12\/kradje-1-300x211.jpg\" alt=\"kradje\" width=\"300\" height=\"211\" class=\"alignleft size-medium wp-image-37648\" srcset=\"https:\/\/www.prijedordanas.com\/wp-content\/uploads\/2015\/12\/kradje-1-300x211.jpg 300w, https:\/\/www.prijedordanas.com\/wp-content\/uploads\/2015\/12\/kradje-1.jpg 640w\" sizes=\"(max-width: 300px) 100vw, 300px\" \/><\/a>Otu\u0111ene predmete isti je dalje prodavao trec\u0301im licima a ostvarenu dobit je zadr\u017eavao za sebe.<\/p>\n<p>Osumnji\u010deni je izvr\u0161enjem ovih krivi\u010dnih djela o\u0161tec\u0301enim licima nanio materijalnu \u0161tetu u iznosu od oko 4.000 KM, dok je za sebe pribavio protivpravnu imovinsku korist u istom iznosu.<\/p>\n<p>U toku je dokumentovanje i kompletiranje predmeta nakon \u010dega c\u0301e Okru\u017enom tu\u017eila\u0161tvu Banja Luka, Podru\u010dna kacelarija Prijedor, biti dostavljen izvje\u0161taj o po\u010dinjenim krivi\u010dnim djelima \u201eTe\u0161ka kra\u0111a\u201c protiv lica A.D\u017d.<\/p>\n<p>CJB Prijedor<\/p>\n<p><a href=\"https:\/\/www.prijedordanas.com\/wp-content\/uploads\/2015\/02\/ilustracija-kradja.jpg\"><img loading=\"lazy\" decoding=\"async\" src=\"https:\/\/www.prijedordanas.com\/wp-content\/uploads\/2015\/02\/ilustracija-kradja-300x248.jpg\" alt=\"ilustracija-kradja\" width=\"300\" height=\"248\" class=\"alignleft size-medium wp-image-15707\" srcset=\"https:\/\/www.prijedordanas.com\/wp-content\/uploads\/2015\/02\/ilustracija-kradja-300x248.jpg 300w, https:\/\/www.prijedordanas.com\/wp-content\/uploads\/2015\/02\/ilustracija-kradja.jpg 500w\" sizes=\"(max-width: 300px) 100vw, 300px\" \/><\/a><\/p>\n","protected":false},"excerpt":{"rendered":"<p>Radec\u0301i na rasvjetljavanju krivi\u010dnih djela protiv imovine policijski slu\u017ebenici Policijske stanice Prijedor 1 i Prijedor 2, su do\u0161li do postojanja osnova sumnje da je lice inicijala A.D\u017d. (1997) iz Prijedor [&hellip;]<\/p>\n","protected":false},"author":1,"featured_media":0,"comment_status":"closed","ping_status":"open","sticky":false,"template":"","format":"standard","meta":{"_monsterinsights_skip_tracking":false,"_monsterinsights_sitenote_active":false,"_monsterinsights_sitenote_note":"","_monsterinsights_sitenote_category":0,"footnotes":""},"categories":[5],"tags":[38,252],"yoast_head":"<!-- This site is optimized with the Yoast SEO plugin v21.6 - https:\/\/yoast.com\/wordpress\/plugins\/seo\/ -->\n<title>PRIJEDOR\u010cANIN OSUMNJI\u010cEN ZA 13 KRA\u0110A - PrijedorDanas.com - Prijedorski gradski portal<\/title>\n<meta name=\"robots\" content=\"index, follow, max-snippet:-1, max-image-preview:large, max-video-preview:-1\" \/>\n<link rel=\"canonical\" href=\"https:\/\/www.prijedordanas.com\/?p=60289\" \/>\n<meta property=\"og:locale\" content=\"en_US\" \/>\n<meta property=\"og:type\" content=\"article\" \/>\n<meta property=\"og:title\" content=\"PRIJEDOR\u010cANIN OSUMNJI\u010cEN ZA 13 KRA\u0110A - PrijedorDanas.com - Prijedorski gradski portal\" \/>\n<meta property=\"og:description\" content=\"Radec\u0301i na rasvjetljavanju krivi\u010dnih djela protiv imovine policijski slu\u017ebenici Policijske stanice Prijedor 1 i Prijedor 2, su do\u0161li do postojanja osnova sumnje da je lice inicijala A.D\u017d. (1997) iz Prijedor [&hellip;]\" \/>\n<meta property=\"og:url\" content=\"https:\/\/www.prijedordanas.com\/?p=60289\" \/>\n<meta property=\"og:site_name\" content=\"PrijedorDanas.com - Prijedorski gradski portal\" \/>\n<meta property=\"article:publisher\" content=\"https:\/\/www.facebook.com\/PrijedorDanasCom\/\" \/>\n<meta property=\"article:published_time\" content=\"2016-09-06T10:39:57+00:00\" \/>\n<meta property=\"og:image\" content=\"https:\/\/www.prijedordanas.com\/wp-content\/uploads\/2016\/05\/ilustracija-kradje-300x187.jpg\" \/>\n<meta name=\"author\" content=\"admin\" \/>\n<meta name=\"twitter:card\" content=\"summary_large_image\" \/>\n<meta name=\"twitter:label1\" content=\"Written by\" \/>\n\t<meta name=\"twitter:data1\" content=\"admin\" \/>\n\t<meta name=\"twitter:label2\" content=\"Est. reading time\" \/>\n\t<meta name=\"twitter:data2\" content=\"1 minute\" \/>\n<script type=\"application\/ld+json\" class=\"yoast-schema-graph\">{\"@context\":\"https:\/\/schema.org\",\"@graph\":[{\"@type\":\"Article\",\"@id\":\"https:\/\/www.prijedordanas.com\/?p=60289#article\",\"isPartOf\":{\"@id\":\"https:\/\/www.prijedordanas.com\/?p=60289\"},\"author\":{\"name\":\"admin\",\"@id\":\"https:\/\/www.prijedordanas.com\/#\/schema\/person\/4e08ccf29b506ca916ff86d46bb700e6\"},\"headline\":\"PRIJEDOR\u010cANIN OSUMNJI\u010cEN ZA 13 KRA\u0110A\",\"datePublished\":\"2016-09-06T10:39:57+00:00\",\"dateModified\":\"2016-09-06T10:39:57+00:00\",\"mainEntityOfPage\":{\"@id\":\"https:\/\/www.prijedordanas.com\/?p=60289\"},\"wordCount\":209,\"publisher\":{\"@id\":\"https:\/\/www.prijedordanas.com\/#organization\"},\"keywords\":[\"CJB Prijedor\",\"te\u0161ka kra\u0111a\"],\"articleSection\":[\"Hronika\"],\"inLanguage\":\"en-US\"},{\"@type\":\"WebPage\",\"@id\":\"https:\/\/www.prijedordanas.com\/?p=60289\",\"url\":\"https:\/\/www.prijedordanas.com\/?p=60289\",\"name\":\"PRIJEDOR\u010cANIN OSUMNJI\u010cEN ZA 13 KRA\u0110A - PrijedorDanas.com - Prijedorski gradski portal\",\"isPartOf\":{\"@id\":\"https:\/\/www.prijedordanas.com\/#website\"},\"datePublished\":\"2016-09-06T10:39:57+00:00\",\"dateModified\":\"2016-09-06T10:39:57+00:00\",\"breadcrumb\":{\"@id\":\"https:\/\/www.prijedordanas.com\/?p=60289#breadcrumb\"},\"inLanguage\":\"en-US\",\"potentialAction\":[{\"@type\":\"ReadAction\",\"target\":[\"https:\/\/www.prijedordanas.com\/?p=60289\"]}]},{\"@type\":\"BreadcrumbList\",\"@id\":\"https:\/\/www.prijedordanas.com\/?p=60289#breadcrumb\",\"itemListElement\":[{\"@type\":\"ListItem\",\"position\":1,\"name\":\"Home\",\"item\":\"https:\/\/www.prijedordanas.com\/\"},{\"@type\":\"ListItem\",\"position\":2,\"name\":\"PRIJEDOR\u010cANIN OSUMNJI\u010cEN ZA 13 KRA\u0110A\"}]},{\"@type\":\"WebSite\",\"@id\":\"https:\/\/www.prijedordanas.com\/#website\",\"url\":\"https:\/\/www.prijedordanas.com\/\",\"name\":\"PrijedorDanas.com - Prijedorski gradski portal\",\"description\":\"Portal o doga\u0111anjima u gradu Prijedoru\",\"publisher\":{\"@id\":\"https:\/\/www.prijedordanas.com\/#organization\"},\"potentialAction\":[{\"@type\":\"SearchAction\",\"target\":{\"@type\":\"EntryPoint\",\"urlTemplate\":\"https:\/\/www.prijedordanas.com\/?s={search_term_string}\"},\"query-input\":\"required name=search_term_string\"}],\"inLanguage\":\"en-US\"},{\"@type\":\"Organization\",\"@id\":\"https:\/\/www.prijedordanas.com\/#organization\",\"name\":\"PrijedorDanas.com\",\"url\":\"https:\/\/www.prijedordanas.com\/\",\"logo\":{\"@type\":\"ImageObject\",\"inLanguage\":\"en-US\",\"@id\":\"https:\/\/www.prijedordanas.com\/#\/schema\/logo\/image\/\",\"url\":\"http:\/\/www.prijedordanas.com\/wp-content\/uploads\/2021\/12\/logopng.png\",\"contentUrl\":\"http:\/\/www.prijedordanas.com\/wp-content\/uploads\/2021\/12\/logopng.png\",\"width\":1019,\"height\":776,\"caption\":\"PrijedorDanas.com\"},\"image\":{\"@id\":\"https:\/\/www.prijedordanas.com\/#\/schema\/logo\/image\/\"},\"sameAs\":[\"https:\/\/www.facebook.com\/PrijedorDanasCom\/\"]},{\"@type\":\"Person\",\"@id\":\"https:\/\/www.prijedordanas.com\/#\/schema\/person\/4e08ccf29b506ca916ff86d46bb700e6\",\"name\":\"admin\",\"image\":{\"@type\":\"ImageObject\",\"inLanguage\":\"en-US\",\"@id\":\"https:\/\/www.prijedordanas.com\/#\/schema\/person\/image\/\",\"url\":\"https:\/\/secure.gravatar.com\/avatar\/1d3fc949d550f0b53a5f0d51e06dfd79?s=96&d=mm&r=g\",\"contentUrl\":\"https:\/\/secure.gravatar.com\/avatar\/1d3fc949d550f0b53a5f0d51e06dfd79?s=96&d=mm&r=g\",\"caption\":\"admin\"},\"url\":\"https:\/\/www.prijedordanas.com\/?author=1\"}]}<\/script>\n<!-- \/ Yoast SEO plugin. -->","yoast_head_json":{"title":"PRIJEDOR\u010cANIN OSUMNJI\u010cEN ZA 13 KRA\u0110A - PrijedorDanas.com - Prijedorski gradski portal","robots":{"index":"index","follow":"follow","max-snippet":"max-snippet:-1","max-image-preview":"max-image-preview:large","max-video-preview":"max-video-preview:-1"},"canonical":"https:\/\/www.prijedordanas.com\/?p=60289","og_locale":"en_US","og_type":"article","og_title":"PRIJEDOR\u010cANIN OSUMNJI\u010cEN ZA 13 KRA\u0110A - PrijedorDanas.com - Prijedorski gradski portal","og_description":"Radec\u0301i na rasvjetljavanju krivi\u010dnih djela protiv imovine policijski slu\u017ebenici Policijske stanice Prijedor 1 i Prijedor 2, su do\u0161li do postojanja osnova sumnje da je lice inicijala A.D\u017d. (1997) iz Prijedor [&hellip;]","og_url":"https:\/\/www.prijedordanas.com\/?p=60289","og_site_name":"PrijedorDanas.com - Prijedorski gradski portal","article_publisher":"https:\/\/www.facebook.com\/PrijedorDanasCom\/","article_published_time":"2016-09-06T10:39:57+00:00","og_image":[{"url":"https:\/\/www.prijedordanas.com\/wp-content\/uploads\/2016\/05\/ilustracija-kradje-300x187.jpg"}],"author":"admin","twitter_card":"summary_large_image","twitter_misc":{"Written by":"admin","Est. reading time":"1 minute"},"schema":{"@context":"https:\/\/schema.org","@graph":[{"@type":"Article","@id":"https:\/\/www.prijedordanas.com\/?p=60289#article","isPartOf":{"@id":"https:\/\/www.prijedordanas.com\/?p=60289"},"author":{"name":"admin","@id":"https:\/\/www.prijedordanas.com\/#\/schema\/person\/4e08ccf29b506ca916ff86d46bb700e6"},"headline":"PRIJEDOR\u010cANIN OSUMNJI\u010cEN ZA 13 KRA\u0110A","datePublished":"2016-09-06T10:39:57+00:00","dateModified":"2016-09-06T10:39:57+00:00","mainEntityOfPage":{"@id":"https:\/\/www.prijedordanas.com\/?p=60289"},"wordCount":209,"publisher":{"@id":"https:\/\/www.prijedordanas.com\/#organization"},"keywords":["CJB Prijedor","te\u0161ka kra\u0111a"],"articleSection":["Hronika"],"inLanguage":"en-US"},{"@type":"WebPage","@id":"https:\/\/www.prijedordanas.com\/?p=60289","url":"https:\/\/www.prijedordanas.com\/?p=60289","name":"PRIJEDOR\u010cANIN OSUMNJI\u010cEN ZA 13 KRA\u0110A - PrijedorDanas.com - Prijedorski gradski portal","isPartOf":{"@id":"https:\/\/www.prijedordanas.com\/#website"},"datePublished":"2016-09-06T10:39:57+00:00","dateModified":"2016-09-06T10:39:57+00:00","breadcrumb":{"@id":"https:\/\/www.prijedordanas.com\/?p=60289#breadcrumb"},"inLanguage":"en-US","potentialAction":[{"@type":"ReadAction","target":["https:\/\/www.prijedordanas.com\/?p=60289"]}]},{"@type":"BreadcrumbList","@id":"https:\/\/www.prijedordanas.com\/?p=60289#breadcrumb","itemListElement":[{"@type":"ListItem","position":1,"name":"Home","item":"https:\/\/www.prijedordanas.com\/"},{"@type":"ListItem","position":2,"name":"PRIJEDOR\u010cANIN OSUMNJI\u010cEN ZA 13 KRA\u0110A"}]},{"@type":"WebSite","@id":"https:\/\/www.prijedordanas.com\/#website","url":"https:\/\/www.prijedordanas.com\/","name":"PrijedorDanas.com - Prijedorski gradski portal","description":"Portal o doga\u0111anjima u gradu Prijedoru","publisher":{"@id":"https:\/\/www.prijedordanas.com\/#organization"},"potentialAction":[{"@type":"SearchAction","target":{"@type":"EntryPoint","urlTemplate":"https:\/\/www.prijedordanas.com\/?s={search_term_string}"},"query-input":"required name=search_term_string"}],"inLanguage":"en-US"},{"@type":"Organization","@id":"https:\/\/www.prijedordanas.com\/#organization","name":"PrijedorDanas.com","url":"https:\/\/www.prijedordanas.com\/","logo":{"@type":"ImageObject","inLanguage":"en-US","@id":"https:\/\/www.prijedordanas.com\/#\/schema\/logo\/image\/","url":"http:\/\/www.prijedordanas.com\/wp-content\/uploads\/2021\/12\/logopng.png","contentUrl":"http:\/\/www.prijedordanas.com\/wp-content\/uploads\/2021\/12\/logopng.png","width":1019,"height":776,"caption":"PrijedorDanas.com"},"image":{"@id":"https:\/\/www.prijedordanas.com\/#\/schema\/logo\/image\/"},"sameAs":["https:\/\/www.facebook.com\/PrijedorDanasCom\/"]},{"@type":"Person","@id":"https:\/\/www.prijedordanas.com\/#\/schema\/person\/4e08ccf29b506ca916ff86d46bb700e6","name":"admin","image":{"@type":"ImageObject","inLanguage":"en-US","@id":"https:\/\/www.prijedordanas.com\/#\/schema\/person\/image\/","url":"https:\/\/secure.gravatar.com\/avatar\/1d3fc949d550f0b53a5f0d51e06dfd79?s=96&d=mm&r=g","contentUrl":"https:\/\/secure.gravatar.com\/avatar\/1d3fc949d550f0b53a5f0d51e06dfd79?s=96&d=mm&r=g","caption":"admin"},"url":"https:\/\/www.prijedordanas.com\/?author=1"}]}},"_links":{"self":[{"href":"https:\/\/www.prijedordanas.com\/index.php?rest_route=\/wp\/v2\/posts\/60289"}],"collection":[{"href":"https:\/\/www.prijedordanas.com\/index.php?rest_route=\/wp\/v2\/posts"}],"about":[{"href":"https:\/\/www.prijedordanas.com\/index.php?rest_route=\/wp\/v2\/types\/post"}],"author":[{"embeddable":true,"href":"https:\/\/www.prijedordanas.com\/index.php?rest_route=\/wp\/v2\/users\/1"}],"replies":[{"embeddable":true,"href":"https:\/\/www.prijedordanas.com\/index.php?rest_route=%2Fwp%2Fv2%2Fcomments&post=60289"}],"version-history":[{"count":1,"href":"https:\/\/www.prijedordanas.com\/index.php?rest_route=\/wp\/v2\/posts\/60289\/revisions"}],"predecessor-version":[{"id":60290,"href":"https:\/\/www.prijedordanas.com\/index.php?rest_route=\/wp\/v2\/posts\/60289\/revisions\/60290"}],"wp:attachment":[{"href":"https:\/\/www.prijedordanas.com\/index.php?rest_route=%2Fwp%2Fv2%2Fmedia&parent=60289"}],"wp:term":[{"taxonomy":"category","embeddable":true,"href":"https:\/\/www.prijedordanas.com\/index.php?rest_route=%2Fwp%2Fv2%2Fcategories&post=60289"},{"taxonomy":"post_tag","embeddable":true,"href":"https:\/\/www.prijedordanas.com\/index.php?rest_route=%2Fwp%2Fv2%2Ftags&post=60289"}],"curies":[{"name":"wp","href":"https:\/\/api.w.org\/{rel}","templated":true}]}}