{"id":60104,"date":"2016-09-03T12:21:37","date_gmt":"2016-09-03T10:21:37","guid":{"rendered":"https:\/\/www.prijedordanas.com\/?p=60104"},"modified":"2016-09-03T12:21:37","modified_gmt":"2016-09-03T10:21:37","slug":"hrvatska-vojska-nato-spremaju-operaciju-prijedor","status":"publish","type":"post","link":"https:\/\/www.prijedordanas.com\/?p=60104","title":{"rendered":"HRVATSKA VOJSKA I NATO SPREMAJU OPERACIJU \u201ePRIJEDOR\u201d!"},"content":{"rendered":"<p><a href=\"https:\/\/www.prijedordanas.com\/wp-content\/uploads\/2016\/09\/informer-operacija-prijedor-1.jpg\"><img loading=\"lazy\" decoding=\"async\" class=\"alignleft size-medium wp-image-60105\" src=\"https:\/\/www.prijedordanas.com\/wp-content\/uploads\/2016\/09\/informer-operacija-prijedor-1-300x176.jpg\" alt=\"informer-operacija prijedor (1)\" width=\"300\" height=\"176\" srcset=\"https:\/\/www.prijedordanas.com\/wp-content\/uploads\/2016\/09\/informer-operacija-prijedor-1-300x176.jpg 300w, https:\/\/www.prijedordanas.com\/wp-content\/uploads\/2016\/09\/informer-operacija-prijedor-1-768x451.jpg 768w, https:\/\/www.prijedordanas.com\/wp-content\/uploads\/2016\/09\/informer-operacija-prijedor-1-100x59.jpg 100w, https:\/\/www.prijedordanas.com\/wp-content\/uploads\/2016\/09\/informer-operacija-prijedor-1.jpg 851w\" sizes=\"(max-width: 300px) 100vw, 300px\" \/><\/a>Hrvatska vojska u saradnji sa NATO planira vojne manevre na samoj granici sa RS&#8230; Stranci obu\u010davaju Hrvate za brza i agresivna dejstva helikopterima &#8216;kajova&#8217; i raketama &#8216;helfajer&#8217;!<\/p>\n<p>Neousta\u0161ki hrvatski re\u017eim u saradnji sa NATO paktom u tajnosti priprema vojne manevre pod imenom &#8220;Prijedor 2016&#8221;, koji bi do kraja ove godine trebalo da se odr\u017ee na samoj granici sa Republikom Srpskom, otkriva Informer!<\/p>\n<p>Glavni cilj operacije, koja se sprovodi pod firmom vojne takti\u010dke ve\u017ebe, jeste da NATO instruktori obu\u010de hrvatske specijalce za brza i agresivna dejstva ameri\u010dkim borbenim helikopterima &#8220;kajova&#8221; i raketama &#8220;helfajer&#8221;!<\/p>\n<p>Ovakvo gomilanje vojne tehnike na granici, kao i sam naziv operacije po drugoj najve\u0107oj op\u0161tini u Republici Srpskoj (!?!), upozoravaju na\u0161i izvori, zapravo krije vrlo opasnu pretnju Srbima u zapadnom delu RS!<\/p>\n<p><a href=\"https:\/\/www.prijedordanas.com\/wp-content\/uploads\/2016\/09\/informer-operacija-prijedor-2.jpg\"><img loading=\"lazy\" decoding=\"async\" class=\"alignleft size-medium wp-image-60106\" src=\"https:\/\/www.prijedordanas.com\/wp-content\/uploads\/2016\/09\/informer-operacija-prijedor-2-300x176.jpg\" alt=\"informer-operacija prijedor (2)\" width=\"300\" height=\"176\" srcset=\"https:\/\/www.prijedordanas.com\/wp-content\/uploads\/2016\/09\/informer-operacija-prijedor-2-300x176.jpg 300w, https:\/\/www.prijedordanas.com\/wp-content\/uploads\/2016\/09\/informer-operacija-prijedor-2-768x451.jpg 768w, https:\/\/www.prijedordanas.com\/wp-content\/uploads\/2016\/09\/informer-operacija-prijedor-2-100x59.jpg 100w, https:\/\/www.prijedordanas.com\/wp-content\/uploads\/2016\/09\/informer-operacija-prijedor-2.jpg 851w\" sizes=\"(max-width: 300px) 100vw, 300px\" \/><\/a>Agresija u najavi<\/p>\n<p>Hrvatska celu operaciju priprema u saradnji sa NATO, ali i uz jaku politi\u010dku podr\u0161ku zapadnih mo\u0107nika.<\/p>\n<p>&#8211; Treba biti ba\u0161 naivan, pa poverovati da je ovde re\u010d o klasi\u010dnoj vojnoj i takti\u010dkoj ve\u017ebi. Za obuke takve vrste mo\u017ee poslu\u017eiti bilo koji vojni poligon i zaista nije potrebno i\u0107i na granicu sa drugom dr\u017eavom. Uostalom, sam naziv ve\u017ebe &#8220;Prijedor&#8221;, koji je druga najve\u0107a op\u0161tina u Srpskoj, dovoljna je indikacija da se iza svega krije neka politi\u010dka igra, pretnja silom, pa \u010dak i mogu\u0107a agresija! Zamislite samo \u0161ta bi bilo kada bi, na primer, Vojska Srbije na granici sa Hrvatskom pravila manevre pod imenom &#8220;Osijek 2016&#8221;?! &#8211; upozorava Informerov izvor.<\/p>\n<p><a href=\"https:\/\/www.prijedordanas.com\/wp-content\/uploads\/2016\/09\/informer-operacija-prijedor-3.jpg\"><img loading=\"lazy\" decoding=\"async\" class=\"alignleft size-medium wp-image-60107\" src=\"https:\/\/www.prijedordanas.com\/wp-content\/uploads\/2016\/09\/informer-operacija-prijedor-3-300x137.jpg\" alt=\"informer-operacija prijedor (3)\" width=\"300\" height=\"137\" srcset=\"https:\/\/www.prijedordanas.com\/wp-content\/uploads\/2016\/09\/informer-operacija-prijedor-3-300x137.jpg 300w, https:\/\/www.prijedordanas.com\/wp-content\/uploads\/2016\/09\/informer-operacija-prijedor-3-100x46.jpg 100w, https:\/\/www.prijedordanas.com\/wp-content\/uploads\/2016\/09\/informer-operacija-prijedor-3.jpg 500w\" sizes=\"(max-width: 300px) 100vw, 300px\" \/><\/a>Niko ju\u010de zvani\u010dno nije hteo da komentari\u0161e na\u0161a saznanja, dok stru\u010dnjaci, na drugoj strani, ocenjuju da je ovo ozbiljna pretnja.<\/p>\n<p>Branko Krga, biv\u0161i na\u010delnik General\u0161taba, smatra da svaka vojna ve\u017eba ima i odre\u0111eni politi\u010dki zna\u010daj.<\/p>\n<p>&#8211; Akcija NATO snaga i Hrvata uvezana je sa celokupnom situacijom na Balkanu. Na to ukazuje i trenutak i mesto odr\u017eavanja ve\u017ebe. Srbija tu, ipak, ne mo\u017ee ni\u0161ta da uradi, jer oni imaju pravo da izvode ve\u017ebe na svojoj teritoriji. Ne verujem da \u0107e Hrvati otvoreno provocirati jer bi to bilo neodgovorno. Ipak, svaku njihovu poruku treba pa\u017eljivo tuma\u010diti &#8211; nagla\u0161ava Krga.<\/p>\n<p><a href=\"https:\/\/www.prijedordanas.com\/wp-content\/uploads\/2016\/09\/informer-operacija-prijedor-4.jpg\"><img loading=\"lazy\" decoding=\"async\" src=\"https:\/\/www.prijedordanas.com\/wp-content\/uploads\/2016\/09\/informer-operacija-prijedor-4-300x170.jpg\" alt=\"informer-operacija prijedor (4)\" width=\"300\" height=\"170\" class=\"alignleft size-medium wp-image-60108\" srcset=\"https:\/\/www.prijedordanas.com\/wp-content\/uploads\/2016\/09\/informer-operacija-prijedor-4-300x170.jpg 300w, https:\/\/www.prijedordanas.com\/wp-content\/uploads\/2016\/09\/informer-operacija-prijedor-4-100x57.jpg 100w, https:\/\/www.prijedordanas.com\/wp-content\/uploads\/2016\/09\/informer-operacija-prijedor-4.jpg 500w\" sizes=\"(max-width: 300px) 100vw, 300px\" \/><\/a>Orhan Draga\u0161, direktor Me\u0111unarodnog instituta za bezbednost, ka\u017ee da ova operacija ne mo\u017ee biti bezopasna, pogotovo u jeku vi\u0161emese\u010dne hrvatske histerije protiv Srba.<\/p>\n<p>&#8211; Va\u017eno je u svakom trenutku podsetiti da je Srbija garant Dejtonskog sporazuma i da ne\u0107e ostaviti milion svojih sunarodnika u Srpskoj. Ne verujem u eskalaciju sukoba i neki novi rat, ali nas Hrvati uvek iznenade. Pona\u0161aju se kao zemlja na krilima fa\u0161izma, nimalo ne po\u0161tuju\u0107i evropske vrednosti &#8211; podvla\u010di Draga\u0161.<br \/>\nVe\u0161ta\u010dka kriza<\/p>\n<p>Stru\u010dnjak za bezbednost Darko Trifunovi\u0107, me\u0111utim, uveren je da ovo nije pretnja, jer Hrvati ne mogu da izvr\u0161e akciju bez odobrenja NATO.<\/p>\n<p>&#8211; U regionu se pravi pritisak zbog referenduma u RS. Srpski politi\u010dari u Banjaluci nisu uspeli da objasne me\u0111unarodnoj zajednici da je za krizu kriv Bakir Izetbegovi\u0107, dok Dodik uporno naseda na provokacije. A i poznato je da Srbi u ve\u0161ta\u010dki izazvanim krizama uvek izvuku deblji kraj&#8230; &#8211; zaklju\u010duje Trifunovi\u0107.<\/p>\n<p>Informer.rs<\/p>\n","protected":false},"excerpt":{"rendered":"<p>Hrvatska vojska u saradnji sa NATO planira vojne manevre na samoj granici sa RS&#8230; Stranci obu\u010davaju Hrvate za brza i agresivna dejstva helikopterima &#8216;kajova&#8217; i raketama &#8216;helfajer&#8217;! Neousta\u0161ki hrvatski re\u017eim [&hellip;]<\/p>\n","protected":false},"author":1,"featured_media":0,"comment_status":"closed","ping_status":"open","sticky":false,"template":"","format":"standard","meta":{"_monsterinsights_skip_tracking":false,"_monsterinsights_sitenote_active":false,"_monsterinsights_sitenote_note":"","_monsterinsights_sitenote_category":0,"footnotes":""},"categories":[8],"tags":[2261,8766],"yoast_head":"<!-- This site is optimized with the Yoast SEO plugin v21.6 - https:\/\/yoast.com\/wordpress\/plugins\/seo\/ -->\n<title>HRVATSKA VOJSKA I NATO SPREMAJU OPERACIJU \u201ePRIJEDOR\u201d! - PrijedorDanas.com - Prijedorski gradski portal<\/title>\n<meta name=\"robots\" content=\"index, follow, max-snippet:-1, max-image-preview:large, max-video-preview:-1\" \/>\n<link rel=\"canonical\" href=\"https:\/\/www.prijedordanas.com\/?p=60104\" \/>\n<meta property=\"og:locale\" content=\"en_US\" \/>\n<meta property=\"og:type\" content=\"article\" \/>\n<meta property=\"og:title\" content=\"HRVATSKA VOJSKA I NATO SPREMAJU OPERACIJU \u201ePRIJEDOR\u201d! - PrijedorDanas.com - Prijedorski gradski portal\" \/>\n<meta property=\"og:description\" content=\"Hrvatska vojska u saradnji sa NATO planira vojne manevre na samoj granici sa RS&#8230; Stranci obu\u010davaju Hrvate za brza i agresivna dejstva helikopterima &#8216;kajova&#8217; i raketama &#8216;helfajer&#8217;! Neousta\u0161ki hrvatski re\u017eim [&hellip;]\" \/>\n<meta property=\"og:url\" content=\"https:\/\/www.prijedordanas.com\/?p=60104\" \/>\n<meta property=\"og:site_name\" content=\"PrijedorDanas.com - Prijedorski gradski portal\" \/>\n<meta property=\"article:publisher\" content=\"https:\/\/www.facebook.com\/PrijedorDanasCom\/\" \/>\n<meta property=\"article:published_time\" content=\"2016-09-03T10:21:37+00:00\" \/>\n<meta property=\"og:image\" content=\"https:\/\/www.prijedordanas.com\/wp-content\/uploads\/2016\/09\/informer-operacija-prijedor-1-300x176.jpg\" \/>\n<meta name=\"author\" content=\"admin\" \/>\n<meta name=\"twitter:card\" content=\"summary_large_image\" \/>\n<meta name=\"twitter:label1\" content=\"Written by\" \/>\n\t<meta name=\"twitter:data1\" content=\"admin\" \/>\n\t<meta name=\"twitter:label2\" content=\"Est. reading time\" \/>\n\t<meta name=\"twitter:data2\" content=\"3 minutes\" \/>\n<script type=\"application\/ld+json\" class=\"yoast-schema-graph\">{\"@context\":\"https:\/\/schema.org\",\"@graph\":[{\"@type\":\"Article\",\"@id\":\"https:\/\/www.prijedordanas.com\/?p=60104#article\",\"isPartOf\":{\"@id\":\"https:\/\/www.prijedordanas.com\/?p=60104\"},\"author\":{\"name\":\"admin\",\"@id\":\"https:\/\/www.prijedordanas.com\/#\/schema\/person\/4e08ccf29b506ca916ff86d46bb700e6\"},\"headline\":\"HRVATSKA VOJSKA I NATO SPREMAJU OPERACIJU \u201ePRIJEDOR\u201d!\",\"datePublished\":\"2016-09-03T10:21:37+00:00\",\"dateModified\":\"2016-09-03T10:21:37+00:00\",\"mainEntityOfPage\":{\"@id\":\"https:\/\/www.prijedordanas.com\/?p=60104\"},\"wordCount\":554,\"publisher\":{\"@id\":\"https:\/\/www.prijedordanas.com\/#organization\"},\"keywords\":[\"NATO\",\"operacija \\\"Prijedor\\\"\"],\"articleSection\":[\"Svakodnevno\"],\"inLanguage\":\"en-US\"},{\"@type\":\"WebPage\",\"@id\":\"https:\/\/www.prijedordanas.com\/?p=60104\",\"url\":\"https:\/\/www.prijedordanas.com\/?p=60104\",\"name\":\"HRVATSKA VOJSKA I NATO SPREMAJU OPERACIJU \u201ePRIJEDOR\u201d! - PrijedorDanas.com - Prijedorski gradski portal\",\"isPartOf\":{\"@id\":\"https:\/\/www.prijedordanas.com\/#website\"},\"datePublished\":\"2016-09-03T10:21:37+00:00\",\"dateModified\":\"2016-09-03T10:21:37+00:00\",\"breadcrumb\":{\"@id\":\"https:\/\/www.prijedordanas.com\/?p=60104#breadcrumb\"},\"inLanguage\":\"en-US\",\"potentialAction\":[{\"@type\":\"ReadAction\",\"target\":[\"https:\/\/www.prijedordanas.com\/?p=60104\"]}]},{\"@type\":\"BreadcrumbList\",\"@id\":\"https:\/\/www.prijedordanas.com\/?p=60104#breadcrumb\",\"itemListElement\":[{\"@type\":\"ListItem\",\"position\":1,\"name\":\"Home\",\"item\":\"https:\/\/www.prijedordanas.com\/\"},{\"@type\":\"ListItem\",\"position\":2,\"name\":\"HRVATSKA VOJSKA I NATO SPREMAJU OPERACIJU \u201ePRIJEDOR\u201d!\"}]},{\"@type\":\"WebSite\",\"@id\":\"https:\/\/www.prijedordanas.com\/#website\",\"url\":\"https:\/\/www.prijedordanas.com\/\",\"name\":\"PrijedorDanas.com - Prijedorski gradski portal\",\"description\":\"Portal o doga\u0111anjima u gradu Prijedoru\",\"publisher\":{\"@id\":\"https:\/\/www.prijedordanas.com\/#organization\"},\"potentialAction\":[{\"@type\":\"SearchAction\",\"target\":{\"@type\":\"EntryPoint\",\"urlTemplate\":\"https:\/\/www.prijedordanas.com\/?s={search_term_string}\"},\"query-input\":\"required name=search_term_string\"}],\"inLanguage\":\"en-US\"},{\"@type\":\"Organization\",\"@id\":\"https:\/\/www.prijedordanas.com\/#organization\",\"name\":\"PrijedorDanas.com\",\"url\":\"https:\/\/www.prijedordanas.com\/\",\"logo\":{\"@type\":\"ImageObject\",\"inLanguage\":\"en-US\",\"@id\":\"https:\/\/www.prijedordanas.com\/#\/schema\/logo\/image\/\",\"url\":\"http:\/\/www.prijedordanas.com\/wp-content\/uploads\/2021\/12\/logopng.png\",\"contentUrl\":\"http:\/\/www.prijedordanas.com\/wp-content\/uploads\/2021\/12\/logopng.png\",\"width\":1019,\"height\":776,\"caption\":\"PrijedorDanas.com\"},\"image\":{\"@id\":\"https:\/\/www.prijedordanas.com\/#\/schema\/logo\/image\/\"},\"sameAs\":[\"https:\/\/www.facebook.com\/PrijedorDanasCom\/\"]},{\"@type\":\"Person\",\"@id\":\"https:\/\/www.prijedordanas.com\/#\/schema\/person\/4e08ccf29b506ca916ff86d46bb700e6\",\"name\":\"admin\",\"image\":{\"@type\":\"ImageObject\",\"inLanguage\":\"en-US\",\"@id\":\"https:\/\/www.prijedordanas.com\/#\/schema\/person\/image\/\",\"url\":\"https:\/\/secure.gravatar.com\/avatar\/1d3fc949d550f0b53a5f0d51e06dfd79?s=96&d=mm&r=g\",\"contentUrl\":\"https:\/\/secure.gravatar.com\/avatar\/1d3fc949d550f0b53a5f0d51e06dfd79?s=96&d=mm&r=g\",\"caption\":\"admin\"},\"url\":\"https:\/\/www.prijedordanas.com\/?author=1\"}]}<\/script>\n<!-- \/ Yoast SEO plugin. -->","yoast_head_json":{"title":"HRVATSKA VOJSKA I NATO SPREMAJU OPERACIJU \u201ePRIJEDOR\u201d! - PrijedorDanas.com - Prijedorski gradski portal","robots":{"index":"index","follow":"follow","max-snippet":"max-snippet:-1","max-image-preview":"max-image-preview:large","max-video-preview":"max-video-preview:-1"},"canonical":"https:\/\/www.prijedordanas.com\/?p=60104","og_locale":"en_US","og_type":"article","og_title":"HRVATSKA VOJSKA I NATO SPREMAJU OPERACIJU \u201ePRIJEDOR\u201d! - PrijedorDanas.com - Prijedorski gradski portal","og_description":"Hrvatska vojska u saradnji sa NATO planira vojne manevre na samoj granici sa RS&#8230; Stranci obu\u010davaju Hrvate za brza i agresivna dejstva helikopterima &#8216;kajova&#8217; i raketama &#8216;helfajer&#8217;! Neousta\u0161ki hrvatski re\u017eim [&hellip;]","og_url":"https:\/\/www.prijedordanas.com\/?p=60104","og_site_name":"PrijedorDanas.com - Prijedorski gradski portal","article_publisher":"https:\/\/www.facebook.com\/PrijedorDanasCom\/","article_published_time":"2016-09-03T10:21:37+00:00","og_image":[{"url":"https:\/\/www.prijedordanas.com\/wp-content\/uploads\/2016\/09\/informer-operacija-prijedor-1-300x176.jpg"}],"author":"admin","twitter_card":"summary_large_image","twitter_misc":{"Written by":"admin","Est. reading time":"3 minutes"},"schema":{"@context":"https:\/\/schema.org","@graph":[{"@type":"Article","@id":"https:\/\/www.prijedordanas.com\/?p=60104#article","isPartOf":{"@id":"https:\/\/www.prijedordanas.com\/?p=60104"},"author":{"name":"admin","@id":"https:\/\/www.prijedordanas.com\/#\/schema\/person\/4e08ccf29b506ca916ff86d46bb700e6"},"headline":"HRVATSKA VOJSKA I NATO SPREMAJU OPERACIJU \u201ePRIJEDOR\u201d!","datePublished":"2016-09-03T10:21:37+00:00","dateModified":"2016-09-03T10:21:37+00:00","mainEntityOfPage":{"@id":"https:\/\/www.prijedordanas.com\/?p=60104"},"wordCount":554,"publisher":{"@id":"https:\/\/www.prijedordanas.com\/#organization"},"keywords":["NATO","operacija \"Prijedor\""],"articleSection":["Svakodnevno"],"inLanguage":"en-US"},{"@type":"WebPage","@id":"https:\/\/www.prijedordanas.com\/?p=60104","url":"https:\/\/www.prijedordanas.com\/?p=60104","name":"HRVATSKA VOJSKA I NATO SPREMAJU OPERACIJU \u201ePRIJEDOR\u201d! - PrijedorDanas.com - Prijedorski gradski portal","isPartOf":{"@id":"https:\/\/www.prijedordanas.com\/#website"},"datePublished":"2016-09-03T10:21:37+00:00","dateModified":"2016-09-03T10:21:37+00:00","breadcrumb":{"@id":"https:\/\/www.prijedordanas.com\/?p=60104#breadcrumb"},"inLanguage":"en-US","potentialAction":[{"@type":"ReadAction","target":["https:\/\/www.prijedordanas.com\/?p=60104"]}]},{"@type":"BreadcrumbList","@id":"https:\/\/www.prijedordanas.com\/?p=60104#breadcrumb","itemListElement":[{"@type":"ListItem","position":1,"name":"Home","item":"https:\/\/www.prijedordanas.com\/"},{"@type":"ListItem","position":2,"name":"HRVATSKA VOJSKA I NATO SPREMAJU OPERACIJU \u201ePRIJEDOR\u201d!"}]},{"@type":"WebSite","@id":"https:\/\/www.prijedordanas.com\/#website","url":"https:\/\/www.prijedordanas.com\/","name":"PrijedorDanas.com - Prijedorski gradski portal","description":"Portal o doga\u0111anjima u gradu Prijedoru","publisher":{"@id":"https:\/\/www.prijedordanas.com\/#organization"},"potentialAction":[{"@type":"SearchAction","target":{"@type":"EntryPoint","urlTemplate":"https:\/\/www.prijedordanas.com\/?s={search_term_string}"},"query-input":"required name=search_term_string"}],"inLanguage":"en-US"},{"@type":"Organization","@id":"https:\/\/www.prijedordanas.com\/#organization","name":"PrijedorDanas.com","url":"https:\/\/www.prijedordanas.com\/","logo":{"@type":"ImageObject","inLanguage":"en-US","@id":"https:\/\/www.prijedordanas.com\/#\/schema\/logo\/image\/","url":"http:\/\/www.prijedordanas.com\/wp-content\/uploads\/2021\/12\/logopng.png","contentUrl":"http:\/\/www.prijedordanas.com\/wp-content\/uploads\/2021\/12\/logopng.png","width":1019,"height":776,"caption":"PrijedorDanas.com"},"image":{"@id":"https:\/\/www.prijedordanas.com\/#\/schema\/logo\/image\/"},"sameAs":["https:\/\/www.facebook.com\/PrijedorDanasCom\/"]},{"@type":"Person","@id":"https:\/\/www.prijedordanas.com\/#\/schema\/person\/4e08ccf29b506ca916ff86d46bb700e6","name":"admin","image":{"@type":"ImageObject","inLanguage":"en-US","@id":"https:\/\/www.prijedordanas.com\/#\/schema\/person\/image\/","url":"https:\/\/secure.gravatar.com\/avatar\/1d3fc949d550f0b53a5f0d51e06dfd79?s=96&d=mm&r=g","contentUrl":"https:\/\/secure.gravatar.com\/avatar\/1d3fc949d550f0b53a5f0d51e06dfd79?s=96&d=mm&r=g","caption":"admin"},"url":"https:\/\/www.prijedordanas.com\/?author=1"}]}},"_links":{"self":[{"href":"https:\/\/www.prijedordanas.com\/index.php?rest_route=\/wp\/v2\/posts\/60104"}],"collection":[{"href":"https:\/\/www.prijedordanas.com\/index.php?rest_route=\/wp\/v2\/posts"}],"about":[{"href":"https:\/\/www.prijedordanas.com\/index.php?rest_route=\/wp\/v2\/types\/post"}],"author":[{"embeddable":true,"href":"https:\/\/www.prijedordanas.com\/index.php?rest_route=\/wp\/v2\/users\/1"}],"replies":[{"embeddable":true,"href":"https:\/\/www.prijedordanas.com\/index.php?rest_route=%2Fwp%2Fv2%2Fcomments&post=60104"}],"version-history":[{"count":1,"href":"https:\/\/www.prijedordanas.com\/index.php?rest_route=\/wp\/v2\/posts\/60104\/revisions"}],"predecessor-version":[{"id":60109,"href":"https:\/\/www.prijedordanas.com\/index.php?rest_route=\/wp\/v2\/posts\/60104\/revisions\/60109"}],"wp:attachment":[{"href":"https:\/\/www.prijedordanas.com\/index.php?rest_route=%2Fwp%2Fv2%2Fmedia&parent=60104"}],"wp:term":[{"taxonomy":"category","embeddable":true,"href":"https:\/\/www.prijedordanas.com\/index.php?rest_route=%2Fwp%2Fv2%2Fcategories&post=60104"},{"taxonomy":"post_tag","embeddable":true,"href":"https:\/\/www.prijedordanas.com\/index.php?rest_route=%2Fwp%2Fv2%2Ftags&post=60104"}],"curies":[{"name":"wp","href":"https:\/\/api.w.org\/{rel}","templated":true}]}}