{"id":59756,"date":"2016-08-30T21:19:50","date_gmt":"2016-08-30T19:19:50","guid":{"rendered":"https:\/\/www.prijedordanas.com\/?p=59756"},"modified":"2016-08-30T21:19:50","modified_gmt":"2016-08-30T19:19:50","slug":"ubistva-koja-su-sokirala-rs-djeca-neduzne-zrtve-nesredenih-porodica","status":"publish","type":"post","link":"https:\/\/www.prijedordanas.com\/?p=59756","title":{"rendered":"UBISTVA KOJA SU \u0160OKIRALA RS: DJECA NEDU\u017dNE \u017dRTVE NESRE\u0110ENIH PORODICA"},"content":{"rendered":"<p><a href=\"https:\/\/www.prijedordanas.com\/wp-content\/uploads\/2016\/08\/cjbpd.jpg\"><img loading=\"lazy\" decoding=\"async\" class=\"alignleft size-medium wp-image-59757\" src=\"https:\/\/www.prijedordanas.com\/wp-content\/uploads\/2016\/08\/cjbpd-300x231.jpg\" alt=\"cjbpd\" width=\"300\" height=\"231\" srcset=\"https:\/\/www.prijedordanas.com\/wp-content\/uploads\/2016\/08\/cjbpd-300x231.jpg 300w, https:\/\/www.prijedordanas.com\/wp-content\/uploads\/2016\/08\/cjbpd-100x77.jpg 100w, https:\/\/www.prijedordanas.com\/wp-content\/uploads\/2016\/08\/cjbpd.jpg 650w\" sizes=\"(max-width: 300px) 100vw, 300px\" \/><\/a>Slu\u010dajevi u kojima su \u017ertve ubistva djeca svaki put \u0161okira sve, ali i ponovo postavi pitanje za\u0161to niko to nije sprije\u010dio ili se bar potrudio da do tragedije ne do\u0111e.<\/p>\n<p>U ve\u0107ini dosada\u0161njih slu\u010dajeva pokazalo se da su se ta svirepa i bezdu\u0161na ubistva doga\u0111ala u porodicama u kojima vladaju nesre\u0111eni odnosi, gdje se \u017eivi poprili\u010dno primitivno, oskudno i siroma\u0161no. Ve\u0107ini takvih porodica je zajedni\u010dko da su bili poznati raznim nadle\u017enim institucijama.<\/p>\n<p>Ovu tezu potvr\u0111uje i zadnji slu\u010daj ubistva dvogodi\u0161njeg Lazara Rebi\u0107a iz Zvornika. Njega i njegovog brata majka je napustila, otac koji mukotrpno radi nije mogao da se brine o njima, pa je djecu poverio punici koja zbog bolesti nije mogla da se stara o unucima. Tako su djeca na kraju zavr\u0161ili kod ujaka i ujne koji, kako su nakon tragedije pri\u010dale kom\u0161ije, vole da popiju.<\/p>\n<p><a href=\"https:\/\/www.prijedordanas.com\/wp-content\/uploads\/2016\/08\/blic-ubistva-djece-1.jpg\"><img loading=\"lazy\" decoding=\"async\" class=\"alignleft size-medium wp-image-59758\" src=\"https:\/\/www.prijedordanas.com\/wp-content\/uploads\/2016\/08\/blic-ubistva-djece-1-300x300.jpg\" alt=\"blic-ubistva djece (1)\" width=\"300\" height=\"300\" srcset=\"https:\/\/www.prijedordanas.com\/wp-content\/uploads\/2016\/08\/blic-ubistva-djece-1-300x300.jpg 300w, https:\/\/www.prijedordanas.com\/wp-content\/uploads\/2016\/08\/blic-ubistva-djece-1-150x150.jpg 150w, https:\/\/www.prijedordanas.com\/wp-content\/uploads\/2016\/08\/blic-ubistva-djece-1-100x100.jpg 100w, https:\/\/www.prijedordanas.com\/wp-content\/uploads\/2016\/08\/blic-ubistva-djece-1-50x50.jpg 50w, https:\/\/www.prijedordanas.com\/wp-content\/uploads\/2016\/08\/blic-ubistva-djece-1.jpg 500w\" sizes=\"(max-width: 300px) 100vw, 300px\" \/><\/a>&#8211; Sve dok se tragedija ne dogodi, kom\u0161ije i poznanici takve ljude vide kao mirne, ku\u0107evne. Ipak, njihov poreme\u0107aj pona\u0161anja i li\u010dnosti nije bio upadljiv, pa nije \u010dudo da se ljudi iznenade za\u0161to se ne\u0161to dogodilo \u2013 obja\u0161njava psihilog Aleksandar Mili\u0107.<\/p>\n<p>Jo\u0161 se prepri\u010dava i slu\u010daj iz okoline Doboja koji je otkriven krajem januara. Tada je uhap\u0161ena Vojkana Bogojevi\u0107 (53) zbog sumnje da je ubila dvoje novoro\u0111ene unu\u010dadi koje je rodila njena mentalno zaostala \u0107erka Sanja. Djevojka je troje djece, dobijenu sa razli\u010ditim mu\u0161karcima, rodila od 2011. do 2015. godine. Za ubistvo dvije je osumnji\u010dena baba, dok je tre\u0107oj bebi, \u010dije tijelo nije prona\u0111eno, presudila majka.<\/p>\n<p>Tek kada je slu\u010daj otkriven po\u010dele su da pristi\u017eu informacije kako je ova porodica mentalno zaostalu \u0107erku podvodila i uzimala novac.<\/p>\n<p>&#8211; Ovakva bezdu\u0161na ubistva su nam zajedni\u010dna sramota, kompletne dru\u0161tvene zajednice. Pou\u010deni ovakvim slu\u010dajevima imamo dovoljno razloga i argumenata da posvetimo pa\u017enju mentalnom zdravlju, da vidimo \u0161ta su faktori, pru\u017eimo pomo\u0107 i sprije\u010dimo ovakve ishode. Mi nemamo dovoljnih istra\u017eivanja o poreme\u0107aju pona\u0161anja i mentalnog zdravlja ljudi, iako imamo toliko pojedina\u010dnih slu\u010dajeva. Ne smijemo da o\u010dekujemo neki novi slu\u010daj \u2013 upozorava Mili\u0107.<\/p>\n<p><a href=\"https:\/\/www.prijedordanas.com\/wp-content\/uploads\/2016\/08\/blic-ubistva-djece-2.jpg\"><img loading=\"lazy\" decoding=\"async\" class=\"alignleft size-medium wp-image-59759\" src=\"https:\/\/www.prijedordanas.com\/wp-content\/uploads\/2016\/08\/blic-ubistva-djece-2-180x300.jpg\" alt=\"blic-ubistva djece (2)\" width=\"180\" height=\"300\" srcset=\"https:\/\/www.prijedordanas.com\/wp-content\/uploads\/2016\/08\/blic-ubistva-djece-2-180x300.jpg 180w, https:\/\/www.prijedordanas.com\/wp-content\/uploads\/2016\/08\/blic-ubistva-djece-2-60x100.jpg 60w, https:\/\/www.prijedordanas.com\/wp-content\/uploads\/2016\/08\/blic-ubistva-djece-2.jpg 384w\" sizes=\"(max-width: 180px) 100vw, 180px\" \/><\/a>Ubistva u porodici te\u0161ka su jer se doga\u0111aju u okru\u017eenju u kojem bi, po pravilu, trebalo da vlada ljubav i jer je \u017ertva uvek bliska po\u010diniocu.<\/p>\n<p>&#8211; Ove ubice vide kratkovido \u0161to dokazuje to da nakon ubistva tijela skrivaju ili zakopaju. O\u010digledno govorimo o manjku intelekta \u2013 isti\u010du stru\u010dnjaci.<\/p>\n<p>Dijete zamotala u kesu i bacila<\/p>\n<p>U decembru pro\u0161le godine \u017eena iz Prijedora osumnji\u010dena je da je ubila bebu i tijelo bacila u \u0161umu na podru\u010dju Krupe na Uni. Prije toga je novoro\u0111en\u010de udarila u glavu, a svom maloletnom djetetu naredila da tijelo baci.<\/p>\n<p>Za slu\u010daj se saznalo kada je oti\u0161la na pregled zbog obilnog krvarenja, a ginekolog ustanovio da je nedavno rodila.<\/p>\n<p>Ubio \u0107erku pred svadbu<\/p>\n<p>U avgustu 2014. \u010cedo Jovovi\u0107 (63) iz mesta Gornje Mladice u Isto\u010dnoj Ilid\u017ei iz pi\u0161tolja je ubio \u0107erku Biljanu (41), a onda sebe.<\/p>\n<p>Pravi motiv nikada nije otkriven, ali poznanici su tada ispri\u010dali da se on protivio njenom vjen\u010danju.<\/p>\n<p>Blic.rs<\/p>\n<p><a href=\"https:\/\/www.prijedordanas.com\/wp-content\/uploads\/2015\/09\/cedomorstvo-beba-zakopana-kraj-rjecice.jpg\"><img loading=\"lazy\" decoding=\"async\" class=\"alignleft size-medium wp-image-29182\" src=\"https:\/\/www.prijedordanas.com\/wp-content\/uploads\/2015\/09\/cedomorstvo-beba-zakopana-kraj-rjecice-300x225.jpg\" alt=\"cedomorstvo-beba zakopana kraj rjecice\" width=\"300\" height=\"225\" srcset=\"https:\/\/www.prijedordanas.com\/wp-content\/uploads\/2015\/09\/cedomorstvo-beba-zakopana-kraj-rjecice-300x225.jpg 300w, https:\/\/www.prijedordanas.com\/wp-content\/uploads\/2015\/09\/cedomorstvo-beba-zakopana-kraj-rjecice.jpg 600w\" sizes=\"(max-width: 300px) 100vw, 300px\" \/><\/a><\/p>\n","protected":false},"excerpt":{"rendered":"<p>Slu\u010dajevi u kojima su \u017ertve ubistva djeca svaki put \u0161okira sve, ali i ponovo postavi pitanje za\u0161to niko to nije sprije\u010dio ili se bar potrudio da do tragedije ne do\u0111e. [&hellip;]<\/p>\n","protected":false},"author":1,"featured_media":0,"comment_status":"closed","ping_status":"open","sticky":false,"template":"","format":"standard","meta":{"_monsterinsights_skip_tracking":false,"_monsterinsights_sitenote_active":false,"_monsterinsights_sitenote_note":"","_monsterinsights_sitenote_category":0,"footnotes":""},"categories":[5],"tags":[658,1954],"yoast_head":"<!-- This site is optimized with the Yoast SEO plugin v21.6 - https:\/\/yoast.com\/wordpress\/plugins\/seo\/ -->\n<title>UBISTVA KOJA SU \u0160OKIRALA RS: DJECA NEDU\u017dNE \u017dRTVE NESRE\u0110ENIH PORODICA - PrijedorDanas.com - Prijedorski gradski portal<\/title>\n<meta name=\"robots\" content=\"index, follow, max-snippet:-1, max-image-preview:large, max-video-preview:-1\" \/>\n<link rel=\"canonical\" href=\"https:\/\/www.prijedordanas.com\/?p=59756\" \/>\n<meta property=\"og:locale\" content=\"en_US\" \/>\n<meta property=\"og:type\" content=\"article\" \/>\n<meta property=\"og:title\" content=\"UBISTVA KOJA SU \u0160OKIRALA RS: DJECA NEDU\u017dNE \u017dRTVE NESRE\u0110ENIH PORODICA - PrijedorDanas.com - Prijedorski gradski portal\" \/>\n<meta property=\"og:description\" content=\"Slu\u010dajevi u kojima su \u017ertve ubistva djeca svaki put \u0161okira sve, ali i ponovo postavi pitanje za\u0161to niko to nije sprije\u010dio ili se bar potrudio da do tragedije ne do\u0111e. [&hellip;]\" \/>\n<meta property=\"og:url\" content=\"https:\/\/www.prijedordanas.com\/?p=59756\" \/>\n<meta property=\"og:site_name\" content=\"PrijedorDanas.com - Prijedorski gradski portal\" \/>\n<meta property=\"article:publisher\" content=\"https:\/\/www.facebook.com\/PrijedorDanasCom\/\" \/>\n<meta property=\"article:published_time\" content=\"2016-08-30T19:19:50+00:00\" \/>\n<meta property=\"og:image\" content=\"https:\/\/www.prijedordanas.com\/wp-content\/uploads\/2016\/08\/cjbpd-300x231.jpg\" \/>\n<meta name=\"author\" content=\"admin\" \/>\n<meta name=\"twitter:card\" content=\"summary_large_image\" \/>\n<meta name=\"twitter:label1\" content=\"Written by\" \/>\n\t<meta name=\"twitter:data1\" content=\"admin\" \/>\n\t<meta name=\"twitter:label2\" content=\"Est. reading time\" \/>\n\t<meta name=\"twitter:data2\" content=\"3 minutes\" \/>\n<script type=\"application\/ld+json\" class=\"yoast-schema-graph\">{\"@context\":\"https:\/\/schema.org\",\"@graph\":[{\"@type\":\"Article\",\"@id\":\"https:\/\/www.prijedordanas.com\/?p=59756#article\",\"isPartOf\":{\"@id\":\"https:\/\/www.prijedordanas.com\/?p=59756\"},\"author\":{\"name\":\"admin\",\"@id\":\"https:\/\/www.prijedordanas.com\/#\/schema\/person\/4e08ccf29b506ca916ff86d46bb700e6\"},\"headline\":\"UBISTVA KOJA SU \u0160OKIRALA RS: DJECA NEDU\u017dNE \u017dRTVE NESRE\u0110ENIH PORODICA\",\"datePublished\":\"2016-08-30T19:19:50+00:00\",\"dateModified\":\"2016-08-30T19:19:50+00:00\",\"mainEntityOfPage\":{\"@id\":\"https:\/\/www.prijedordanas.com\/?p=59756\"},\"wordCount\":562,\"publisher\":{\"@id\":\"https:\/\/www.prijedordanas.com\/#organization\"},\"keywords\":[\"djeca\",\"ubistva\"],\"articleSection\":[\"Hronika\"],\"inLanguage\":\"en-US\"},{\"@type\":\"WebPage\",\"@id\":\"https:\/\/www.prijedordanas.com\/?p=59756\",\"url\":\"https:\/\/www.prijedordanas.com\/?p=59756\",\"name\":\"UBISTVA KOJA SU \u0160OKIRALA RS: DJECA NEDU\u017dNE \u017dRTVE NESRE\u0110ENIH PORODICA - PrijedorDanas.com - Prijedorski gradski portal\",\"isPartOf\":{\"@id\":\"https:\/\/www.prijedordanas.com\/#website\"},\"datePublished\":\"2016-08-30T19:19:50+00:00\",\"dateModified\":\"2016-08-30T19:19:50+00:00\",\"breadcrumb\":{\"@id\":\"https:\/\/www.prijedordanas.com\/?p=59756#breadcrumb\"},\"inLanguage\":\"en-US\",\"potentialAction\":[{\"@type\":\"ReadAction\",\"target\":[\"https:\/\/www.prijedordanas.com\/?p=59756\"]}]},{\"@type\":\"BreadcrumbList\",\"@id\":\"https:\/\/www.prijedordanas.com\/?p=59756#breadcrumb\",\"itemListElement\":[{\"@type\":\"ListItem\",\"position\":1,\"name\":\"Home\",\"item\":\"https:\/\/www.prijedordanas.com\/\"},{\"@type\":\"ListItem\",\"position\":2,\"name\":\"UBISTVA KOJA SU \u0160OKIRALA RS: DJECA NEDU\u017dNE \u017dRTVE NESRE\u0110ENIH PORODICA\"}]},{\"@type\":\"WebSite\",\"@id\":\"https:\/\/www.prijedordanas.com\/#website\",\"url\":\"https:\/\/www.prijedordanas.com\/\",\"name\":\"PrijedorDanas.com - Prijedorski gradski portal\",\"description\":\"Portal o doga\u0111anjima u gradu Prijedoru\",\"publisher\":{\"@id\":\"https:\/\/www.prijedordanas.com\/#organization\"},\"potentialAction\":[{\"@type\":\"SearchAction\",\"target\":{\"@type\":\"EntryPoint\",\"urlTemplate\":\"https:\/\/www.prijedordanas.com\/?s={search_term_string}\"},\"query-input\":\"required name=search_term_string\"}],\"inLanguage\":\"en-US\"},{\"@type\":\"Organization\",\"@id\":\"https:\/\/www.prijedordanas.com\/#organization\",\"name\":\"PrijedorDanas.com\",\"url\":\"https:\/\/www.prijedordanas.com\/\",\"logo\":{\"@type\":\"ImageObject\",\"inLanguage\":\"en-US\",\"@id\":\"https:\/\/www.prijedordanas.com\/#\/schema\/logo\/image\/\",\"url\":\"http:\/\/www.prijedordanas.com\/wp-content\/uploads\/2021\/12\/logopng.png\",\"contentUrl\":\"http:\/\/www.prijedordanas.com\/wp-content\/uploads\/2021\/12\/logopng.png\",\"width\":1019,\"height\":776,\"caption\":\"PrijedorDanas.com\"},\"image\":{\"@id\":\"https:\/\/www.prijedordanas.com\/#\/schema\/logo\/image\/\"},\"sameAs\":[\"https:\/\/www.facebook.com\/PrijedorDanasCom\/\"]},{\"@type\":\"Person\",\"@id\":\"https:\/\/www.prijedordanas.com\/#\/schema\/person\/4e08ccf29b506ca916ff86d46bb700e6\",\"name\":\"admin\",\"image\":{\"@type\":\"ImageObject\",\"inLanguage\":\"en-US\",\"@id\":\"https:\/\/www.prijedordanas.com\/#\/schema\/person\/image\/\",\"url\":\"https:\/\/secure.gravatar.com\/avatar\/1d3fc949d550f0b53a5f0d51e06dfd79?s=96&d=mm&r=g\",\"contentUrl\":\"https:\/\/secure.gravatar.com\/avatar\/1d3fc949d550f0b53a5f0d51e06dfd79?s=96&d=mm&r=g\",\"caption\":\"admin\"},\"url\":\"https:\/\/www.prijedordanas.com\/?author=1\"}]}<\/script>\n<!-- \/ Yoast SEO plugin. -->","yoast_head_json":{"title":"UBISTVA KOJA SU \u0160OKIRALA RS: DJECA NEDU\u017dNE \u017dRTVE NESRE\u0110ENIH PORODICA - PrijedorDanas.com - Prijedorski gradski portal","robots":{"index":"index","follow":"follow","max-snippet":"max-snippet:-1","max-image-preview":"max-image-preview:large","max-video-preview":"max-video-preview:-1"},"canonical":"https:\/\/www.prijedordanas.com\/?p=59756","og_locale":"en_US","og_type":"article","og_title":"UBISTVA KOJA SU \u0160OKIRALA RS: DJECA NEDU\u017dNE \u017dRTVE NESRE\u0110ENIH PORODICA - PrijedorDanas.com - Prijedorski gradski portal","og_description":"Slu\u010dajevi u kojima su \u017ertve ubistva djeca svaki put \u0161okira sve, ali i ponovo postavi pitanje za\u0161to niko to nije sprije\u010dio ili se bar potrudio da do tragedije ne do\u0111e. [&hellip;]","og_url":"https:\/\/www.prijedordanas.com\/?p=59756","og_site_name":"PrijedorDanas.com - Prijedorski gradski portal","article_publisher":"https:\/\/www.facebook.com\/PrijedorDanasCom\/","article_published_time":"2016-08-30T19:19:50+00:00","og_image":[{"url":"https:\/\/www.prijedordanas.com\/wp-content\/uploads\/2016\/08\/cjbpd-300x231.jpg"}],"author":"admin","twitter_card":"summary_large_image","twitter_misc":{"Written by":"admin","Est. reading time":"3 minutes"},"schema":{"@context":"https:\/\/schema.org","@graph":[{"@type":"Article","@id":"https:\/\/www.prijedordanas.com\/?p=59756#article","isPartOf":{"@id":"https:\/\/www.prijedordanas.com\/?p=59756"},"author":{"name":"admin","@id":"https:\/\/www.prijedordanas.com\/#\/schema\/person\/4e08ccf29b506ca916ff86d46bb700e6"},"headline":"UBISTVA KOJA SU \u0160OKIRALA RS: DJECA NEDU\u017dNE \u017dRTVE NESRE\u0110ENIH PORODICA","datePublished":"2016-08-30T19:19:50+00:00","dateModified":"2016-08-30T19:19:50+00:00","mainEntityOfPage":{"@id":"https:\/\/www.prijedordanas.com\/?p=59756"},"wordCount":562,"publisher":{"@id":"https:\/\/www.prijedordanas.com\/#organization"},"keywords":["djeca","ubistva"],"articleSection":["Hronika"],"inLanguage":"en-US"},{"@type":"WebPage","@id":"https:\/\/www.prijedordanas.com\/?p=59756","url":"https:\/\/www.prijedordanas.com\/?p=59756","name":"UBISTVA KOJA SU \u0160OKIRALA RS: DJECA NEDU\u017dNE \u017dRTVE NESRE\u0110ENIH PORODICA - PrijedorDanas.com - Prijedorski gradski portal","isPartOf":{"@id":"https:\/\/www.prijedordanas.com\/#website"},"datePublished":"2016-08-30T19:19:50+00:00","dateModified":"2016-08-30T19:19:50+00:00","breadcrumb":{"@id":"https:\/\/www.prijedordanas.com\/?p=59756#breadcrumb"},"inLanguage":"en-US","potentialAction":[{"@type":"ReadAction","target":["https:\/\/www.prijedordanas.com\/?p=59756"]}]},{"@type":"BreadcrumbList","@id":"https:\/\/www.prijedordanas.com\/?p=59756#breadcrumb","itemListElement":[{"@type":"ListItem","position":1,"name":"Home","item":"https:\/\/www.prijedordanas.com\/"},{"@type":"ListItem","position":2,"name":"UBISTVA KOJA SU \u0160OKIRALA RS: DJECA NEDU\u017dNE \u017dRTVE NESRE\u0110ENIH PORODICA"}]},{"@type":"WebSite","@id":"https:\/\/www.prijedordanas.com\/#website","url":"https:\/\/www.prijedordanas.com\/","name":"PrijedorDanas.com - Prijedorski gradski portal","description":"Portal o doga\u0111anjima u gradu Prijedoru","publisher":{"@id":"https:\/\/www.prijedordanas.com\/#organization"},"potentialAction":[{"@type":"SearchAction","target":{"@type":"EntryPoint","urlTemplate":"https:\/\/www.prijedordanas.com\/?s={search_term_string}"},"query-input":"required name=search_term_string"}],"inLanguage":"en-US"},{"@type":"Organization","@id":"https:\/\/www.prijedordanas.com\/#organization","name":"PrijedorDanas.com","url":"https:\/\/www.prijedordanas.com\/","logo":{"@type":"ImageObject","inLanguage":"en-US","@id":"https:\/\/www.prijedordanas.com\/#\/schema\/logo\/image\/","url":"http:\/\/www.prijedordanas.com\/wp-content\/uploads\/2021\/12\/logopng.png","contentUrl":"http:\/\/www.prijedordanas.com\/wp-content\/uploads\/2021\/12\/logopng.png","width":1019,"height":776,"caption":"PrijedorDanas.com"},"image":{"@id":"https:\/\/www.prijedordanas.com\/#\/schema\/logo\/image\/"},"sameAs":["https:\/\/www.facebook.com\/PrijedorDanasCom\/"]},{"@type":"Person","@id":"https:\/\/www.prijedordanas.com\/#\/schema\/person\/4e08ccf29b506ca916ff86d46bb700e6","name":"admin","image":{"@type":"ImageObject","inLanguage":"en-US","@id":"https:\/\/www.prijedordanas.com\/#\/schema\/person\/image\/","url":"https:\/\/secure.gravatar.com\/avatar\/1d3fc949d550f0b53a5f0d51e06dfd79?s=96&d=mm&r=g","contentUrl":"https:\/\/secure.gravatar.com\/avatar\/1d3fc949d550f0b53a5f0d51e06dfd79?s=96&d=mm&r=g","caption":"admin"},"url":"https:\/\/www.prijedordanas.com\/?author=1"}]}},"_links":{"self":[{"href":"https:\/\/www.prijedordanas.com\/index.php?rest_route=\/wp\/v2\/posts\/59756"}],"collection":[{"href":"https:\/\/www.prijedordanas.com\/index.php?rest_route=\/wp\/v2\/posts"}],"about":[{"href":"https:\/\/www.prijedordanas.com\/index.php?rest_route=\/wp\/v2\/types\/post"}],"author":[{"embeddable":true,"href":"https:\/\/www.prijedordanas.com\/index.php?rest_route=\/wp\/v2\/users\/1"}],"replies":[{"embeddable":true,"href":"https:\/\/www.prijedordanas.com\/index.php?rest_route=%2Fwp%2Fv2%2Fcomments&post=59756"}],"version-history":[{"count":1,"href":"https:\/\/www.prijedordanas.com\/index.php?rest_route=\/wp\/v2\/posts\/59756\/revisions"}],"predecessor-version":[{"id":59760,"href":"https:\/\/www.prijedordanas.com\/index.php?rest_route=\/wp\/v2\/posts\/59756\/revisions\/59760"}],"wp:attachment":[{"href":"https:\/\/www.prijedordanas.com\/index.php?rest_route=%2Fwp%2Fv2%2Fmedia&parent=59756"}],"wp:term":[{"taxonomy":"category","embeddable":true,"href":"https:\/\/www.prijedordanas.com\/index.php?rest_route=%2Fwp%2Fv2%2Fcategories&post=59756"},{"taxonomy":"post_tag","embeddable":true,"href":"https:\/\/www.prijedordanas.com\/index.php?rest_route=%2Fwp%2Fv2%2Ftags&post=59756"}],"curies":[{"name":"wp","href":"https:\/\/api.w.org\/{rel}","templated":true}]}}