{"id":59665,"date":"2016-08-29T10:06:06","date_gmt":"2016-08-29T08:06:06","guid":{"rendered":"https:\/\/www.prijedordanas.com\/?p=59665"},"modified":"2016-08-29T10:06:06","modified_gmt":"2016-08-29T08:06:06","slug":"sudenje-milunic-ostali-tijela-zena-djece-na-gradini","status":"publish","type":"post","link":"https:\/\/www.prijedordanas.com\/?p=59665","title":{"rendered":"SU\u0110ENJE MILUNI\u0106 I OSTALI: TIJELA \u017dENA I DJECE NA GRADINI"},"content":{"rendered":"<p><a href=\"https:\/\/www.prijedordanas.com\/wp-content\/uploads\/2016\/02\/sud-bih-2-2.jpg\"><img loading=\"lazy\" decoding=\"async\" class=\"alignleft size-medium wp-image-41824\" src=\"https:\/\/www.prijedordanas.com\/wp-content\/uploads\/2016\/02\/sud-bih-2-2-300x225.jpg\" alt=\"sud bih (2)\" width=\"300\" height=\"225\" srcset=\"https:\/\/www.prijedordanas.com\/wp-content\/uploads\/2016\/02\/sud-bih-2-2-300x225.jpg 300w, https:\/\/www.prijedordanas.com\/wp-content\/uploads\/2016\/02\/sud-bih-2-2.jpg 500w\" sizes=\"(max-width: 300px) 100vw, 300px\" \/><\/a>Na su\u0111enju za zlo\u010dine po\u010dinjene na podru\u010dju Prijedora, svjedok Dr\u017eavnog tu\u017eila\u0161tva je rekao kako je vidio tijela ubijenih \u017eena i djece u Gradini, zaseoku kod Zecova.<\/p>\n<p>Stojan Kne\u017eevi\u0107 se prisjetio kako je 1992. godine, ne mogav\u0161i precizirati ta\u010dno kada, bio ku\u0107i u selu Zecovi kada je \u010duo pucanj. On je dodao da je poslije do\u0161la kom\u0161inica i kazala da su \u201cpobijeni Ba\u010di\u0107i\u201d.<\/p>\n<p>Nakon dva dana, kako je naveo, s jo\u0161 dvije osobe oti\u0161ao je do Gradine.<\/p>\n<p>\u201cVidjeli smo, ljudi le\u017ee pobijeni. Mislim da su bili \u017eene i djeca, mla\u0111i vjerovatno\u201d, prisjetio se Kne\u017eevi\u0107.<\/p>\n<p>On je precizirao da je taj prizor vidio sa udaljenosti od 50 do 100 metara, nakon \u010dega je oti\u0161ao ku\u0107i. Nisu ni\u0161ta poduzimali i oti\u0161ao je jer \u201cse prepao\u201d.<\/p>\n<p>Na pitanje Tu\u017eila\u0161tva da li je ikad saznao \u0161ta je bilo s tim tijelima, kao i da li je \u010duo da su uklonjena, svjedok je rekao da nije.<\/p>\n<p>Kne\u017eevi\u0107 je kazao da u prolje\u0107e 1992. godine, \u201dkoliko zna, nije postojala\u201d policija u Rasavcima, odnosno da se ne sje\u0107a. Na predo\u010den raniji iskaz prema kojem je izjavio da je \u201c\u010duo da ima neke policije u Rasavcima\u201d, svjedok je odgovorio: \u201cNe sje\u0107am se da je bila policija.\u201d<\/p>\n<p><a href=\"https:\/\/www.prijedordanas.com\/wp-content\/uploads\/2016\/02\/sud-bih-1-2.jpg\"><img loading=\"lazy\" decoding=\"async\" class=\"alignleft size-medium wp-image-42457\" src=\"https:\/\/www.prijedordanas.com\/wp-content\/uploads\/2016\/02\/sud-bih-1-2-300x200.jpg\" alt=\"sud bih (1)\" width=\"300\" height=\"200\" srcset=\"https:\/\/www.prijedordanas.com\/wp-content\/uploads\/2016\/02\/sud-bih-1-2-300x200.jpg 300w, https:\/\/www.prijedordanas.com\/wp-content\/uploads\/2016\/02\/sud-bih-1-2-480x320.jpg 480w, https:\/\/www.prijedordanas.com\/wp-content\/uploads\/2016\/02\/sud-bih-1-2.jpg 600w\" sizes=\"(max-width: 300px) 100vw, 300px\" \/><\/a>Na pitanje Odbrane da li su neke ku\u0107e gorjele dok je bio na Gradini, svjedok je rekao da to ne zna.<\/p>\n<p>Za ubistva, mu\u010denja, seksualno nasilje, uni\u0161tavanje i oduzimanje imovine stanovnika sela Zecovi u julu 1992. godine, optu\u017eeni su Du\u0161an Miluni\u0107, Radomir Stojni\u0107, Radovan \u010ceti\u0107, Du\u0161ko Zori\u0107, Zoran Stojni\u0107, \u017deljko Grbi\u0107, Ilija Zori\u0107, Zoran Miluni\u0107, Bo\u0161ko Gruji\u010di\u0107, Ljubi\u0161a \u010ceti\u0107, Rade i Uro\u0161 Gruj\u010di\u0107, Zdravko Antoni\u0107 i Rajko Gnjatovi\u0107.<\/p>\n<p>Prema optu\u017enici, Miluni\u0107 je bio komandir Rasava\u010dke \u010dete 6. bataljona 43. brigade Vojske Republike Srpske (VRS), Radomir Stojni\u0107 komandir Rezervne stanice milicije Rasavci, a Radovan \u010ceti\u0107 predsjednik Srpske demokratske stranke (SDS) i Kriznog \u0161taba za selo Rasavci. Ostali su bili pripadnici Rasava\u010dke \u010dete, milicije te drugih formacija.<\/p>\n<p>Na ovom ro\u010di\u0161tu je trebao biti saslu\u0161an jo\u0161 jedan svjedok Tu\u017eila\u0161tva, no Sudsko vije\u0107e je pojasnilo da je neposredno pred ovo ro\u010di\u0161te dobijeno mi\u0161ljenje specijaliste neuropsihijatra u kojem je ukazano da ovaj svjedok \u201czbog oboljenja nije sposoban davati relevantne i ta\u010dne podatke\u201d.<\/p>\n<p>Vije\u0107e je istaklo da to dovodi u sumnju saslu\u0161anje ovog svjedoka te kazalo Tu\u017eila\u0161tvu da anga\u017euje vje\u0161taka, koji bi na osnovu medicinske dokumentacije i intervjua sa svjedokom dao svoj nalaz i mi\u0161ljenje.<\/p>\n<p>Su\u0111enje \u0107e se nastaviti 2. septembra.<\/p>\n<p>BIRN<\/p>\n","protected":false},"excerpt":{"rendered":"<p>Na su\u0111enju za zlo\u010dine po\u010dinjene na podru\u010dju Prijedora, svjedok Dr\u017eavnog tu\u017eila\u0161tva je rekao kako je vidio tijela ubijenih \u017eena i djece u Gradini, zaseoku kod Zecova. Stojan Kne\u017eevi\u0107 se prisjetio [&hellip;]<\/p>\n","protected":false},"author":1,"featured_media":0,"comment_status":"closed","ping_status":"open","sticky":false,"template":"","format":"standard","meta":{"_monsterinsights_skip_tracking":false,"_monsterinsights_sitenote_active":false,"_monsterinsights_sitenote_note":"","_monsterinsights_sitenote_category":0,"footnotes":""},"categories":[5],"tags":[8096,531,249],"yoast_head":"<!-- This site is optimized with the Yoast SEO plugin v21.6 - https:\/\/yoast.com\/wordpress\/plugins\/seo\/ -->\n<title>SU\u0110ENJE MILUNI\u0106 I OSTALI: TIJELA \u017dENA I DJECE NA GRADINI - PrijedorDanas.com - Prijedorski gradski portal<\/title>\n<meta name=\"robots\" content=\"index, follow, max-snippet:-1, max-image-preview:large, max-video-preview:-1\" \/>\n<link rel=\"canonical\" href=\"https:\/\/www.prijedordanas.com\/?p=59665\" \/>\n<meta property=\"og:locale\" content=\"en_US\" \/>\n<meta property=\"og:type\" content=\"article\" \/>\n<meta property=\"og:title\" content=\"SU\u0110ENJE MILUNI\u0106 I OSTALI: TIJELA \u017dENA I DJECE NA GRADINI - PrijedorDanas.com - Prijedorski gradski portal\" \/>\n<meta property=\"og:description\" content=\"Na su\u0111enju za zlo\u010dine po\u010dinjene na podru\u010dju Prijedora, svjedok Dr\u017eavnog tu\u017eila\u0161tva je rekao kako je vidio tijela ubijenih \u017eena i djece u Gradini, zaseoku kod Zecova. Stojan Kne\u017eevi\u0107 se prisjetio [&hellip;]\" \/>\n<meta property=\"og:url\" content=\"https:\/\/www.prijedordanas.com\/?p=59665\" \/>\n<meta property=\"og:site_name\" content=\"PrijedorDanas.com - Prijedorski gradski portal\" \/>\n<meta property=\"article:publisher\" content=\"https:\/\/www.facebook.com\/PrijedorDanasCom\/\" \/>\n<meta property=\"article:published_time\" content=\"2016-08-29T08:06:06+00:00\" \/>\n<meta property=\"og:image\" content=\"https:\/\/www.prijedordanas.com\/wp-content\/uploads\/2016\/02\/sud-bih-2-2-300x225.jpg\" \/>\n<meta name=\"author\" content=\"admin\" \/>\n<meta name=\"twitter:card\" content=\"summary_large_image\" \/>\n<meta name=\"twitter:label1\" content=\"Written by\" \/>\n\t<meta name=\"twitter:data1\" content=\"admin\" \/>\n\t<meta name=\"twitter:label2\" content=\"Est. reading time\" \/>\n\t<meta name=\"twitter:data2\" content=\"2 minutes\" \/>\n<script type=\"application\/ld+json\" class=\"yoast-schema-graph\">{\"@context\":\"https:\/\/schema.org\",\"@graph\":[{\"@type\":\"Article\",\"@id\":\"https:\/\/www.prijedordanas.com\/?p=59665#article\",\"isPartOf\":{\"@id\":\"https:\/\/www.prijedordanas.com\/?p=59665\"},\"author\":{\"name\":\"admin\",\"@id\":\"https:\/\/www.prijedordanas.com\/#\/schema\/person\/4e08ccf29b506ca916ff86d46bb700e6\"},\"headline\":\"SU\u0110ENJE MILUNI\u0106 I OSTALI: TIJELA \u017dENA I DJECE NA GRADINI\",\"datePublished\":\"2016-08-29T08:06:06+00:00\",\"dateModified\":\"2016-08-29T08:06:06+00:00\",\"mainEntityOfPage\":{\"@id\":\"https:\/\/www.prijedordanas.com\/?p=59665\"},\"wordCount\":457,\"publisher\":{\"@id\":\"https:\/\/www.prijedordanas.com\/#organization\"},\"keywords\":[\"Miluni\u0107 i ostali\",\"Sud BiH\",\"su\u0111enje\"],\"articleSection\":[\"Hronika\"],\"inLanguage\":\"en-US\"},{\"@type\":\"WebPage\",\"@id\":\"https:\/\/www.prijedordanas.com\/?p=59665\",\"url\":\"https:\/\/www.prijedordanas.com\/?p=59665\",\"name\":\"SU\u0110ENJE MILUNI\u0106 I OSTALI: TIJELA \u017dENA I DJECE NA GRADINI - PrijedorDanas.com - Prijedorski gradski portal\",\"isPartOf\":{\"@id\":\"https:\/\/www.prijedordanas.com\/#website\"},\"datePublished\":\"2016-08-29T08:06:06+00:00\",\"dateModified\":\"2016-08-29T08:06:06+00:00\",\"breadcrumb\":{\"@id\":\"https:\/\/www.prijedordanas.com\/?p=59665#breadcrumb\"},\"inLanguage\":\"en-US\",\"potentialAction\":[{\"@type\":\"ReadAction\",\"target\":[\"https:\/\/www.prijedordanas.com\/?p=59665\"]}]},{\"@type\":\"BreadcrumbList\",\"@id\":\"https:\/\/www.prijedordanas.com\/?p=59665#breadcrumb\",\"itemListElement\":[{\"@type\":\"ListItem\",\"position\":1,\"name\":\"Home\",\"item\":\"https:\/\/www.prijedordanas.com\/\"},{\"@type\":\"ListItem\",\"position\":2,\"name\":\"SU\u0110ENJE MILUNI\u0106 I OSTALI: TIJELA \u017dENA I DJECE NA GRADINI\"}]},{\"@type\":\"WebSite\",\"@id\":\"https:\/\/www.prijedordanas.com\/#website\",\"url\":\"https:\/\/www.prijedordanas.com\/\",\"name\":\"PrijedorDanas.com - Prijedorski gradski portal\",\"description\":\"Portal o doga\u0111anjima u gradu Prijedoru\",\"publisher\":{\"@id\":\"https:\/\/www.prijedordanas.com\/#organization\"},\"potentialAction\":[{\"@type\":\"SearchAction\",\"target\":{\"@type\":\"EntryPoint\",\"urlTemplate\":\"https:\/\/www.prijedordanas.com\/?s={search_term_string}\"},\"query-input\":\"required name=search_term_string\"}],\"inLanguage\":\"en-US\"},{\"@type\":\"Organization\",\"@id\":\"https:\/\/www.prijedordanas.com\/#organization\",\"name\":\"PrijedorDanas.com\",\"url\":\"https:\/\/www.prijedordanas.com\/\",\"logo\":{\"@type\":\"ImageObject\",\"inLanguage\":\"en-US\",\"@id\":\"https:\/\/www.prijedordanas.com\/#\/schema\/logo\/image\/\",\"url\":\"http:\/\/www.prijedordanas.com\/wp-content\/uploads\/2021\/12\/logopng.png\",\"contentUrl\":\"http:\/\/www.prijedordanas.com\/wp-content\/uploads\/2021\/12\/logopng.png\",\"width\":1019,\"height\":776,\"caption\":\"PrijedorDanas.com\"},\"image\":{\"@id\":\"https:\/\/www.prijedordanas.com\/#\/schema\/logo\/image\/\"},\"sameAs\":[\"https:\/\/www.facebook.com\/PrijedorDanasCom\/\"]},{\"@type\":\"Person\",\"@id\":\"https:\/\/www.prijedordanas.com\/#\/schema\/person\/4e08ccf29b506ca916ff86d46bb700e6\",\"name\":\"admin\",\"image\":{\"@type\":\"ImageObject\",\"inLanguage\":\"en-US\",\"@id\":\"https:\/\/www.prijedordanas.com\/#\/schema\/person\/image\/\",\"url\":\"https:\/\/secure.gravatar.com\/avatar\/1d3fc949d550f0b53a5f0d51e06dfd79?s=96&d=mm&r=g\",\"contentUrl\":\"https:\/\/secure.gravatar.com\/avatar\/1d3fc949d550f0b53a5f0d51e06dfd79?s=96&d=mm&r=g\",\"caption\":\"admin\"},\"url\":\"https:\/\/www.prijedordanas.com\/?author=1\"}]}<\/script>\n<!-- \/ Yoast SEO plugin. -->","yoast_head_json":{"title":"SU\u0110ENJE MILUNI\u0106 I OSTALI: TIJELA \u017dENA I DJECE NA GRADINI - PrijedorDanas.com - Prijedorski gradski portal","robots":{"index":"index","follow":"follow","max-snippet":"max-snippet:-1","max-image-preview":"max-image-preview:large","max-video-preview":"max-video-preview:-1"},"canonical":"https:\/\/www.prijedordanas.com\/?p=59665","og_locale":"en_US","og_type":"article","og_title":"SU\u0110ENJE MILUNI\u0106 I OSTALI: TIJELA \u017dENA I DJECE NA GRADINI - PrijedorDanas.com - Prijedorski gradski portal","og_description":"Na su\u0111enju za zlo\u010dine po\u010dinjene na podru\u010dju Prijedora, svjedok Dr\u017eavnog tu\u017eila\u0161tva je rekao kako je vidio tijela ubijenih \u017eena i djece u Gradini, zaseoku kod Zecova. Stojan Kne\u017eevi\u0107 se prisjetio [&hellip;]","og_url":"https:\/\/www.prijedordanas.com\/?p=59665","og_site_name":"PrijedorDanas.com - Prijedorski gradski portal","article_publisher":"https:\/\/www.facebook.com\/PrijedorDanasCom\/","article_published_time":"2016-08-29T08:06:06+00:00","og_image":[{"url":"https:\/\/www.prijedordanas.com\/wp-content\/uploads\/2016\/02\/sud-bih-2-2-300x225.jpg"}],"author":"admin","twitter_card":"summary_large_image","twitter_misc":{"Written by":"admin","Est. reading time":"2 minutes"},"schema":{"@context":"https:\/\/schema.org","@graph":[{"@type":"Article","@id":"https:\/\/www.prijedordanas.com\/?p=59665#article","isPartOf":{"@id":"https:\/\/www.prijedordanas.com\/?p=59665"},"author":{"name":"admin","@id":"https:\/\/www.prijedordanas.com\/#\/schema\/person\/4e08ccf29b506ca916ff86d46bb700e6"},"headline":"SU\u0110ENJE MILUNI\u0106 I OSTALI: TIJELA \u017dENA I DJECE NA GRADINI","datePublished":"2016-08-29T08:06:06+00:00","dateModified":"2016-08-29T08:06:06+00:00","mainEntityOfPage":{"@id":"https:\/\/www.prijedordanas.com\/?p=59665"},"wordCount":457,"publisher":{"@id":"https:\/\/www.prijedordanas.com\/#organization"},"keywords":["Miluni\u0107 i ostali","Sud BiH","su\u0111enje"],"articleSection":["Hronika"],"inLanguage":"en-US"},{"@type":"WebPage","@id":"https:\/\/www.prijedordanas.com\/?p=59665","url":"https:\/\/www.prijedordanas.com\/?p=59665","name":"SU\u0110ENJE MILUNI\u0106 I OSTALI: TIJELA \u017dENA I DJECE NA GRADINI - PrijedorDanas.com - Prijedorski gradski portal","isPartOf":{"@id":"https:\/\/www.prijedordanas.com\/#website"},"datePublished":"2016-08-29T08:06:06+00:00","dateModified":"2016-08-29T08:06:06+00:00","breadcrumb":{"@id":"https:\/\/www.prijedordanas.com\/?p=59665#breadcrumb"},"inLanguage":"en-US","potentialAction":[{"@type":"ReadAction","target":["https:\/\/www.prijedordanas.com\/?p=59665"]}]},{"@type":"BreadcrumbList","@id":"https:\/\/www.prijedordanas.com\/?p=59665#breadcrumb","itemListElement":[{"@type":"ListItem","position":1,"name":"Home","item":"https:\/\/www.prijedordanas.com\/"},{"@type":"ListItem","position":2,"name":"SU\u0110ENJE MILUNI\u0106 I OSTALI: TIJELA \u017dENA I DJECE NA GRADINI"}]},{"@type":"WebSite","@id":"https:\/\/www.prijedordanas.com\/#website","url":"https:\/\/www.prijedordanas.com\/","name":"PrijedorDanas.com - Prijedorski gradski portal","description":"Portal o doga\u0111anjima u gradu Prijedoru","publisher":{"@id":"https:\/\/www.prijedordanas.com\/#organization"},"potentialAction":[{"@type":"SearchAction","target":{"@type":"EntryPoint","urlTemplate":"https:\/\/www.prijedordanas.com\/?s={search_term_string}"},"query-input":"required name=search_term_string"}],"inLanguage":"en-US"},{"@type":"Organization","@id":"https:\/\/www.prijedordanas.com\/#organization","name":"PrijedorDanas.com","url":"https:\/\/www.prijedordanas.com\/","logo":{"@type":"ImageObject","inLanguage":"en-US","@id":"https:\/\/www.prijedordanas.com\/#\/schema\/logo\/image\/","url":"http:\/\/www.prijedordanas.com\/wp-content\/uploads\/2021\/12\/logopng.png","contentUrl":"http:\/\/www.prijedordanas.com\/wp-content\/uploads\/2021\/12\/logopng.png","width":1019,"height":776,"caption":"PrijedorDanas.com"},"image":{"@id":"https:\/\/www.prijedordanas.com\/#\/schema\/logo\/image\/"},"sameAs":["https:\/\/www.facebook.com\/PrijedorDanasCom\/"]},{"@type":"Person","@id":"https:\/\/www.prijedordanas.com\/#\/schema\/person\/4e08ccf29b506ca916ff86d46bb700e6","name":"admin","image":{"@type":"ImageObject","inLanguage":"en-US","@id":"https:\/\/www.prijedordanas.com\/#\/schema\/person\/image\/","url":"https:\/\/secure.gravatar.com\/avatar\/1d3fc949d550f0b53a5f0d51e06dfd79?s=96&d=mm&r=g","contentUrl":"https:\/\/secure.gravatar.com\/avatar\/1d3fc949d550f0b53a5f0d51e06dfd79?s=96&d=mm&r=g","caption":"admin"},"url":"https:\/\/www.prijedordanas.com\/?author=1"}]}},"_links":{"self":[{"href":"https:\/\/www.prijedordanas.com\/index.php?rest_route=\/wp\/v2\/posts\/59665"}],"collection":[{"href":"https:\/\/www.prijedordanas.com\/index.php?rest_route=\/wp\/v2\/posts"}],"about":[{"href":"https:\/\/www.prijedordanas.com\/index.php?rest_route=\/wp\/v2\/types\/post"}],"author":[{"embeddable":true,"href":"https:\/\/www.prijedordanas.com\/index.php?rest_route=\/wp\/v2\/users\/1"}],"replies":[{"embeddable":true,"href":"https:\/\/www.prijedordanas.com\/index.php?rest_route=%2Fwp%2Fv2%2Fcomments&post=59665"}],"version-history":[{"count":1,"href":"https:\/\/www.prijedordanas.com\/index.php?rest_route=\/wp\/v2\/posts\/59665\/revisions"}],"predecessor-version":[{"id":59666,"href":"https:\/\/www.prijedordanas.com\/index.php?rest_route=\/wp\/v2\/posts\/59665\/revisions\/59666"}],"wp:attachment":[{"href":"https:\/\/www.prijedordanas.com\/index.php?rest_route=%2Fwp%2Fv2%2Fmedia&parent=59665"}],"wp:term":[{"taxonomy":"category","embeddable":true,"href":"https:\/\/www.prijedordanas.com\/index.php?rest_route=%2Fwp%2Fv2%2Fcategories&post=59665"},{"taxonomy":"post_tag","embeddable":true,"href":"https:\/\/www.prijedordanas.com\/index.php?rest_route=%2Fwp%2Fv2%2Ftags&post=59665"}],"curies":[{"name":"wp","href":"https:\/\/api.w.org\/{rel}","templated":true}]}}