{"id":59067,"date":"2016-08-22T15:31:51","date_gmt":"2016-08-22T13:31:51","guid":{"rendered":"https:\/\/www.prijedordanas.com\/?p=59067"},"modified":"2016-08-22T15:33:22","modified_gmt":"2016-08-22T13:33:22","slug":"sanicanin-jovicic-redzic-ponovo-na-reprezentativnom-spisku","status":"publish","type":"post","link":"https:\/\/www.prijedordanas.com\/?p=59067","title":{"rendered":"SANI\u010cANIN, JOVI\u010cI\u0106 I RED\u017dI\u0106 PONOVO NA REPREZENTATIVNOM SPISKU"},"content":{"rendered":"<p><a href=\"https:\/\/www.prijedordanas.com\/wp-content\/uploads\/2016\/03\/sanicanin-redzic-jovicic-1.jpg\"><img loading=\"lazy\" decoding=\"async\" class=\"alignleft size-medium wp-image-45386\" src=\"https:\/\/www.prijedordanas.com\/wp-content\/uploads\/2016\/03\/sanicanin-redzic-jovicic-1-300x216.jpg\" alt=\"sanicanin-redzic-jovicic (1)\" width=\"300\" height=\"216\" srcset=\"https:\/\/www.prijedordanas.com\/wp-content\/uploads\/2016\/03\/sanicanin-redzic-jovicic-1-300x216.jpg 300w, https:\/\/www.prijedordanas.com\/wp-content\/uploads\/2016\/03\/sanicanin-redzic-jovicic-1-768x553.jpg 768w, https:\/\/www.prijedordanas.com\/wp-content\/uploads\/2016\/03\/sanicanin-redzic-jovicic-1.jpg 800w\" sizes=\"(max-width: 300px) 100vw, 300px\" \/><\/a>Mlada reprezentacija Bosne i Hercegovine nastavlja Kvalifikacije za Evropsko prvenstvo 2017 utakmicama sa Norve\u0161kom i \u0160vajcarskom.<\/p>\n<p>Ovi me\u010devi igraju se 2. i 6. septembra na stadionu \u201eGrbavica\u201c u Sarajevu.<\/p>\n<p>Selektor Darko Nestorovi\u0107 za ove susrete ponovo je pozvao trojicu mladih Prijedor\u010dana, Sini\u0161u Sani\u010danina (Mladost Lu\u010dani, Srbija), Aleksandra Jovi\u010di\u0107a (Slaven Belupo, Koprivnica-Hrvatska) i Ajdina Red\u017ei\u0107a (Krupa, Krupa na Vrbasu).<\/p>\n<p>Iako mladi fudbaleri vi\u0161e ne igraju u Rudar-Prijedoru, ovo je priznanje za sam klub jer su u prvom timu i mla\u0111im kategorijama njih trojica igrali dugi niz godina.<\/p>\n<p>Oni su ve\u0107 standardni \u010dlanovi ovog tima, a odigrali su u prvoj postavi nekoliko posljednjih kvalifikacionih utakmica.<\/p>\n<p><a href=\"https:\/\/www.prijedordanas.com\/wp-content\/uploads\/2016\/03\/sanicanin-redzic-jovicic-2.jpg\"><img loading=\"lazy\" decoding=\"async\" class=\"alignleft size-medium wp-image-45388\" src=\"https:\/\/www.prijedordanas.com\/wp-content\/uploads\/2016\/03\/sanicanin-redzic-jovicic-2-169x300.jpg\" alt=\"sanicanin-redzic-jovicic (2)\" width=\"169\" height=\"300\" srcset=\"https:\/\/www.prijedordanas.com\/wp-content\/uploads\/2016\/03\/sanicanin-redzic-jovicic-2-169x300.jpg 169w, https:\/\/www.prijedordanas.com\/wp-content\/uploads\/2016\/03\/sanicanin-redzic-jovicic-2.jpg 338w\" sizes=\"(max-width: 169px) 100vw, 169px\" \/><\/a>Nestorovi\u0107 je za predstoje\u0107e susrete odabrao sljede\u0107e igra\u010de:<br \/>\nKenan Piri\u0107 (Sloboda), Goran Kara\u010di\u0107 (Adanaspor, Turska), Kerim Memija (\u017deljezni\u010dar), Eldar \u010civi\u0107 (Slovacko, \u010ce\u0161ka Republika), Advan Kadu\u0161i\u0107 (Sarajevo), D\u017eenan Burekovi\u0107 (Vojvodina, Srbija), Aleksandar Jovi\u010di\u0107 (Slaven Belupo, Hrvatska), Sini\u0161a Sani\u010danin (Mladost Lu\u010dani, Srbija), Arman \u0106orovi\u0107 (Greuther Furth, Njema\u010dka), Milo\u0161 \u0160atara (Mladost Lu\u010dani, Srbija), Ajdin Red\u017ei\u0107 (Krupa), Amir Had\u017eiahmetovi\u0107 (Konyaspor, Turska), Damir Sadikovi\u0107 (Kr\u0161ko, Slovenija), Vladimir Grahovac (Sloboda), Deni Milo\u0161evi\u0107 (Konyaspor, Turska), Armin \u0106erimagi\u0107 (Gornik, Poljska), Marin Popovi\u0107 (\u010celik), Miljan Govedarica (Sloboda), Haris Hajradinovi\u0107 (Haugesund, Norve\u0161ka), Asim Zec (Sloboda), Amer Gojak (Dinamo Zagreb, Hrvatska), Riad Baji\u0107 (Konyaspor, Turska).<\/p>\n<p>-Pred nama su dvije jake i va\u017ene utakmice. Kao i svaki put, u susrete ulazimo sa namjerom da ostvarimo pozitivan rezultat. Prevljak se jo\u0161 nije oporavio od povrede, te na njega ne\u0107emo mo\u0107i da ra\u010dunamo. Problem \u0107e nam u prvoj utakmici predstavljati izostanci Memije i Had\u017eiahmetovi\u0107a, koji ne mogu nastupiti zbog \u017eutih kartona. Nadam se da \u0107e do\u0107i maksimalno motivisani i da \u0107emo ostvariti \u0161to bolje rezultate \u2013 rekao je selektor mlade reprezentacije BiH.<\/p>\n<p>Priredio &#8211; Aleksandar Drakuli\u0107 \u2013 <a href=\"www.prijedordanas.com\" target=\"_blank\">www.prijedordanas.com <\/a><\/p>\n","protected":false},"excerpt":{"rendered":"<p>Mlada reprezentacija Bosne i Hercegovine nastavlja Kvalifikacije za Evropsko prvenstvo 2017 utakmicama sa Norve\u0161kom i \u0160vajcarskom. Ovi me\u010devi igraju se 2. i 6. septembra na stadionu \u201eGrbavica\u201c u Sarajevu. Selektor [&hellip;]<\/p>\n","protected":false},"author":1,"featured_media":0,"comment_status":"closed","ping_status":"open","sticky":false,"template":"","format":"standard","meta":{"_monsterinsights_skip_tracking":false,"_monsterinsights_sitenote_active":false,"_monsterinsights_sitenote_note":"","_monsterinsights_sitenote_category":0,"footnotes":""},"categories":[7],"tags":[792,1675,1217,5195,1014],"yoast_head":"<!-- This site is optimized with the Yoast SEO plugin v21.6 - https:\/\/yoast.com\/wordpress\/plugins\/seo\/ -->\n<title>SANI\u010cANIN, JOVI\u010cI\u0106 I RED\u017dI\u0106 PONOVO NA REPREZENTATIVNOM SPISKU - PrijedorDanas.com - Prijedorski gradski portal<\/title>\n<meta name=\"robots\" content=\"index, follow, max-snippet:-1, max-image-preview:large, max-video-preview:-1\" \/>\n<link rel=\"canonical\" href=\"https:\/\/www.prijedordanas.com\/?p=59067\" \/>\n<meta property=\"og:locale\" content=\"en_US\" \/>\n<meta property=\"og:type\" content=\"article\" \/>\n<meta property=\"og:title\" content=\"SANI\u010cANIN, JOVI\u010cI\u0106 I RED\u017dI\u0106 PONOVO NA REPREZENTATIVNOM SPISKU - PrijedorDanas.com - Prijedorski gradski portal\" \/>\n<meta property=\"og:description\" content=\"Mlada reprezentacija Bosne i Hercegovine nastavlja Kvalifikacije za Evropsko prvenstvo 2017 utakmicama sa Norve\u0161kom i \u0160vajcarskom. Ovi me\u010devi igraju se 2. i 6. septembra na stadionu \u201eGrbavica\u201c u Sarajevu. Selektor [&hellip;]\" \/>\n<meta property=\"og:url\" content=\"https:\/\/www.prijedordanas.com\/?p=59067\" \/>\n<meta property=\"og:site_name\" content=\"PrijedorDanas.com - Prijedorski gradski portal\" \/>\n<meta property=\"article:publisher\" content=\"https:\/\/www.facebook.com\/PrijedorDanasCom\/\" \/>\n<meta property=\"article:published_time\" content=\"2016-08-22T13:31:51+00:00\" \/>\n<meta property=\"article:modified_time\" content=\"2016-08-22T13:33:22+00:00\" \/>\n<meta property=\"og:image\" content=\"https:\/\/www.prijedordanas.com\/wp-content\/uploads\/2016\/03\/sanicanin-redzic-jovicic-1-300x216.jpg\" \/>\n<meta name=\"author\" content=\"admin\" \/>\n<meta name=\"twitter:card\" content=\"summary_large_image\" \/>\n<meta name=\"twitter:label1\" content=\"Written by\" \/>\n\t<meta name=\"twitter:data1\" content=\"admin\" \/>\n\t<meta name=\"twitter:label2\" content=\"Est. reading time\" \/>\n\t<meta name=\"twitter:data2\" content=\"2 minutes\" \/>\n<script type=\"application\/ld+json\" class=\"yoast-schema-graph\">{\"@context\":\"https:\/\/schema.org\",\"@graph\":[{\"@type\":\"Article\",\"@id\":\"https:\/\/www.prijedordanas.com\/?p=59067#article\",\"isPartOf\":{\"@id\":\"https:\/\/www.prijedordanas.com\/?p=59067\"},\"author\":{\"name\":\"admin\",\"@id\":\"https:\/\/www.prijedordanas.com\/#\/schema\/person\/4e08ccf29b506ca916ff86d46bb700e6\"},\"headline\":\"SANI\u010cANIN, JOVI\u010cI\u0106 I RED\u017dI\u0106 PONOVO NA REPREZENTATIVNOM SPISKU\",\"datePublished\":\"2016-08-22T13:31:51+00:00\",\"dateModified\":\"2016-08-22T13:33:22+00:00\",\"mainEntityOfPage\":{\"@id\":\"https:\/\/www.prijedordanas.com\/?p=59067\"},\"wordCount\":323,\"publisher\":{\"@id\":\"https:\/\/www.prijedordanas.com\/#organization\"},\"keywords\":[\"Ajdin Red\u017ei\u0107\",\"Aleksandar Jovi\u010di\u0107\",\"kvalifikacije\",\"mlada reprezentacija BiH\",\"Sini\u0161a Sani\u010danin\"],\"articleSection\":[\"Sport\"],\"inLanguage\":\"en-US\"},{\"@type\":\"WebPage\",\"@id\":\"https:\/\/www.prijedordanas.com\/?p=59067\",\"url\":\"https:\/\/www.prijedordanas.com\/?p=59067\",\"name\":\"SANI\u010cANIN, JOVI\u010cI\u0106 I RED\u017dI\u0106 PONOVO NA REPREZENTATIVNOM SPISKU - PrijedorDanas.com - Prijedorski gradski portal\",\"isPartOf\":{\"@id\":\"https:\/\/www.prijedordanas.com\/#website\"},\"datePublished\":\"2016-08-22T13:31:51+00:00\",\"dateModified\":\"2016-08-22T13:33:22+00:00\",\"breadcrumb\":{\"@id\":\"https:\/\/www.prijedordanas.com\/?p=59067#breadcrumb\"},\"inLanguage\":\"en-US\",\"potentialAction\":[{\"@type\":\"ReadAction\",\"target\":[\"https:\/\/www.prijedordanas.com\/?p=59067\"]}]},{\"@type\":\"BreadcrumbList\",\"@id\":\"https:\/\/www.prijedordanas.com\/?p=59067#breadcrumb\",\"itemListElement\":[{\"@type\":\"ListItem\",\"position\":1,\"name\":\"Home\",\"item\":\"https:\/\/www.prijedordanas.com\/\"},{\"@type\":\"ListItem\",\"position\":2,\"name\":\"SANI\u010cANIN, JOVI\u010cI\u0106 I RED\u017dI\u0106 PONOVO NA REPREZENTATIVNOM SPISKU\"}]},{\"@type\":\"WebSite\",\"@id\":\"https:\/\/www.prijedordanas.com\/#website\",\"url\":\"https:\/\/www.prijedordanas.com\/\",\"name\":\"PrijedorDanas.com - Prijedorski gradski portal\",\"description\":\"Portal o doga\u0111anjima u gradu Prijedoru\",\"publisher\":{\"@id\":\"https:\/\/www.prijedordanas.com\/#organization\"},\"potentialAction\":[{\"@type\":\"SearchAction\",\"target\":{\"@type\":\"EntryPoint\",\"urlTemplate\":\"https:\/\/www.prijedordanas.com\/?s={search_term_string}\"},\"query-input\":\"required name=search_term_string\"}],\"inLanguage\":\"en-US\"},{\"@type\":\"Organization\",\"@id\":\"https:\/\/www.prijedordanas.com\/#organization\",\"name\":\"PrijedorDanas.com\",\"url\":\"https:\/\/www.prijedordanas.com\/\",\"logo\":{\"@type\":\"ImageObject\",\"inLanguage\":\"en-US\",\"@id\":\"https:\/\/www.prijedordanas.com\/#\/schema\/logo\/image\/\",\"url\":\"http:\/\/www.prijedordanas.com\/wp-content\/uploads\/2021\/12\/logopng.png\",\"contentUrl\":\"http:\/\/www.prijedordanas.com\/wp-content\/uploads\/2021\/12\/logopng.png\",\"width\":1019,\"height\":776,\"caption\":\"PrijedorDanas.com\"},\"image\":{\"@id\":\"https:\/\/www.prijedordanas.com\/#\/schema\/logo\/image\/\"},\"sameAs\":[\"https:\/\/www.facebook.com\/PrijedorDanasCom\/\"]},{\"@type\":\"Person\",\"@id\":\"https:\/\/www.prijedordanas.com\/#\/schema\/person\/4e08ccf29b506ca916ff86d46bb700e6\",\"name\":\"admin\",\"image\":{\"@type\":\"ImageObject\",\"inLanguage\":\"en-US\",\"@id\":\"https:\/\/www.prijedordanas.com\/#\/schema\/person\/image\/\",\"url\":\"https:\/\/secure.gravatar.com\/avatar\/1d3fc949d550f0b53a5f0d51e06dfd79?s=96&d=mm&r=g\",\"contentUrl\":\"https:\/\/secure.gravatar.com\/avatar\/1d3fc949d550f0b53a5f0d51e06dfd79?s=96&d=mm&r=g\",\"caption\":\"admin\"},\"url\":\"https:\/\/www.prijedordanas.com\/?author=1\"}]}<\/script>\n<!-- \/ Yoast SEO plugin. -->","yoast_head_json":{"title":"SANI\u010cANIN, JOVI\u010cI\u0106 I RED\u017dI\u0106 PONOVO NA REPREZENTATIVNOM SPISKU - PrijedorDanas.com - Prijedorski gradski portal","robots":{"index":"index","follow":"follow","max-snippet":"max-snippet:-1","max-image-preview":"max-image-preview:large","max-video-preview":"max-video-preview:-1"},"canonical":"https:\/\/www.prijedordanas.com\/?p=59067","og_locale":"en_US","og_type":"article","og_title":"SANI\u010cANIN, JOVI\u010cI\u0106 I RED\u017dI\u0106 PONOVO NA REPREZENTATIVNOM SPISKU - PrijedorDanas.com - Prijedorski gradski portal","og_description":"Mlada reprezentacija Bosne i Hercegovine nastavlja Kvalifikacije za Evropsko prvenstvo 2017 utakmicama sa Norve\u0161kom i \u0160vajcarskom. Ovi me\u010devi igraju se 2. i 6. septembra na stadionu \u201eGrbavica\u201c u Sarajevu. Selektor [&hellip;]","og_url":"https:\/\/www.prijedordanas.com\/?p=59067","og_site_name":"PrijedorDanas.com - Prijedorski gradski portal","article_publisher":"https:\/\/www.facebook.com\/PrijedorDanasCom\/","article_published_time":"2016-08-22T13:31:51+00:00","article_modified_time":"2016-08-22T13:33:22+00:00","og_image":[{"url":"https:\/\/www.prijedordanas.com\/wp-content\/uploads\/2016\/03\/sanicanin-redzic-jovicic-1-300x216.jpg"}],"author":"admin","twitter_card":"summary_large_image","twitter_misc":{"Written by":"admin","Est. reading time":"2 minutes"},"schema":{"@context":"https:\/\/schema.org","@graph":[{"@type":"Article","@id":"https:\/\/www.prijedordanas.com\/?p=59067#article","isPartOf":{"@id":"https:\/\/www.prijedordanas.com\/?p=59067"},"author":{"name":"admin","@id":"https:\/\/www.prijedordanas.com\/#\/schema\/person\/4e08ccf29b506ca916ff86d46bb700e6"},"headline":"SANI\u010cANIN, JOVI\u010cI\u0106 I RED\u017dI\u0106 PONOVO NA REPREZENTATIVNOM SPISKU","datePublished":"2016-08-22T13:31:51+00:00","dateModified":"2016-08-22T13:33:22+00:00","mainEntityOfPage":{"@id":"https:\/\/www.prijedordanas.com\/?p=59067"},"wordCount":323,"publisher":{"@id":"https:\/\/www.prijedordanas.com\/#organization"},"keywords":["Ajdin Red\u017ei\u0107","Aleksandar Jovi\u010di\u0107","kvalifikacije","mlada reprezentacija BiH","Sini\u0161a Sani\u010danin"],"articleSection":["Sport"],"inLanguage":"en-US"},{"@type":"WebPage","@id":"https:\/\/www.prijedordanas.com\/?p=59067","url":"https:\/\/www.prijedordanas.com\/?p=59067","name":"SANI\u010cANIN, JOVI\u010cI\u0106 I RED\u017dI\u0106 PONOVO NA REPREZENTATIVNOM SPISKU - PrijedorDanas.com - Prijedorski gradski portal","isPartOf":{"@id":"https:\/\/www.prijedordanas.com\/#website"},"datePublished":"2016-08-22T13:31:51+00:00","dateModified":"2016-08-22T13:33:22+00:00","breadcrumb":{"@id":"https:\/\/www.prijedordanas.com\/?p=59067#breadcrumb"},"inLanguage":"en-US","potentialAction":[{"@type":"ReadAction","target":["https:\/\/www.prijedordanas.com\/?p=59067"]}]},{"@type":"BreadcrumbList","@id":"https:\/\/www.prijedordanas.com\/?p=59067#breadcrumb","itemListElement":[{"@type":"ListItem","position":1,"name":"Home","item":"https:\/\/www.prijedordanas.com\/"},{"@type":"ListItem","position":2,"name":"SANI\u010cANIN, JOVI\u010cI\u0106 I RED\u017dI\u0106 PONOVO NA REPREZENTATIVNOM SPISKU"}]},{"@type":"WebSite","@id":"https:\/\/www.prijedordanas.com\/#website","url":"https:\/\/www.prijedordanas.com\/","name":"PrijedorDanas.com - Prijedorski gradski portal","description":"Portal o doga\u0111anjima u gradu Prijedoru","publisher":{"@id":"https:\/\/www.prijedordanas.com\/#organization"},"potentialAction":[{"@type":"SearchAction","target":{"@type":"EntryPoint","urlTemplate":"https:\/\/www.prijedordanas.com\/?s={search_term_string}"},"query-input":"required name=search_term_string"}],"inLanguage":"en-US"},{"@type":"Organization","@id":"https:\/\/www.prijedordanas.com\/#organization","name":"PrijedorDanas.com","url":"https:\/\/www.prijedordanas.com\/","logo":{"@type":"ImageObject","inLanguage":"en-US","@id":"https:\/\/www.prijedordanas.com\/#\/schema\/logo\/image\/","url":"http:\/\/www.prijedordanas.com\/wp-content\/uploads\/2021\/12\/logopng.png","contentUrl":"http:\/\/www.prijedordanas.com\/wp-content\/uploads\/2021\/12\/logopng.png","width":1019,"height":776,"caption":"PrijedorDanas.com"},"image":{"@id":"https:\/\/www.prijedordanas.com\/#\/schema\/logo\/image\/"},"sameAs":["https:\/\/www.facebook.com\/PrijedorDanasCom\/"]},{"@type":"Person","@id":"https:\/\/www.prijedordanas.com\/#\/schema\/person\/4e08ccf29b506ca916ff86d46bb700e6","name":"admin","image":{"@type":"ImageObject","inLanguage":"en-US","@id":"https:\/\/www.prijedordanas.com\/#\/schema\/person\/image\/","url":"https:\/\/secure.gravatar.com\/avatar\/1d3fc949d550f0b53a5f0d51e06dfd79?s=96&d=mm&r=g","contentUrl":"https:\/\/secure.gravatar.com\/avatar\/1d3fc949d550f0b53a5f0d51e06dfd79?s=96&d=mm&r=g","caption":"admin"},"url":"https:\/\/www.prijedordanas.com\/?author=1"}]}},"_links":{"self":[{"href":"https:\/\/www.prijedordanas.com\/index.php?rest_route=\/wp\/v2\/posts\/59067"}],"collection":[{"href":"https:\/\/www.prijedordanas.com\/index.php?rest_route=\/wp\/v2\/posts"}],"about":[{"href":"https:\/\/www.prijedordanas.com\/index.php?rest_route=\/wp\/v2\/types\/post"}],"author":[{"embeddable":true,"href":"https:\/\/www.prijedordanas.com\/index.php?rest_route=\/wp\/v2\/users\/1"}],"replies":[{"embeddable":true,"href":"https:\/\/www.prijedordanas.com\/index.php?rest_route=%2Fwp%2Fv2%2Fcomments&post=59067"}],"version-history":[{"count":2,"href":"https:\/\/www.prijedordanas.com\/index.php?rest_route=\/wp\/v2\/posts\/59067\/revisions"}],"predecessor-version":[{"id":59069,"href":"https:\/\/www.prijedordanas.com\/index.php?rest_route=\/wp\/v2\/posts\/59067\/revisions\/59069"}],"wp:attachment":[{"href":"https:\/\/www.prijedordanas.com\/index.php?rest_route=%2Fwp%2Fv2%2Fmedia&parent=59067"}],"wp:term":[{"taxonomy":"category","embeddable":true,"href":"https:\/\/www.prijedordanas.com\/index.php?rest_route=%2Fwp%2Fv2%2Fcategories&post=59067"},{"taxonomy":"post_tag","embeddable":true,"href":"https:\/\/www.prijedordanas.com\/index.php?rest_route=%2Fwp%2Fv2%2Ftags&post=59067"}],"curies":[{"name":"wp","href":"https:\/\/api.w.org\/{rel}","templated":true}]}}