{"id":58958,"date":"2016-08-21T18:18:00","date_gmt":"2016-08-21T16:18:00","guid":{"rendered":"https:\/\/www.prijedordanas.com\/?p=58958"},"modified":"2016-08-21T18:18:00","modified_gmt":"2016-08-21T16:18:00","slug":"obiljezavanje-stradanja-na-koricanskim-stijenama-u-ponor-bacene-ruze-u-spomen-na-ubijene-foto","status":"publish","type":"post","link":"https:\/\/www.prijedordanas.com\/?p=58958","title":{"rendered":"OBILJE\u017dAVANJE STRADANJA NA KORI\u0106ANSKIM STIJENAMA: U PONOR BA\u010cENE RU\u017dE U SPOMEN NA UBIJENE \u2013 FOTO"},"content":{"rendered":"<p><a href=\"https:\/\/www.prijedordanas.com\/wp-content\/uploads\/2016\/08\/anadolija-koricanske-stijene-1.jpg\"><img loading=\"lazy\" decoding=\"async\" class=\"alignleft size-medium wp-image-58959\" src=\"https:\/\/www.prijedordanas.com\/wp-content\/uploads\/2016\/08\/anadolija-koricanske-stijene-1-300x200.jpg\" alt=\"anadolija-koricanske stijene (1)\" width=\"300\" height=\"200\" srcset=\"https:\/\/www.prijedordanas.com\/wp-content\/uploads\/2016\/08\/anadolija-koricanske-stijene-1-300x200.jpg 300w, https:\/\/www.prijedordanas.com\/wp-content\/uploads\/2016\/08\/anadolija-koricanske-stijene-1-100x67.jpg 100w, https:\/\/www.prijedordanas.com\/wp-content\/uploads\/2016\/08\/anadolija-koricanske-stijene-1.jpg 640w, https:\/\/www.prijedordanas.com\/wp-content\/uploads\/2016\/08\/anadolija-koricanske-stijene-1-480x320.jpg 480w\" sizes=\"(max-width: 300px) 100vw, 300px\" \/><\/a>Na Kori\u0107anskim stijenama ba\u010deno je danas 200 ru\u017ea u znak sje\u0107anja na dvjestotinak Bo\u0161njaka i Hrvata koji su 21. avgusta 1992. strijeljani na tom mjestu i ba\u010deni u ponor u podno\u017eju planine Vla\u0161i\u0107 u blizini Kne\u017eeva\/Skender Vakufa.<\/p>\n<p>Pomen na \u017ertve organizovao je Savez logora\u0161a u BiH, a prigodnim govorima oblje\u017eeno je stradanje gra\u0111ana nesrpske nacionalnosti koji su na Kori\u0107ane dovezeni iz prijedorske regije.<\/p>\n<p>Jasmin Me\u0161kovi\u0107, predsjednik Saveza logora\u0161a u BiH, podsjetio je da je zlo\u010din uspjelo da pre\u017eivi12 \u017ertava, \u010dija su svjedo\u010danstva doprinijela da se istina sa\u010duva, a da se zlo\u010dinci privedu pravdi.<\/p>\n<p><a href=\"https:\/\/www.prijedordanas.com\/wp-content\/uploads\/2016\/08\/anadolija-koricanske-stijene-2.jpg\"><img loading=\"lazy\" decoding=\"async\" class=\"alignleft size-medium wp-image-58960\" src=\"https:\/\/www.prijedordanas.com\/wp-content\/uploads\/2016\/08\/anadolija-koricanske-stijene-2-300x200.jpg\" alt=\"anadolija-koricanske stijene (2)\" width=\"300\" height=\"200\" srcset=\"https:\/\/www.prijedordanas.com\/wp-content\/uploads\/2016\/08\/anadolija-koricanske-stijene-2-300x200.jpg 300w, https:\/\/www.prijedordanas.com\/wp-content\/uploads\/2016\/08\/anadolija-koricanske-stijene-2-100x67.jpg 100w, https:\/\/www.prijedordanas.com\/wp-content\/uploads\/2016\/08\/anadolija-koricanske-stijene-2.jpg 640w, https:\/\/www.prijedordanas.com\/wp-content\/uploads\/2016\/08\/anadolija-koricanske-stijene-2-480x320.jpg 480w\" sizes=\"(max-width: 300px) 100vw, 300px\" \/><\/a>Jedan od logora\u0161a koji su pre\u017eivjeli zlo\u010din je Sabahudin Garibovi\u0107, predsjednik Regionalnog saveza logora\u0161a Banjaluka, koji je jedan od 22 \u017ertve koje pripadnici prijedorske policije nisu izveli na Kori\u0107ane, ve\u0107 su ih odvezli autobusom do Travnika na razmjenu.<\/p>\n<p>&#8220;Ovdje su ih pobili jer su mislili da nikad ne\u0107e biti prona\u0111eni. Ima jo\u0161 mnogo tijela koja nisu prona\u0111ena&#8221;, rekao je on.<\/p>\n<p>Prema podacima Saveza logora\u0161a u BiH, jo\u0161 se traga za osamdesetak \u017ertava zlo\u010dina, a 11 po\u010dinilaca zlo\u010dina osu\u0111eno je na oko 200 godina zatvora.<\/p>\n<p><a href=\"https:\/\/www.prijedordanas.com\/wp-content\/uploads\/2016\/08\/anadolija-koricanske-stijene-3.jpg\"><img loading=\"lazy\" decoding=\"async\" class=\"alignleft size-medium wp-image-58961\" src=\"https:\/\/www.prijedordanas.com\/wp-content\/uploads\/2016\/08\/anadolija-koricanske-stijene-3-300x200.jpg\" alt=\"anadolija-koricanske stijene (3)\" width=\"300\" height=\"200\" srcset=\"https:\/\/www.prijedordanas.com\/wp-content\/uploads\/2016\/08\/anadolija-koricanske-stijene-3-300x200.jpg 300w, https:\/\/www.prijedordanas.com\/wp-content\/uploads\/2016\/08\/anadolija-koricanske-stijene-3-100x67.jpg 100w, https:\/\/www.prijedordanas.com\/wp-content\/uploads\/2016\/08\/anadolija-koricanske-stijene-3.jpg 640w, https:\/\/www.prijedordanas.com\/wp-content\/uploads\/2016\/08\/anadolija-koricanske-stijene-3-480x320.jpg 480w\" sizes=\"(max-width: 300px) 100vw, 300px\" \/><\/a>Kako prenosi Anadolija, Muharemu Elezovi\u0107u na Kori\u0107anskim stijenama ubijena su dvojica sinova, brat i bratov sin, stri\u010devi\u0107i i te\u010di\u0107i. Kroz suze je ispri\u010dao kako je od dvojice sinova prona\u0111ena samo jedna vilica te da nije utvr\u0111eno kojem sinu pripada.<\/p>\n<p>&#8220;Do\u0111emo ovdje, ja i \u017eena sami. Dolazim od prvog dana ovdje, nije mi fino&#8230; Odvedeni su mi sinovi iz ku\u0107e u logor Keraterm, iz Keraterma u Trnopolje. Imali su 24 i 22 godine. Devetoro iz moje porodice je ovdje ubijeno, a niko nije sahranjen. Nisu na\u0111ene dvije kosti ni od jednog od njih&#8221;, ka\u017ee on.<\/p>\n<p>Jasmin Me\u0161kovi\u0107, predsjednik Saveza logora\u0161a u BiH, je rekao da je va\u017eno da se zna istina o ovom \u0161to se desilo na Kori\u0107anskim stijenama te da je to, po njegovom mi\u0161ljenju, organizovani i sistematski zlo\u010din.<\/p>\n<p>&#8220;\u017delim da pozovem sve one koji su snimali prebacivanje posmrtnih ostataka s ovog lokaliteta da ka\u017eu gdje se oni nalaze, oni danas ne mogu iza\u0107i na glasanje, ne mogu promijeniti brojno stanje stanovnika BiH, ali njihove porodice mogu imati unutra\u0161nji mir da sahrane svoje najmilije&#8221;, rekao je Me\u0161kovi\u0107.<\/p>\n<p>Nezavisne novine<br \/>\nFoto &#8211; Nijaz Huremovi\u0107\/agencija Anadolija<\/p>\n<p><a href=\"https:\/\/www.prijedordanas.com\/wp-content\/uploads\/2016\/08\/koricanske-stijene-by-nijaz-1.jpg\"><img loading=\"lazy\" decoding=\"async\" class=\"alignleft size-medium wp-image-58962\" src=\"https:\/\/www.prijedordanas.com\/wp-content\/uploads\/2016\/08\/koricanske-stijene-by-nijaz-1-300x169.jpg\" alt=\"koricanske stijene by nijaz (1)\" width=\"300\" height=\"169\" srcset=\"https:\/\/www.prijedordanas.com\/wp-content\/uploads\/2016\/08\/koricanske-stijene-by-nijaz-1-300x169.jpg 300w, https:\/\/www.prijedordanas.com\/wp-content\/uploads\/2016\/08\/koricanske-stijene-by-nijaz-1-100x56.jpg 100w, https:\/\/www.prijedordanas.com\/wp-content\/uploads\/2016\/08\/koricanske-stijene-by-nijaz-1.jpg 640w\" sizes=\"(max-width: 300px) 100vw, 300px\" \/><\/a> <a href=\"https:\/\/www.prijedordanas.com\/wp-content\/uploads\/2016\/08\/koricanske-stijene-by-nijaz-2.jpg\"><img loading=\"lazy\" decoding=\"async\" class=\"alignleft size-medium wp-image-58963\" src=\"https:\/\/www.prijedordanas.com\/wp-content\/uploads\/2016\/08\/koricanske-stijene-by-nijaz-2-300x169.jpg\" alt=\"koricanske stijene by nijaz (2)\" width=\"300\" height=\"169\" srcset=\"https:\/\/www.prijedordanas.com\/wp-content\/uploads\/2016\/08\/koricanske-stijene-by-nijaz-2-300x169.jpg 300w, https:\/\/www.prijedordanas.com\/wp-content\/uploads\/2016\/08\/koricanske-stijene-by-nijaz-2-100x56.jpg 100w, https:\/\/www.prijedordanas.com\/wp-content\/uploads\/2016\/08\/koricanske-stijene-by-nijaz-2.jpg 640w\" sizes=\"(max-width: 300px) 100vw, 300px\" \/><\/a> <a href=\"https:\/\/www.prijedordanas.com\/wp-content\/uploads\/2016\/08\/koricanske-stijene-by-nijaz-3.jpg\"><img loading=\"lazy\" decoding=\"async\" class=\"alignleft size-medium wp-image-58964\" src=\"https:\/\/www.prijedordanas.com\/wp-content\/uploads\/2016\/08\/koricanske-stijene-by-nijaz-3-300x169.jpg\" alt=\"koricanske stijene by nijaz (3)\" width=\"300\" height=\"169\" srcset=\"https:\/\/www.prijedordanas.com\/wp-content\/uploads\/2016\/08\/koricanske-stijene-by-nijaz-3-300x169.jpg 300w, https:\/\/www.prijedordanas.com\/wp-content\/uploads\/2016\/08\/koricanske-stijene-by-nijaz-3-100x56.jpg 100w, https:\/\/www.prijedordanas.com\/wp-content\/uploads\/2016\/08\/koricanske-stijene-by-nijaz-3.jpg 640w\" sizes=\"(max-width: 300px) 100vw, 300px\" \/><\/a> <a href=\"https:\/\/www.prijedordanas.com\/wp-content\/uploads\/2016\/08\/anadolija-koricanske-stijene-4.jpg\"><img loading=\"lazy\" decoding=\"async\" class=\"alignleft size-medium wp-image-58965\" src=\"https:\/\/www.prijedordanas.com\/wp-content\/uploads\/2016\/08\/anadolija-koricanske-stijene-4-300x200.jpg\" alt=\"anadolija-koricanske stijene (4)\" width=\"300\" height=\"200\" srcset=\"https:\/\/www.prijedordanas.com\/wp-content\/uploads\/2016\/08\/anadolija-koricanske-stijene-4-300x200.jpg 300w, https:\/\/www.prijedordanas.com\/wp-content\/uploads\/2016\/08\/anadolija-koricanske-stijene-4-100x67.jpg 100w, https:\/\/www.prijedordanas.com\/wp-content\/uploads\/2016\/08\/anadolija-koricanske-stijene-4.jpg 640w, https:\/\/www.prijedordanas.com\/wp-content\/uploads\/2016\/08\/anadolija-koricanske-stijene-4-480x320.jpg 480w\" sizes=\"(max-width: 300px) 100vw, 300px\" \/><\/a> <a href=\"https:\/\/www.prijedordanas.com\/wp-content\/uploads\/2016\/08\/anadolija-koricanske-stijene-5.jpg\"><img loading=\"lazy\" decoding=\"async\" class=\"alignleft size-medium wp-image-58966\" src=\"https:\/\/www.prijedordanas.com\/wp-content\/uploads\/2016\/08\/anadolija-koricanske-stijene-5-300x200.jpg\" alt=\"anadolija-koricanske stijene (5)\" width=\"300\" height=\"200\" srcset=\"https:\/\/www.prijedordanas.com\/wp-content\/uploads\/2016\/08\/anadolija-koricanske-stijene-5-300x200.jpg 300w, https:\/\/www.prijedordanas.com\/wp-content\/uploads\/2016\/08\/anadolija-koricanske-stijene-5-100x67.jpg 100w, https:\/\/www.prijedordanas.com\/wp-content\/uploads\/2016\/08\/anadolija-koricanske-stijene-5.jpg 640w, https:\/\/www.prijedordanas.com\/wp-content\/uploads\/2016\/08\/anadolija-koricanske-stijene-5-480x320.jpg 480w\" sizes=\"(max-width: 300px) 100vw, 300px\" \/><\/a> <a href=\"https:\/\/www.prijedordanas.com\/wp-content\/uploads\/2016\/08\/anadolija-koricanske-stijene-6.jpg\"><img loading=\"lazy\" decoding=\"async\" class=\"alignleft size-medium wp-image-58967\" src=\"https:\/\/www.prijedordanas.com\/wp-content\/uploads\/2016\/08\/anadolija-koricanske-stijene-6-300x200.jpg\" alt=\"anadolija-koricanske stijene (6)\" width=\"300\" height=\"200\" srcset=\"https:\/\/www.prijedordanas.com\/wp-content\/uploads\/2016\/08\/anadolija-koricanske-stijene-6-300x200.jpg 300w, https:\/\/www.prijedordanas.com\/wp-content\/uploads\/2016\/08\/anadolija-koricanske-stijene-6-100x67.jpg 100w, https:\/\/www.prijedordanas.com\/wp-content\/uploads\/2016\/08\/anadolija-koricanske-stijene-6.jpg 640w, https:\/\/www.prijedordanas.com\/wp-content\/uploads\/2016\/08\/anadolija-koricanske-stijene-6-480x320.jpg 480w\" sizes=\"(max-width: 300px) 100vw, 300px\" \/><\/a><\/p>\n","protected":false},"excerpt":{"rendered":"<p>Na Kori\u0107anskim stijenama ba\u010deno je danas 200 ru\u017ea u znak sje\u0107anja na dvjestotinak Bo\u0161njaka i Hrvata koji su 21. avgusta 1992. strijeljani na tom mjestu i ba\u010deni u ponor u [&hellip;]<\/p>\n","protected":false},"author":1,"featured_media":0,"comment_status":"closed","ping_status":"open","sticky":false,"template":"","format":"standard","meta":{"_monsterinsights_skip_tracking":false,"_monsterinsights_sitenote_active":false,"_monsterinsights_sitenote_note":"","_monsterinsights_sitenote_category":0,"footnotes":""},"categories":[4],"tags":[82,2224],"yoast_head":"<!-- This site is optimized with the Yoast SEO plugin v21.6 - https:\/\/yoast.com\/wordpress\/plugins\/seo\/ -->\n<title>OBILJE\u017dAVANJE STRADANJA NA KORI\u0106ANSKIM STIJENAMA: U PONOR BA\u010cENE RU\u017dE U SPOMEN NA UBIJENE \u2013 FOTO - PrijedorDanas.com - Prijedorski gradski portal<\/title>\n<meta name=\"robots\" content=\"index, follow, max-snippet:-1, max-image-preview:large, max-video-preview:-1\" \/>\n<link rel=\"canonical\" href=\"https:\/\/www.prijedordanas.com\/?p=58958\" \/>\n<meta property=\"og:locale\" content=\"en_US\" \/>\n<meta property=\"og:type\" content=\"article\" \/>\n<meta property=\"og:title\" content=\"OBILJE\u017dAVANJE STRADANJA NA KORI\u0106ANSKIM STIJENAMA: U PONOR BA\u010cENE RU\u017dE U SPOMEN NA UBIJENE \u2013 FOTO - PrijedorDanas.com - Prijedorski gradski portal\" \/>\n<meta property=\"og:description\" content=\"Na Kori\u0107anskim stijenama ba\u010deno je danas 200 ru\u017ea u znak sje\u0107anja na dvjestotinak Bo\u0161njaka i Hrvata koji su 21. avgusta 1992. strijeljani na tom mjestu i ba\u010deni u ponor u [&hellip;]\" \/>\n<meta property=\"og:url\" content=\"https:\/\/www.prijedordanas.com\/?p=58958\" \/>\n<meta property=\"og:site_name\" content=\"PrijedorDanas.com - Prijedorski gradski portal\" \/>\n<meta property=\"article:publisher\" content=\"https:\/\/www.facebook.com\/PrijedorDanasCom\/\" \/>\n<meta property=\"article:published_time\" content=\"2016-08-21T16:18:00+00:00\" \/>\n<meta property=\"og:image\" content=\"https:\/\/www.prijedordanas.com\/wp-content\/uploads\/2016\/08\/anadolija-koricanske-stijene-1-300x200.jpg\" \/>\n<meta name=\"author\" content=\"admin\" \/>\n<meta name=\"twitter:card\" content=\"summary_large_image\" \/>\n<meta name=\"twitter:label1\" content=\"Written by\" \/>\n\t<meta name=\"twitter:data1\" content=\"admin\" \/>\n\t<meta name=\"twitter:label2\" content=\"Est. reading time\" \/>\n\t<meta name=\"twitter:data2\" content=\"2 minutes\" \/>\n<script type=\"application\/ld+json\" class=\"yoast-schema-graph\">{\"@context\":\"https:\/\/schema.org\",\"@graph\":[{\"@type\":\"Article\",\"@id\":\"https:\/\/www.prijedordanas.com\/?p=58958#article\",\"isPartOf\":{\"@id\":\"https:\/\/www.prijedordanas.com\/?p=58958\"},\"author\":{\"name\":\"admin\",\"@id\":\"https:\/\/www.prijedordanas.com\/#\/schema\/person\/4e08ccf29b506ca916ff86d46bb700e6\"},\"headline\":\"OBILJE\u017dAVANJE STRADANJA NA KORI\u0106ANSKIM STIJENAMA: U PONOR BA\u010cENE RU\u017dE U SPOMEN NA UBIJENE \u2013 FOTO\",\"datePublished\":\"2016-08-21T16:18:00+00:00\",\"dateModified\":\"2016-08-21T16:18:00+00:00\",\"mainEntityOfPage\":{\"@id\":\"https:\/\/www.prijedordanas.com\/?p=58958\"},\"wordCount\":429,\"publisher\":{\"@id\":\"https:\/\/www.prijedordanas.com\/#organization\"},\"keywords\":[\"godi\u0161njica\",\"Kori\u0107anske stijene\"],\"articleSection\":[\"Dru\u0161tvo\"],\"inLanguage\":\"en-US\"},{\"@type\":\"WebPage\",\"@id\":\"https:\/\/www.prijedordanas.com\/?p=58958\",\"url\":\"https:\/\/www.prijedordanas.com\/?p=58958\",\"name\":\"OBILJE\u017dAVANJE STRADANJA NA KORI\u0106ANSKIM STIJENAMA: U PONOR BA\u010cENE RU\u017dE U SPOMEN NA UBIJENE \u2013 FOTO - PrijedorDanas.com - Prijedorski gradski portal\",\"isPartOf\":{\"@id\":\"https:\/\/www.prijedordanas.com\/#website\"},\"datePublished\":\"2016-08-21T16:18:00+00:00\",\"dateModified\":\"2016-08-21T16:18:00+00:00\",\"breadcrumb\":{\"@id\":\"https:\/\/www.prijedordanas.com\/?p=58958#breadcrumb\"},\"inLanguage\":\"en-US\",\"potentialAction\":[{\"@type\":\"ReadAction\",\"target\":[\"https:\/\/www.prijedordanas.com\/?p=58958\"]}]},{\"@type\":\"BreadcrumbList\",\"@id\":\"https:\/\/www.prijedordanas.com\/?p=58958#breadcrumb\",\"itemListElement\":[{\"@type\":\"ListItem\",\"position\":1,\"name\":\"Home\",\"item\":\"https:\/\/www.prijedordanas.com\/\"},{\"@type\":\"ListItem\",\"position\":2,\"name\":\"OBILJE\u017dAVANJE STRADANJA NA KORI\u0106ANSKIM STIJENAMA: U PONOR BA\u010cENE RU\u017dE U SPOMEN NA UBIJENE \u2013 FOTO\"}]},{\"@type\":\"WebSite\",\"@id\":\"https:\/\/www.prijedordanas.com\/#website\",\"url\":\"https:\/\/www.prijedordanas.com\/\",\"name\":\"PrijedorDanas.com - Prijedorski gradski portal\",\"description\":\"Portal o doga\u0111anjima u gradu Prijedoru\",\"publisher\":{\"@id\":\"https:\/\/www.prijedordanas.com\/#organization\"},\"potentialAction\":[{\"@type\":\"SearchAction\",\"target\":{\"@type\":\"EntryPoint\",\"urlTemplate\":\"https:\/\/www.prijedordanas.com\/?s={search_term_string}\"},\"query-input\":\"required name=search_term_string\"}],\"inLanguage\":\"en-US\"},{\"@type\":\"Organization\",\"@id\":\"https:\/\/www.prijedordanas.com\/#organization\",\"name\":\"PrijedorDanas.com\",\"url\":\"https:\/\/www.prijedordanas.com\/\",\"logo\":{\"@type\":\"ImageObject\",\"inLanguage\":\"en-US\",\"@id\":\"https:\/\/www.prijedordanas.com\/#\/schema\/logo\/image\/\",\"url\":\"http:\/\/www.prijedordanas.com\/wp-content\/uploads\/2021\/12\/logopng.png\",\"contentUrl\":\"http:\/\/www.prijedordanas.com\/wp-content\/uploads\/2021\/12\/logopng.png\",\"width\":1019,\"height\":776,\"caption\":\"PrijedorDanas.com\"},\"image\":{\"@id\":\"https:\/\/www.prijedordanas.com\/#\/schema\/logo\/image\/\"},\"sameAs\":[\"https:\/\/www.facebook.com\/PrijedorDanasCom\/\"]},{\"@type\":\"Person\",\"@id\":\"https:\/\/www.prijedordanas.com\/#\/schema\/person\/4e08ccf29b506ca916ff86d46bb700e6\",\"name\":\"admin\",\"image\":{\"@type\":\"ImageObject\",\"inLanguage\":\"en-US\",\"@id\":\"https:\/\/www.prijedordanas.com\/#\/schema\/person\/image\/\",\"url\":\"https:\/\/secure.gravatar.com\/avatar\/1d3fc949d550f0b53a5f0d51e06dfd79?s=96&d=mm&r=g\",\"contentUrl\":\"https:\/\/secure.gravatar.com\/avatar\/1d3fc949d550f0b53a5f0d51e06dfd79?s=96&d=mm&r=g\",\"caption\":\"admin\"},\"url\":\"https:\/\/www.prijedordanas.com\/?author=1\"}]}<\/script>\n<!-- \/ Yoast SEO plugin. -->","yoast_head_json":{"title":"OBILJE\u017dAVANJE STRADANJA NA KORI\u0106ANSKIM STIJENAMA: U PONOR BA\u010cENE RU\u017dE U SPOMEN NA UBIJENE \u2013 FOTO - PrijedorDanas.com - Prijedorski gradski portal","robots":{"index":"index","follow":"follow","max-snippet":"max-snippet:-1","max-image-preview":"max-image-preview:large","max-video-preview":"max-video-preview:-1"},"canonical":"https:\/\/www.prijedordanas.com\/?p=58958","og_locale":"en_US","og_type":"article","og_title":"OBILJE\u017dAVANJE STRADANJA NA KORI\u0106ANSKIM STIJENAMA: U PONOR BA\u010cENE RU\u017dE U SPOMEN NA UBIJENE \u2013 FOTO - PrijedorDanas.com - Prijedorski gradski portal","og_description":"Na Kori\u0107anskim stijenama ba\u010deno je danas 200 ru\u017ea u znak sje\u0107anja na dvjestotinak Bo\u0161njaka i Hrvata koji su 21. avgusta 1992. strijeljani na tom mjestu i ba\u010deni u ponor u [&hellip;]","og_url":"https:\/\/www.prijedordanas.com\/?p=58958","og_site_name":"PrijedorDanas.com - Prijedorski gradski portal","article_publisher":"https:\/\/www.facebook.com\/PrijedorDanasCom\/","article_published_time":"2016-08-21T16:18:00+00:00","og_image":[{"url":"https:\/\/www.prijedordanas.com\/wp-content\/uploads\/2016\/08\/anadolija-koricanske-stijene-1-300x200.jpg"}],"author":"admin","twitter_card":"summary_large_image","twitter_misc":{"Written by":"admin","Est. reading time":"2 minutes"},"schema":{"@context":"https:\/\/schema.org","@graph":[{"@type":"Article","@id":"https:\/\/www.prijedordanas.com\/?p=58958#article","isPartOf":{"@id":"https:\/\/www.prijedordanas.com\/?p=58958"},"author":{"name":"admin","@id":"https:\/\/www.prijedordanas.com\/#\/schema\/person\/4e08ccf29b506ca916ff86d46bb700e6"},"headline":"OBILJE\u017dAVANJE STRADANJA NA KORI\u0106ANSKIM STIJENAMA: U PONOR BA\u010cENE RU\u017dE U SPOMEN NA UBIJENE \u2013 FOTO","datePublished":"2016-08-21T16:18:00+00:00","dateModified":"2016-08-21T16:18:00+00:00","mainEntityOfPage":{"@id":"https:\/\/www.prijedordanas.com\/?p=58958"},"wordCount":429,"publisher":{"@id":"https:\/\/www.prijedordanas.com\/#organization"},"keywords":["godi\u0161njica","Kori\u0107anske stijene"],"articleSection":["Dru\u0161tvo"],"inLanguage":"en-US"},{"@type":"WebPage","@id":"https:\/\/www.prijedordanas.com\/?p=58958","url":"https:\/\/www.prijedordanas.com\/?p=58958","name":"OBILJE\u017dAVANJE STRADANJA NA KORI\u0106ANSKIM STIJENAMA: U PONOR BA\u010cENE RU\u017dE U SPOMEN NA UBIJENE \u2013 FOTO - PrijedorDanas.com - Prijedorski gradski portal","isPartOf":{"@id":"https:\/\/www.prijedordanas.com\/#website"},"datePublished":"2016-08-21T16:18:00+00:00","dateModified":"2016-08-21T16:18:00+00:00","breadcrumb":{"@id":"https:\/\/www.prijedordanas.com\/?p=58958#breadcrumb"},"inLanguage":"en-US","potentialAction":[{"@type":"ReadAction","target":["https:\/\/www.prijedordanas.com\/?p=58958"]}]},{"@type":"BreadcrumbList","@id":"https:\/\/www.prijedordanas.com\/?p=58958#breadcrumb","itemListElement":[{"@type":"ListItem","position":1,"name":"Home","item":"https:\/\/www.prijedordanas.com\/"},{"@type":"ListItem","position":2,"name":"OBILJE\u017dAVANJE STRADANJA NA KORI\u0106ANSKIM STIJENAMA: U PONOR BA\u010cENE RU\u017dE U SPOMEN NA UBIJENE \u2013 FOTO"}]},{"@type":"WebSite","@id":"https:\/\/www.prijedordanas.com\/#website","url":"https:\/\/www.prijedordanas.com\/","name":"PrijedorDanas.com - Prijedorski gradski portal","description":"Portal o doga\u0111anjima u gradu Prijedoru","publisher":{"@id":"https:\/\/www.prijedordanas.com\/#organization"},"potentialAction":[{"@type":"SearchAction","target":{"@type":"EntryPoint","urlTemplate":"https:\/\/www.prijedordanas.com\/?s={search_term_string}"},"query-input":"required name=search_term_string"}],"inLanguage":"en-US"},{"@type":"Organization","@id":"https:\/\/www.prijedordanas.com\/#organization","name":"PrijedorDanas.com","url":"https:\/\/www.prijedordanas.com\/","logo":{"@type":"ImageObject","inLanguage":"en-US","@id":"https:\/\/www.prijedordanas.com\/#\/schema\/logo\/image\/","url":"http:\/\/www.prijedordanas.com\/wp-content\/uploads\/2021\/12\/logopng.png","contentUrl":"http:\/\/www.prijedordanas.com\/wp-content\/uploads\/2021\/12\/logopng.png","width":1019,"height":776,"caption":"PrijedorDanas.com"},"image":{"@id":"https:\/\/www.prijedordanas.com\/#\/schema\/logo\/image\/"},"sameAs":["https:\/\/www.facebook.com\/PrijedorDanasCom\/"]},{"@type":"Person","@id":"https:\/\/www.prijedordanas.com\/#\/schema\/person\/4e08ccf29b506ca916ff86d46bb700e6","name":"admin","image":{"@type":"ImageObject","inLanguage":"en-US","@id":"https:\/\/www.prijedordanas.com\/#\/schema\/person\/image\/","url":"https:\/\/secure.gravatar.com\/avatar\/1d3fc949d550f0b53a5f0d51e06dfd79?s=96&d=mm&r=g","contentUrl":"https:\/\/secure.gravatar.com\/avatar\/1d3fc949d550f0b53a5f0d51e06dfd79?s=96&d=mm&r=g","caption":"admin"},"url":"https:\/\/www.prijedordanas.com\/?author=1"}]}},"_links":{"self":[{"href":"https:\/\/www.prijedordanas.com\/index.php?rest_route=\/wp\/v2\/posts\/58958"}],"collection":[{"href":"https:\/\/www.prijedordanas.com\/index.php?rest_route=\/wp\/v2\/posts"}],"about":[{"href":"https:\/\/www.prijedordanas.com\/index.php?rest_route=\/wp\/v2\/types\/post"}],"author":[{"embeddable":true,"href":"https:\/\/www.prijedordanas.com\/index.php?rest_route=\/wp\/v2\/users\/1"}],"replies":[{"embeddable":true,"href":"https:\/\/www.prijedordanas.com\/index.php?rest_route=%2Fwp%2Fv2%2Fcomments&post=58958"}],"version-history":[{"count":1,"href":"https:\/\/www.prijedordanas.com\/index.php?rest_route=\/wp\/v2\/posts\/58958\/revisions"}],"predecessor-version":[{"id":58968,"href":"https:\/\/www.prijedordanas.com\/index.php?rest_route=\/wp\/v2\/posts\/58958\/revisions\/58968"}],"wp:attachment":[{"href":"https:\/\/www.prijedordanas.com\/index.php?rest_route=%2Fwp%2Fv2%2Fmedia&parent=58958"}],"wp:term":[{"taxonomy":"category","embeddable":true,"href":"https:\/\/www.prijedordanas.com\/index.php?rest_route=%2Fwp%2Fv2%2Fcategories&post=58958"},{"taxonomy":"post_tag","embeddable":true,"href":"https:\/\/www.prijedordanas.com\/index.php?rest_route=%2Fwp%2Fv2%2Ftags&post=58958"}],"curies":[{"name":"wp","href":"https:\/\/api.w.org\/{rel}","templated":true}]}}