{"id":58795,"date":"2016-08-20T09:19:22","date_gmt":"2016-08-20T07:19:22","guid":{"rendered":"https:\/\/www.prijedordanas.com\/?p=58795"},"modified":"2016-08-20T09:19:22","modified_gmt":"2016-08-20T07:19:22","slug":"prijedor-pretila-djeca-na-jahorini-video","status":"publish","type":"post","link":"https:\/\/www.prijedordanas.com\/?p=58795","title":{"rendered":"PRIJEDOR: PRETILA DJECA NA JAHORINI &#8211; VIDEO"},"content":{"rendered":"<p><a href=\"https:\/\/www.prijedordanas.com\/wp-content\/uploads\/2016\/08\/rtvpd-pretila-djeca-jahorina-odlazak.jpg\"><img loading=\"lazy\" decoding=\"async\" src=\"https:\/\/www.prijedordanas.com\/wp-content\/uploads\/2016\/08\/rtvpd-pretila-djeca-jahorina-odlazak-300x169.jpg\" alt=\"rtvpd-pretila djeca-jahorina-odlazak\" width=\"300\" height=\"169\" class=\"alignleft size-medium wp-image-58796\" srcset=\"https:\/\/www.prijedordanas.com\/wp-content\/uploads\/2016\/08\/rtvpd-pretila-djeca-jahorina-odlazak-300x169.jpg 300w, https:\/\/www.prijedordanas.com\/wp-content\/uploads\/2016\/08\/rtvpd-pretila-djeca-jahorina-odlazak-100x56.jpg 100w, https:\/\/www.prijedordanas.com\/wp-content\/uploads\/2016\/08\/rtvpd-pretila-djeca-jahorina-odlazak.jpg 639w\" sizes=\"(max-width: 300px) 100vw, 300px\" \/><\/a>Put Jahorine krenulo je \u010detrdeset \u010detvoro pretile djece iz Prijedora i Kozarske Dubice koja \u0107e tokom desetodnevnog boravka na toj planini, poznatoj i po Zimskoj olimpijadi, poku\u0161ati da promijene lo\u0161e zdravstvene i prehrambene navike i \u201cskinu\u201d vi\u0161ak kilograma.<\/p>\n<p>Na desetodnevni put zdravlja i dobrih prehrambenih navika, zajedno sa stru\u010dnim osobljem pedagoga, psihologa i medicinskih radnika, otputovala je i doktorica Nada Rajli\u0107 koja isti\u010de da je kamp na Jahorini, ve\u0107 4 godine, svojevrna \u0161kola za prevenciju gojaznosti, a u okolnostima kada se postotak ekstremno gojazne djece u na\u0161oj zemlji popeo na \u010dak 20,22 posto.<\/p>\n<p>&#8211; Djeci \u0107emo, uz ostalo, ponuditi i radionice  u kojima \u0107e u\u010diti \u0161ta je to pravilna ishrana i za\u0161to je bitna fizi\u010dka aktivnost, a na\u0161 osnovni cilj je da tu djecu obu\u010dimo da oni postanu mali doktori za sebe i za svoju porodicu &#8211; rekla je Rajli\u0107eva.  <\/p>\n<p>Prijedorskim i dubi\u010dkim mali\u0161ani su se na Jahorini pridru\u017eila i djeca iz Banjaluke i Bijeljine, a po projektu Fonda zdravstvenog osiguranja Republike Srpske koji ga kao konkretan vid lije\u010denje i prevencije narastaju\u0107e gojaznostiprovodi i finansira ve\u0107 \u010detiri godine.<\/p>\n<p>RTV Prijedor<\/p>\n<p><iframe loading=\"lazy\" width=\"500\" height=\"281\" src=\"https:\/\/www.youtube.com\/embed\/GEa-z3Ob-8E?feature=oembed\" frameborder=\"0\" allowfullscreen><\/iframe><\/p>\n","protected":false},"excerpt":{"rendered":"<p>Put Jahorine krenulo je \u010detrdeset \u010detvoro pretile djece iz Prijedora i Kozarske Dubice koja \u0107e tokom desetodnevnog boravka na toj planini, poznatoj i po Zimskoj olimpijadi, poku\u0161ati da promijene lo\u0161e [&hellip;]<\/p>\n","protected":false},"author":1,"featured_media":0,"comment_status":"closed","ping_status":"open","sticky":false,"template":"","format":"standard","meta":{"_monsterinsights_skip_tracking":false,"_monsterinsights_sitenote_active":false,"_monsterinsights_sitenote_note":"","_monsterinsights_sitenote_category":0,"footnotes":""},"categories":[7518],"tags":[6152,8671],"yoast_head":"<!-- This site is optimized with the Yoast SEO plugin v21.6 - https:\/\/yoast.com\/wordpress\/plugins\/seo\/ -->\n<title>PRIJEDOR: PRETILA DJECA NA JAHORINI - VIDEO - PrijedorDanas.com - Prijedorski gradski portal<\/title>\n<meta name=\"robots\" content=\"index, follow, max-snippet:-1, max-image-preview:large, max-video-preview:-1\" \/>\n<link rel=\"canonical\" href=\"https:\/\/www.prijedordanas.com\/?p=58795\" \/>\n<meta property=\"og:locale\" content=\"en_US\" \/>\n<meta property=\"og:type\" content=\"article\" \/>\n<meta property=\"og:title\" content=\"PRIJEDOR: PRETILA DJECA NA JAHORINI - VIDEO - PrijedorDanas.com - Prijedorski gradski portal\" \/>\n<meta property=\"og:description\" content=\"Put Jahorine krenulo je \u010detrdeset \u010detvoro pretile djece iz Prijedora i Kozarske Dubice koja \u0107e tokom desetodnevnog boravka na toj planini, poznatoj i po Zimskoj olimpijadi, poku\u0161ati da promijene lo\u0161e [&hellip;]\" \/>\n<meta property=\"og:url\" content=\"https:\/\/www.prijedordanas.com\/?p=58795\" \/>\n<meta property=\"og:site_name\" content=\"PrijedorDanas.com - Prijedorski gradski portal\" \/>\n<meta property=\"article:publisher\" content=\"https:\/\/www.facebook.com\/PrijedorDanasCom\/\" \/>\n<meta property=\"article:published_time\" content=\"2016-08-20T07:19:22+00:00\" \/>\n<meta property=\"og:image\" content=\"https:\/\/www.prijedordanas.com\/wp-content\/uploads\/2016\/08\/rtvpd-pretila-djeca-jahorina-odlazak-300x169.jpg\" \/>\n<meta name=\"author\" content=\"admin\" \/>\n<meta name=\"twitter:card\" content=\"summary_large_image\" \/>\n<meta name=\"twitter:label1\" content=\"Written by\" \/>\n\t<meta name=\"twitter:data1\" content=\"admin\" \/>\n\t<meta name=\"twitter:label2\" content=\"Est. reading time\" \/>\n\t<meta name=\"twitter:data2\" content=\"1 minute\" \/>\n<script type=\"application\/ld+json\" class=\"yoast-schema-graph\">{\"@context\":\"https:\/\/schema.org\",\"@graph\":[{\"@type\":\"Article\",\"@id\":\"https:\/\/www.prijedordanas.com\/?p=58795#article\",\"isPartOf\":{\"@id\":\"https:\/\/www.prijedordanas.com\/?p=58795\"},\"author\":{\"name\":\"admin\",\"@id\":\"https:\/\/www.prijedordanas.com\/#\/schema\/person\/4e08ccf29b506ca916ff86d46bb700e6\"},\"headline\":\"PRIJEDOR: PRETILA DJECA NA JAHORINI &#8211; VIDEO\",\"datePublished\":\"2016-08-20T07:19:22+00:00\",\"dateModified\":\"2016-08-20T07:19:22+00:00\",\"mainEntityOfPage\":{\"@id\":\"https:\/\/www.prijedordanas.com\/?p=58795\"},\"wordCount\":207,\"publisher\":{\"@id\":\"https:\/\/www.prijedordanas.com\/#organization\"},\"keywords\":[\"Jahorina\",\"pretila djeca\"],\"articleSection\":[\"Mladi\"],\"inLanguage\":\"en-US\"},{\"@type\":\"WebPage\",\"@id\":\"https:\/\/www.prijedordanas.com\/?p=58795\",\"url\":\"https:\/\/www.prijedordanas.com\/?p=58795\",\"name\":\"PRIJEDOR: PRETILA DJECA NA JAHORINI - VIDEO - PrijedorDanas.com - Prijedorski gradski portal\",\"isPartOf\":{\"@id\":\"https:\/\/www.prijedordanas.com\/#website\"},\"datePublished\":\"2016-08-20T07:19:22+00:00\",\"dateModified\":\"2016-08-20T07:19:22+00:00\",\"breadcrumb\":{\"@id\":\"https:\/\/www.prijedordanas.com\/?p=58795#breadcrumb\"},\"inLanguage\":\"en-US\",\"potentialAction\":[{\"@type\":\"ReadAction\",\"target\":[\"https:\/\/www.prijedordanas.com\/?p=58795\"]}]},{\"@type\":\"BreadcrumbList\",\"@id\":\"https:\/\/www.prijedordanas.com\/?p=58795#breadcrumb\",\"itemListElement\":[{\"@type\":\"ListItem\",\"position\":1,\"name\":\"Home\",\"item\":\"https:\/\/www.prijedordanas.com\/\"},{\"@type\":\"ListItem\",\"position\":2,\"name\":\"PRIJEDOR: PRETILA DJECA NA JAHORINI &#8211; VIDEO\"}]},{\"@type\":\"WebSite\",\"@id\":\"https:\/\/www.prijedordanas.com\/#website\",\"url\":\"https:\/\/www.prijedordanas.com\/\",\"name\":\"PrijedorDanas.com - Prijedorski gradski portal\",\"description\":\"Portal o doga\u0111anjima u gradu Prijedoru\",\"publisher\":{\"@id\":\"https:\/\/www.prijedordanas.com\/#organization\"},\"potentialAction\":[{\"@type\":\"SearchAction\",\"target\":{\"@type\":\"EntryPoint\",\"urlTemplate\":\"https:\/\/www.prijedordanas.com\/?s={search_term_string}\"},\"query-input\":\"required name=search_term_string\"}],\"inLanguage\":\"en-US\"},{\"@type\":\"Organization\",\"@id\":\"https:\/\/www.prijedordanas.com\/#organization\",\"name\":\"PrijedorDanas.com\",\"url\":\"https:\/\/www.prijedordanas.com\/\",\"logo\":{\"@type\":\"ImageObject\",\"inLanguage\":\"en-US\",\"@id\":\"https:\/\/www.prijedordanas.com\/#\/schema\/logo\/image\/\",\"url\":\"http:\/\/www.prijedordanas.com\/wp-content\/uploads\/2021\/12\/logopng.png\",\"contentUrl\":\"http:\/\/www.prijedordanas.com\/wp-content\/uploads\/2021\/12\/logopng.png\",\"width\":1019,\"height\":776,\"caption\":\"PrijedorDanas.com\"},\"image\":{\"@id\":\"https:\/\/www.prijedordanas.com\/#\/schema\/logo\/image\/\"},\"sameAs\":[\"https:\/\/www.facebook.com\/PrijedorDanasCom\/\"]},{\"@type\":\"Person\",\"@id\":\"https:\/\/www.prijedordanas.com\/#\/schema\/person\/4e08ccf29b506ca916ff86d46bb700e6\",\"name\":\"admin\",\"image\":{\"@type\":\"ImageObject\",\"inLanguage\":\"en-US\",\"@id\":\"https:\/\/www.prijedordanas.com\/#\/schema\/person\/image\/\",\"url\":\"https:\/\/secure.gravatar.com\/avatar\/1d3fc949d550f0b53a5f0d51e06dfd79?s=96&d=mm&r=g\",\"contentUrl\":\"https:\/\/secure.gravatar.com\/avatar\/1d3fc949d550f0b53a5f0d51e06dfd79?s=96&d=mm&r=g\",\"caption\":\"admin\"},\"url\":\"https:\/\/www.prijedordanas.com\/?author=1\"}]}<\/script>\n<!-- \/ Yoast SEO plugin. -->","yoast_head_json":{"title":"PRIJEDOR: PRETILA DJECA NA JAHORINI - VIDEO - PrijedorDanas.com - Prijedorski gradski portal","robots":{"index":"index","follow":"follow","max-snippet":"max-snippet:-1","max-image-preview":"max-image-preview:large","max-video-preview":"max-video-preview:-1"},"canonical":"https:\/\/www.prijedordanas.com\/?p=58795","og_locale":"en_US","og_type":"article","og_title":"PRIJEDOR: PRETILA DJECA NA JAHORINI - VIDEO - PrijedorDanas.com - Prijedorski gradski portal","og_description":"Put Jahorine krenulo je \u010detrdeset \u010detvoro pretile djece iz Prijedora i Kozarske Dubice koja \u0107e tokom desetodnevnog boravka na toj planini, poznatoj i po Zimskoj olimpijadi, poku\u0161ati da promijene lo\u0161e [&hellip;]","og_url":"https:\/\/www.prijedordanas.com\/?p=58795","og_site_name":"PrijedorDanas.com - Prijedorski gradski portal","article_publisher":"https:\/\/www.facebook.com\/PrijedorDanasCom\/","article_published_time":"2016-08-20T07:19:22+00:00","og_image":[{"url":"https:\/\/www.prijedordanas.com\/wp-content\/uploads\/2016\/08\/rtvpd-pretila-djeca-jahorina-odlazak-300x169.jpg"}],"author":"admin","twitter_card":"summary_large_image","twitter_misc":{"Written by":"admin","Est. reading time":"1 minute"},"schema":{"@context":"https:\/\/schema.org","@graph":[{"@type":"Article","@id":"https:\/\/www.prijedordanas.com\/?p=58795#article","isPartOf":{"@id":"https:\/\/www.prijedordanas.com\/?p=58795"},"author":{"name":"admin","@id":"https:\/\/www.prijedordanas.com\/#\/schema\/person\/4e08ccf29b506ca916ff86d46bb700e6"},"headline":"PRIJEDOR: PRETILA DJECA NA JAHORINI &#8211; VIDEO","datePublished":"2016-08-20T07:19:22+00:00","dateModified":"2016-08-20T07:19:22+00:00","mainEntityOfPage":{"@id":"https:\/\/www.prijedordanas.com\/?p=58795"},"wordCount":207,"publisher":{"@id":"https:\/\/www.prijedordanas.com\/#organization"},"keywords":["Jahorina","pretila djeca"],"articleSection":["Mladi"],"inLanguage":"en-US"},{"@type":"WebPage","@id":"https:\/\/www.prijedordanas.com\/?p=58795","url":"https:\/\/www.prijedordanas.com\/?p=58795","name":"PRIJEDOR: PRETILA DJECA NA JAHORINI - VIDEO - PrijedorDanas.com - Prijedorski gradski portal","isPartOf":{"@id":"https:\/\/www.prijedordanas.com\/#website"},"datePublished":"2016-08-20T07:19:22+00:00","dateModified":"2016-08-20T07:19:22+00:00","breadcrumb":{"@id":"https:\/\/www.prijedordanas.com\/?p=58795#breadcrumb"},"inLanguage":"en-US","potentialAction":[{"@type":"ReadAction","target":["https:\/\/www.prijedordanas.com\/?p=58795"]}]},{"@type":"BreadcrumbList","@id":"https:\/\/www.prijedordanas.com\/?p=58795#breadcrumb","itemListElement":[{"@type":"ListItem","position":1,"name":"Home","item":"https:\/\/www.prijedordanas.com\/"},{"@type":"ListItem","position":2,"name":"PRIJEDOR: PRETILA DJECA NA JAHORINI &#8211; VIDEO"}]},{"@type":"WebSite","@id":"https:\/\/www.prijedordanas.com\/#website","url":"https:\/\/www.prijedordanas.com\/","name":"PrijedorDanas.com - Prijedorski gradski portal","description":"Portal o doga\u0111anjima u gradu Prijedoru","publisher":{"@id":"https:\/\/www.prijedordanas.com\/#organization"},"potentialAction":[{"@type":"SearchAction","target":{"@type":"EntryPoint","urlTemplate":"https:\/\/www.prijedordanas.com\/?s={search_term_string}"},"query-input":"required name=search_term_string"}],"inLanguage":"en-US"},{"@type":"Organization","@id":"https:\/\/www.prijedordanas.com\/#organization","name":"PrijedorDanas.com","url":"https:\/\/www.prijedordanas.com\/","logo":{"@type":"ImageObject","inLanguage":"en-US","@id":"https:\/\/www.prijedordanas.com\/#\/schema\/logo\/image\/","url":"http:\/\/www.prijedordanas.com\/wp-content\/uploads\/2021\/12\/logopng.png","contentUrl":"http:\/\/www.prijedordanas.com\/wp-content\/uploads\/2021\/12\/logopng.png","width":1019,"height":776,"caption":"PrijedorDanas.com"},"image":{"@id":"https:\/\/www.prijedordanas.com\/#\/schema\/logo\/image\/"},"sameAs":["https:\/\/www.facebook.com\/PrijedorDanasCom\/"]},{"@type":"Person","@id":"https:\/\/www.prijedordanas.com\/#\/schema\/person\/4e08ccf29b506ca916ff86d46bb700e6","name":"admin","image":{"@type":"ImageObject","inLanguage":"en-US","@id":"https:\/\/www.prijedordanas.com\/#\/schema\/person\/image\/","url":"https:\/\/secure.gravatar.com\/avatar\/1d3fc949d550f0b53a5f0d51e06dfd79?s=96&d=mm&r=g","contentUrl":"https:\/\/secure.gravatar.com\/avatar\/1d3fc949d550f0b53a5f0d51e06dfd79?s=96&d=mm&r=g","caption":"admin"},"url":"https:\/\/www.prijedordanas.com\/?author=1"}]}},"_links":{"self":[{"href":"https:\/\/www.prijedordanas.com\/index.php?rest_route=\/wp\/v2\/posts\/58795"}],"collection":[{"href":"https:\/\/www.prijedordanas.com\/index.php?rest_route=\/wp\/v2\/posts"}],"about":[{"href":"https:\/\/www.prijedordanas.com\/index.php?rest_route=\/wp\/v2\/types\/post"}],"author":[{"embeddable":true,"href":"https:\/\/www.prijedordanas.com\/index.php?rest_route=\/wp\/v2\/users\/1"}],"replies":[{"embeddable":true,"href":"https:\/\/www.prijedordanas.com\/index.php?rest_route=%2Fwp%2Fv2%2Fcomments&post=58795"}],"version-history":[{"count":1,"href":"https:\/\/www.prijedordanas.com\/index.php?rest_route=\/wp\/v2\/posts\/58795\/revisions"}],"predecessor-version":[{"id":58797,"href":"https:\/\/www.prijedordanas.com\/index.php?rest_route=\/wp\/v2\/posts\/58795\/revisions\/58797"}],"wp:attachment":[{"href":"https:\/\/www.prijedordanas.com\/index.php?rest_route=%2Fwp%2Fv2%2Fmedia&parent=58795"}],"wp:term":[{"taxonomy":"category","embeddable":true,"href":"https:\/\/www.prijedordanas.com\/index.php?rest_route=%2Fwp%2Fv2%2Fcategories&post=58795"},{"taxonomy":"post_tag","embeddable":true,"href":"https:\/\/www.prijedordanas.com\/index.php?rest_route=%2Fwp%2Fv2%2Ftags&post=58795"}],"curies":[{"name":"wp","href":"https:\/\/api.w.org\/{rel}","templated":true}]}}