{"id":58435,"date":"2016-08-16T18:39:21","date_gmt":"2016-08-16T16:39:21","guid":{"rendered":"https:\/\/www.prijedordanas.com\/?p=58435"},"modified":"2016-08-16T18:39:21","modified_gmt":"2016-08-16T16:39:21","slug":"poraz-gomjenice-od-progresa-na-startu-prvenstva-foto","status":"publish","type":"post","link":"https:\/\/www.prijedordanas.com\/?p=58435","title":{"rendered":"PORAZ GOMJENICE OD PROGRESA NA STARTU PRVENSTVA \u2013 FOTO"},"content":{"rendered":"<p><a href=\"https:\/\/www.prijedordanas.com\/wp-content\/uploads\/2016\/08\/gomjenica-progres-jesen-1.jpg\"><img loading=\"lazy\" decoding=\"async\" class=\"alignleft size-medium wp-image-58436\" src=\"https:\/\/www.prijedordanas.com\/wp-content\/uploads\/2016\/08\/gomjenica-progres-jesen-1-300x199.jpg\" alt=\"gomjenica-progres-jesen (1)\" width=\"300\" height=\"199\" srcset=\"https:\/\/www.prijedordanas.com\/wp-content\/uploads\/2016\/08\/gomjenica-progres-jesen-1-300x200.jpg 300w, https:\/\/www.prijedordanas.com\/wp-content\/uploads\/2016\/08\/gomjenica-progres-jesen-1-768x509.jpg 768w, https:\/\/www.prijedordanas.com\/wp-content\/uploads\/2016\/08\/gomjenica-progres-jesen-1-100x66.jpg 100w, https:\/\/www.prijedordanas.com\/wp-content\/uploads\/2016\/08\/gomjenica-progres-jesen-1-480x320.jpg 480w, https:\/\/www.prijedordanas.com\/wp-content\/uploads\/2016\/08\/gomjenica-progres-jesen-1.jpg 800w\" sizes=\"(max-width: 300px) 100vw, 300px\" \/><\/a>Gomjenica je na startu prvenstva Regionalne lige RS-grupa Zapad zaslu\u017eeno na terenu \u201ekod Celpaka\u201c pora\u017eena od Progresa rezultatom 1:3.<\/p>\n<p>Izabranici trenera Igora Mr\u0161i\u0107a, poslije neiskori\u0161tenog jedanaesterca u 8.minuti, kada je udarac Mi\u0161e Milo\u0161evi\u0107a odbranio golman ekipe iz Kne\u017eeva Marko Markovi\u0107, koji je u 17.minuti pogrije\u0161io odbiv\u0161i loptu, do\u0161li su u vo\u0111stvo pogotkom Dejana \u0110urki\u0107a 1:0.<\/p>\n<p>\u0160teta je \u0161to bez najboljeg strijelca pro\u0161le sezone Branislava Kajteza, kojeg je malo bilo u pripremnom periodu i \u0110or\u0111a Kre\u0107e (odra\u0111ivao kaznu zbog kartona), nisu iskoristili period dobre igre do 42.minuta da, eventualno, pove\u0107aju prednost.<\/p>\n<p><a href=\"https:\/\/www.prijedordanas.com\/wp-content\/uploads\/2016\/08\/gomjenica-progres-jesen-2.jpg\"><img loading=\"lazy\" decoding=\"async\" class=\"alignleft size-medium wp-image-58437\" src=\"https:\/\/www.prijedordanas.com\/wp-content\/uploads\/2016\/08\/gomjenica-progres-jesen-2-300x199.jpg\" alt=\"gomjenica-progres-jesen (2)\" width=\"300\" height=\"199\" srcset=\"https:\/\/www.prijedordanas.com\/wp-content\/uploads\/2016\/08\/gomjenica-progres-jesen-2-300x200.jpg 300w, https:\/\/www.prijedordanas.com\/wp-content\/uploads\/2016\/08\/gomjenica-progres-jesen-2-100x66.jpg 100w, https:\/\/www.prijedordanas.com\/wp-content\/uploads\/2016\/08\/gomjenica-progres-jesen-2.jpg 640w, https:\/\/www.prijedordanas.com\/wp-content\/uploads\/2016\/08\/gomjenica-progres-jesen-2-480x320.jpg 480w\" sizes=\"(max-width: 300px) 100vw, 300px\" \/><\/a>Tada je iz kornera sa desne strane centrirao Nikola \u0110ukari\u0107, donedavno \u010dlan novog premijerliga\u0161a BiH, Krupe iz Krupe na Vrbasu, a Slobodan Marjanovi\u0107 sa desetak metara na suprotnoj strani u kaznenom prostoru zahvatio loptu \u201epoluvolejom\u201c i poslao je u mre\u017eu nemo\u0107nog Vojislava Vasiljevi\u0107a za 1:1.<\/p>\n<p>Prijedor\u010danima je u nastavku situaciju ote\u017eala \u010dinjenica da je u 62.minuti crveni karton \u201ezaradio\u201c zbog druge opomene Bojan Bjelobrk, \u0161to gosti koriste i samo dva minuta kasnije preko najboljeg aktera me\u010da \u0110ukari\u0107a dolaze u vo\u0111stvo.<\/p>\n<p>Trijumf Progresa potvr\u0111en je u 71.minuti.<\/p>\n<p>Miljan Budi\u0107 je iskosa sa desne strane iz \u0161esnaesterca doma\u0107ih tukao, a Vedran Dragi\u0107, nespretno zahvatio loptu, poslav\u0161i je u sopstvenu mre\u017eu za, ispostavi\u0107e se na kraju, kona\u010dan ishod 1:3.<\/p>\n<p><a href=\"https:\/\/www.prijedordanas.com\/wp-content\/uploads\/2016\/08\/gomjenica-progres-jesen-3.jpg\"><img loading=\"lazy\" decoding=\"async\" src=\"https:\/\/www.prijedordanas.com\/wp-content\/uploads\/2016\/08\/gomjenica-progres-jesen-3-300x199.jpg\" alt=\"gomjenica-progres-jesen (3)\" width=\"300\" height=\"199\" class=\"alignleft size-medium wp-image-58438\" srcset=\"https:\/\/www.prijedordanas.com\/wp-content\/uploads\/2016\/08\/gomjenica-progres-jesen-3-300x200.jpg 300w, https:\/\/www.prijedordanas.com\/wp-content\/uploads\/2016\/08\/gomjenica-progres-jesen-3-100x66.jpg 100w, https:\/\/www.prijedordanas.com\/wp-content\/uploads\/2016\/08\/gomjenica-progres-jesen-3.jpg 640w, https:\/\/www.prijedordanas.com\/wp-content\/uploads\/2016\/08\/gomjenica-progres-jesen-3-480x320.jpg 480w\" sizes=\"(max-width: 300px) 100vw, 300px\" \/><\/a>Gomjenica: Progres 1:3(1:1)<\/p>\n<p>Prijedor<br \/>\nStadion \u201ekod Celpaka\u201c<br \/>\nGledalaca: 50<br \/>\nSudija: Bojan Ani\u010di\u0107 (Lakta\u0161i) 6,5<br \/>\nStrijelci: \u0110urki\u0107 u 17.minuti za Gomjenicu, a Marjanovi\u0107 u 42., \u0110ukari\u0107 u 64. i Dragi\u0107 (autogol) u 71.minuti za Progres<br \/>\n\u017duti kartoni: Bjelobrk, D.Vasiljevi\u0107 (Gomjenica), Ljuboja, M.Budi\u0107 (Progres)<br \/>\nCrveni karton: Bojan Bjelobrk (Gomjenica) i 62.minuti<\/p>\n<p>GOMJENICA:<br \/>\nV.Vasiljevi\u0107 6, Dragi\u0107 5,5, Tadi\u0107 6,5, Bjelobrk 5,5, D.Vasiljevi\u0107 6,5, Mijatovi\u0107 6,5, Kne\u017eevi\u0107 6,5 (od 59. Panto\u0161 6), Radanovi\u0107 6,5 (od 59. Davidovi\u0107 5,5), \u0110urki\u0107 6,5, \u010corokalo 6<\/p>\n<p>PROGRES:<br \/>\nM.Markovi\u0107 6,5, O.Markovi\u0107 6,5, Vu\u010di\u0107 7, Vukovi\u0107 7, Filipovi\u0107 6 (od 82. \u0110uranovi\u0107 -), M.Budi\u0107 7,5, P.Budi\u0107 7, \u0110ukari\u0107 8, Marjanovi\u0107 6,5, Ljuboja 6,5, Duki\u0107 7<\/p>\n<p>Igra\u010d utakmice: Nikola \u0110ukari\u0107 (Progres)<\/p>\n<p>Tekst i foto \u2013 Nenad \u0110eri\u0107\/Aleksandar Drakuli\u0107 \u2013 <a href=\"www.prijedordanas.com\" target=\"_blank\">www.prijedordanas.com<\/a><\/p>\n<p><a href=\"https:\/\/www.prijedordanas.com\/wp-content\/uploads\/2016\/08\/gomjenica-progres-jesen-4.jpg\"><img loading=\"lazy\" decoding=\"async\" src=\"https:\/\/www.prijedordanas.com\/wp-content\/uploads\/2016\/08\/gomjenica-progres-jesen-4-300x199.jpg\" alt=\"gomjenica-progres-jesen (4)\" width=\"300\" height=\"199\" class=\"alignleft size-medium wp-image-58439\" srcset=\"https:\/\/www.prijedordanas.com\/wp-content\/uploads\/2016\/08\/gomjenica-progres-jesen-4-300x200.jpg 300w, https:\/\/www.prijedordanas.com\/wp-content\/uploads\/2016\/08\/gomjenica-progres-jesen-4-100x66.jpg 100w, https:\/\/www.prijedordanas.com\/wp-content\/uploads\/2016\/08\/gomjenica-progres-jesen-4.jpg 640w, https:\/\/www.prijedordanas.com\/wp-content\/uploads\/2016\/08\/gomjenica-progres-jesen-4-480x320.jpg 480w\" sizes=\"(max-width: 300px) 100vw, 300px\" \/><\/a> <a href=\"https:\/\/www.prijedordanas.com\/wp-content\/uploads\/2016\/08\/gomjenica-progres-jesen-5.jpg\"><img loading=\"lazy\" decoding=\"async\" src=\"https:\/\/www.prijedordanas.com\/wp-content\/uploads\/2016\/08\/gomjenica-progres-jesen-5-300x199.jpg\" alt=\"gomjenica-progres-jesen (5)\" width=\"300\" height=\"199\" class=\"alignleft size-medium wp-image-58440\" srcset=\"https:\/\/www.prijedordanas.com\/wp-content\/uploads\/2016\/08\/gomjenica-progres-jesen-5-300x200.jpg 300w, https:\/\/www.prijedordanas.com\/wp-content\/uploads\/2016\/08\/gomjenica-progres-jesen-5-100x66.jpg 100w, https:\/\/www.prijedordanas.com\/wp-content\/uploads\/2016\/08\/gomjenica-progres-jesen-5.jpg 640w, https:\/\/www.prijedordanas.com\/wp-content\/uploads\/2016\/08\/gomjenica-progres-jesen-5-480x320.jpg 480w\" sizes=\"(max-width: 300px) 100vw, 300px\" \/><\/a> <a href=\"https:\/\/www.prijedordanas.com\/wp-content\/uploads\/2016\/08\/gomjenica-progres-jesen-6.jpg\"><img loading=\"lazy\" decoding=\"async\" src=\"https:\/\/www.prijedordanas.com\/wp-content\/uploads\/2016\/08\/gomjenica-progres-jesen-6-300x199.jpg\" alt=\"gomjenica-progres-jesen (6)\" width=\"300\" height=\"199\" class=\"alignleft size-medium wp-image-58441\" srcset=\"https:\/\/www.prijedordanas.com\/wp-content\/uploads\/2016\/08\/gomjenica-progres-jesen-6-300x200.jpg 300w, https:\/\/www.prijedordanas.com\/wp-content\/uploads\/2016\/08\/gomjenica-progres-jesen-6-100x66.jpg 100w, https:\/\/www.prijedordanas.com\/wp-content\/uploads\/2016\/08\/gomjenica-progres-jesen-6.jpg 640w, https:\/\/www.prijedordanas.com\/wp-content\/uploads\/2016\/08\/gomjenica-progres-jesen-6-480x320.jpg 480w\" sizes=\"(max-width: 300px) 100vw, 300px\" \/><\/a> <a href=\"https:\/\/www.prijedordanas.com\/wp-content\/uploads\/2016\/08\/gomjenica-progres-jesen-7.jpg\"><img loading=\"lazy\" decoding=\"async\" src=\"https:\/\/www.prijedordanas.com\/wp-content\/uploads\/2016\/08\/gomjenica-progres-jesen-7-300x199.jpg\" alt=\"gomjenica-progres-jesen (7)\" width=\"300\" height=\"199\" class=\"alignleft size-medium wp-image-58442\" srcset=\"https:\/\/www.prijedordanas.com\/wp-content\/uploads\/2016\/08\/gomjenica-progres-jesen-7-300x200.jpg 300w, https:\/\/www.prijedordanas.com\/wp-content\/uploads\/2016\/08\/gomjenica-progres-jesen-7-100x66.jpg 100w, https:\/\/www.prijedordanas.com\/wp-content\/uploads\/2016\/08\/gomjenica-progres-jesen-7.jpg 640w, https:\/\/www.prijedordanas.com\/wp-content\/uploads\/2016\/08\/gomjenica-progres-jesen-7-480x320.jpg 480w\" sizes=\"(max-width: 300px) 100vw, 300px\" \/><\/a> <a href=\"https:\/\/www.prijedordanas.com\/wp-content\/uploads\/2016\/08\/gomjenica-progres-jesen-8.jpg\"><img loading=\"lazy\" decoding=\"async\" src=\"https:\/\/www.prijedordanas.com\/wp-content\/uploads\/2016\/08\/gomjenica-progres-jesen-8-300x199.jpg\" alt=\"gomjenica-progres-jesen (8)\" width=\"300\" height=\"199\" class=\"alignleft size-medium wp-image-58443\" srcset=\"https:\/\/www.prijedordanas.com\/wp-content\/uploads\/2016\/08\/gomjenica-progres-jesen-8-300x200.jpg 300w, https:\/\/www.prijedordanas.com\/wp-content\/uploads\/2016\/08\/gomjenica-progres-jesen-8-100x66.jpg 100w, https:\/\/www.prijedordanas.com\/wp-content\/uploads\/2016\/08\/gomjenica-progres-jesen-8.jpg 640w, https:\/\/www.prijedordanas.com\/wp-content\/uploads\/2016\/08\/gomjenica-progres-jesen-8-480x320.jpg 480w\" sizes=\"(max-width: 300px) 100vw, 300px\" \/><\/a><\/p>\n","protected":false},"excerpt":{"rendered":"<p>Gomjenica je na startu prvenstva Regionalne lige RS-grupa Zapad zaslu\u017eeno na terenu \u201ekod Celpaka\u201c pora\u017eena od Progresa rezultatom 1:3. Izabranici trenera Igora Mr\u0161i\u0107a, poslije neiskori\u0161tenog jedanaesterca u 8.minuti, kada je [&hellip;]<\/p>\n","protected":false},"author":1,"featured_media":0,"comment_status":"closed","ping_status":"open","sticky":false,"template":"","format":"standard","meta":{"_monsterinsights_skip_tracking":false,"_monsterinsights_sitenote_active":false,"_monsterinsights_sitenote_note":"","_monsterinsights_sitenote_category":0,"footnotes":""},"categories":[7],"tags":[8642,7140,80,537],"yoast_head":"<!-- This site is optimized with the Yoast SEO plugin v21.6 - https:\/\/yoast.com\/wordpress\/plugins\/seo\/ -->\n<title>PORAZ GOMJENICE OD PROGRESA NA STARTU PRVENSTVA \u2013 FOTO - PrijedorDanas.com - Prijedorski gradski portal<\/title>\n<meta name=\"robots\" content=\"index, follow, max-snippet:-1, max-image-preview:large, max-video-preview:-1\" \/>\n<link rel=\"canonical\" href=\"https:\/\/www.prijedordanas.com\/?p=58435\" \/>\n<meta property=\"og:locale\" content=\"en_US\" \/>\n<meta property=\"og:type\" content=\"article\" \/>\n<meta property=\"og:title\" content=\"PORAZ GOMJENICE OD PROGRESA NA STARTU PRVENSTVA \u2013 FOTO - PrijedorDanas.com - Prijedorski gradski portal\" \/>\n<meta property=\"og:description\" content=\"Gomjenica je na startu prvenstva Regionalne lige RS-grupa Zapad zaslu\u017eeno na terenu \u201ekod Celpaka\u201c pora\u017eena od Progresa rezultatom 1:3. Izabranici trenera Igora Mr\u0161i\u0107a, poslije neiskori\u0161tenog jedanaesterca u 8.minuti, kada je [&hellip;]\" \/>\n<meta property=\"og:url\" content=\"https:\/\/www.prijedordanas.com\/?p=58435\" \/>\n<meta property=\"og:site_name\" content=\"PrijedorDanas.com - Prijedorski gradski portal\" \/>\n<meta property=\"article:publisher\" content=\"https:\/\/www.facebook.com\/PrijedorDanasCom\/\" \/>\n<meta property=\"article:published_time\" content=\"2016-08-16T16:39:21+00:00\" \/>\n<meta property=\"og:image\" content=\"https:\/\/www.prijedordanas.com\/wp-content\/uploads\/2016\/08\/gomjenica-progres-jesen-1-300x199.jpg\" \/>\n<meta name=\"author\" content=\"admin\" \/>\n<meta name=\"twitter:card\" content=\"summary_large_image\" \/>\n<meta name=\"twitter:label1\" content=\"Written by\" \/>\n\t<meta name=\"twitter:data1\" content=\"admin\" \/>\n\t<meta name=\"twitter:label2\" content=\"Est. reading time\" \/>\n\t<meta name=\"twitter:data2\" content=\"2 minutes\" \/>\n<script type=\"application\/ld+json\" class=\"yoast-schema-graph\">{\"@context\":\"https:\/\/schema.org\",\"@graph\":[{\"@type\":\"Article\",\"@id\":\"https:\/\/www.prijedordanas.com\/?p=58435#article\",\"isPartOf\":{\"@id\":\"https:\/\/www.prijedordanas.com\/?p=58435\"},\"author\":{\"name\":\"admin\",\"@id\":\"https:\/\/www.prijedordanas.com\/#\/schema\/person\/4e08ccf29b506ca916ff86d46bb700e6\"},\"headline\":\"PORAZ GOMJENICE OD PROGRESA NA STARTU PRVENSTVA \u2013 FOTO\",\"datePublished\":\"2016-08-16T16:39:21+00:00\",\"dateModified\":\"2016-08-16T16:39:21+00:00\",\"mainEntityOfPage\":{\"@id\":\"https:\/\/www.prijedordanas.com\/?p=58435\"},\"wordCount\":345,\"publisher\":{\"@id\":\"https:\/\/www.prijedordanas.com\/#organization\"},\"keywords\":[\"FK Gomjenica Prijedor\",\"FK Progres Kne\u017eevo\",\"fudbal\",\"Regionalna liga grupa Zapad\"],\"articleSection\":[\"Sport\"],\"inLanguage\":\"en-US\"},{\"@type\":\"WebPage\",\"@id\":\"https:\/\/www.prijedordanas.com\/?p=58435\",\"url\":\"https:\/\/www.prijedordanas.com\/?p=58435\",\"name\":\"PORAZ GOMJENICE OD PROGRESA NA STARTU PRVENSTVA \u2013 FOTO - PrijedorDanas.com - Prijedorski gradski portal\",\"isPartOf\":{\"@id\":\"https:\/\/www.prijedordanas.com\/#website\"},\"datePublished\":\"2016-08-16T16:39:21+00:00\",\"dateModified\":\"2016-08-16T16:39:21+00:00\",\"breadcrumb\":{\"@id\":\"https:\/\/www.prijedordanas.com\/?p=58435#breadcrumb\"},\"inLanguage\":\"en-US\",\"potentialAction\":[{\"@type\":\"ReadAction\",\"target\":[\"https:\/\/www.prijedordanas.com\/?p=58435\"]}]},{\"@type\":\"BreadcrumbList\",\"@id\":\"https:\/\/www.prijedordanas.com\/?p=58435#breadcrumb\",\"itemListElement\":[{\"@type\":\"ListItem\",\"position\":1,\"name\":\"Home\",\"item\":\"https:\/\/www.prijedordanas.com\/\"},{\"@type\":\"ListItem\",\"position\":2,\"name\":\"PORAZ GOMJENICE OD PROGRESA NA STARTU PRVENSTVA \u2013 FOTO\"}]},{\"@type\":\"WebSite\",\"@id\":\"https:\/\/www.prijedordanas.com\/#website\",\"url\":\"https:\/\/www.prijedordanas.com\/\",\"name\":\"PrijedorDanas.com - Prijedorski gradski portal\",\"description\":\"Portal o doga\u0111anjima u gradu Prijedoru\",\"publisher\":{\"@id\":\"https:\/\/www.prijedordanas.com\/#organization\"},\"potentialAction\":[{\"@type\":\"SearchAction\",\"target\":{\"@type\":\"EntryPoint\",\"urlTemplate\":\"https:\/\/www.prijedordanas.com\/?s={search_term_string}\"},\"query-input\":\"required name=search_term_string\"}],\"inLanguage\":\"en-US\"},{\"@type\":\"Organization\",\"@id\":\"https:\/\/www.prijedordanas.com\/#organization\",\"name\":\"PrijedorDanas.com\",\"url\":\"https:\/\/www.prijedordanas.com\/\",\"logo\":{\"@type\":\"ImageObject\",\"inLanguage\":\"en-US\",\"@id\":\"https:\/\/www.prijedordanas.com\/#\/schema\/logo\/image\/\",\"url\":\"http:\/\/www.prijedordanas.com\/wp-content\/uploads\/2021\/12\/logopng.png\",\"contentUrl\":\"http:\/\/www.prijedordanas.com\/wp-content\/uploads\/2021\/12\/logopng.png\",\"width\":1019,\"height\":776,\"caption\":\"PrijedorDanas.com\"},\"image\":{\"@id\":\"https:\/\/www.prijedordanas.com\/#\/schema\/logo\/image\/\"},\"sameAs\":[\"https:\/\/www.facebook.com\/PrijedorDanasCom\/\"]},{\"@type\":\"Person\",\"@id\":\"https:\/\/www.prijedordanas.com\/#\/schema\/person\/4e08ccf29b506ca916ff86d46bb700e6\",\"name\":\"admin\",\"image\":{\"@type\":\"ImageObject\",\"inLanguage\":\"en-US\",\"@id\":\"https:\/\/www.prijedordanas.com\/#\/schema\/person\/image\/\",\"url\":\"https:\/\/secure.gravatar.com\/avatar\/1d3fc949d550f0b53a5f0d51e06dfd79?s=96&d=mm&r=g\",\"contentUrl\":\"https:\/\/secure.gravatar.com\/avatar\/1d3fc949d550f0b53a5f0d51e06dfd79?s=96&d=mm&r=g\",\"caption\":\"admin\"},\"url\":\"https:\/\/www.prijedordanas.com\/?author=1\"}]}<\/script>\n<!-- \/ Yoast SEO plugin. -->","yoast_head_json":{"title":"PORAZ GOMJENICE OD PROGRESA NA STARTU PRVENSTVA \u2013 FOTO - PrijedorDanas.com - Prijedorski gradski portal","robots":{"index":"index","follow":"follow","max-snippet":"max-snippet:-1","max-image-preview":"max-image-preview:large","max-video-preview":"max-video-preview:-1"},"canonical":"https:\/\/www.prijedordanas.com\/?p=58435","og_locale":"en_US","og_type":"article","og_title":"PORAZ GOMJENICE OD PROGRESA NA STARTU PRVENSTVA \u2013 FOTO - PrijedorDanas.com - Prijedorski gradski portal","og_description":"Gomjenica je na startu prvenstva Regionalne lige RS-grupa Zapad zaslu\u017eeno na terenu \u201ekod Celpaka\u201c pora\u017eena od Progresa rezultatom 1:3. Izabranici trenera Igora Mr\u0161i\u0107a, poslije neiskori\u0161tenog jedanaesterca u 8.minuti, kada je [&hellip;]","og_url":"https:\/\/www.prijedordanas.com\/?p=58435","og_site_name":"PrijedorDanas.com - Prijedorski gradski portal","article_publisher":"https:\/\/www.facebook.com\/PrijedorDanasCom\/","article_published_time":"2016-08-16T16:39:21+00:00","og_image":[{"url":"https:\/\/www.prijedordanas.com\/wp-content\/uploads\/2016\/08\/gomjenica-progres-jesen-1-300x199.jpg"}],"author":"admin","twitter_card":"summary_large_image","twitter_misc":{"Written by":"admin","Est. reading time":"2 minutes"},"schema":{"@context":"https:\/\/schema.org","@graph":[{"@type":"Article","@id":"https:\/\/www.prijedordanas.com\/?p=58435#article","isPartOf":{"@id":"https:\/\/www.prijedordanas.com\/?p=58435"},"author":{"name":"admin","@id":"https:\/\/www.prijedordanas.com\/#\/schema\/person\/4e08ccf29b506ca916ff86d46bb700e6"},"headline":"PORAZ GOMJENICE OD PROGRESA NA STARTU PRVENSTVA \u2013 FOTO","datePublished":"2016-08-16T16:39:21+00:00","dateModified":"2016-08-16T16:39:21+00:00","mainEntityOfPage":{"@id":"https:\/\/www.prijedordanas.com\/?p=58435"},"wordCount":345,"publisher":{"@id":"https:\/\/www.prijedordanas.com\/#organization"},"keywords":["FK Gomjenica Prijedor","FK Progres Kne\u017eevo","fudbal","Regionalna liga grupa Zapad"],"articleSection":["Sport"],"inLanguage":"en-US"},{"@type":"WebPage","@id":"https:\/\/www.prijedordanas.com\/?p=58435","url":"https:\/\/www.prijedordanas.com\/?p=58435","name":"PORAZ GOMJENICE OD PROGRESA NA STARTU PRVENSTVA \u2013 FOTO - PrijedorDanas.com - Prijedorski gradski portal","isPartOf":{"@id":"https:\/\/www.prijedordanas.com\/#website"},"datePublished":"2016-08-16T16:39:21+00:00","dateModified":"2016-08-16T16:39:21+00:00","breadcrumb":{"@id":"https:\/\/www.prijedordanas.com\/?p=58435#breadcrumb"},"inLanguage":"en-US","potentialAction":[{"@type":"ReadAction","target":["https:\/\/www.prijedordanas.com\/?p=58435"]}]},{"@type":"BreadcrumbList","@id":"https:\/\/www.prijedordanas.com\/?p=58435#breadcrumb","itemListElement":[{"@type":"ListItem","position":1,"name":"Home","item":"https:\/\/www.prijedordanas.com\/"},{"@type":"ListItem","position":2,"name":"PORAZ GOMJENICE OD PROGRESA NA STARTU PRVENSTVA \u2013 FOTO"}]},{"@type":"WebSite","@id":"https:\/\/www.prijedordanas.com\/#website","url":"https:\/\/www.prijedordanas.com\/","name":"PrijedorDanas.com - Prijedorski gradski portal","description":"Portal o doga\u0111anjima u gradu Prijedoru","publisher":{"@id":"https:\/\/www.prijedordanas.com\/#organization"},"potentialAction":[{"@type":"SearchAction","target":{"@type":"EntryPoint","urlTemplate":"https:\/\/www.prijedordanas.com\/?s={search_term_string}"},"query-input":"required name=search_term_string"}],"inLanguage":"en-US"},{"@type":"Organization","@id":"https:\/\/www.prijedordanas.com\/#organization","name":"PrijedorDanas.com","url":"https:\/\/www.prijedordanas.com\/","logo":{"@type":"ImageObject","inLanguage":"en-US","@id":"https:\/\/www.prijedordanas.com\/#\/schema\/logo\/image\/","url":"http:\/\/www.prijedordanas.com\/wp-content\/uploads\/2021\/12\/logopng.png","contentUrl":"http:\/\/www.prijedordanas.com\/wp-content\/uploads\/2021\/12\/logopng.png","width":1019,"height":776,"caption":"PrijedorDanas.com"},"image":{"@id":"https:\/\/www.prijedordanas.com\/#\/schema\/logo\/image\/"},"sameAs":["https:\/\/www.facebook.com\/PrijedorDanasCom\/"]},{"@type":"Person","@id":"https:\/\/www.prijedordanas.com\/#\/schema\/person\/4e08ccf29b506ca916ff86d46bb700e6","name":"admin","image":{"@type":"ImageObject","inLanguage":"en-US","@id":"https:\/\/www.prijedordanas.com\/#\/schema\/person\/image\/","url":"https:\/\/secure.gravatar.com\/avatar\/1d3fc949d550f0b53a5f0d51e06dfd79?s=96&d=mm&r=g","contentUrl":"https:\/\/secure.gravatar.com\/avatar\/1d3fc949d550f0b53a5f0d51e06dfd79?s=96&d=mm&r=g","caption":"admin"},"url":"https:\/\/www.prijedordanas.com\/?author=1"}]}},"_links":{"self":[{"href":"https:\/\/www.prijedordanas.com\/index.php?rest_route=\/wp\/v2\/posts\/58435"}],"collection":[{"href":"https:\/\/www.prijedordanas.com\/index.php?rest_route=\/wp\/v2\/posts"}],"about":[{"href":"https:\/\/www.prijedordanas.com\/index.php?rest_route=\/wp\/v2\/types\/post"}],"author":[{"embeddable":true,"href":"https:\/\/www.prijedordanas.com\/index.php?rest_route=\/wp\/v2\/users\/1"}],"replies":[{"embeddable":true,"href":"https:\/\/www.prijedordanas.com\/index.php?rest_route=%2Fwp%2Fv2%2Fcomments&post=58435"}],"version-history":[{"count":1,"href":"https:\/\/www.prijedordanas.com\/index.php?rest_route=\/wp\/v2\/posts\/58435\/revisions"}],"predecessor-version":[{"id":58444,"href":"https:\/\/www.prijedordanas.com\/index.php?rest_route=\/wp\/v2\/posts\/58435\/revisions\/58444"}],"wp:attachment":[{"href":"https:\/\/www.prijedordanas.com\/index.php?rest_route=%2Fwp%2Fv2%2Fmedia&parent=58435"}],"wp:term":[{"taxonomy":"category","embeddable":true,"href":"https:\/\/www.prijedordanas.com\/index.php?rest_route=%2Fwp%2Fv2%2Fcategories&post=58435"},{"taxonomy":"post_tag","embeddable":true,"href":"https:\/\/www.prijedordanas.com\/index.php?rest_route=%2Fwp%2Fv2%2Ftags&post=58435"}],"curies":[{"name":"wp","href":"https:\/\/api.w.org\/{rel}","templated":true}]}}