{"id":58346,"date":"2016-08-15T12:23:19","date_gmt":"2016-08-15T10:23:19","guid":{"rendered":"https:\/\/www.prijedordanas.com\/?p=58346"},"modified":"2016-08-15T12:23:19","modified_gmt":"2016-08-15T10:23:19","slug":"pocela-rekonstrukcija-ulice-vuka-karadzica-foto","status":"publish","type":"post","link":"https:\/\/www.prijedordanas.com\/?p=58346","title":{"rendered":"PO\u010cELA REKONSTRUKCIJA ULICE VUKA KARAD\u017dI\u0106A \u2013 FOTO"},"content":{"rendered":"<p><a href=\"https:\/\/www.prijedordanas.com\/wp-content\/uploads\/2016\/08\/ulica-vuka-karadzica-poceli-radovi-1.jpg\"><img loading=\"lazy\" decoding=\"async\" class=\"alignleft size-medium wp-image-58347\" src=\"https:\/\/www.prijedordanas.com\/wp-content\/uploads\/2016\/08\/ulica-vuka-karadzica-poceli-radovi-1-300x202.jpg\" alt=\"ulica vuka karadzica-poceli radovi (1)\" width=\"300\" height=\"202\" srcset=\"https:\/\/www.prijedordanas.com\/wp-content\/uploads\/2016\/08\/ulica-vuka-karadzica-poceli-radovi-1-300x202.jpg 300w, https:\/\/www.prijedordanas.com\/wp-content\/uploads\/2016\/08\/ulica-vuka-karadzica-poceli-radovi-1-100x67.jpg 100w, https:\/\/www.prijedordanas.com\/wp-content\/uploads\/2016\/08\/ulica-vuka-karadzica-poceli-radovi-1.jpg 650w\" sizes=\"(max-width: 300px) 100vw, 300px\" \/><\/a>Po\u0161tovani sugra\u0111ani,<br \/>\nGrad Prijedor je obezbijedio finansijska sredstva za rekonstrukciju ulice Vuka Karad\u017ei\u0107a. Izvo\u0111a\u010d radova su \u201eKozaraputevi a.d. Banja Luka, a nadzorni organ je \u201eZavod za izgradnju grada Prijedor\u201c, koji je radio i projektnu dokumentaciju.<\/p>\n<p>Izvo\u0111a\u010d je uveden u posao dana 12.8.2016.godine i zatra\u017eili smo od izvo\u0111a\u010da da se maksimalno anga\u017euje da se planirani radovi zavr\u0161e u \u0161to kra\u0107em roku, cijene\u0107i veliku frekvenciju ovom ulicom; veliki broj pravnih subjekata; ulica povezuje autobusku stanicu sa svim srednjim \u0161kolama; veliki broj stambenih zgrada i ostalo.<\/p>\n<p>Tako\u0111e, informi\u0161emo Vas da smo \u010dekali da se u toku rekonstrukcije ulice izvede i projekat sanacije vodovodne mre\u017ee u ulici Vuka Karad\u017ei\u0107a, koji je jedan od podprojekata za koji se grad Prijedor kreditno zadu\u017eio kod Evropske investicione banke. Izvo\u0111a\u010d radova za ovaj projekat je \u201eHidrokop\u201c d.o.o. Banja Luka.<\/p>\n<p><a href=\"https:\/\/www.prijedordanas.com\/wp-content\/uploads\/2016\/08\/ulica-vuka-karadzica-poceli-radovi-2.jpg\"><img loading=\"lazy\" decoding=\"async\" src=\"https:\/\/www.prijedordanas.com\/wp-content\/uploads\/2016\/08\/ulica-vuka-karadzica-poceli-radovi-2-300x199.jpg\" alt=\"ulica vuka karadzica-poceli radovi (2)\" width=\"300\" height=\"199\" class=\"alignleft size-medium wp-image-58348\" srcset=\"https:\/\/www.prijedordanas.com\/wp-content\/uploads\/2016\/08\/ulica-vuka-karadzica-poceli-radovi-2-300x200.jpg 300w, https:\/\/www.prijedordanas.com\/wp-content\/uploads\/2016\/08\/ulica-vuka-karadzica-poceli-radovi-2-100x66.jpg 100w, https:\/\/www.prijedordanas.com\/wp-content\/uploads\/2016\/08\/ulica-vuka-karadzica-poceli-radovi-2-480x320.jpg 480w, https:\/\/www.prijedordanas.com\/wp-content\/uploads\/2016\/08\/ulica-vuka-karadzica-poceli-radovi-2.jpg 650w\" sizes=\"(max-width: 300px) 100vw, 300px\" \/><\/a>Po\u0161tovani sugra\u0111ani, molimo da imate razumijevanja i strpljenja tokom izvo\u0111enja navedenih radova, jer \u0107e nakon zavr\u0161etka rekonstrukcije ulice i vodovodne mre\u017ee, ovaj dio grada imati novi ljep\u0161i izgled, a snabdijevanje pitkom vodom bi\u0107e bolje i redovnije.<\/p>\n<p>Za sve Va\u0161e eventualne primjedbe, sugestije i pitanja obratite se u Zavod za izgradnju grada Prijedor (052\/231-402) ili u Odjeljenje za stambeno komunalne poslove i za\u0161titu \u017eivotne sredine grada Prijedora (052\/245-180).<\/p>\n<p>S po\u0161tovanjem,<br \/>\nGRADONA\u010cELNIK<br \/>\nMarko Pavi\u0107<\/p>\n<p><a href=\"https:\/\/www.prijedordanas.com\/wp-content\/uploads\/2016\/08\/ulica-vuka-karadzica-poceli-radovi-3.jpg\"><img loading=\"lazy\" decoding=\"async\" src=\"https:\/\/www.prijedordanas.com\/wp-content\/uploads\/2016\/08\/ulica-vuka-karadzica-poceli-radovi-3-300x199.jpg\" alt=\"ulica vuka karadzica-poceli radovi (3)\" width=\"300\" height=\"199\" class=\"alignleft size-medium wp-image-58349\" srcset=\"https:\/\/www.prijedordanas.com\/wp-content\/uploads\/2016\/08\/ulica-vuka-karadzica-poceli-radovi-3-300x200.jpg 300w, https:\/\/www.prijedordanas.com\/wp-content\/uploads\/2016\/08\/ulica-vuka-karadzica-poceli-radovi-3-100x66.jpg 100w, https:\/\/www.prijedordanas.com\/wp-content\/uploads\/2016\/08\/ulica-vuka-karadzica-poceli-radovi-3-480x320.jpg 480w, https:\/\/www.prijedordanas.com\/wp-content\/uploads\/2016\/08\/ulica-vuka-karadzica-poceli-radovi-3.jpg 650w\" sizes=\"(max-width: 300px) 100vw, 300px\" \/><\/a><\/p>\n","protected":false},"excerpt":{"rendered":"<p>Po\u0161tovani sugra\u0111ani, Grad Prijedor je obezbijedio finansijska sredstva za rekonstrukciju ulice Vuka Karad\u017ei\u0107a. Izvo\u0111a\u010d radova su \u201eKozaraputevi a.d. Banja Luka, a nadzorni organ je \u201eZavod za izgradnju grada Prijedor\u201c, koji [&hellip;]<\/p>\n","protected":false},"author":1,"featured_media":0,"comment_status":"closed","ping_status":"open","sticky":false,"template":"","format":"standard","meta":{"_monsterinsights_skip_tracking":false,"_monsterinsights_sitenote_active":false,"_monsterinsights_sitenote_note":"","_monsterinsights_sitenote_category":0,"footnotes":""},"categories":[4],"tags":[773,2594,6952],"yoast_head":"<!-- This site is optimized with the Yoast SEO plugin v21.6 - https:\/\/yoast.com\/wordpress\/plugins\/seo\/ -->\n<title>PO\u010cELA REKONSTRUKCIJA ULICE VUKA KARAD\u017dI\u0106A \u2013 FOTO - PrijedorDanas.com - Prijedorski gradski portal<\/title>\n<meta name=\"robots\" content=\"index, follow, max-snippet:-1, max-image-preview:large, max-video-preview:-1\" \/>\n<link rel=\"canonical\" href=\"https:\/\/www.prijedordanas.com\/?p=58346\" \/>\n<meta property=\"og:locale\" content=\"en_US\" \/>\n<meta property=\"og:type\" content=\"article\" \/>\n<meta property=\"og:title\" content=\"PO\u010cELA REKONSTRUKCIJA ULICE VUKA KARAD\u017dI\u0106A \u2013 FOTO - PrijedorDanas.com - Prijedorski gradski portal\" \/>\n<meta property=\"og:description\" content=\"Po\u0161tovani sugra\u0111ani, Grad Prijedor je obezbijedio finansijska sredstva za rekonstrukciju ulice Vuka Karad\u017ei\u0107a. Izvo\u0111a\u010d radova su \u201eKozaraputevi a.d. Banja Luka, a nadzorni organ je \u201eZavod za izgradnju grada Prijedor\u201c, koji [&hellip;]\" \/>\n<meta property=\"og:url\" content=\"https:\/\/www.prijedordanas.com\/?p=58346\" \/>\n<meta property=\"og:site_name\" content=\"PrijedorDanas.com - Prijedorski gradski portal\" \/>\n<meta property=\"article:publisher\" content=\"https:\/\/www.facebook.com\/PrijedorDanasCom\/\" \/>\n<meta property=\"article:published_time\" content=\"2016-08-15T10:23:19+00:00\" \/>\n<meta property=\"og:image\" content=\"https:\/\/www.prijedordanas.com\/wp-content\/uploads\/2016\/08\/ulica-vuka-karadzica-poceli-radovi-1-300x202.jpg\" \/>\n<meta name=\"author\" content=\"admin\" \/>\n<meta name=\"twitter:card\" content=\"summary_large_image\" \/>\n<meta name=\"twitter:label1\" content=\"Written by\" \/>\n\t<meta name=\"twitter:data1\" content=\"admin\" \/>\n\t<meta name=\"twitter:label2\" content=\"Est. reading time\" \/>\n\t<meta name=\"twitter:data2\" content=\"1 minute\" \/>\n<script type=\"application\/ld+json\" class=\"yoast-schema-graph\">{\"@context\":\"https:\/\/schema.org\",\"@graph\":[{\"@type\":\"Article\",\"@id\":\"https:\/\/www.prijedordanas.com\/?p=58346#article\",\"isPartOf\":{\"@id\":\"https:\/\/www.prijedordanas.com\/?p=58346\"},\"author\":{\"name\":\"admin\",\"@id\":\"https:\/\/www.prijedordanas.com\/#\/schema\/person\/4e08ccf29b506ca916ff86d46bb700e6\"},\"headline\":\"PO\u010cELA REKONSTRUKCIJA ULICE VUKA KARAD\u017dI\u0106A \u2013 FOTO\",\"datePublished\":\"2016-08-15T10:23:19+00:00\",\"dateModified\":\"2016-08-15T10:23:19+00:00\",\"mainEntityOfPage\":{\"@id\":\"https:\/\/www.prijedordanas.com\/?p=58346\"},\"wordCount\":246,\"publisher\":{\"@id\":\"https:\/\/www.prijedordanas.com\/#organization\"},\"keywords\":[\"radovi\",\"rekonstrukcija\",\"ulica Vuka Karad\u017ei\u0107a\"],\"articleSection\":[\"Dru\u0161tvo\"],\"inLanguage\":\"en-US\"},{\"@type\":\"WebPage\",\"@id\":\"https:\/\/www.prijedordanas.com\/?p=58346\",\"url\":\"https:\/\/www.prijedordanas.com\/?p=58346\",\"name\":\"PO\u010cELA REKONSTRUKCIJA ULICE VUKA KARAD\u017dI\u0106A \u2013 FOTO - PrijedorDanas.com - Prijedorski gradski portal\",\"isPartOf\":{\"@id\":\"https:\/\/www.prijedordanas.com\/#website\"},\"datePublished\":\"2016-08-15T10:23:19+00:00\",\"dateModified\":\"2016-08-15T10:23:19+00:00\",\"breadcrumb\":{\"@id\":\"https:\/\/www.prijedordanas.com\/?p=58346#breadcrumb\"},\"inLanguage\":\"en-US\",\"potentialAction\":[{\"@type\":\"ReadAction\",\"target\":[\"https:\/\/www.prijedordanas.com\/?p=58346\"]}]},{\"@type\":\"BreadcrumbList\",\"@id\":\"https:\/\/www.prijedordanas.com\/?p=58346#breadcrumb\",\"itemListElement\":[{\"@type\":\"ListItem\",\"position\":1,\"name\":\"Home\",\"item\":\"https:\/\/www.prijedordanas.com\/\"},{\"@type\":\"ListItem\",\"position\":2,\"name\":\"PO\u010cELA REKONSTRUKCIJA ULICE VUKA KARAD\u017dI\u0106A \u2013 FOTO\"}]},{\"@type\":\"WebSite\",\"@id\":\"https:\/\/www.prijedordanas.com\/#website\",\"url\":\"https:\/\/www.prijedordanas.com\/\",\"name\":\"PrijedorDanas.com - Prijedorski gradski portal\",\"description\":\"Portal o doga\u0111anjima u gradu Prijedoru\",\"publisher\":{\"@id\":\"https:\/\/www.prijedordanas.com\/#organization\"},\"potentialAction\":[{\"@type\":\"SearchAction\",\"target\":{\"@type\":\"EntryPoint\",\"urlTemplate\":\"https:\/\/www.prijedordanas.com\/?s={search_term_string}\"},\"query-input\":\"required name=search_term_string\"}],\"inLanguage\":\"en-US\"},{\"@type\":\"Organization\",\"@id\":\"https:\/\/www.prijedordanas.com\/#organization\",\"name\":\"PrijedorDanas.com\",\"url\":\"https:\/\/www.prijedordanas.com\/\",\"logo\":{\"@type\":\"ImageObject\",\"inLanguage\":\"en-US\",\"@id\":\"https:\/\/www.prijedordanas.com\/#\/schema\/logo\/image\/\",\"url\":\"http:\/\/www.prijedordanas.com\/wp-content\/uploads\/2021\/12\/logopng.png\",\"contentUrl\":\"http:\/\/www.prijedordanas.com\/wp-content\/uploads\/2021\/12\/logopng.png\",\"width\":1019,\"height\":776,\"caption\":\"PrijedorDanas.com\"},\"image\":{\"@id\":\"https:\/\/www.prijedordanas.com\/#\/schema\/logo\/image\/\"},\"sameAs\":[\"https:\/\/www.facebook.com\/PrijedorDanasCom\/\"]},{\"@type\":\"Person\",\"@id\":\"https:\/\/www.prijedordanas.com\/#\/schema\/person\/4e08ccf29b506ca916ff86d46bb700e6\",\"name\":\"admin\",\"image\":{\"@type\":\"ImageObject\",\"inLanguage\":\"en-US\",\"@id\":\"https:\/\/www.prijedordanas.com\/#\/schema\/person\/image\/\",\"url\":\"https:\/\/secure.gravatar.com\/avatar\/1d3fc949d550f0b53a5f0d51e06dfd79?s=96&d=mm&r=g\",\"contentUrl\":\"https:\/\/secure.gravatar.com\/avatar\/1d3fc949d550f0b53a5f0d51e06dfd79?s=96&d=mm&r=g\",\"caption\":\"admin\"},\"url\":\"https:\/\/www.prijedordanas.com\/?author=1\"}]}<\/script>\n<!-- \/ Yoast SEO plugin. -->","yoast_head_json":{"title":"PO\u010cELA REKONSTRUKCIJA ULICE VUKA KARAD\u017dI\u0106A \u2013 FOTO - PrijedorDanas.com - Prijedorski gradski portal","robots":{"index":"index","follow":"follow","max-snippet":"max-snippet:-1","max-image-preview":"max-image-preview:large","max-video-preview":"max-video-preview:-1"},"canonical":"https:\/\/www.prijedordanas.com\/?p=58346","og_locale":"en_US","og_type":"article","og_title":"PO\u010cELA REKONSTRUKCIJA ULICE VUKA KARAD\u017dI\u0106A \u2013 FOTO - PrijedorDanas.com - Prijedorski gradski portal","og_description":"Po\u0161tovani sugra\u0111ani, Grad Prijedor je obezbijedio finansijska sredstva za rekonstrukciju ulice Vuka Karad\u017ei\u0107a. Izvo\u0111a\u010d radova su \u201eKozaraputevi a.d. Banja Luka, a nadzorni organ je \u201eZavod za izgradnju grada Prijedor\u201c, koji [&hellip;]","og_url":"https:\/\/www.prijedordanas.com\/?p=58346","og_site_name":"PrijedorDanas.com - Prijedorski gradski portal","article_publisher":"https:\/\/www.facebook.com\/PrijedorDanasCom\/","article_published_time":"2016-08-15T10:23:19+00:00","og_image":[{"url":"https:\/\/www.prijedordanas.com\/wp-content\/uploads\/2016\/08\/ulica-vuka-karadzica-poceli-radovi-1-300x202.jpg"}],"author":"admin","twitter_card":"summary_large_image","twitter_misc":{"Written by":"admin","Est. reading time":"1 minute"},"schema":{"@context":"https:\/\/schema.org","@graph":[{"@type":"Article","@id":"https:\/\/www.prijedordanas.com\/?p=58346#article","isPartOf":{"@id":"https:\/\/www.prijedordanas.com\/?p=58346"},"author":{"name":"admin","@id":"https:\/\/www.prijedordanas.com\/#\/schema\/person\/4e08ccf29b506ca916ff86d46bb700e6"},"headline":"PO\u010cELA REKONSTRUKCIJA ULICE VUKA KARAD\u017dI\u0106A \u2013 FOTO","datePublished":"2016-08-15T10:23:19+00:00","dateModified":"2016-08-15T10:23:19+00:00","mainEntityOfPage":{"@id":"https:\/\/www.prijedordanas.com\/?p=58346"},"wordCount":246,"publisher":{"@id":"https:\/\/www.prijedordanas.com\/#organization"},"keywords":["radovi","rekonstrukcija","ulica Vuka Karad\u017ei\u0107a"],"articleSection":["Dru\u0161tvo"],"inLanguage":"en-US"},{"@type":"WebPage","@id":"https:\/\/www.prijedordanas.com\/?p=58346","url":"https:\/\/www.prijedordanas.com\/?p=58346","name":"PO\u010cELA REKONSTRUKCIJA ULICE VUKA KARAD\u017dI\u0106A \u2013 FOTO - PrijedorDanas.com - Prijedorski gradski portal","isPartOf":{"@id":"https:\/\/www.prijedordanas.com\/#website"},"datePublished":"2016-08-15T10:23:19+00:00","dateModified":"2016-08-15T10:23:19+00:00","breadcrumb":{"@id":"https:\/\/www.prijedordanas.com\/?p=58346#breadcrumb"},"inLanguage":"en-US","potentialAction":[{"@type":"ReadAction","target":["https:\/\/www.prijedordanas.com\/?p=58346"]}]},{"@type":"BreadcrumbList","@id":"https:\/\/www.prijedordanas.com\/?p=58346#breadcrumb","itemListElement":[{"@type":"ListItem","position":1,"name":"Home","item":"https:\/\/www.prijedordanas.com\/"},{"@type":"ListItem","position":2,"name":"PO\u010cELA REKONSTRUKCIJA ULICE VUKA KARAD\u017dI\u0106A \u2013 FOTO"}]},{"@type":"WebSite","@id":"https:\/\/www.prijedordanas.com\/#website","url":"https:\/\/www.prijedordanas.com\/","name":"PrijedorDanas.com - Prijedorski gradski portal","description":"Portal o doga\u0111anjima u gradu Prijedoru","publisher":{"@id":"https:\/\/www.prijedordanas.com\/#organization"},"potentialAction":[{"@type":"SearchAction","target":{"@type":"EntryPoint","urlTemplate":"https:\/\/www.prijedordanas.com\/?s={search_term_string}"},"query-input":"required name=search_term_string"}],"inLanguage":"en-US"},{"@type":"Organization","@id":"https:\/\/www.prijedordanas.com\/#organization","name":"PrijedorDanas.com","url":"https:\/\/www.prijedordanas.com\/","logo":{"@type":"ImageObject","inLanguage":"en-US","@id":"https:\/\/www.prijedordanas.com\/#\/schema\/logo\/image\/","url":"http:\/\/www.prijedordanas.com\/wp-content\/uploads\/2021\/12\/logopng.png","contentUrl":"http:\/\/www.prijedordanas.com\/wp-content\/uploads\/2021\/12\/logopng.png","width":1019,"height":776,"caption":"PrijedorDanas.com"},"image":{"@id":"https:\/\/www.prijedordanas.com\/#\/schema\/logo\/image\/"},"sameAs":["https:\/\/www.facebook.com\/PrijedorDanasCom\/"]},{"@type":"Person","@id":"https:\/\/www.prijedordanas.com\/#\/schema\/person\/4e08ccf29b506ca916ff86d46bb700e6","name":"admin","image":{"@type":"ImageObject","inLanguage":"en-US","@id":"https:\/\/www.prijedordanas.com\/#\/schema\/person\/image\/","url":"https:\/\/secure.gravatar.com\/avatar\/1d3fc949d550f0b53a5f0d51e06dfd79?s=96&d=mm&r=g","contentUrl":"https:\/\/secure.gravatar.com\/avatar\/1d3fc949d550f0b53a5f0d51e06dfd79?s=96&d=mm&r=g","caption":"admin"},"url":"https:\/\/www.prijedordanas.com\/?author=1"}]}},"_links":{"self":[{"href":"https:\/\/www.prijedordanas.com\/index.php?rest_route=\/wp\/v2\/posts\/58346"}],"collection":[{"href":"https:\/\/www.prijedordanas.com\/index.php?rest_route=\/wp\/v2\/posts"}],"about":[{"href":"https:\/\/www.prijedordanas.com\/index.php?rest_route=\/wp\/v2\/types\/post"}],"author":[{"embeddable":true,"href":"https:\/\/www.prijedordanas.com\/index.php?rest_route=\/wp\/v2\/users\/1"}],"replies":[{"embeddable":true,"href":"https:\/\/www.prijedordanas.com\/index.php?rest_route=%2Fwp%2Fv2%2Fcomments&post=58346"}],"version-history":[{"count":1,"href":"https:\/\/www.prijedordanas.com\/index.php?rest_route=\/wp\/v2\/posts\/58346\/revisions"}],"predecessor-version":[{"id":58350,"href":"https:\/\/www.prijedordanas.com\/index.php?rest_route=\/wp\/v2\/posts\/58346\/revisions\/58350"}],"wp:attachment":[{"href":"https:\/\/www.prijedordanas.com\/index.php?rest_route=%2Fwp%2Fv2%2Fmedia&parent=58346"}],"wp:term":[{"taxonomy":"category","embeddable":true,"href":"https:\/\/www.prijedordanas.com\/index.php?rest_route=%2Fwp%2Fv2%2Fcategories&post=58346"},{"taxonomy":"post_tag","embeddable":true,"href":"https:\/\/www.prijedordanas.com\/index.php?rest_route=%2Fwp%2Fv2%2Ftags&post=58346"}],"curies":[{"name":"wp","href":"https:\/\/api.w.org\/{rel}","templated":true}]}}