{"id":58095,"date":"2016-08-11T15:05:41","date_gmt":"2016-08-11T13:05:41","guid":{"rendered":"https:\/\/www.prijedordanas.com\/?p=58095"},"modified":"2016-08-11T15:05:41","modified_gmt":"2016-08-11T13:05:41","slug":"papren-smjestaj-za-ucenike-studente-u-banjaluci-prijedor-najjeftiniji","status":"publish","type":"post","link":"https:\/\/www.prijedordanas.com\/?p=58095","title":{"rendered":"PAPREN SMJE\u0160TAJ ZA U\u010cENIKE I STUDENTE U BANJALUCI, PRIJEDOR NAJJEFTINIJI"},"content":{"rendered":"<p><a href=\"https:\/\/www.prijedordanas.com\/wp-content\/uploads\/2016\/08\/glas-kirija-studenti.jpg\"><img loading=\"lazy\" decoding=\"async\" src=\"https:\/\/www.prijedordanas.com\/wp-content\/uploads\/2016\/08\/glas-kirija-studenti-300x186.jpg\" alt=\"glas-kirija-studenti\" width=\"300\" height=\"186\" class=\"alignleft size-medium wp-image-58096\" srcset=\"https:\/\/www.prijedordanas.com\/wp-content\/uploads\/2016\/08\/glas-kirija-studenti-300x186.jpg 300w, https:\/\/www.prijedordanas.com\/wp-content\/uploads\/2016\/08\/glas-kirija-studenti-100x62.jpg 100w, https:\/\/www.prijedordanas.com\/wp-content\/uploads\/2016\/08\/glas-kirija-studenti.jpg 640w\" sizes=\"(max-width: 300px) 100vw, 300px\" \/><\/a>Veliki broj studenata i srednjo\u0161kolaca iz Republike Srpske krenuo je u potragu za smje\u0161tajem, da bi spremni do\u010deli po\u010detak nastave i predavanja, ali i zbog povoljnijih cijena od onih koje \u0107e ih do\u010dekati u septembru.<\/p>\n<p>Najpristupa\u010dnije cijene podstanarskih kvadrata su u Prijedoru, gdje je stanarina u prosjeku oko 150 maraka, dok su najvi\u0161e u Banjaluci, gdje za mjesec stanovanja uglavnom treba iske\u0161irati od 300 do 400 maraka.<\/p>\n<p>Cijenu stanova diktira lokacija, ali i druge karakteristike, poput vrste grijanja, spratnosti, ure\u0111enosti stana i sli\u010dno. Ipak, izbor privremenog krova nad glavom zavisi prvenstveno od bud\u017eeta kojim raspola\u017eu roditelji \u0111aka i studenata.<\/p>\n<p>Tako studenti u Banjaluci mogu da iznajme skromnu sobu za 80 maraka, dok oni sa dubljim d\u017eepom za stanarinu ne \u017eale da daju i po 600 maraka, ali i vi\u0161e.<\/p>\n<p>U ve\u0107ini oglasa u kojima se nude stanovi navodi se da se iznajmljuju isklju\u010divo za studente i \u0111ake, da imaju internet i kablovsku televiziju, a u nekima od njih uslov je da su budu\u0107i podstanari nepu\u0161a\u010di.<\/p>\n<p>Kako se bli\u017ei po\u010detak nove \u0161kolske i akademske godine, stanodavci isti\u010du da tako i raste interesovanje za iznajmljivanje stanova i soba.<\/p>\n<p>Banjalu\u010danka Jadranka Risti\u0107 za studente i \u0111ake smje\u0161taj izdaje na dvije lokacije, jedna je u Boriku, dok je druga na Star\u010devici.<\/p>\n<p>&#8211; Roditelji srednjo\u0161kolaca i studenti svakodnevno zovu, dolaze i raspituju se za smje\u0161taj. Upravo sam ju\u010de dogovarala sa roditeljima iz Kne\u017eeva za smje\u0161taj dvoje djece u jednosobnom stanu u Boriku. Zadovoljni su cijenom i uslovima, zbog \u010dega su odmah dali avans &#8211; rekla je Risti\u0107eva i dodala da ovaj stan ina\u010de izdaje za 300 KM, ali s obzirom na to da se radi o bratu i sestri, izdala ga je za 250 KM plus re\u017eije.<\/p>\n<p>Na Star\u010devici Risti\u0107eva u okviru ku\u0107e u kojoj \u017eivi iznajmljuje i tri sobe, koje po osobi iznose 120 KM plus struja.<\/p>\n<p>I u Prijedoru je, kako je nastupio avgust, poja\u010dano interesovanje za privatni smje\u0161taj. U ponudi su uglavnom jednosobni i dvosobni stanovi, kao i dijelovi ku\u0107a.<\/p>\n<p>Potra\u017enja za stanovima u odnosu na pro\u0161li mjesec prili\u010dno je velika i u Bijeljini. Kako su nam objasnili u jednoj bijeljinskoj agenciji za nekretnine, uglavnom se tra\u017ee jednosobni stanovi i to najvi\u0161e u centru grada.<\/p>\n<p>&#8211; U zavisnosti od toga kako su opremljeni, cijene se kre\u0107u od 200 do 250 KM. Ve\u0107 za 300 KM mo\u017ee se na\u0107i ve\u0107i stan, odnosno sa dnevnim boravkom i dvije do tri sobe &#8211; rekli su u ovoj agenciji.<\/p>\n<p>Interesovanjem za iznajmljivanje stanova i soba mogu se pohvaliti i stanodavci u Trebinju, Palama i Doboju.<\/p>\n<p>Jelica P. iz \u0160ipova, majka u\u010denice tre\u0107eg razreda Medicinske \u0161kole u Banjaluci, ka\u017ee da zajedno sa k\u0107erkom ove sedmice kre\u0107e u potragu za stanom.<\/p>\n<p>&#8211; Gledala sam po oglasima i \u010dini mi se da je cijena stanova za iznajmljivanje ne\u0161to vi\u0161a u odnosu na pro\u0161lu godinu, ali \u0161ta da se radi, dijete mora negdje stanovati dok ide u \u0161kolu. Naporno bi joj bilo da svaki dan putuje, a u su\u0161tini, i mjese\u010dna karta bi je iznosila kao i kirija &#8211; ka\u017ee Jelica P.<\/p>\n<p>Dodala je da \u0107e sa njenom k\u0107erkom najvjerovatnije zajedno stanovati i jedna kom\u0161inica, \u0161to \u0107e olak\u0161ati izmirivanje tro\u0161kova.<\/p>\n<p>Domovi<\/p>\n<p>U &#8220;Srednjo\u0161kolskom domu&#8221; u Banjaluci ove godine zagarantovan je smje\u0161taj za 240 u\u010denika, a postoji mogu\u0107nost da se taj broj pove\u0107a za jo\u0161 njih 70.<\/p>\n<p>Kako je istakao direktor ove ustanove Branislav Vidi\u0107, za pro\u0161irenje liste stanara nedavno su zatra\u017eili odobrenje od Ministarstva prosvjete i kulture i jo\u0161 \u010dekaju na odgovor.<\/p>\n<p>&#8211; Me\u0111utim, pojedine roditelje zbunjuje na\u010din na koji smo bodovali budu\u0107e stanare. Rije\u010d je posebnoj rang-listi u kojoj prednost imaju djeca sa posebnim potrebama, bez obzira na to koliko nose bodova &#8211; rekao je Vidi\u0107.<\/p>\n<p>U narednom periodu bi\u0107e raspisan i konkurs za smje\u0161taj studenata u Studentski dom &#8220;Nikola Tesla&#8221; u Banjaluci, \u010diji \u0107e \u010detvrti paviljon ove akademske godine imati prve stanare.<\/p>\n<p>Cijene<\/p>\n<p>Banjaluka<br \/>\nOD 80 DO 200 KM &#8211; SOBE<br \/>\nOD 200 DO 600 KM &#8211; STANOVI<\/p>\n<p>Prijedor<br \/>\nOD 50 DO 100 KM &#8211; SOBE<br \/>\nOD 100 DO 300 KM &#8211; STANOVI<\/p>\n<p>Bijeljina<br \/>\nOD 100 DO 180 KM &#8211; SOBE<br \/>\nOD 150 DO 300 KM &#8211; STANOVI<\/p>\n<p>Trebinje<br \/>\nOD 50 DO 100 KM &#8211; SOBE<br \/>\nOD 150 DO 400 KM &#8211; STANOVI<\/p>\n<p>Pale<br \/>\nOD 80 DO 150 KM &#8211; SOBE<br \/>\nOD 150 DO 250 KM &#8211; STANOVI<\/p>\n<p>Doboj<br \/>\nOD 100 DO 170 KM &#8211; SOBE<br \/>\nOD 150 DO 300 KM &#8211; STANOVI<\/p>\n<p>Glas Srpske<\/p>\n","protected":false},"excerpt":{"rendered":"<p>Veliki broj studenata i srednjo\u0161kolaca iz Republike Srpske krenuo je u potragu za smje\u0161tajem, da bi spremni do\u010deli po\u010detak nastave i predavanja, ali i zbog povoljnijih cijena od onih koje [&hellip;]<\/p>\n","protected":false},"author":1,"featured_media":0,"comment_status":"closed","ping_status":"open","sticky":false,"template":"","format":"standard","meta":{"_monsterinsights_skip_tracking":false,"_monsterinsights_sitenote_active":false,"_monsterinsights_sitenote_note":"","_monsterinsights_sitenote_category":0,"footnotes":""},"categories":[7518],"tags":[1828,4169,8608,279,1227],"yoast_head":"<!-- This site is optimized with the Yoast SEO plugin v21.6 - https:\/\/yoast.com\/wordpress\/plugins\/seo\/ -->\n<title>PAPREN SMJE\u0160TAJ ZA U\u010cENIKE I STUDENTE U BANJALUCI, PRIJEDOR NAJJEFTINIJI - PrijedorDanas.com - Prijedorski gradski portal<\/title>\n<meta name=\"robots\" content=\"index, follow, max-snippet:-1, max-image-preview:large, max-video-preview:-1\" \/>\n<link rel=\"canonical\" href=\"https:\/\/www.prijedordanas.com\/?p=58095\" \/>\n<meta property=\"og:locale\" content=\"en_US\" \/>\n<meta property=\"og:type\" content=\"article\" \/>\n<meta property=\"og:title\" content=\"PAPREN SMJE\u0160TAJ ZA U\u010cENIKE I STUDENTE U BANJALUCI, PRIJEDOR NAJJEFTINIJI - PrijedorDanas.com - Prijedorski gradski portal\" \/>\n<meta property=\"og:description\" content=\"Veliki broj studenata i srednjo\u0161kolaca iz Republike Srpske krenuo je u potragu za smje\u0161tajem, da bi spremni do\u010deli po\u010detak nastave i predavanja, ali i zbog povoljnijih cijena od onih koje [&hellip;]\" \/>\n<meta property=\"og:url\" content=\"https:\/\/www.prijedordanas.com\/?p=58095\" \/>\n<meta property=\"og:site_name\" content=\"PrijedorDanas.com - Prijedorski gradski portal\" \/>\n<meta property=\"article:publisher\" content=\"https:\/\/www.facebook.com\/PrijedorDanasCom\/\" \/>\n<meta property=\"article:published_time\" content=\"2016-08-11T13:05:41+00:00\" \/>\n<meta property=\"og:image\" content=\"https:\/\/www.prijedordanas.com\/wp-content\/uploads\/2016\/08\/glas-kirija-studenti-300x186.jpg\" \/>\n<meta name=\"author\" content=\"admin\" \/>\n<meta name=\"twitter:card\" content=\"summary_large_image\" \/>\n<meta name=\"twitter:label1\" content=\"Written by\" \/>\n\t<meta name=\"twitter:data1\" content=\"admin\" \/>\n\t<meta name=\"twitter:label2\" content=\"Est. reading time\" \/>\n\t<meta name=\"twitter:data2\" content=\"4 minutes\" \/>\n<script type=\"application\/ld+json\" class=\"yoast-schema-graph\">{\"@context\":\"https:\/\/schema.org\",\"@graph\":[{\"@type\":\"Article\",\"@id\":\"https:\/\/www.prijedordanas.com\/?p=58095#article\",\"isPartOf\":{\"@id\":\"https:\/\/www.prijedordanas.com\/?p=58095\"},\"author\":{\"name\":\"admin\",\"@id\":\"https:\/\/www.prijedordanas.com\/#\/schema\/person\/4e08ccf29b506ca916ff86d46bb700e6\"},\"headline\":\"PAPREN SMJE\u0160TAJ ZA U\u010cENIKE I STUDENTE U BANJALUCI, PRIJEDOR NAJJEFTINIJI\",\"datePublished\":\"2016-08-11T13:05:41+00:00\",\"dateModified\":\"2016-08-11T13:05:41+00:00\",\"mainEntityOfPage\":{\"@id\":\"https:\/\/www.prijedordanas.com\/?p=58095\"},\"wordCount\":777,\"publisher\":{\"@id\":\"https:\/\/www.prijedordanas.com\/#organization\"},\"keywords\":[\"cijene\",\"kirija\",\"smje\u0161tak\",\"studenti\",\"u\u010denici\"],\"articleSection\":[\"Mladi\"],\"inLanguage\":\"en-US\"},{\"@type\":\"WebPage\",\"@id\":\"https:\/\/www.prijedordanas.com\/?p=58095\",\"url\":\"https:\/\/www.prijedordanas.com\/?p=58095\",\"name\":\"PAPREN SMJE\u0160TAJ ZA U\u010cENIKE I STUDENTE U BANJALUCI, PRIJEDOR NAJJEFTINIJI - PrijedorDanas.com - Prijedorski gradski portal\",\"isPartOf\":{\"@id\":\"https:\/\/www.prijedordanas.com\/#website\"},\"datePublished\":\"2016-08-11T13:05:41+00:00\",\"dateModified\":\"2016-08-11T13:05:41+00:00\",\"breadcrumb\":{\"@id\":\"https:\/\/www.prijedordanas.com\/?p=58095#breadcrumb\"},\"inLanguage\":\"en-US\",\"potentialAction\":[{\"@type\":\"ReadAction\",\"target\":[\"https:\/\/www.prijedordanas.com\/?p=58095\"]}]},{\"@type\":\"BreadcrumbList\",\"@id\":\"https:\/\/www.prijedordanas.com\/?p=58095#breadcrumb\",\"itemListElement\":[{\"@type\":\"ListItem\",\"position\":1,\"name\":\"Home\",\"item\":\"https:\/\/www.prijedordanas.com\/\"},{\"@type\":\"ListItem\",\"position\":2,\"name\":\"PAPREN SMJE\u0160TAJ ZA U\u010cENIKE I STUDENTE U BANJALUCI, PRIJEDOR NAJJEFTINIJI\"}]},{\"@type\":\"WebSite\",\"@id\":\"https:\/\/www.prijedordanas.com\/#website\",\"url\":\"https:\/\/www.prijedordanas.com\/\",\"name\":\"PrijedorDanas.com - Prijedorski gradski portal\",\"description\":\"Portal o doga\u0111anjima u gradu Prijedoru\",\"publisher\":{\"@id\":\"https:\/\/www.prijedordanas.com\/#organization\"},\"potentialAction\":[{\"@type\":\"SearchAction\",\"target\":{\"@type\":\"EntryPoint\",\"urlTemplate\":\"https:\/\/www.prijedordanas.com\/?s={search_term_string}\"},\"query-input\":\"required name=search_term_string\"}],\"inLanguage\":\"en-US\"},{\"@type\":\"Organization\",\"@id\":\"https:\/\/www.prijedordanas.com\/#organization\",\"name\":\"PrijedorDanas.com\",\"url\":\"https:\/\/www.prijedordanas.com\/\",\"logo\":{\"@type\":\"ImageObject\",\"inLanguage\":\"en-US\",\"@id\":\"https:\/\/www.prijedordanas.com\/#\/schema\/logo\/image\/\",\"url\":\"http:\/\/www.prijedordanas.com\/wp-content\/uploads\/2021\/12\/logopng.png\",\"contentUrl\":\"http:\/\/www.prijedordanas.com\/wp-content\/uploads\/2021\/12\/logopng.png\",\"width\":1019,\"height\":776,\"caption\":\"PrijedorDanas.com\"},\"image\":{\"@id\":\"https:\/\/www.prijedordanas.com\/#\/schema\/logo\/image\/\"},\"sameAs\":[\"https:\/\/www.facebook.com\/PrijedorDanasCom\/\"]},{\"@type\":\"Person\",\"@id\":\"https:\/\/www.prijedordanas.com\/#\/schema\/person\/4e08ccf29b506ca916ff86d46bb700e6\",\"name\":\"admin\",\"image\":{\"@type\":\"ImageObject\",\"inLanguage\":\"en-US\",\"@id\":\"https:\/\/www.prijedordanas.com\/#\/schema\/person\/image\/\",\"url\":\"https:\/\/secure.gravatar.com\/avatar\/1d3fc949d550f0b53a5f0d51e06dfd79?s=96&d=mm&r=g\",\"contentUrl\":\"https:\/\/secure.gravatar.com\/avatar\/1d3fc949d550f0b53a5f0d51e06dfd79?s=96&d=mm&r=g\",\"caption\":\"admin\"},\"url\":\"https:\/\/www.prijedordanas.com\/?author=1\"}]}<\/script>\n<!-- \/ Yoast SEO plugin. -->","yoast_head_json":{"title":"PAPREN SMJE\u0160TAJ ZA U\u010cENIKE I STUDENTE U BANJALUCI, PRIJEDOR NAJJEFTINIJI - PrijedorDanas.com - Prijedorski gradski portal","robots":{"index":"index","follow":"follow","max-snippet":"max-snippet:-1","max-image-preview":"max-image-preview:large","max-video-preview":"max-video-preview:-1"},"canonical":"https:\/\/www.prijedordanas.com\/?p=58095","og_locale":"en_US","og_type":"article","og_title":"PAPREN SMJE\u0160TAJ ZA U\u010cENIKE I STUDENTE U BANJALUCI, PRIJEDOR NAJJEFTINIJI - PrijedorDanas.com - Prijedorski gradski portal","og_description":"Veliki broj studenata i srednjo\u0161kolaca iz Republike Srpske krenuo je u potragu za smje\u0161tajem, da bi spremni do\u010deli po\u010detak nastave i predavanja, ali i zbog povoljnijih cijena od onih koje [&hellip;]","og_url":"https:\/\/www.prijedordanas.com\/?p=58095","og_site_name":"PrijedorDanas.com - Prijedorski gradski portal","article_publisher":"https:\/\/www.facebook.com\/PrijedorDanasCom\/","article_published_time":"2016-08-11T13:05:41+00:00","og_image":[{"url":"https:\/\/www.prijedordanas.com\/wp-content\/uploads\/2016\/08\/glas-kirija-studenti-300x186.jpg"}],"author":"admin","twitter_card":"summary_large_image","twitter_misc":{"Written by":"admin","Est. reading time":"4 minutes"},"schema":{"@context":"https:\/\/schema.org","@graph":[{"@type":"Article","@id":"https:\/\/www.prijedordanas.com\/?p=58095#article","isPartOf":{"@id":"https:\/\/www.prijedordanas.com\/?p=58095"},"author":{"name":"admin","@id":"https:\/\/www.prijedordanas.com\/#\/schema\/person\/4e08ccf29b506ca916ff86d46bb700e6"},"headline":"PAPREN SMJE\u0160TAJ ZA U\u010cENIKE I STUDENTE U BANJALUCI, PRIJEDOR NAJJEFTINIJI","datePublished":"2016-08-11T13:05:41+00:00","dateModified":"2016-08-11T13:05:41+00:00","mainEntityOfPage":{"@id":"https:\/\/www.prijedordanas.com\/?p=58095"},"wordCount":777,"publisher":{"@id":"https:\/\/www.prijedordanas.com\/#organization"},"keywords":["cijene","kirija","smje\u0161tak","studenti","u\u010denici"],"articleSection":["Mladi"],"inLanguage":"en-US"},{"@type":"WebPage","@id":"https:\/\/www.prijedordanas.com\/?p=58095","url":"https:\/\/www.prijedordanas.com\/?p=58095","name":"PAPREN SMJE\u0160TAJ ZA U\u010cENIKE I STUDENTE U BANJALUCI, PRIJEDOR NAJJEFTINIJI - PrijedorDanas.com - Prijedorski gradski portal","isPartOf":{"@id":"https:\/\/www.prijedordanas.com\/#website"},"datePublished":"2016-08-11T13:05:41+00:00","dateModified":"2016-08-11T13:05:41+00:00","breadcrumb":{"@id":"https:\/\/www.prijedordanas.com\/?p=58095#breadcrumb"},"inLanguage":"en-US","potentialAction":[{"@type":"ReadAction","target":["https:\/\/www.prijedordanas.com\/?p=58095"]}]},{"@type":"BreadcrumbList","@id":"https:\/\/www.prijedordanas.com\/?p=58095#breadcrumb","itemListElement":[{"@type":"ListItem","position":1,"name":"Home","item":"https:\/\/www.prijedordanas.com\/"},{"@type":"ListItem","position":2,"name":"PAPREN SMJE\u0160TAJ ZA U\u010cENIKE I STUDENTE U BANJALUCI, PRIJEDOR NAJJEFTINIJI"}]},{"@type":"WebSite","@id":"https:\/\/www.prijedordanas.com\/#website","url":"https:\/\/www.prijedordanas.com\/","name":"PrijedorDanas.com - Prijedorski gradski portal","description":"Portal o doga\u0111anjima u gradu Prijedoru","publisher":{"@id":"https:\/\/www.prijedordanas.com\/#organization"},"potentialAction":[{"@type":"SearchAction","target":{"@type":"EntryPoint","urlTemplate":"https:\/\/www.prijedordanas.com\/?s={search_term_string}"},"query-input":"required name=search_term_string"}],"inLanguage":"en-US"},{"@type":"Organization","@id":"https:\/\/www.prijedordanas.com\/#organization","name":"PrijedorDanas.com","url":"https:\/\/www.prijedordanas.com\/","logo":{"@type":"ImageObject","inLanguage":"en-US","@id":"https:\/\/www.prijedordanas.com\/#\/schema\/logo\/image\/","url":"http:\/\/www.prijedordanas.com\/wp-content\/uploads\/2021\/12\/logopng.png","contentUrl":"http:\/\/www.prijedordanas.com\/wp-content\/uploads\/2021\/12\/logopng.png","width":1019,"height":776,"caption":"PrijedorDanas.com"},"image":{"@id":"https:\/\/www.prijedordanas.com\/#\/schema\/logo\/image\/"},"sameAs":["https:\/\/www.facebook.com\/PrijedorDanasCom\/"]},{"@type":"Person","@id":"https:\/\/www.prijedordanas.com\/#\/schema\/person\/4e08ccf29b506ca916ff86d46bb700e6","name":"admin","image":{"@type":"ImageObject","inLanguage":"en-US","@id":"https:\/\/www.prijedordanas.com\/#\/schema\/person\/image\/","url":"https:\/\/secure.gravatar.com\/avatar\/1d3fc949d550f0b53a5f0d51e06dfd79?s=96&d=mm&r=g","contentUrl":"https:\/\/secure.gravatar.com\/avatar\/1d3fc949d550f0b53a5f0d51e06dfd79?s=96&d=mm&r=g","caption":"admin"},"url":"https:\/\/www.prijedordanas.com\/?author=1"}]}},"_links":{"self":[{"href":"https:\/\/www.prijedordanas.com\/index.php?rest_route=\/wp\/v2\/posts\/58095"}],"collection":[{"href":"https:\/\/www.prijedordanas.com\/index.php?rest_route=\/wp\/v2\/posts"}],"about":[{"href":"https:\/\/www.prijedordanas.com\/index.php?rest_route=\/wp\/v2\/types\/post"}],"author":[{"embeddable":true,"href":"https:\/\/www.prijedordanas.com\/index.php?rest_route=\/wp\/v2\/users\/1"}],"replies":[{"embeddable":true,"href":"https:\/\/www.prijedordanas.com\/index.php?rest_route=%2Fwp%2Fv2%2Fcomments&post=58095"}],"version-history":[{"count":1,"href":"https:\/\/www.prijedordanas.com\/index.php?rest_route=\/wp\/v2\/posts\/58095\/revisions"}],"predecessor-version":[{"id":58097,"href":"https:\/\/www.prijedordanas.com\/index.php?rest_route=\/wp\/v2\/posts\/58095\/revisions\/58097"}],"wp:attachment":[{"href":"https:\/\/www.prijedordanas.com\/index.php?rest_route=%2Fwp%2Fv2%2Fmedia&parent=58095"}],"wp:term":[{"taxonomy":"category","embeddable":true,"href":"https:\/\/www.prijedordanas.com\/index.php?rest_route=%2Fwp%2Fv2%2Fcategories&post=58095"},{"taxonomy":"post_tag","embeddable":true,"href":"https:\/\/www.prijedordanas.com\/index.php?rest_route=%2Fwp%2Fv2%2Ftags&post=58095"}],"curies":[{"name":"wp","href":"https:\/\/api.w.org\/{rel}","templated":true}]}}