{"id":57964,"date":"2016-08-09T16:18:00","date_gmt":"2016-08-09T14:18:00","guid":{"rendered":"https:\/\/www.prijedordanas.com\/?p=57964"},"modified":"2016-08-09T16:18:00","modified_gmt":"2016-08-09T14:18:00","slug":"memoriam-milan-kesic","status":"publish","type":"post","link":"https:\/\/www.prijedordanas.com\/?p=57964","title":{"rendered":"IN MEMORIAM: MILAN KESI\u0106"},"content":{"rendered":"<p><a href=\"https:\/\/www.prijedordanas.com\/wp-content\/uploads\/2016\/08\/rtvpd-milan-kesic.jpg\"><img loading=\"lazy\" decoding=\"async\" src=\"https:\/\/www.prijedordanas.com\/wp-content\/uploads\/2016\/08\/rtvpd-milan-kesic-242x300.jpg\" alt=\"rtvpd-milan kesic\" width=\"242\" height=\"300\" class=\"alignleft size-medium wp-image-57965\" srcset=\"https:\/\/www.prijedordanas.com\/wp-content\/uploads\/2016\/08\/rtvpd-milan-kesic-242x300.jpg 242w, https:\/\/www.prijedordanas.com\/wp-content\/uploads\/2016\/08\/rtvpd-milan-kesic-81x100.jpg 81w, https:\/\/www.prijedordanas.com\/wp-content\/uploads\/2016\/08\/rtvpd-milan-kesic.jpg 387w\" sizes=\"(max-width: 242px) 100vw, 242px\" \/><\/a>Brojni Prijedor\u010dani, uz du\u017enu po\u0161tu, oprostili su se od Milana Kesi\u0107a izuetnog fudbalera, vrsnog radnog kolege, prijatelja, brata, oca i djeda a prije svega \u010dovjeka. <\/p>\n<p>Kesi\u0107 je volio fudbal i prije 42. godine po\u010deo da igra u Fudbalskom klubu Mrakovica u Kozaru\u0161i. Jedan je od  ponajboljih i najupornijih fudbalera Fudbalskog kluba \u201eKaran\u201c iz Gornje Dragotinje, prvog poslijeratnog \u0161ampiona Prijedora, \u010dlana Druge lige Republike Srpske. <\/p>\n<p>Gdje god je igrao, u pobjedama i porazima omiljenog kluba gdje je okon\u010dao karijeru, imao je prijatelje. Volio je Milan Kesi\u0107 sve oko sebe, volio je \u017eivot za koji se borio kao najhrabriji borac do posljednjeg dana.<\/p>\n<p>Du\u017ee od 42. godine bio je  vezan za veliki i mali fudbal. Majstorijama i golovima istakao se u svakom od timova \u010dije je boje branio. Ravno 35. godina bio je aktivni u\u010desnik susreta Urija\u0161a. Ove godine nije odigrao svoj najomiljeniji susret stari i mladi.<\/p>\n<p> Oni koji su sa njim 42. godine igrali fudbal pamte njegovu sr\u010danost. Ostala je vje\u010dna dilema ko je od trojice bra\u0107e fudbalera Kesi\u0107a bio bolji: Savan , Bo\u0161ko ili Milan.<\/p>\n<p>Na poslednjem opro\u0161taju re\u010deno je da je suvi\u0161no govoriti kakav je \u010dovjek bio. Svi koji su imali \u017eivotnu privilegiju da ga poznaju  mogli su nau\u010diti kakav \u010dovjek treba biti. Ostaje sje\u0107anje na \u010dovjeka Milana Kesi\u0107a \u010dovjeka koji se ra\u0111a jednom ili nikad. <\/p>\n<p>RTV Prijedor<\/p>\n","protected":false},"excerpt":{"rendered":"<p>Brojni Prijedor\u010dani, uz du\u017enu po\u0161tu, oprostili su se od Milana Kesi\u0107a izuetnog fudbalera, vrsnog radnog kolege, prijatelja, brata, oca i djeda a prije svega \u010dovjeka. Kesi\u0107 je volio fudbal i [&hellip;]<\/p>\n","protected":false},"author":1,"featured_media":0,"comment_status":"closed","ping_status":"open","sticky":false,"template":"","format":"standard","meta":{"_monsterinsights_skip_tracking":false,"_monsterinsights_sitenote_active":false,"_monsterinsights_sitenote_note":"","_monsterinsights_sitenote_category":0,"footnotes":""},"categories":[3],"tags":[8598],"yoast_head":"<!-- This site is optimized with the Yoast SEO plugin v21.6 - https:\/\/yoast.com\/wordpress\/plugins\/seo\/ -->\n<title>IN MEMORIAM: MILAN KESI\u0106 - PrijedorDanas.com - Prijedorski gradski portal<\/title>\n<meta name=\"robots\" content=\"index, follow, max-snippet:-1, max-image-preview:large, max-video-preview:-1\" \/>\n<link rel=\"canonical\" href=\"https:\/\/www.prijedordanas.com\/?p=57964\" \/>\n<meta property=\"og:locale\" content=\"en_US\" \/>\n<meta property=\"og:type\" content=\"article\" \/>\n<meta property=\"og:title\" content=\"IN MEMORIAM: MILAN KESI\u0106 - PrijedorDanas.com - Prijedorski gradski portal\" \/>\n<meta property=\"og:description\" content=\"Brojni Prijedor\u010dani, uz du\u017enu po\u0161tu, oprostili su se od Milana Kesi\u0107a izuetnog fudbalera, vrsnog radnog kolege, prijatelja, brata, oca i djeda a prije svega \u010dovjeka. Kesi\u0107 je volio fudbal i [&hellip;]\" \/>\n<meta property=\"og:url\" content=\"https:\/\/www.prijedordanas.com\/?p=57964\" \/>\n<meta property=\"og:site_name\" content=\"PrijedorDanas.com - Prijedorski gradski portal\" \/>\n<meta property=\"article:publisher\" content=\"https:\/\/www.facebook.com\/PrijedorDanasCom\/\" \/>\n<meta property=\"article:published_time\" content=\"2016-08-09T14:18:00+00:00\" \/>\n<meta property=\"og:image\" content=\"https:\/\/www.prijedordanas.com\/wp-content\/uploads\/2016\/08\/rtvpd-milan-kesic-242x300.jpg\" \/>\n<meta name=\"author\" content=\"admin\" \/>\n<meta name=\"twitter:card\" content=\"summary_large_image\" \/>\n<meta name=\"twitter:label1\" content=\"Written by\" \/>\n\t<meta name=\"twitter:data1\" content=\"admin\" \/>\n\t<meta name=\"twitter:label2\" content=\"Est. reading time\" \/>\n\t<meta name=\"twitter:data2\" content=\"1 minute\" \/>\n<script type=\"application\/ld+json\" class=\"yoast-schema-graph\">{\"@context\":\"https:\/\/schema.org\",\"@graph\":[{\"@type\":\"Article\",\"@id\":\"https:\/\/www.prijedordanas.com\/?p=57964#article\",\"isPartOf\":{\"@id\":\"https:\/\/www.prijedordanas.com\/?p=57964\"},\"author\":{\"name\":\"admin\",\"@id\":\"https:\/\/www.prijedordanas.com\/#\/schema\/person\/4e08ccf29b506ca916ff86d46bb700e6\"},\"headline\":\"IN MEMORIAM: MILAN KESI\u0106\",\"datePublished\":\"2016-08-09T14:18:00+00:00\",\"dateModified\":\"2016-08-09T14:18:00+00:00\",\"mainEntityOfPage\":{\"@id\":\"https:\/\/www.prijedordanas.com\/?p=57964\"},\"wordCount\":240,\"publisher\":{\"@id\":\"https:\/\/www.prijedordanas.com\/#organization\"},\"keywords\":[\"Milan Kesi\u0107\"],\"articleSection\":[\"\u017divot\"],\"inLanguage\":\"en-US\"},{\"@type\":\"WebPage\",\"@id\":\"https:\/\/www.prijedordanas.com\/?p=57964\",\"url\":\"https:\/\/www.prijedordanas.com\/?p=57964\",\"name\":\"IN MEMORIAM: MILAN KESI\u0106 - PrijedorDanas.com - Prijedorski gradski portal\",\"isPartOf\":{\"@id\":\"https:\/\/www.prijedordanas.com\/#website\"},\"datePublished\":\"2016-08-09T14:18:00+00:00\",\"dateModified\":\"2016-08-09T14:18:00+00:00\",\"breadcrumb\":{\"@id\":\"https:\/\/www.prijedordanas.com\/?p=57964#breadcrumb\"},\"inLanguage\":\"en-US\",\"potentialAction\":[{\"@type\":\"ReadAction\",\"target\":[\"https:\/\/www.prijedordanas.com\/?p=57964\"]}]},{\"@type\":\"BreadcrumbList\",\"@id\":\"https:\/\/www.prijedordanas.com\/?p=57964#breadcrumb\",\"itemListElement\":[{\"@type\":\"ListItem\",\"position\":1,\"name\":\"Home\",\"item\":\"https:\/\/www.prijedordanas.com\/\"},{\"@type\":\"ListItem\",\"position\":2,\"name\":\"IN MEMORIAM: MILAN KESI\u0106\"}]},{\"@type\":\"WebSite\",\"@id\":\"https:\/\/www.prijedordanas.com\/#website\",\"url\":\"https:\/\/www.prijedordanas.com\/\",\"name\":\"PrijedorDanas.com - Prijedorski gradski portal\",\"description\":\"Portal o doga\u0111anjima u gradu Prijedoru\",\"publisher\":{\"@id\":\"https:\/\/www.prijedordanas.com\/#organization\"},\"potentialAction\":[{\"@type\":\"SearchAction\",\"target\":{\"@type\":\"EntryPoint\",\"urlTemplate\":\"https:\/\/www.prijedordanas.com\/?s={search_term_string}\"},\"query-input\":\"required name=search_term_string\"}],\"inLanguage\":\"en-US\"},{\"@type\":\"Organization\",\"@id\":\"https:\/\/www.prijedordanas.com\/#organization\",\"name\":\"PrijedorDanas.com\",\"url\":\"https:\/\/www.prijedordanas.com\/\",\"logo\":{\"@type\":\"ImageObject\",\"inLanguage\":\"en-US\",\"@id\":\"https:\/\/www.prijedordanas.com\/#\/schema\/logo\/image\/\",\"url\":\"http:\/\/www.prijedordanas.com\/wp-content\/uploads\/2021\/12\/logopng.png\",\"contentUrl\":\"http:\/\/www.prijedordanas.com\/wp-content\/uploads\/2021\/12\/logopng.png\",\"width\":1019,\"height\":776,\"caption\":\"PrijedorDanas.com\"},\"image\":{\"@id\":\"https:\/\/www.prijedordanas.com\/#\/schema\/logo\/image\/\"},\"sameAs\":[\"https:\/\/www.facebook.com\/PrijedorDanasCom\/\"]},{\"@type\":\"Person\",\"@id\":\"https:\/\/www.prijedordanas.com\/#\/schema\/person\/4e08ccf29b506ca916ff86d46bb700e6\",\"name\":\"admin\",\"image\":{\"@type\":\"ImageObject\",\"inLanguage\":\"en-US\",\"@id\":\"https:\/\/www.prijedordanas.com\/#\/schema\/person\/image\/\",\"url\":\"https:\/\/secure.gravatar.com\/avatar\/1d3fc949d550f0b53a5f0d51e06dfd79?s=96&d=mm&r=g\",\"contentUrl\":\"https:\/\/secure.gravatar.com\/avatar\/1d3fc949d550f0b53a5f0d51e06dfd79?s=96&d=mm&r=g\",\"caption\":\"admin\"},\"url\":\"https:\/\/www.prijedordanas.com\/?author=1\"}]}<\/script>\n<!-- \/ Yoast SEO plugin. -->","yoast_head_json":{"title":"IN MEMORIAM: MILAN KESI\u0106 - PrijedorDanas.com - Prijedorski gradski portal","robots":{"index":"index","follow":"follow","max-snippet":"max-snippet:-1","max-image-preview":"max-image-preview:large","max-video-preview":"max-video-preview:-1"},"canonical":"https:\/\/www.prijedordanas.com\/?p=57964","og_locale":"en_US","og_type":"article","og_title":"IN MEMORIAM: MILAN KESI\u0106 - PrijedorDanas.com - Prijedorski gradski portal","og_description":"Brojni Prijedor\u010dani, uz du\u017enu po\u0161tu, oprostili su se od Milana Kesi\u0107a izuetnog fudbalera, vrsnog radnog kolege, prijatelja, brata, oca i djeda a prije svega \u010dovjeka. Kesi\u0107 je volio fudbal i [&hellip;]","og_url":"https:\/\/www.prijedordanas.com\/?p=57964","og_site_name":"PrijedorDanas.com - Prijedorski gradski portal","article_publisher":"https:\/\/www.facebook.com\/PrijedorDanasCom\/","article_published_time":"2016-08-09T14:18:00+00:00","og_image":[{"url":"https:\/\/www.prijedordanas.com\/wp-content\/uploads\/2016\/08\/rtvpd-milan-kesic-242x300.jpg"}],"author":"admin","twitter_card":"summary_large_image","twitter_misc":{"Written by":"admin","Est. reading time":"1 minute"},"schema":{"@context":"https:\/\/schema.org","@graph":[{"@type":"Article","@id":"https:\/\/www.prijedordanas.com\/?p=57964#article","isPartOf":{"@id":"https:\/\/www.prijedordanas.com\/?p=57964"},"author":{"name":"admin","@id":"https:\/\/www.prijedordanas.com\/#\/schema\/person\/4e08ccf29b506ca916ff86d46bb700e6"},"headline":"IN MEMORIAM: MILAN KESI\u0106","datePublished":"2016-08-09T14:18:00+00:00","dateModified":"2016-08-09T14:18:00+00:00","mainEntityOfPage":{"@id":"https:\/\/www.prijedordanas.com\/?p=57964"},"wordCount":240,"publisher":{"@id":"https:\/\/www.prijedordanas.com\/#organization"},"keywords":["Milan Kesi\u0107"],"articleSection":["\u017divot"],"inLanguage":"en-US"},{"@type":"WebPage","@id":"https:\/\/www.prijedordanas.com\/?p=57964","url":"https:\/\/www.prijedordanas.com\/?p=57964","name":"IN MEMORIAM: MILAN KESI\u0106 - PrijedorDanas.com - Prijedorski gradski portal","isPartOf":{"@id":"https:\/\/www.prijedordanas.com\/#website"},"datePublished":"2016-08-09T14:18:00+00:00","dateModified":"2016-08-09T14:18:00+00:00","breadcrumb":{"@id":"https:\/\/www.prijedordanas.com\/?p=57964#breadcrumb"},"inLanguage":"en-US","potentialAction":[{"@type":"ReadAction","target":["https:\/\/www.prijedordanas.com\/?p=57964"]}]},{"@type":"BreadcrumbList","@id":"https:\/\/www.prijedordanas.com\/?p=57964#breadcrumb","itemListElement":[{"@type":"ListItem","position":1,"name":"Home","item":"https:\/\/www.prijedordanas.com\/"},{"@type":"ListItem","position":2,"name":"IN MEMORIAM: MILAN KESI\u0106"}]},{"@type":"WebSite","@id":"https:\/\/www.prijedordanas.com\/#website","url":"https:\/\/www.prijedordanas.com\/","name":"PrijedorDanas.com - Prijedorski gradski portal","description":"Portal o doga\u0111anjima u gradu Prijedoru","publisher":{"@id":"https:\/\/www.prijedordanas.com\/#organization"},"potentialAction":[{"@type":"SearchAction","target":{"@type":"EntryPoint","urlTemplate":"https:\/\/www.prijedordanas.com\/?s={search_term_string}"},"query-input":"required name=search_term_string"}],"inLanguage":"en-US"},{"@type":"Organization","@id":"https:\/\/www.prijedordanas.com\/#organization","name":"PrijedorDanas.com","url":"https:\/\/www.prijedordanas.com\/","logo":{"@type":"ImageObject","inLanguage":"en-US","@id":"https:\/\/www.prijedordanas.com\/#\/schema\/logo\/image\/","url":"http:\/\/www.prijedordanas.com\/wp-content\/uploads\/2021\/12\/logopng.png","contentUrl":"http:\/\/www.prijedordanas.com\/wp-content\/uploads\/2021\/12\/logopng.png","width":1019,"height":776,"caption":"PrijedorDanas.com"},"image":{"@id":"https:\/\/www.prijedordanas.com\/#\/schema\/logo\/image\/"},"sameAs":["https:\/\/www.facebook.com\/PrijedorDanasCom\/"]},{"@type":"Person","@id":"https:\/\/www.prijedordanas.com\/#\/schema\/person\/4e08ccf29b506ca916ff86d46bb700e6","name":"admin","image":{"@type":"ImageObject","inLanguage":"en-US","@id":"https:\/\/www.prijedordanas.com\/#\/schema\/person\/image\/","url":"https:\/\/secure.gravatar.com\/avatar\/1d3fc949d550f0b53a5f0d51e06dfd79?s=96&d=mm&r=g","contentUrl":"https:\/\/secure.gravatar.com\/avatar\/1d3fc949d550f0b53a5f0d51e06dfd79?s=96&d=mm&r=g","caption":"admin"},"url":"https:\/\/www.prijedordanas.com\/?author=1"}]}},"_links":{"self":[{"href":"https:\/\/www.prijedordanas.com\/index.php?rest_route=\/wp\/v2\/posts\/57964"}],"collection":[{"href":"https:\/\/www.prijedordanas.com\/index.php?rest_route=\/wp\/v2\/posts"}],"about":[{"href":"https:\/\/www.prijedordanas.com\/index.php?rest_route=\/wp\/v2\/types\/post"}],"author":[{"embeddable":true,"href":"https:\/\/www.prijedordanas.com\/index.php?rest_route=\/wp\/v2\/users\/1"}],"replies":[{"embeddable":true,"href":"https:\/\/www.prijedordanas.com\/index.php?rest_route=%2Fwp%2Fv2%2Fcomments&post=57964"}],"version-history":[{"count":1,"href":"https:\/\/www.prijedordanas.com\/index.php?rest_route=\/wp\/v2\/posts\/57964\/revisions"}],"predecessor-version":[{"id":57966,"href":"https:\/\/www.prijedordanas.com\/index.php?rest_route=\/wp\/v2\/posts\/57964\/revisions\/57966"}],"wp:attachment":[{"href":"https:\/\/www.prijedordanas.com\/index.php?rest_route=%2Fwp%2Fv2%2Fmedia&parent=57964"}],"wp:term":[{"taxonomy":"category","embeddable":true,"href":"https:\/\/www.prijedordanas.com\/index.php?rest_route=%2Fwp%2Fv2%2Fcategories&post=57964"},{"taxonomy":"post_tag","embeddable":true,"href":"https:\/\/www.prijedordanas.com\/index.php?rest_route=%2Fwp%2Fv2%2Ftags&post=57964"}],"curies":[{"name":"wp","href":"https:\/\/api.w.org\/{rel}","templated":true}]}}