{"id":5769,"date":"2014-07-24T15:44:38","date_gmt":"2014-07-24T14:44:38","guid":{"rendered":"https:\/\/www.prijedordanas.com\/?p=5769"},"modified":"2014-07-24T15:44:38","modified_gmt":"2014-07-24T14:44:38","slug":"obiljezena-22-godisnjica-keraterma","status":"publish","type":"post","link":"https:\/\/www.prijedordanas.com\/?p=5769","title":{"rendered":"OBILJE\u017dENA 22. GODI\u0160NJICA KERATERMA"},"content":{"rendered":"<p><a href=\"https:\/\/www.prijedordanas.com\/wp-content\/uploads\/2014\/07\/godisnjica-keraterm-1.jpg\"><img loading=\"lazy\" decoding=\"async\" src=\"https:\/\/www.prijedordanas.com\/wp-content\/uploads\/2014\/07\/godisnjica-keraterm-1-300x200.jpg\" alt=\"godisnjica keraterm (1)\" width=\"300\" height=\"200\" class=\"alignleft size-medium wp-image-5770\" srcset=\"https:\/\/www.prijedordanas.com\/wp-content\/uploads\/2014\/07\/godisnjica-keraterm-1-300x200.jpg 300w, https:\/\/www.prijedordanas.com\/wp-content\/uploads\/2014\/07\/godisnjica-keraterm-1.jpg 600w\" sizes=\"(max-width: 300px) 100vw, 300px\" \/><\/a>U Prijedoru je danas obilje\u017eeno 22 godine od stradanja nesrpskog stanovni\u0161tva u ovda\u0161njem logoru Keraterm.<\/p>\n<p>Predsjednik Udru\u017eenja logora\u0161a &#8220;Prijedor `92&#8221; Mirsad Duratovi\u0107 rekao je da je do sada kroz 35 pravosna\u017enih sudskih presuda 36 ljudi iz Prijedora osu\u0111eno za ratni zlo\u010din, a da mnogi procesi jo\u0161 traju. <\/p>\n<p>Obilje\u017eavanju su, osim biv\u0161ih logora\u0161a i porodica stradalih i pre\u017eivjelih, prisustvovali predstavnici Oru\u017eanih snaga BiH, potpredsjednici Republike Srpske i FBiH Enes Suljkanovi\u0107 i Svetozar Pudari\u0107, predsjednik Skup\u0161tine grada Prijedor Sead Jakupovi\u0107 i predstavnici vi\u0161e politi\u010dkih partija. <\/p>\n<p>Skup su organizovali Udru\u017eenje logora\u0161a &#8220;Prijedor &#8217;92&#8221; i Savez logora\u0161a u BiH, a prijedorska policija obezbje\u0111ivala je skup i regulisala saobra\u0107aj. <\/p>\n<p>SRNA<br \/>\n<a href=\"https:\/\/www.prijedordanas.com\/wp-content\/uploads\/2014\/07\/godisnjica-keraterm-2.jpg\"><img loading=\"lazy\" decoding=\"async\" src=\"https:\/\/www.prijedordanas.com\/wp-content\/uploads\/2014\/07\/godisnjica-keraterm-2-300x200.jpg\" alt=\"godisnjica keraterm (2)\" width=\"300\" height=\"200\" class=\"alignleft size-medium wp-image-5771\" srcset=\"https:\/\/www.prijedordanas.com\/wp-content\/uploads\/2014\/07\/godisnjica-keraterm-2-300x200.jpg 300w, https:\/\/www.prijedordanas.com\/wp-content\/uploads\/2014\/07\/godisnjica-keraterm-2.jpg 600w\" sizes=\"(max-width: 300px) 100vw, 300px\" \/><\/a><\/p>\n","protected":false},"excerpt":{"rendered":"<p>U Prijedoru je danas obilje\u017eeno 22 godine od stradanja nesrpskog stanovni\u0161tva u ovda\u0161njem logoru Keraterm. Predsjednik Udru\u017eenja logora\u0161a &#8220;Prijedor `92&#8221; Mirsad Duratovi\u0107 rekao je da je do sada kroz 35 [&hellip;]<\/p>\n","protected":false},"author":1,"featured_media":0,"comment_status":"closed","ping_status":"open","sticky":false,"template":"","format":"standard","meta":{"_monsterinsights_skip_tracking":false,"_monsterinsights_sitenote_active":false,"_monsterinsights_sitenote_note":"","_monsterinsights_sitenote_category":0,"footnotes":""},"categories":[8],"tags":[1915],"yoast_head":"<!-- This site is optimized with the Yoast SEO plugin v21.6 - https:\/\/yoast.com\/wordpress\/plugins\/seo\/ -->\n<title>OBILJE\u017dENA 22. GODI\u0160NJICA KERATERMA - PrijedorDanas.com - Prijedorski gradski portal<\/title>\n<meta name=\"robots\" content=\"index, follow, max-snippet:-1, max-image-preview:large, max-video-preview:-1\" \/>\n<link rel=\"canonical\" href=\"https:\/\/www.prijedordanas.com\/?p=5769\" \/>\n<meta property=\"og:locale\" content=\"en_US\" \/>\n<meta property=\"og:type\" content=\"article\" \/>\n<meta property=\"og:title\" content=\"OBILJE\u017dENA 22. GODI\u0160NJICA KERATERMA - PrijedorDanas.com - Prijedorski gradski portal\" \/>\n<meta property=\"og:description\" content=\"U Prijedoru je danas obilje\u017eeno 22 godine od stradanja nesrpskog stanovni\u0161tva u ovda\u0161njem logoru Keraterm. Predsjednik Udru\u017eenja logora\u0161a &#8220;Prijedor `92&#8221; Mirsad Duratovi\u0107 rekao je da je do sada kroz 35 [&hellip;]\" \/>\n<meta property=\"og:url\" content=\"https:\/\/www.prijedordanas.com\/?p=5769\" \/>\n<meta property=\"og:site_name\" content=\"PrijedorDanas.com - Prijedorski gradski portal\" \/>\n<meta property=\"article:publisher\" content=\"https:\/\/www.facebook.com\/PrijedorDanasCom\/\" \/>\n<meta property=\"article:published_time\" content=\"2014-07-24T14:44:38+00:00\" \/>\n<meta property=\"og:image\" content=\"https:\/\/www.prijedordanas.com\/wp-content\/uploads\/2014\/07\/godisnjica-keraterm-1-300x200.jpg\" \/>\n<meta name=\"author\" content=\"admin\" \/>\n<meta name=\"twitter:card\" content=\"summary_large_image\" \/>\n<meta name=\"twitter:label1\" content=\"Written by\" \/>\n\t<meta name=\"twitter:data1\" content=\"admin\" \/>\n\t<meta name=\"twitter:label2\" content=\"Est. reading time\" \/>\n\t<meta name=\"twitter:data2\" content=\"1 minute\" \/>\n<script type=\"application\/ld+json\" class=\"yoast-schema-graph\">{\"@context\":\"https:\/\/schema.org\",\"@graph\":[{\"@type\":\"Article\",\"@id\":\"https:\/\/www.prijedordanas.com\/?p=5769#article\",\"isPartOf\":{\"@id\":\"https:\/\/www.prijedordanas.com\/?p=5769\"},\"author\":{\"name\":\"admin\",\"@id\":\"https:\/\/www.prijedordanas.com\/#\/schema\/person\/4e08ccf29b506ca916ff86d46bb700e6\"},\"headline\":\"OBILJE\u017dENA 22. GODI\u0160NJICA KERATERMA\",\"datePublished\":\"2014-07-24T14:44:38+00:00\",\"dateModified\":\"2014-07-24T14:44:38+00:00\",\"mainEntityOfPage\":{\"@id\":\"https:\/\/www.prijedordanas.com\/?p=5769\"},\"wordCount\":127,\"publisher\":{\"@id\":\"https:\/\/www.prijedordanas.com\/#organization\"},\"keywords\":[\"Keraterm\"],\"articleSection\":[\"Svakodnevno\"],\"inLanguage\":\"en-US\"},{\"@type\":\"WebPage\",\"@id\":\"https:\/\/www.prijedordanas.com\/?p=5769\",\"url\":\"https:\/\/www.prijedordanas.com\/?p=5769\",\"name\":\"OBILJE\u017dENA 22. GODI\u0160NJICA KERATERMA - PrijedorDanas.com - Prijedorski gradski portal\",\"isPartOf\":{\"@id\":\"https:\/\/www.prijedordanas.com\/#website\"},\"datePublished\":\"2014-07-24T14:44:38+00:00\",\"dateModified\":\"2014-07-24T14:44:38+00:00\",\"breadcrumb\":{\"@id\":\"https:\/\/www.prijedordanas.com\/?p=5769#breadcrumb\"},\"inLanguage\":\"en-US\",\"potentialAction\":[{\"@type\":\"ReadAction\",\"target\":[\"https:\/\/www.prijedordanas.com\/?p=5769\"]}]},{\"@type\":\"BreadcrumbList\",\"@id\":\"https:\/\/www.prijedordanas.com\/?p=5769#breadcrumb\",\"itemListElement\":[{\"@type\":\"ListItem\",\"position\":1,\"name\":\"Home\",\"item\":\"https:\/\/www.prijedordanas.com\/\"},{\"@type\":\"ListItem\",\"position\":2,\"name\":\"OBILJE\u017dENA 22. GODI\u0160NJICA KERATERMA\"}]},{\"@type\":\"WebSite\",\"@id\":\"https:\/\/www.prijedordanas.com\/#website\",\"url\":\"https:\/\/www.prijedordanas.com\/\",\"name\":\"PrijedorDanas.com - Prijedorski gradski portal\",\"description\":\"Portal o doga\u0111anjima u gradu Prijedoru\",\"publisher\":{\"@id\":\"https:\/\/www.prijedordanas.com\/#organization\"},\"potentialAction\":[{\"@type\":\"SearchAction\",\"target\":{\"@type\":\"EntryPoint\",\"urlTemplate\":\"https:\/\/www.prijedordanas.com\/?s={search_term_string}\"},\"query-input\":\"required name=search_term_string\"}],\"inLanguage\":\"en-US\"},{\"@type\":\"Organization\",\"@id\":\"https:\/\/www.prijedordanas.com\/#organization\",\"name\":\"PrijedorDanas.com\",\"url\":\"https:\/\/www.prijedordanas.com\/\",\"logo\":{\"@type\":\"ImageObject\",\"inLanguage\":\"en-US\",\"@id\":\"https:\/\/www.prijedordanas.com\/#\/schema\/logo\/image\/\",\"url\":\"http:\/\/www.prijedordanas.com\/wp-content\/uploads\/2021\/12\/logopng.png\",\"contentUrl\":\"http:\/\/www.prijedordanas.com\/wp-content\/uploads\/2021\/12\/logopng.png\",\"width\":1019,\"height\":776,\"caption\":\"PrijedorDanas.com\"},\"image\":{\"@id\":\"https:\/\/www.prijedordanas.com\/#\/schema\/logo\/image\/\"},\"sameAs\":[\"https:\/\/www.facebook.com\/PrijedorDanasCom\/\"]},{\"@type\":\"Person\",\"@id\":\"https:\/\/www.prijedordanas.com\/#\/schema\/person\/4e08ccf29b506ca916ff86d46bb700e6\",\"name\":\"admin\",\"image\":{\"@type\":\"ImageObject\",\"inLanguage\":\"en-US\",\"@id\":\"https:\/\/www.prijedordanas.com\/#\/schema\/person\/image\/\",\"url\":\"https:\/\/secure.gravatar.com\/avatar\/1d3fc949d550f0b53a5f0d51e06dfd79?s=96&d=mm&r=g\",\"contentUrl\":\"https:\/\/secure.gravatar.com\/avatar\/1d3fc949d550f0b53a5f0d51e06dfd79?s=96&d=mm&r=g\",\"caption\":\"admin\"},\"url\":\"https:\/\/www.prijedordanas.com\/?author=1\"}]}<\/script>\n<!-- \/ Yoast SEO plugin. -->","yoast_head_json":{"title":"OBILJE\u017dENA 22. GODI\u0160NJICA KERATERMA - PrijedorDanas.com - Prijedorski gradski portal","robots":{"index":"index","follow":"follow","max-snippet":"max-snippet:-1","max-image-preview":"max-image-preview:large","max-video-preview":"max-video-preview:-1"},"canonical":"https:\/\/www.prijedordanas.com\/?p=5769","og_locale":"en_US","og_type":"article","og_title":"OBILJE\u017dENA 22. GODI\u0160NJICA KERATERMA - PrijedorDanas.com - Prijedorski gradski portal","og_description":"U Prijedoru je danas obilje\u017eeno 22 godine od stradanja nesrpskog stanovni\u0161tva u ovda\u0161njem logoru Keraterm. Predsjednik Udru\u017eenja logora\u0161a &#8220;Prijedor `92&#8221; Mirsad Duratovi\u0107 rekao je da je do sada kroz 35 [&hellip;]","og_url":"https:\/\/www.prijedordanas.com\/?p=5769","og_site_name":"PrijedorDanas.com - Prijedorski gradski portal","article_publisher":"https:\/\/www.facebook.com\/PrijedorDanasCom\/","article_published_time":"2014-07-24T14:44:38+00:00","og_image":[{"url":"https:\/\/www.prijedordanas.com\/wp-content\/uploads\/2014\/07\/godisnjica-keraterm-1-300x200.jpg"}],"author":"admin","twitter_card":"summary_large_image","twitter_misc":{"Written by":"admin","Est. reading time":"1 minute"},"schema":{"@context":"https:\/\/schema.org","@graph":[{"@type":"Article","@id":"https:\/\/www.prijedordanas.com\/?p=5769#article","isPartOf":{"@id":"https:\/\/www.prijedordanas.com\/?p=5769"},"author":{"name":"admin","@id":"https:\/\/www.prijedordanas.com\/#\/schema\/person\/4e08ccf29b506ca916ff86d46bb700e6"},"headline":"OBILJE\u017dENA 22. GODI\u0160NJICA KERATERMA","datePublished":"2014-07-24T14:44:38+00:00","dateModified":"2014-07-24T14:44:38+00:00","mainEntityOfPage":{"@id":"https:\/\/www.prijedordanas.com\/?p=5769"},"wordCount":127,"publisher":{"@id":"https:\/\/www.prijedordanas.com\/#organization"},"keywords":["Keraterm"],"articleSection":["Svakodnevno"],"inLanguage":"en-US"},{"@type":"WebPage","@id":"https:\/\/www.prijedordanas.com\/?p=5769","url":"https:\/\/www.prijedordanas.com\/?p=5769","name":"OBILJE\u017dENA 22. GODI\u0160NJICA KERATERMA - PrijedorDanas.com - Prijedorski gradski portal","isPartOf":{"@id":"https:\/\/www.prijedordanas.com\/#website"},"datePublished":"2014-07-24T14:44:38+00:00","dateModified":"2014-07-24T14:44:38+00:00","breadcrumb":{"@id":"https:\/\/www.prijedordanas.com\/?p=5769#breadcrumb"},"inLanguage":"en-US","potentialAction":[{"@type":"ReadAction","target":["https:\/\/www.prijedordanas.com\/?p=5769"]}]},{"@type":"BreadcrumbList","@id":"https:\/\/www.prijedordanas.com\/?p=5769#breadcrumb","itemListElement":[{"@type":"ListItem","position":1,"name":"Home","item":"https:\/\/www.prijedordanas.com\/"},{"@type":"ListItem","position":2,"name":"OBILJE\u017dENA 22. GODI\u0160NJICA KERATERMA"}]},{"@type":"WebSite","@id":"https:\/\/www.prijedordanas.com\/#website","url":"https:\/\/www.prijedordanas.com\/","name":"PrijedorDanas.com - Prijedorski gradski portal","description":"Portal o doga\u0111anjima u gradu Prijedoru","publisher":{"@id":"https:\/\/www.prijedordanas.com\/#organization"},"potentialAction":[{"@type":"SearchAction","target":{"@type":"EntryPoint","urlTemplate":"https:\/\/www.prijedordanas.com\/?s={search_term_string}"},"query-input":"required name=search_term_string"}],"inLanguage":"en-US"},{"@type":"Organization","@id":"https:\/\/www.prijedordanas.com\/#organization","name":"PrijedorDanas.com","url":"https:\/\/www.prijedordanas.com\/","logo":{"@type":"ImageObject","inLanguage":"en-US","@id":"https:\/\/www.prijedordanas.com\/#\/schema\/logo\/image\/","url":"http:\/\/www.prijedordanas.com\/wp-content\/uploads\/2021\/12\/logopng.png","contentUrl":"http:\/\/www.prijedordanas.com\/wp-content\/uploads\/2021\/12\/logopng.png","width":1019,"height":776,"caption":"PrijedorDanas.com"},"image":{"@id":"https:\/\/www.prijedordanas.com\/#\/schema\/logo\/image\/"},"sameAs":["https:\/\/www.facebook.com\/PrijedorDanasCom\/"]},{"@type":"Person","@id":"https:\/\/www.prijedordanas.com\/#\/schema\/person\/4e08ccf29b506ca916ff86d46bb700e6","name":"admin","image":{"@type":"ImageObject","inLanguage":"en-US","@id":"https:\/\/www.prijedordanas.com\/#\/schema\/person\/image\/","url":"https:\/\/secure.gravatar.com\/avatar\/1d3fc949d550f0b53a5f0d51e06dfd79?s=96&d=mm&r=g","contentUrl":"https:\/\/secure.gravatar.com\/avatar\/1d3fc949d550f0b53a5f0d51e06dfd79?s=96&d=mm&r=g","caption":"admin"},"url":"https:\/\/www.prijedordanas.com\/?author=1"}]}},"_links":{"self":[{"href":"https:\/\/www.prijedordanas.com\/index.php?rest_route=\/wp\/v2\/posts\/5769"}],"collection":[{"href":"https:\/\/www.prijedordanas.com\/index.php?rest_route=\/wp\/v2\/posts"}],"about":[{"href":"https:\/\/www.prijedordanas.com\/index.php?rest_route=\/wp\/v2\/types\/post"}],"author":[{"embeddable":true,"href":"https:\/\/www.prijedordanas.com\/index.php?rest_route=\/wp\/v2\/users\/1"}],"replies":[{"embeddable":true,"href":"https:\/\/www.prijedordanas.com\/index.php?rest_route=%2Fwp%2Fv2%2Fcomments&post=5769"}],"version-history":[{"count":1,"href":"https:\/\/www.prijedordanas.com\/index.php?rest_route=\/wp\/v2\/posts\/5769\/revisions"}],"predecessor-version":[{"id":5772,"href":"https:\/\/www.prijedordanas.com\/index.php?rest_route=\/wp\/v2\/posts\/5769\/revisions\/5772"}],"wp:attachment":[{"href":"https:\/\/www.prijedordanas.com\/index.php?rest_route=%2Fwp%2Fv2%2Fmedia&parent=5769"}],"wp:term":[{"taxonomy":"category","embeddable":true,"href":"https:\/\/www.prijedordanas.com\/index.php?rest_route=%2Fwp%2Fv2%2Fcategories&post=5769"},{"taxonomy":"post_tag","embeddable":true,"href":"https:\/\/www.prijedordanas.com\/index.php?rest_route=%2Fwp%2Fv2%2Ftags&post=5769"}],"curies":[{"name":"wp","href":"https:\/\/api.w.org\/{rel}","templated":true}]}}