{"id":57658,"date":"2016-08-05T23:35:56","date_gmt":"2016-08-05T21:35:56","guid":{"rendered":"https:\/\/www.prijedordanas.com\/?p=57658"},"modified":"2016-08-06T00:04:37","modified_gmt":"2016-08-05T22:04:37","slug":"prijedor-bez-struje-vise-naselja-poplave-na-putu-prijedor-banjaluka-foto-video","status":"publish","type":"post","link":"https:\/\/www.prijedordanas.com\/?p=57658","title":{"rendered":"PRIJEDOR: BEZ STRUJE VI\u0160E NASELJA, POPLAVE NA PUTU PRIJEDOR-BANJALUKA \u2013 FOTO \u2013 VIDEO"},"content":{"rendered":"<p><a href=\"https:\/\/www.prijedordanas.com\/wp-content\/uploads\/2016\/08\/nevrijeme-poplava-kamicani-1.jpg\"><img loading=\"lazy\" decoding=\"async\" class=\"alignleft size-medium wp-image-57659\" src=\"https:\/\/www.prijedordanas.com\/wp-content\/uploads\/2016\/08\/nevrijeme-poplava-kamicani-1-300x211.jpg\" alt=\"nevrijeme-poplava-kamicani (1)\" width=\"300\" height=\"211\" srcset=\"https:\/\/www.prijedordanas.com\/wp-content\/uploads\/2016\/08\/nevrijeme-poplava-kamicani-1-300x211.jpg 300w, https:\/\/www.prijedordanas.com\/wp-content\/uploads\/2016\/08\/nevrijeme-poplava-kamicani-1-100x70.jpg 100w, https:\/\/www.prijedordanas.com\/wp-content\/uploads\/2016\/08\/nevrijeme-poplava-kamicani-1.jpg 700w\" sizes=\"(max-width: 300px) 100vw, 300px\" \/><\/a>Nevrijeme koje je u ve\u010dernjom \u010dasovima pogodilo dio podru\u010dja grada Prijedora donijelo je velike nevolje stanovnicima pojedinih naselja.<\/p>\n<p>Osim nestanka struje na podru\u010dju Omarske, Kozarca, Kami\u010dana i jo\u0161 nekih naselja, buji\u010dne vode lokalnih potoka napravile su probleme u saobra\u0107aju.<\/p>\n<p>Tako je oko sat vremena gotovo u prekidu bio saobra\u0107aj na magistralnom putu Prijedor-Banja Luka na podru\u010dju Kami\u010dana, Gornjih i Srednjih Jakupovi\u0107a i u blizini raskrsnice kod motela \u201ePeti Neplan\u201c.<\/p>\n<p>Stvorila se velika kolona putni\u010dkih automobila a mogli su pro\u0107i samo kamioni.<\/p>\n<p>Kako smo saznali, prijedorski vatrogasci se nalaze na terenu u Gornjoj Lamovitoj gdje gase po\u017ear.<\/p>\n<p>Interesantno je da u samom gradu Prijedoru nije bilo ki\u0161e iako je \u201esijevalo i grmilo\u201c pala je tek poneka kap.<\/p>\n<p>Tekst i foto \u2013 Nemanja Tubi\u0107\/Nijaz Huremovi\u0107\/Aleksandar Drakuli\u0107 \u2013 <a href=\"www.prijedordanas.com\" target=\"_blank\">www.prijedordanas.com<\/a><\/p>\n<p><iframe loading=\"lazy\" width=\"500\" height=\"281\" src=\"https:\/\/www.youtube.com\/embed\/-0-JrWmHksc?feature=oembed\" frameborder=\"0\" allowfullscreen><\/iframe><\/p>\n<p><a href=\"https:\/\/www.prijedordanas.com\/wp-content\/uploads\/2016\/08\/nevrijeme-poplava-kamicani-4.jpg\"><img loading=\"lazy\" decoding=\"async\" class=\"alignleft size-medium wp-image-57661\" src=\"https:\/\/www.prijedordanas.com\/wp-content\/uploads\/2016\/08\/nevrijeme-poplava-kamicani-4-300x211.jpg\" alt=\"nevrijeme-poplava-kamicani (4)\" width=\"300\" height=\"211\" srcset=\"https:\/\/www.prijedordanas.com\/wp-content\/uploads\/2016\/08\/nevrijeme-poplava-kamicani-4-300x211.jpg 300w, https:\/\/www.prijedordanas.com\/wp-content\/uploads\/2016\/08\/nevrijeme-poplava-kamicani-4-100x70.jpg 100w, https:\/\/www.prijedordanas.com\/wp-content\/uploads\/2016\/08\/nevrijeme-poplava-kamicani-4.jpg 700w\" sizes=\"(max-width: 300px) 100vw, 300px\" \/><\/a> <a href=\"https:\/\/www.prijedordanas.com\/wp-content\/uploads\/2016\/08\/nevrijeme-poplava-kamicani-3.jpg\"><img loading=\"lazy\" decoding=\"async\" class=\"alignleft size-medium wp-image-57662\" src=\"https:\/\/www.prijedordanas.com\/wp-content\/uploads\/2016\/08\/nevrijeme-poplava-kamicani-3-300x211.jpg\" alt=\"nevrijeme-poplava-kamicani (3)\" width=\"300\" height=\"211\" srcset=\"https:\/\/www.prijedordanas.com\/wp-content\/uploads\/2016\/08\/nevrijeme-poplava-kamicani-3-300x211.jpg 300w, https:\/\/www.prijedordanas.com\/wp-content\/uploads\/2016\/08\/nevrijeme-poplava-kamicani-3-100x70.jpg 100w, https:\/\/www.prijedordanas.com\/wp-content\/uploads\/2016\/08\/nevrijeme-poplava-kamicani-3.jpg 700w\" sizes=\"(max-width: 300px) 100vw, 300px\" \/><\/a> <a href=\"https:\/\/www.prijedordanas.com\/wp-content\/uploads\/2016\/08\/nevrijeme-poplava-kamicani-2.jpg\"><img loading=\"lazy\" decoding=\"async\" class=\"alignleft size-medium wp-image-57663\" src=\"https:\/\/www.prijedordanas.com\/wp-content\/uploads\/2016\/08\/nevrijeme-poplava-kamicani-2-300x211.jpg\" alt=\"nevrijeme-poplava-kamicani (2)\" width=\"300\" height=\"211\" srcset=\"https:\/\/www.prijedordanas.com\/wp-content\/uploads\/2016\/08\/nevrijeme-poplava-kamicani-2-300x211.jpg 300w, https:\/\/www.prijedordanas.com\/wp-content\/uploads\/2016\/08\/nevrijeme-poplava-kamicani-2-100x70.jpg 100w, https:\/\/www.prijedordanas.com\/wp-content\/uploads\/2016\/08\/nevrijeme-poplava-kamicani-2.jpg 700w\" sizes=\"(max-width: 300px) 100vw, 300px\" \/><\/a> <a href=\"https:\/\/www.prijedordanas.com\/wp-content\/uploads\/2016\/08\/poplava-na-putu-pd-bl.jpg\"><img loading=\"lazy\" decoding=\"async\" class=\"alignleft size-medium wp-image-57664\" src=\"https:\/\/www.prijedordanas.com\/wp-content\/uploads\/2016\/08\/poplava-na-putu-pd-bl-300x245.jpg\" alt=\"poplava na putu pd-bl\" width=\"300\" height=\"245\" srcset=\"https:\/\/www.prijedordanas.com\/wp-content\/uploads\/2016\/08\/poplava-na-putu-pd-bl-300x245.jpg 300w, https:\/\/www.prijedordanas.com\/wp-content\/uploads\/2016\/08\/poplava-na-putu-pd-bl-100x82.jpg 100w, https:\/\/www.prijedordanas.com\/wp-content\/uploads\/2016\/08\/poplava-na-putu-pd-bl.jpg 700w\" sizes=\"(max-width: 300px) 100vw, 300px\" \/><\/a> <a href=\"https:\/\/www.prijedordanas.com\/wp-content\/uploads\/2016\/08\/poplava-na-putu-blizu-omarske.jpg\"><img loading=\"lazy\" decoding=\"async\" class=\"alignleft size-medium wp-image-57665\" src=\"https:\/\/www.prijedordanas.com\/wp-content\/uploads\/2016\/08\/poplava-na-putu-blizu-omarske-300x169.jpg\" alt=\"poplava na putu blizu omarske\" width=\"300\" height=\"169\" srcset=\"https:\/\/www.prijedordanas.com\/wp-content\/uploads\/2016\/08\/poplava-na-putu-blizu-omarske-300x169.jpg 300w, https:\/\/www.prijedordanas.com\/wp-content\/uploads\/2016\/08\/poplava-na-putu-blizu-omarske-768x432.jpg 768w, https:\/\/www.prijedordanas.com\/wp-content\/uploads\/2016\/08\/poplava-na-putu-blizu-omarske-100x56.jpg 100w, https:\/\/www.prijedordanas.com\/wp-content\/uploads\/2016\/08\/poplava-na-putu-blizu-omarske.jpg 800w\" sizes=\"(max-width: 300px) 100vw, 300px\" \/><\/a><\/p>\n","protected":false},"excerpt":{"rendered":"<p>Nevrijeme koje je u ve\u010dernjom \u010dasovima pogodilo dio podru\u010dja grada Prijedora donijelo je velike nevolje stanovnicima pojedinih naselja. Osim nestanka struje na podru\u010dju Omarske, Kozarca, Kami\u010dana i jo\u0161 nekih naselja, [&hellip;]<\/p>\n","protected":false},"author":1,"featured_media":0,"comment_status":"closed","ping_status":"open","sticky":false,"template":"","format":"standard","meta":{"_monsterinsights_skip_tracking":false,"_monsterinsights_sitenote_active":false,"_monsterinsights_sitenote_note":"","_monsterinsights_sitenote_category":0,"footnotes":""},"categories":[4],"tags":[1122,1846,1038,1287],"yoast_head":"<!-- This site is optimized with the Yoast SEO plugin v21.6 - https:\/\/yoast.com\/wordpress\/plugins\/seo\/ -->\n<title>PRIJEDOR: BEZ STRUJE VI\u0160E NASELJA, POPLAVE NA PUTU PRIJEDOR-BANJALUKA \u2013 FOTO \u2013 VIDEO - PrijedorDanas.com - Prijedorski gradski portal<\/title>\n<meta name=\"robots\" content=\"index, follow, max-snippet:-1, max-image-preview:large, max-video-preview:-1\" \/>\n<link rel=\"canonical\" href=\"https:\/\/www.prijedordanas.com\/?p=57658\" \/>\n<meta property=\"og:locale\" content=\"en_US\" \/>\n<meta property=\"og:type\" content=\"article\" \/>\n<meta property=\"og:title\" content=\"PRIJEDOR: BEZ STRUJE VI\u0160E NASELJA, POPLAVE NA PUTU PRIJEDOR-BANJALUKA \u2013 FOTO \u2013 VIDEO - PrijedorDanas.com - Prijedorski gradski portal\" \/>\n<meta property=\"og:description\" content=\"Nevrijeme koje je u ve\u010dernjom \u010dasovima pogodilo dio podru\u010dja grada Prijedora donijelo je velike nevolje stanovnicima pojedinih naselja. Osim nestanka struje na podru\u010dju Omarske, Kozarca, Kami\u010dana i jo\u0161 nekih naselja, [&hellip;]\" \/>\n<meta property=\"og:url\" content=\"https:\/\/www.prijedordanas.com\/?p=57658\" \/>\n<meta property=\"og:site_name\" content=\"PrijedorDanas.com - Prijedorski gradski portal\" \/>\n<meta property=\"article:publisher\" content=\"https:\/\/www.facebook.com\/PrijedorDanasCom\/\" \/>\n<meta property=\"article:published_time\" content=\"2016-08-05T21:35:56+00:00\" \/>\n<meta property=\"article:modified_time\" content=\"2016-08-05T22:04:37+00:00\" \/>\n<meta property=\"og:image\" content=\"https:\/\/www.prijedordanas.com\/wp-content\/uploads\/2016\/08\/nevrijeme-poplava-kamicani-1-300x211.jpg\" \/>\n<meta name=\"author\" content=\"admin\" \/>\n<meta name=\"twitter:card\" content=\"summary_large_image\" \/>\n<meta name=\"twitter:label1\" content=\"Written by\" \/>\n\t<meta name=\"twitter:data1\" content=\"admin\" \/>\n\t<meta name=\"twitter:label2\" content=\"Est. reading time\" \/>\n\t<meta name=\"twitter:data2\" content=\"1 minute\" \/>\n<script type=\"application\/ld+json\" class=\"yoast-schema-graph\">{\"@context\":\"https:\/\/schema.org\",\"@graph\":[{\"@type\":\"Article\",\"@id\":\"https:\/\/www.prijedordanas.com\/?p=57658#article\",\"isPartOf\":{\"@id\":\"https:\/\/www.prijedordanas.com\/?p=57658\"},\"author\":{\"name\":\"admin\",\"@id\":\"https:\/\/www.prijedordanas.com\/#\/schema\/person\/4e08ccf29b506ca916ff86d46bb700e6\"},\"headline\":\"PRIJEDOR: BEZ STRUJE VI\u0160E NASELJA, POPLAVE NA PUTU PRIJEDOR-BANJALUKA \u2013 FOTO \u2013 VIDEO\",\"datePublished\":\"2016-08-05T21:35:56+00:00\",\"dateModified\":\"2016-08-05T22:04:37+00:00\",\"mainEntityOfPage\":{\"@id\":\"https:\/\/www.prijedordanas.com\/?p=57658\"},\"wordCount\":159,\"publisher\":{\"@id\":\"https:\/\/www.prijedordanas.com\/#organization\"},\"keywords\":[\"ki\u0161a\",\"nevrijeme\",\"poplave\",\"struja\"],\"articleSection\":[\"Dru\u0161tvo\"],\"inLanguage\":\"en-US\"},{\"@type\":\"WebPage\",\"@id\":\"https:\/\/www.prijedordanas.com\/?p=57658\",\"url\":\"https:\/\/www.prijedordanas.com\/?p=57658\",\"name\":\"PRIJEDOR: BEZ STRUJE VI\u0160E NASELJA, POPLAVE NA PUTU PRIJEDOR-BANJALUKA \u2013 FOTO \u2013 VIDEO - PrijedorDanas.com - Prijedorski gradski portal\",\"isPartOf\":{\"@id\":\"https:\/\/www.prijedordanas.com\/#website\"},\"datePublished\":\"2016-08-05T21:35:56+00:00\",\"dateModified\":\"2016-08-05T22:04:37+00:00\",\"breadcrumb\":{\"@id\":\"https:\/\/www.prijedordanas.com\/?p=57658#breadcrumb\"},\"inLanguage\":\"en-US\",\"potentialAction\":[{\"@type\":\"ReadAction\",\"target\":[\"https:\/\/www.prijedordanas.com\/?p=57658\"]}]},{\"@type\":\"BreadcrumbList\",\"@id\":\"https:\/\/www.prijedordanas.com\/?p=57658#breadcrumb\",\"itemListElement\":[{\"@type\":\"ListItem\",\"position\":1,\"name\":\"Home\",\"item\":\"https:\/\/www.prijedordanas.com\/\"},{\"@type\":\"ListItem\",\"position\":2,\"name\":\"PRIJEDOR: BEZ STRUJE VI\u0160E NASELJA, POPLAVE NA PUTU PRIJEDOR-BANJALUKA \u2013 FOTO \u2013 VIDEO\"}]},{\"@type\":\"WebSite\",\"@id\":\"https:\/\/www.prijedordanas.com\/#website\",\"url\":\"https:\/\/www.prijedordanas.com\/\",\"name\":\"PrijedorDanas.com - Prijedorski gradski portal\",\"description\":\"Portal o doga\u0111anjima u gradu Prijedoru\",\"publisher\":{\"@id\":\"https:\/\/www.prijedordanas.com\/#organization\"},\"potentialAction\":[{\"@type\":\"SearchAction\",\"target\":{\"@type\":\"EntryPoint\",\"urlTemplate\":\"https:\/\/www.prijedordanas.com\/?s={search_term_string}\"},\"query-input\":\"required name=search_term_string\"}],\"inLanguage\":\"en-US\"},{\"@type\":\"Organization\",\"@id\":\"https:\/\/www.prijedordanas.com\/#organization\",\"name\":\"PrijedorDanas.com\",\"url\":\"https:\/\/www.prijedordanas.com\/\",\"logo\":{\"@type\":\"ImageObject\",\"inLanguage\":\"en-US\",\"@id\":\"https:\/\/www.prijedordanas.com\/#\/schema\/logo\/image\/\",\"url\":\"http:\/\/www.prijedordanas.com\/wp-content\/uploads\/2021\/12\/logopng.png\",\"contentUrl\":\"http:\/\/www.prijedordanas.com\/wp-content\/uploads\/2021\/12\/logopng.png\",\"width\":1019,\"height\":776,\"caption\":\"PrijedorDanas.com\"},\"image\":{\"@id\":\"https:\/\/www.prijedordanas.com\/#\/schema\/logo\/image\/\"},\"sameAs\":[\"https:\/\/www.facebook.com\/PrijedorDanasCom\/\"]},{\"@type\":\"Person\",\"@id\":\"https:\/\/www.prijedordanas.com\/#\/schema\/person\/4e08ccf29b506ca916ff86d46bb700e6\",\"name\":\"admin\",\"image\":{\"@type\":\"ImageObject\",\"inLanguage\":\"en-US\",\"@id\":\"https:\/\/www.prijedordanas.com\/#\/schema\/person\/image\/\",\"url\":\"https:\/\/secure.gravatar.com\/avatar\/1d3fc949d550f0b53a5f0d51e06dfd79?s=96&d=mm&r=g\",\"contentUrl\":\"https:\/\/secure.gravatar.com\/avatar\/1d3fc949d550f0b53a5f0d51e06dfd79?s=96&d=mm&r=g\",\"caption\":\"admin\"},\"url\":\"https:\/\/www.prijedordanas.com\/?author=1\"}]}<\/script>\n<!-- \/ Yoast SEO plugin. -->","yoast_head_json":{"title":"PRIJEDOR: BEZ STRUJE VI\u0160E NASELJA, POPLAVE NA PUTU PRIJEDOR-BANJALUKA \u2013 FOTO \u2013 VIDEO - PrijedorDanas.com - Prijedorski gradski portal","robots":{"index":"index","follow":"follow","max-snippet":"max-snippet:-1","max-image-preview":"max-image-preview:large","max-video-preview":"max-video-preview:-1"},"canonical":"https:\/\/www.prijedordanas.com\/?p=57658","og_locale":"en_US","og_type":"article","og_title":"PRIJEDOR: BEZ STRUJE VI\u0160E NASELJA, POPLAVE NA PUTU PRIJEDOR-BANJALUKA \u2013 FOTO \u2013 VIDEO - PrijedorDanas.com - Prijedorski gradski portal","og_description":"Nevrijeme koje je u ve\u010dernjom \u010dasovima pogodilo dio podru\u010dja grada Prijedora donijelo je velike nevolje stanovnicima pojedinih naselja. Osim nestanka struje na podru\u010dju Omarske, Kozarca, Kami\u010dana i jo\u0161 nekih naselja, [&hellip;]","og_url":"https:\/\/www.prijedordanas.com\/?p=57658","og_site_name":"PrijedorDanas.com - Prijedorski gradski portal","article_publisher":"https:\/\/www.facebook.com\/PrijedorDanasCom\/","article_published_time":"2016-08-05T21:35:56+00:00","article_modified_time":"2016-08-05T22:04:37+00:00","og_image":[{"url":"https:\/\/www.prijedordanas.com\/wp-content\/uploads\/2016\/08\/nevrijeme-poplava-kamicani-1-300x211.jpg"}],"author":"admin","twitter_card":"summary_large_image","twitter_misc":{"Written by":"admin","Est. reading time":"1 minute"},"schema":{"@context":"https:\/\/schema.org","@graph":[{"@type":"Article","@id":"https:\/\/www.prijedordanas.com\/?p=57658#article","isPartOf":{"@id":"https:\/\/www.prijedordanas.com\/?p=57658"},"author":{"name":"admin","@id":"https:\/\/www.prijedordanas.com\/#\/schema\/person\/4e08ccf29b506ca916ff86d46bb700e6"},"headline":"PRIJEDOR: BEZ STRUJE VI\u0160E NASELJA, POPLAVE NA PUTU PRIJEDOR-BANJALUKA \u2013 FOTO \u2013 VIDEO","datePublished":"2016-08-05T21:35:56+00:00","dateModified":"2016-08-05T22:04:37+00:00","mainEntityOfPage":{"@id":"https:\/\/www.prijedordanas.com\/?p=57658"},"wordCount":159,"publisher":{"@id":"https:\/\/www.prijedordanas.com\/#organization"},"keywords":["ki\u0161a","nevrijeme","poplave","struja"],"articleSection":["Dru\u0161tvo"],"inLanguage":"en-US"},{"@type":"WebPage","@id":"https:\/\/www.prijedordanas.com\/?p=57658","url":"https:\/\/www.prijedordanas.com\/?p=57658","name":"PRIJEDOR: BEZ STRUJE VI\u0160E NASELJA, POPLAVE NA PUTU PRIJEDOR-BANJALUKA \u2013 FOTO \u2013 VIDEO - PrijedorDanas.com - Prijedorski gradski portal","isPartOf":{"@id":"https:\/\/www.prijedordanas.com\/#website"},"datePublished":"2016-08-05T21:35:56+00:00","dateModified":"2016-08-05T22:04:37+00:00","breadcrumb":{"@id":"https:\/\/www.prijedordanas.com\/?p=57658#breadcrumb"},"inLanguage":"en-US","potentialAction":[{"@type":"ReadAction","target":["https:\/\/www.prijedordanas.com\/?p=57658"]}]},{"@type":"BreadcrumbList","@id":"https:\/\/www.prijedordanas.com\/?p=57658#breadcrumb","itemListElement":[{"@type":"ListItem","position":1,"name":"Home","item":"https:\/\/www.prijedordanas.com\/"},{"@type":"ListItem","position":2,"name":"PRIJEDOR: BEZ STRUJE VI\u0160E NASELJA, POPLAVE NA PUTU PRIJEDOR-BANJALUKA \u2013 FOTO \u2013 VIDEO"}]},{"@type":"WebSite","@id":"https:\/\/www.prijedordanas.com\/#website","url":"https:\/\/www.prijedordanas.com\/","name":"PrijedorDanas.com - Prijedorski gradski portal","description":"Portal o doga\u0111anjima u gradu Prijedoru","publisher":{"@id":"https:\/\/www.prijedordanas.com\/#organization"},"potentialAction":[{"@type":"SearchAction","target":{"@type":"EntryPoint","urlTemplate":"https:\/\/www.prijedordanas.com\/?s={search_term_string}"},"query-input":"required name=search_term_string"}],"inLanguage":"en-US"},{"@type":"Organization","@id":"https:\/\/www.prijedordanas.com\/#organization","name":"PrijedorDanas.com","url":"https:\/\/www.prijedordanas.com\/","logo":{"@type":"ImageObject","inLanguage":"en-US","@id":"https:\/\/www.prijedordanas.com\/#\/schema\/logo\/image\/","url":"http:\/\/www.prijedordanas.com\/wp-content\/uploads\/2021\/12\/logopng.png","contentUrl":"http:\/\/www.prijedordanas.com\/wp-content\/uploads\/2021\/12\/logopng.png","width":1019,"height":776,"caption":"PrijedorDanas.com"},"image":{"@id":"https:\/\/www.prijedordanas.com\/#\/schema\/logo\/image\/"},"sameAs":["https:\/\/www.facebook.com\/PrijedorDanasCom\/"]},{"@type":"Person","@id":"https:\/\/www.prijedordanas.com\/#\/schema\/person\/4e08ccf29b506ca916ff86d46bb700e6","name":"admin","image":{"@type":"ImageObject","inLanguage":"en-US","@id":"https:\/\/www.prijedordanas.com\/#\/schema\/person\/image\/","url":"https:\/\/secure.gravatar.com\/avatar\/1d3fc949d550f0b53a5f0d51e06dfd79?s=96&d=mm&r=g","contentUrl":"https:\/\/secure.gravatar.com\/avatar\/1d3fc949d550f0b53a5f0d51e06dfd79?s=96&d=mm&r=g","caption":"admin"},"url":"https:\/\/www.prijedordanas.com\/?author=1"}]}},"_links":{"self":[{"href":"https:\/\/www.prijedordanas.com\/index.php?rest_route=\/wp\/v2\/posts\/57658"}],"collection":[{"href":"https:\/\/www.prijedordanas.com\/index.php?rest_route=\/wp\/v2\/posts"}],"about":[{"href":"https:\/\/www.prijedordanas.com\/index.php?rest_route=\/wp\/v2\/types\/post"}],"author":[{"embeddable":true,"href":"https:\/\/www.prijedordanas.com\/index.php?rest_route=\/wp\/v2\/users\/1"}],"replies":[{"embeddable":true,"href":"https:\/\/www.prijedordanas.com\/index.php?rest_route=%2Fwp%2Fv2%2Fcomments&post=57658"}],"version-history":[{"count":4,"href":"https:\/\/www.prijedordanas.com\/index.php?rest_route=\/wp\/v2\/posts\/57658\/revisions"}],"predecessor-version":[{"id":57670,"href":"https:\/\/www.prijedordanas.com\/index.php?rest_route=\/wp\/v2\/posts\/57658\/revisions\/57670"}],"wp:attachment":[{"href":"https:\/\/www.prijedordanas.com\/index.php?rest_route=%2Fwp%2Fv2%2Fmedia&parent=57658"}],"wp:term":[{"taxonomy":"category","embeddable":true,"href":"https:\/\/www.prijedordanas.com\/index.php?rest_route=%2Fwp%2Fv2%2Fcategories&post=57658"},{"taxonomy":"post_tag","embeddable":true,"href":"https:\/\/www.prijedordanas.com\/index.php?rest_route=%2Fwp%2Fv2%2Ftags&post=57658"}],"curies":[{"name":"wp","href":"https:\/\/api.w.org\/{rel}","templated":true}]}}