{"id":57604,"date":"2016-08-08T08:28:42","date_gmt":"2016-08-08T06:28:42","guid":{"rendered":"https:\/\/www.prijedordanas.com\/?p=57604"},"modified":"2016-08-08T08:28:42","modified_gmt":"2016-08-08T06:28:42","slug":"svakome-malo-duse-ljubavi","status":"publish","type":"post","link":"https:\/\/www.prijedordanas.com\/?p=57604","title":{"rendered":"SVAKOME MALO DU\u0160E I LJUBAVI"},"content":{"rendered":"<p><a href=\"https:\/\/www.prijedordanas.com\/wp-content\/uploads\/2016\/08\/vesti-dosta-miki-bauer-nove-donacije-1.jpg\"><img loading=\"lazy\" decoding=\"async\" class=\"alignleft size-medium wp-image-57605\" src=\"https:\/\/www.prijedordanas.com\/wp-content\/uploads\/2016\/08\/vesti-dosta-miki-bauer-nove-donacije-1-300x180.jpg\" alt=\"vesti-dosta miki bauer-nove donacije (1)\" width=\"300\" height=\"180\" srcset=\"https:\/\/www.prijedordanas.com\/wp-content\/uploads\/2016\/08\/vesti-dosta-miki-bauer-nove-donacije-1-300x180.jpg 300w, https:\/\/www.prijedordanas.com\/wp-content\/uploads\/2016\/08\/vesti-dosta-miki-bauer-nove-donacije-1-100x60.jpg 100w, https:\/\/www.prijedordanas.com\/wp-content\/uploads\/2016\/08\/vesti-dosta-miki-bauer-nove-donacije-1.jpg 600w\" sizes=\"(max-width: 300px) 100vw, 300px\" \/><\/a>Dosta Miki Bauer, \u010ditaocima &#8220;Vesti&#8221; dobro poznata dugogodi\u0161nja donatorka iz Frankfurta, ro\u0111ena pod Kozarom u Omarskoj, ponovo je ovih dana, uprkos naru\u0161enog zdravlja, posetila rodni kraj, \u010dime je obradovala brojne porodice.<\/p>\n<p>Ova dobrotvorka koja ima vi\u0161e \u0161ti\u0107enika nego godina \u017eivota, delila je jo\u0161 kao sirotinjsko dete svaki zalogaj sa vr\u0161njacima. Takva je i danas: \u017eivi svoj \u017eivot kako misli da je najbolje. Vera u Boga joj je na prvom mestu, zdravlje, porodica i \u0161a\u010dica dragocenih prijatelja. Voli sve ljude i svima \u017eeli\u0161 dobro. Ni bolest ni godine nisu je promenile, a njena humanost traje vi\u0161e od pola veka, koliko i njen boravak u Nema\u010dkoj.<\/p>\n<p>Plemenito\u0161\u0107u je uvek razgaljivala du\u0161e siroma\u0161nih. U zavi\u010daj nikada nije do\u0161la praznih ruku, ba\u0161 kao i posle \u010detvorogodi\u0161njeg odsustva, ova humana \u017eena je nedavno u Omarskoj obradovala neke od svojih ali i na\u0161ih \u0161ti\u0107enika svojom posetom i uru\u010dila im pomo\u0107, u vrednosti od preko 500 evra.<\/p>\n<p><a href=\"https:\/\/www.prijedordanas.com\/wp-content\/uploads\/2016\/08\/vesti-dosta-miki-bauer-nove-donacije-2.jpg\"><img loading=\"lazy\" decoding=\"async\" src=\"https:\/\/www.prijedordanas.com\/wp-content\/uploads\/2016\/08\/vesti-dosta-miki-bauer-nove-donacije-2-251x300.jpg\" alt=\"vesti-dosta miki bauer-nove donacije (2)\" width=\"251\" height=\"300\" class=\"alignleft size-medium wp-image-57606\" srcset=\"https:\/\/www.prijedordanas.com\/wp-content\/uploads\/2016\/08\/vesti-dosta-miki-bauer-nove-donacije-2-251x300.jpg 251w, https:\/\/www.prijedordanas.com\/wp-content\/uploads\/2016\/08\/vesti-dosta-miki-bauer-nove-donacije-2-84x100.jpg 84w, https:\/\/www.prijedordanas.com\/wp-content\/uploads\/2016\/08\/vesti-dosta-miki-bauer-nove-donacije-2.jpg 335w\" sizes=\"(max-width: 251px) 100vw, 251px\" \/><\/a>Dosta je obi\u0161la starinu Ranka Majstorovi\u0107a u Omarskoj i staricu Milju Tomi\u0107 iz Ljeskara kod Prijedora. Majstorovi\u0107u je uru\u010dila 60 KM, a Milji Tomi\u0107 50 KM. Bolesnom de\u010daku Mihajlu Kuki\u0107u iz Prijedora poslala preko ekipe &#8220;Vesti&#8221; 70 KM kao i Ljeposavi Gvozden iz Cikota kod Prijedora 50 KM. Saznav\u0161i za Dostin boravak u Banji Mlje\u010danica, porodica Kuki\u0107 je uzvratila posetom dobrotvorki, a ovaj gest na\u0161ih \u0161ti\u0107enika ganuo je do suza i samu Dostu Bauer.<\/p>\n<p>Nov\u010danu pomo\u0107 u iznosu od 100 KM dobila je i bolesna Desa Solar iz Jeli\u0107ke. Istu sumu primila je i Andrijana Marmat, k\u0107erka poginulog borca. Po 50 KM dobile su i \u0110ur\u0111ica i Ivona Marmat, ina\u010de studentkinje Ma\u0161inskog fakulteta u Banjaluci. Donatorka je tako\u0111e nagradila i \u010detvoro dobrih studenata sa po 100 KM, zbog ulo\u017eenog truda. Sve ono \u0161to su mo\u017eda drugi hteli da ka\u017eu u znak zahvalnosti Dosti Bauer, izrekla je vreme\u0161na Milja Tomi\u0107 iz Ljeskara, dok su se ne\u017eno grlile: &#8220;Kao da mi je do\u0161ao neko najro\u0111eniji, majka, sestra&#8230; sre\u0107na sam \u0161to me ova dobra \u017eena iznenadila, posetila i obradovala. Njene ruke pune milosr\u0111a ne\u0107u mo\u0107i da zaboravim, takvi ljudi kao \u0161to je ona, retki su u ovom surovom svetu&#8230;&#8221;.<\/p>\n<p>Ceo \u017eivot u jednoj knjizi<\/p>\n<p>Dolazak u rodni kraj za Dostu Bauer je melem za du\u0161u, a iz ljubavi prema zavi\u010daju i onom \u0161to je do\u017eivela u njemu od najranijeg detinjstva do devoja\u0161tva i srednje \u0161kole, te odlaska i boravka u Nema\u010dkoj, ovekove\u010dila je u svojoj knjizi, \u010dije pisanje privodi kraju. &#8220;Volim do\u0107i u rodni kraj, sresti se sa na\u0161im ljudima i popri\u010dati. Ali svaki put me du\u0161a zaboli kada vidim kako narod te\u0161ko \u017eivi: bez posla, bez primanja, a o bolesnoj deci i zaboravljenim starcima da i ne govorim. Zato \u0107u ih i dalje pomagati, obe\u0107ava dobrotvorka kojoj su svi znani i neznani u rodnom kraju po\u017eeleli od srca &#8211; dobro zdravlje.<\/p>\n<p>De\u010dak na raspustu u Nema\u010dkoj<\/p>\n<p>Drago mi je da vidim Dostu pred mojom ku\u0107om, nije me zaboravila i to mi je najve\u0107i poklon, a sve drugo \u0161to mi da samo je jo\u0161 ve\u0107a nagrada. Nemamo na\u010dina da joj se zahvalimo jer sve \u0161to bih rekao malo je za ono \u0161to ova \u017eena sa srcem velikim kao planina \u010dini za siromahe &#8211; poru\u010dio je Ranko Majstorovi\u0107, \u010dijeg je 16-godi\u0161njeg unuka Marka, koji je zavr\u0161io prvi razred srednje Elektrotehni\u010dke \u0161kole, povela sa sobom u Frankfurt, gde \u0107e ovaj de\u010dak biti njen gost mesec dana u njenom domu. &#8220;Pokaza\u0107u mu Frankfurt i kupiti mnogo lepih stvari&#8221;, obe\u0107ala je donatorka.<\/p>\n<p>POZIV DONATORIMA<br \/>\nAko \u017eelite da se uklju\u010dite u neku od akcija Humanitarnog mosta, javite se na mejl adresu: hmost@frvesti.com. Dobi\u0107ete adresu i broj telefona porodice kojoj \u017eelite da pomognete i dogovoriti se sa njima o na\u010dinu dostave donacije. Informacije mo\u017eete da dobijete i od novinara Humanitarnog mosta na: +381 11 31 93 771 i +381 11 31 90 924.<\/p>\n<p>Vesti-online.com<\/p>\n","protected":false},"excerpt":{"rendered":"<p>Dosta Miki Bauer, \u010ditaocima &#8220;Vesti&#8221; dobro poznata dugogodi\u0161nja donatorka iz Frankfurta, ro\u0111ena pod Kozarom u Omarskoj, ponovo je ovih dana, uprkos naru\u0161enog zdravlja, posetila rodni kraj, \u010dime je obradovala brojne [&hellip;]<\/p>\n","protected":false},"author":1,"featured_media":0,"comment_status":"closed","ping_status":"open","sticky":false,"template":"","format":"standard","meta":{"_monsterinsights_skip_tracking":false,"_monsterinsights_sitenote_active":false,"_monsterinsights_sitenote_note":"","_monsterinsights_sitenote_category":0,"footnotes":""},"categories":[3],"tags":[662,370],"yoast_head":"<!-- This site is optimized with the Yoast SEO plugin v21.6 - https:\/\/yoast.com\/wordpress\/plugins\/seo\/ -->\n<title>SVAKOME MALO DU\u0160E I LJUBAVI - PrijedorDanas.com - Prijedorski gradski portal<\/title>\n<meta name=\"robots\" content=\"index, follow, max-snippet:-1, max-image-preview:large, max-video-preview:-1\" \/>\n<link rel=\"canonical\" href=\"https:\/\/www.prijedordanas.com\/?p=57604\" \/>\n<meta property=\"og:locale\" content=\"en_US\" \/>\n<meta property=\"og:type\" content=\"article\" \/>\n<meta property=\"og:title\" content=\"SVAKOME MALO DU\u0160E I LJUBAVI - PrijedorDanas.com - Prijedorski gradski portal\" \/>\n<meta property=\"og:description\" content=\"Dosta Miki Bauer, \u010ditaocima &#8220;Vesti&#8221; dobro poznata dugogodi\u0161nja donatorka iz Frankfurta, ro\u0111ena pod Kozarom u Omarskoj, ponovo je ovih dana, uprkos naru\u0161enog zdravlja, posetila rodni kraj, \u010dime je obradovala brojne [&hellip;]\" \/>\n<meta property=\"og:url\" content=\"https:\/\/www.prijedordanas.com\/?p=57604\" \/>\n<meta property=\"og:site_name\" content=\"PrijedorDanas.com - Prijedorski gradski portal\" \/>\n<meta property=\"article:publisher\" content=\"https:\/\/www.facebook.com\/PrijedorDanasCom\/\" \/>\n<meta property=\"article:published_time\" content=\"2016-08-08T06:28:42+00:00\" \/>\n<meta property=\"og:image\" content=\"https:\/\/www.prijedordanas.com\/wp-content\/uploads\/2016\/08\/vesti-dosta-miki-bauer-nove-donacije-1-300x180.jpg\" \/>\n<meta name=\"author\" content=\"admin\" \/>\n<meta name=\"twitter:card\" content=\"summary_large_image\" \/>\n<meta name=\"twitter:label1\" content=\"Written by\" \/>\n\t<meta name=\"twitter:data1\" content=\"admin\" \/>\n\t<meta name=\"twitter:label2\" content=\"Est. reading time\" \/>\n\t<meta name=\"twitter:data2\" content=\"3 minutes\" \/>\n<script type=\"application\/ld+json\" class=\"yoast-schema-graph\">{\"@context\":\"https:\/\/schema.org\",\"@graph\":[{\"@type\":\"Article\",\"@id\":\"https:\/\/www.prijedordanas.com\/?p=57604#article\",\"isPartOf\":{\"@id\":\"https:\/\/www.prijedordanas.com\/?p=57604\"},\"author\":{\"name\":\"admin\",\"@id\":\"https:\/\/www.prijedordanas.com\/#\/schema\/person\/4e08ccf29b506ca916ff86d46bb700e6\"},\"headline\":\"SVAKOME MALO DU\u0160E I LJUBAVI\",\"datePublished\":\"2016-08-08T06:28:42+00:00\",\"dateModified\":\"2016-08-08T06:28:42+00:00\",\"mainEntityOfPage\":{\"@id\":\"https:\/\/www.prijedordanas.com\/?p=57604\"},\"wordCount\":692,\"publisher\":{\"@id\":\"https:\/\/www.prijedordanas.com\/#organization\"},\"keywords\":[\"donacija\",\"Dosta Miki Bauer\"],\"articleSection\":[\"\u017divot\"],\"inLanguage\":\"en-US\"},{\"@type\":\"WebPage\",\"@id\":\"https:\/\/www.prijedordanas.com\/?p=57604\",\"url\":\"https:\/\/www.prijedordanas.com\/?p=57604\",\"name\":\"SVAKOME MALO DU\u0160E I LJUBAVI - PrijedorDanas.com - Prijedorski gradski portal\",\"isPartOf\":{\"@id\":\"https:\/\/www.prijedordanas.com\/#website\"},\"datePublished\":\"2016-08-08T06:28:42+00:00\",\"dateModified\":\"2016-08-08T06:28:42+00:00\",\"breadcrumb\":{\"@id\":\"https:\/\/www.prijedordanas.com\/?p=57604#breadcrumb\"},\"inLanguage\":\"en-US\",\"potentialAction\":[{\"@type\":\"ReadAction\",\"target\":[\"https:\/\/www.prijedordanas.com\/?p=57604\"]}]},{\"@type\":\"BreadcrumbList\",\"@id\":\"https:\/\/www.prijedordanas.com\/?p=57604#breadcrumb\",\"itemListElement\":[{\"@type\":\"ListItem\",\"position\":1,\"name\":\"Home\",\"item\":\"https:\/\/www.prijedordanas.com\/\"},{\"@type\":\"ListItem\",\"position\":2,\"name\":\"SVAKOME MALO DU\u0160E I LJUBAVI\"}]},{\"@type\":\"WebSite\",\"@id\":\"https:\/\/www.prijedordanas.com\/#website\",\"url\":\"https:\/\/www.prijedordanas.com\/\",\"name\":\"PrijedorDanas.com - Prijedorski gradski portal\",\"description\":\"Portal o doga\u0111anjima u gradu Prijedoru\",\"publisher\":{\"@id\":\"https:\/\/www.prijedordanas.com\/#organization\"},\"potentialAction\":[{\"@type\":\"SearchAction\",\"target\":{\"@type\":\"EntryPoint\",\"urlTemplate\":\"https:\/\/www.prijedordanas.com\/?s={search_term_string}\"},\"query-input\":\"required name=search_term_string\"}],\"inLanguage\":\"en-US\"},{\"@type\":\"Organization\",\"@id\":\"https:\/\/www.prijedordanas.com\/#organization\",\"name\":\"PrijedorDanas.com\",\"url\":\"https:\/\/www.prijedordanas.com\/\",\"logo\":{\"@type\":\"ImageObject\",\"inLanguage\":\"en-US\",\"@id\":\"https:\/\/www.prijedordanas.com\/#\/schema\/logo\/image\/\",\"url\":\"http:\/\/www.prijedordanas.com\/wp-content\/uploads\/2021\/12\/logopng.png\",\"contentUrl\":\"http:\/\/www.prijedordanas.com\/wp-content\/uploads\/2021\/12\/logopng.png\",\"width\":1019,\"height\":776,\"caption\":\"PrijedorDanas.com\"},\"image\":{\"@id\":\"https:\/\/www.prijedordanas.com\/#\/schema\/logo\/image\/\"},\"sameAs\":[\"https:\/\/www.facebook.com\/PrijedorDanasCom\/\"]},{\"@type\":\"Person\",\"@id\":\"https:\/\/www.prijedordanas.com\/#\/schema\/person\/4e08ccf29b506ca916ff86d46bb700e6\",\"name\":\"admin\",\"image\":{\"@type\":\"ImageObject\",\"inLanguage\":\"en-US\",\"@id\":\"https:\/\/www.prijedordanas.com\/#\/schema\/person\/image\/\",\"url\":\"https:\/\/secure.gravatar.com\/avatar\/1d3fc949d550f0b53a5f0d51e06dfd79?s=96&d=mm&r=g\",\"contentUrl\":\"https:\/\/secure.gravatar.com\/avatar\/1d3fc949d550f0b53a5f0d51e06dfd79?s=96&d=mm&r=g\",\"caption\":\"admin\"},\"url\":\"https:\/\/www.prijedordanas.com\/?author=1\"}]}<\/script>\n<!-- \/ Yoast SEO plugin. -->","yoast_head_json":{"title":"SVAKOME MALO DU\u0160E I LJUBAVI - PrijedorDanas.com - Prijedorski gradski portal","robots":{"index":"index","follow":"follow","max-snippet":"max-snippet:-1","max-image-preview":"max-image-preview:large","max-video-preview":"max-video-preview:-1"},"canonical":"https:\/\/www.prijedordanas.com\/?p=57604","og_locale":"en_US","og_type":"article","og_title":"SVAKOME MALO DU\u0160E I LJUBAVI - PrijedorDanas.com - Prijedorski gradski portal","og_description":"Dosta Miki Bauer, \u010ditaocima &#8220;Vesti&#8221; dobro poznata dugogodi\u0161nja donatorka iz Frankfurta, ro\u0111ena pod Kozarom u Omarskoj, ponovo je ovih dana, uprkos naru\u0161enog zdravlja, posetila rodni kraj, \u010dime je obradovala brojne [&hellip;]","og_url":"https:\/\/www.prijedordanas.com\/?p=57604","og_site_name":"PrijedorDanas.com - Prijedorski gradski portal","article_publisher":"https:\/\/www.facebook.com\/PrijedorDanasCom\/","article_published_time":"2016-08-08T06:28:42+00:00","og_image":[{"url":"https:\/\/www.prijedordanas.com\/wp-content\/uploads\/2016\/08\/vesti-dosta-miki-bauer-nove-donacije-1-300x180.jpg"}],"author":"admin","twitter_card":"summary_large_image","twitter_misc":{"Written by":"admin","Est. reading time":"3 minutes"},"schema":{"@context":"https:\/\/schema.org","@graph":[{"@type":"Article","@id":"https:\/\/www.prijedordanas.com\/?p=57604#article","isPartOf":{"@id":"https:\/\/www.prijedordanas.com\/?p=57604"},"author":{"name":"admin","@id":"https:\/\/www.prijedordanas.com\/#\/schema\/person\/4e08ccf29b506ca916ff86d46bb700e6"},"headline":"SVAKOME MALO DU\u0160E I LJUBAVI","datePublished":"2016-08-08T06:28:42+00:00","dateModified":"2016-08-08T06:28:42+00:00","mainEntityOfPage":{"@id":"https:\/\/www.prijedordanas.com\/?p=57604"},"wordCount":692,"publisher":{"@id":"https:\/\/www.prijedordanas.com\/#organization"},"keywords":["donacija","Dosta Miki Bauer"],"articleSection":["\u017divot"],"inLanguage":"en-US"},{"@type":"WebPage","@id":"https:\/\/www.prijedordanas.com\/?p=57604","url":"https:\/\/www.prijedordanas.com\/?p=57604","name":"SVAKOME MALO DU\u0160E I LJUBAVI - PrijedorDanas.com - Prijedorski gradski portal","isPartOf":{"@id":"https:\/\/www.prijedordanas.com\/#website"},"datePublished":"2016-08-08T06:28:42+00:00","dateModified":"2016-08-08T06:28:42+00:00","breadcrumb":{"@id":"https:\/\/www.prijedordanas.com\/?p=57604#breadcrumb"},"inLanguage":"en-US","potentialAction":[{"@type":"ReadAction","target":["https:\/\/www.prijedordanas.com\/?p=57604"]}]},{"@type":"BreadcrumbList","@id":"https:\/\/www.prijedordanas.com\/?p=57604#breadcrumb","itemListElement":[{"@type":"ListItem","position":1,"name":"Home","item":"https:\/\/www.prijedordanas.com\/"},{"@type":"ListItem","position":2,"name":"SVAKOME MALO DU\u0160E I LJUBAVI"}]},{"@type":"WebSite","@id":"https:\/\/www.prijedordanas.com\/#website","url":"https:\/\/www.prijedordanas.com\/","name":"PrijedorDanas.com - Prijedorski gradski portal","description":"Portal o doga\u0111anjima u gradu Prijedoru","publisher":{"@id":"https:\/\/www.prijedordanas.com\/#organization"},"potentialAction":[{"@type":"SearchAction","target":{"@type":"EntryPoint","urlTemplate":"https:\/\/www.prijedordanas.com\/?s={search_term_string}"},"query-input":"required name=search_term_string"}],"inLanguage":"en-US"},{"@type":"Organization","@id":"https:\/\/www.prijedordanas.com\/#organization","name":"PrijedorDanas.com","url":"https:\/\/www.prijedordanas.com\/","logo":{"@type":"ImageObject","inLanguage":"en-US","@id":"https:\/\/www.prijedordanas.com\/#\/schema\/logo\/image\/","url":"http:\/\/www.prijedordanas.com\/wp-content\/uploads\/2021\/12\/logopng.png","contentUrl":"http:\/\/www.prijedordanas.com\/wp-content\/uploads\/2021\/12\/logopng.png","width":1019,"height":776,"caption":"PrijedorDanas.com"},"image":{"@id":"https:\/\/www.prijedordanas.com\/#\/schema\/logo\/image\/"},"sameAs":["https:\/\/www.facebook.com\/PrijedorDanasCom\/"]},{"@type":"Person","@id":"https:\/\/www.prijedordanas.com\/#\/schema\/person\/4e08ccf29b506ca916ff86d46bb700e6","name":"admin","image":{"@type":"ImageObject","inLanguage":"en-US","@id":"https:\/\/www.prijedordanas.com\/#\/schema\/person\/image\/","url":"https:\/\/secure.gravatar.com\/avatar\/1d3fc949d550f0b53a5f0d51e06dfd79?s=96&d=mm&r=g","contentUrl":"https:\/\/secure.gravatar.com\/avatar\/1d3fc949d550f0b53a5f0d51e06dfd79?s=96&d=mm&r=g","caption":"admin"},"url":"https:\/\/www.prijedordanas.com\/?author=1"}]}},"_links":{"self":[{"href":"https:\/\/www.prijedordanas.com\/index.php?rest_route=\/wp\/v2\/posts\/57604"}],"collection":[{"href":"https:\/\/www.prijedordanas.com\/index.php?rest_route=\/wp\/v2\/posts"}],"about":[{"href":"https:\/\/www.prijedordanas.com\/index.php?rest_route=\/wp\/v2\/types\/post"}],"author":[{"embeddable":true,"href":"https:\/\/www.prijedordanas.com\/index.php?rest_route=\/wp\/v2\/users\/1"}],"replies":[{"embeddable":true,"href":"https:\/\/www.prijedordanas.com\/index.php?rest_route=%2Fwp%2Fv2%2Fcomments&post=57604"}],"version-history":[{"count":1,"href":"https:\/\/www.prijedordanas.com\/index.php?rest_route=\/wp\/v2\/posts\/57604\/revisions"}],"predecessor-version":[{"id":57607,"href":"https:\/\/www.prijedordanas.com\/index.php?rest_route=\/wp\/v2\/posts\/57604\/revisions\/57607"}],"wp:attachment":[{"href":"https:\/\/www.prijedordanas.com\/index.php?rest_route=%2Fwp%2Fv2%2Fmedia&parent=57604"}],"wp:term":[{"taxonomy":"category","embeddable":true,"href":"https:\/\/www.prijedordanas.com\/index.php?rest_route=%2Fwp%2Fv2%2Fcategories&post=57604"},{"taxonomy":"post_tag","embeddable":true,"href":"https:\/\/www.prijedordanas.com\/index.php?rest_route=%2Fwp%2Fv2%2Ftags&post=57604"}],"curies":[{"name":"wp","href":"https:\/\/api.w.org\/{rel}","templated":true}]}}