{"id":57505,"date":"2016-08-04T15:54:13","date_gmt":"2016-08-04T13:54:13","guid":{"rendered":"https:\/\/www.prijedordanas.com\/?p=57505"},"modified":"2016-08-05T12:56:12","modified_gmt":"2016-08-05T10:56:12","slug":"zikina-sarenica-u-prijedoru-poznata-lista-ucesnika","status":"publish","type":"post","link":"https:\/\/www.prijedordanas.com\/?p=57505","title":{"rendered":"&#8220;\u017dIKINA \u0160ARENICA&#8221; U PRIJEDORU: POZNATA LISTA U\u010cESNIKA"},"content":{"rendered":"<p><a href=\"https:\/\/www.prijedordanas.com\/wp-content\/uploads\/2016\/08\/zikina-sarenica.jpg\"><img loading=\"lazy\" decoding=\"async\" src=\"https:\/\/www.prijedordanas.com\/wp-content\/uploads\/2016\/08\/zikina-sarenica-165x300.jpg\" alt=\"zikina sarenica\" width=\"165\" height=\"300\" class=\"alignleft size-medium wp-image-57506\" srcset=\"https:\/\/www.prijedordanas.com\/wp-content\/uploads\/2016\/08\/zikina-sarenica-165x300.jpg 165w, https:\/\/www.prijedordanas.com\/wp-content\/uploads\/2016\/08\/zikina-sarenica-55x100.jpg 55w, https:\/\/www.prijedordanas.com\/wp-content\/uploads\/2016\/08\/zikina-sarenica.jpg 440w\" sizes=\"(max-width: 165px) 100vw, 165px\" \/><\/a>Popularna emisija Radio-televizije Srbije &#8220;\u017dikina \u0161arenica&#8221; gostova\u0107e u Prijedoru u subotu, 6. avgusta i emitova\u0107e se u\u017eivo sa malog gradskog trga od 9.00 do 11.00 \u010dasova, najavljeno je iz Turisti\u010dke organizacije grada Prijedor.<\/p>\n<p>Iz Turisti\u010dke organizacije pozivaju sugra\u0111ane da do\u0111u na mali gradski trg i prisustvuju emitovanju &#8220;\u017dikine \u0161arenice&#8221; koje \u0107e se realizovati uz podr\u0161ku grada Prijedora i tehni\u010dku podr\u0161ku RTRS-a. <\/p>\n<p>Emisija \u0107e ugostiti veliki broj sagovornika i gostiju, me\u0111u kojima i predstavnike Gradske uprave, Udru\u017eenja za promociju tradicije, kulture i obi\u010daja &#8220;Promotur&#8221;, Pozori\u0161ta Prijedor, Muzeja Kozare, Udru\u017eenja likovnih umjetnika Prijedor, Tenis kluba &#8220;Doktor Mladen Stojanovi\u0107&#8221; i Aero-kluba &#8220;Prijedor&#8221;, te dragotinjskog kneza. <\/p>\n<p>Kod popularnog \u017dike nastupa\u0107e Srpsko pjeva\u010dko dru\u0161tvo &#8220;Vila&#8221;, Srpsko kulturno-umjetni\u010dko dru\u0161tvo &#8220;Doktor Mladen Stojanovi\u0107&#8221;, \u017eenska vokalna grupa KUD-a &#8220;Milan Egi\u0107&#8221;, ojka\u010dka grupa &#8220;Mlado Potkozarje&#8221;, KUD &#8220;Kozara&#8221; Prijedor, KUD &#8220;Kozara&#8221; Kozarac, ma\u017eoretkinje &#8220;Festina&#8221;, grupa &#8220;Regina&#8221;, te Aneta Makanji\u0107, Aleksandar Drini\u0107, Dragan i Dijana \u0106ulum, Amila Memi\u0107, Vedrana Cunjak i Marija Gaji\u0107. <\/p>\n<p>SRNA<\/p>\n","protected":false},"excerpt":{"rendered":"<p>Popularna emisija Radio-televizije Srbije &#8220;\u017dikina \u0161arenica&#8221; gostova\u0107e u Prijedoru u subotu, 6. avgusta i emitova\u0107e se u\u017eivo sa malog gradskog trga od 9.00 do 11.00 \u010dasova, najavljeno je iz Turisti\u010dke [&hellip;]<\/p>\n","protected":false},"author":1,"featured_media":0,"comment_status":"closed","ping_status":"open","sticky":false,"template":"","format":"standard","meta":{"_monsterinsights_skip_tracking":false,"_monsterinsights_sitenote_active":false,"_monsterinsights_sitenote_note":"","_monsterinsights_sitenote_category":0,"footnotes":""},"categories":[4],"tags":[4212,8532],"yoast_head":"<!-- This site is optimized with the Yoast SEO plugin v21.6 - https:\/\/yoast.com\/wordpress\/plugins\/seo\/ -->\n<title>&quot;\u017dIKINA \u0160ARENICA&quot; U PRIJEDORU: POZNATA LISTA U\u010cESNIKA - PrijedorDanas.com - Prijedorski gradski portal<\/title>\n<meta name=\"robots\" content=\"index, follow, max-snippet:-1, max-image-preview:large, max-video-preview:-1\" \/>\n<link rel=\"canonical\" href=\"https:\/\/www.prijedordanas.com\/?p=57505\" \/>\n<meta property=\"og:locale\" content=\"en_US\" \/>\n<meta property=\"og:type\" content=\"article\" \/>\n<meta property=\"og:title\" content=\"&quot;\u017dIKINA \u0160ARENICA&quot; U PRIJEDORU: POZNATA LISTA U\u010cESNIKA - PrijedorDanas.com - Prijedorski gradski portal\" \/>\n<meta property=\"og:description\" content=\"Popularna emisija Radio-televizije Srbije &#8220;\u017dikina \u0161arenica&#8221; gostova\u0107e u Prijedoru u subotu, 6. avgusta i emitova\u0107e se u\u017eivo sa malog gradskog trga od 9.00 do 11.00 \u010dasova, najavljeno je iz Turisti\u010dke [&hellip;]\" \/>\n<meta property=\"og:url\" content=\"https:\/\/www.prijedordanas.com\/?p=57505\" \/>\n<meta property=\"og:site_name\" content=\"PrijedorDanas.com - Prijedorski gradski portal\" \/>\n<meta property=\"article:publisher\" content=\"https:\/\/www.facebook.com\/PrijedorDanasCom\/\" \/>\n<meta property=\"article:published_time\" content=\"2016-08-04T13:54:13+00:00\" \/>\n<meta property=\"article:modified_time\" content=\"2016-08-05T10:56:12+00:00\" \/>\n<meta property=\"og:image\" content=\"https:\/\/www.prijedordanas.com\/wp-content\/uploads\/2016\/08\/zikina-sarenica-165x300.jpg\" \/>\n<meta name=\"author\" content=\"admin\" \/>\n<meta name=\"twitter:card\" content=\"summary_large_image\" \/>\n<meta name=\"twitter:label1\" content=\"Written by\" \/>\n\t<meta name=\"twitter:data1\" content=\"admin\" \/>\n\t<meta name=\"twitter:label2\" content=\"Est. reading time\" \/>\n\t<meta name=\"twitter:data2\" content=\"1 minute\" \/>\n<script type=\"application\/ld+json\" class=\"yoast-schema-graph\">{\"@context\":\"https:\/\/schema.org\",\"@graph\":[{\"@type\":\"Article\",\"@id\":\"https:\/\/www.prijedordanas.com\/?p=57505#article\",\"isPartOf\":{\"@id\":\"https:\/\/www.prijedordanas.com\/?p=57505\"},\"author\":{\"name\":\"admin\",\"@id\":\"https:\/\/www.prijedordanas.com\/#\/schema\/person\/4e08ccf29b506ca916ff86d46bb700e6\"},\"headline\":\"&#8220;\u017dIKINA \u0160ARENICA&#8221; U PRIJEDORU: POZNATA LISTA U\u010cESNIKA\",\"datePublished\":\"2016-08-04T13:54:13+00:00\",\"dateModified\":\"2016-08-05T10:56:12+00:00\",\"mainEntityOfPage\":{\"@id\":\"https:\/\/www.prijedordanas.com\/?p=57505\"},\"wordCount\":180,\"publisher\":{\"@id\":\"https:\/\/www.prijedordanas.com\/#organization\"},\"keywords\":[\"Mali trg\",\"\u017dikina \u0161arenica\"],\"articleSection\":[\"Dru\u0161tvo\"],\"inLanguage\":\"en-US\"},{\"@type\":\"WebPage\",\"@id\":\"https:\/\/www.prijedordanas.com\/?p=57505\",\"url\":\"https:\/\/www.prijedordanas.com\/?p=57505\",\"name\":\"\\\"\u017dIKINA \u0160ARENICA\\\" U PRIJEDORU: POZNATA LISTA U\u010cESNIKA - PrijedorDanas.com - Prijedorski gradski portal\",\"isPartOf\":{\"@id\":\"https:\/\/www.prijedordanas.com\/#website\"},\"datePublished\":\"2016-08-04T13:54:13+00:00\",\"dateModified\":\"2016-08-05T10:56:12+00:00\",\"breadcrumb\":{\"@id\":\"https:\/\/www.prijedordanas.com\/?p=57505#breadcrumb\"},\"inLanguage\":\"en-US\",\"potentialAction\":[{\"@type\":\"ReadAction\",\"target\":[\"https:\/\/www.prijedordanas.com\/?p=57505\"]}]},{\"@type\":\"BreadcrumbList\",\"@id\":\"https:\/\/www.prijedordanas.com\/?p=57505#breadcrumb\",\"itemListElement\":[{\"@type\":\"ListItem\",\"position\":1,\"name\":\"Home\",\"item\":\"https:\/\/www.prijedordanas.com\/\"},{\"@type\":\"ListItem\",\"position\":2,\"name\":\"&#8220;\u017dIKINA \u0160ARENICA&#8221; U PRIJEDORU: POZNATA LISTA U\u010cESNIKA\"}]},{\"@type\":\"WebSite\",\"@id\":\"https:\/\/www.prijedordanas.com\/#website\",\"url\":\"https:\/\/www.prijedordanas.com\/\",\"name\":\"PrijedorDanas.com - Prijedorski gradski portal\",\"description\":\"Portal o doga\u0111anjima u gradu Prijedoru\",\"publisher\":{\"@id\":\"https:\/\/www.prijedordanas.com\/#organization\"},\"potentialAction\":[{\"@type\":\"SearchAction\",\"target\":{\"@type\":\"EntryPoint\",\"urlTemplate\":\"https:\/\/www.prijedordanas.com\/?s={search_term_string}\"},\"query-input\":\"required name=search_term_string\"}],\"inLanguage\":\"en-US\"},{\"@type\":\"Organization\",\"@id\":\"https:\/\/www.prijedordanas.com\/#organization\",\"name\":\"PrijedorDanas.com\",\"url\":\"https:\/\/www.prijedordanas.com\/\",\"logo\":{\"@type\":\"ImageObject\",\"inLanguage\":\"en-US\",\"@id\":\"https:\/\/www.prijedordanas.com\/#\/schema\/logo\/image\/\",\"url\":\"http:\/\/www.prijedordanas.com\/wp-content\/uploads\/2021\/12\/logopng.png\",\"contentUrl\":\"http:\/\/www.prijedordanas.com\/wp-content\/uploads\/2021\/12\/logopng.png\",\"width\":1019,\"height\":776,\"caption\":\"PrijedorDanas.com\"},\"image\":{\"@id\":\"https:\/\/www.prijedordanas.com\/#\/schema\/logo\/image\/\"},\"sameAs\":[\"https:\/\/www.facebook.com\/PrijedorDanasCom\/\"]},{\"@type\":\"Person\",\"@id\":\"https:\/\/www.prijedordanas.com\/#\/schema\/person\/4e08ccf29b506ca916ff86d46bb700e6\",\"name\":\"admin\",\"image\":{\"@type\":\"ImageObject\",\"inLanguage\":\"en-US\",\"@id\":\"https:\/\/www.prijedordanas.com\/#\/schema\/person\/image\/\",\"url\":\"https:\/\/secure.gravatar.com\/avatar\/1d3fc949d550f0b53a5f0d51e06dfd79?s=96&d=mm&r=g\",\"contentUrl\":\"https:\/\/secure.gravatar.com\/avatar\/1d3fc949d550f0b53a5f0d51e06dfd79?s=96&d=mm&r=g\",\"caption\":\"admin\"},\"url\":\"https:\/\/www.prijedordanas.com\/?author=1\"}]}<\/script>\n<!-- \/ Yoast SEO plugin. -->","yoast_head_json":{"title":"\"\u017dIKINA \u0160ARENICA\" U PRIJEDORU: POZNATA LISTA U\u010cESNIKA - PrijedorDanas.com - Prijedorski gradski portal","robots":{"index":"index","follow":"follow","max-snippet":"max-snippet:-1","max-image-preview":"max-image-preview:large","max-video-preview":"max-video-preview:-1"},"canonical":"https:\/\/www.prijedordanas.com\/?p=57505","og_locale":"en_US","og_type":"article","og_title":"\"\u017dIKINA \u0160ARENICA\" U PRIJEDORU: POZNATA LISTA U\u010cESNIKA - PrijedorDanas.com - Prijedorski gradski portal","og_description":"Popularna emisija Radio-televizije Srbije &#8220;\u017dikina \u0161arenica&#8221; gostova\u0107e u Prijedoru u subotu, 6. avgusta i emitova\u0107e se u\u017eivo sa malog gradskog trga od 9.00 do 11.00 \u010dasova, najavljeno je iz Turisti\u010dke [&hellip;]","og_url":"https:\/\/www.prijedordanas.com\/?p=57505","og_site_name":"PrijedorDanas.com - Prijedorski gradski portal","article_publisher":"https:\/\/www.facebook.com\/PrijedorDanasCom\/","article_published_time":"2016-08-04T13:54:13+00:00","article_modified_time":"2016-08-05T10:56:12+00:00","og_image":[{"url":"https:\/\/www.prijedordanas.com\/wp-content\/uploads\/2016\/08\/zikina-sarenica-165x300.jpg"}],"author":"admin","twitter_card":"summary_large_image","twitter_misc":{"Written by":"admin","Est. reading time":"1 minute"},"schema":{"@context":"https:\/\/schema.org","@graph":[{"@type":"Article","@id":"https:\/\/www.prijedordanas.com\/?p=57505#article","isPartOf":{"@id":"https:\/\/www.prijedordanas.com\/?p=57505"},"author":{"name":"admin","@id":"https:\/\/www.prijedordanas.com\/#\/schema\/person\/4e08ccf29b506ca916ff86d46bb700e6"},"headline":"&#8220;\u017dIKINA \u0160ARENICA&#8221; U PRIJEDORU: POZNATA LISTA U\u010cESNIKA","datePublished":"2016-08-04T13:54:13+00:00","dateModified":"2016-08-05T10:56:12+00:00","mainEntityOfPage":{"@id":"https:\/\/www.prijedordanas.com\/?p=57505"},"wordCount":180,"publisher":{"@id":"https:\/\/www.prijedordanas.com\/#organization"},"keywords":["Mali trg","\u017dikina \u0161arenica"],"articleSection":["Dru\u0161tvo"],"inLanguage":"en-US"},{"@type":"WebPage","@id":"https:\/\/www.prijedordanas.com\/?p=57505","url":"https:\/\/www.prijedordanas.com\/?p=57505","name":"\"\u017dIKINA \u0160ARENICA\" U PRIJEDORU: POZNATA LISTA U\u010cESNIKA - PrijedorDanas.com - Prijedorski gradski portal","isPartOf":{"@id":"https:\/\/www.prijedordanas.com\/#website"},"datePublished":"2016-08-04T13:54:13+00:00","dateModified":"2016-08-05T10:56:12+00:00","breadcrumb":{"@id":"https:\/\/www.prijedordanas.com\/?p=57505#breadcrumb"},"inLanguage":"en-US","potentialAction":[{"@type":"ReadAction","target":["https:\/\/www.prijedordanas.com\/?p=57505"]}]},{"@type":"BreadcrumbList","@id":"https:\/\/www.prijedordanas.com\/?p=57505#breadcrumb","itemListElement":[{"@type":"ListItem","position":1,"name":"Home","item":"https:\/\/www.prijedordanas.com\/"},{"@type":"ListItem","position":2,"name":"&#8220;\u017dIKINA \u0160ARENICA&#8221; U PRIJEDORU: POZNATA LISTA U\u010cESNIKA"}]},{"@type":"WebSite","@id":"https:\/\/www.prijedordanas.com\/#website","url":"https:\/\/www.prijedordanas.com\/","name":"PrijedorDanas.com - Prijedorski gradski portal","description":"Portal o doga\u0111anjima u gradu Prijedoru","publisher":{"@id":"https:\/\/www.prijedordanas.com\/#organization"},"potentialAction":[{"@type":"SearchAction","target":{"@type":"EntryPoint","urlTemplate":"https:\/\/www.prijedordanas.com\/?s={search_term_string}"},"query-input":"required name=search_term_string"}],"inLanguage":"en-US"},{"@type":"Organization","@id":"https:\/\/www.prijedordanas.com\/#organization","name":"PrijedorDanas.com","url":"https:\/\/www.prijedordanas.com\/","logo":{"@type":"ImageObject","inLanguage":"en-US","@id":"https:\/\/www.prijedordanas.com\/#\/schema\/logo\/image\/","url":"http:\/\/www.prijedordanas.com\/wp-content\/uploads\/2021\/12\/logopng.png","contentUrl":"http:\/\/www.prijedordanas.com\/wp-content\/uploads\/2021\/12\/logopng.png","width":1019,"height":776,"caption":"PrijedorDanas.com"},"image":{"@id":"https:\/\/www.prijedordanas.com\/#\/schema\/logo\/image\/"},"sameAs":["https:\/\/www.facebook.com\/PrijedorDanasCom\/"]},{"@type":"Person","@id":"https:\/\/www.prijedordanas.com\/#\/schema\/person\/4e08ccf29b506ca916ff86d46bb700e6","name":"admin","image":{"@type":"ImageObject","inLanguage":"en-US","@id":"https:\/\/www.prijedordanas.com\/#\/schema\/person\/image\/","url":"https:\/\/secure.gravatar.com\/avatar\/1d3fc949d550f0b53a5f0d51e06dfd79?s=96&d=mm&r=g","contentUrl":"https:\/\/secure.gravatar.com\/avatar\/1d3fc949d550f0b53a5f0d51e06dfd79?s=96&d=mm&r=g","caption":"admin"},"url":"https:\/\/www.prijedordanas.com\/?author=1"}]}},"_links":{"self":[{"href":"https:\/\/www.prijedordanas.com\/index.php?rest_route=\/wp\/v2\/posts\/57505"}],"collection":[{"href":"https:\/\/www.prijedordanas.com\/index.php?rest_route=\/wp\/v2\/posts"}],"about":[{"href":"https:\/\/www.prijedordanas.com\/index.php?rest_route=\/wp\/v2\/types\/post"}],"author":[{"embeddable":true,"href":"https:\/\/www.prijedordanas.com\/index.php?rest_route=\/wp\/v2\/users\/1"}],"replies":[{"embeddable":true,"href":"https:\/\/www.prijedordanas.com\/index.php?rest_route=%2Fwp%2Fv2%2Fcomments&post=57505"}],"version-history":[{"count":1,"href":"https:\/\/www.prijedordanas.com\/index.php?rest_route=\/wp\/v2\/posts\/57505\/revisions"}],"predecessor-version":[{"id":57507,"href":"https:\/\/www.prijedordanas.com\/index.php?rest_route=\/wp\/v2\/posts\/57505\/revisions\/57507"}],"wp:attachment":[{"href":"https:\/\/www.prijedordanas.com\/index.php?rest_route=%2Fwp%2Fv2%2Fmedia&parent=57505"}],"wp:term":[{"taxonomy":"category","embeddable":true,"href":"https:\/\/www.prijedordanas.com\/index.php?rest_route=%2Fwp%2Fv2%2Fcategories&post=57505"},{"taxonomy":"post_tag","embeddable":true,"href":"https:\/\/www.prijedordanas.com\/index.php?rest_route=%2Fwp%2Fv2%2Ftags&post=57505"}],"curies":[{"name":"wp","href":"https:\/\/api.w.org\/{rel}","templated":true}]}}