{"id":57407,"date":"2016-08-03T13:02:15","date_gmt":"2016-08-03T11:02:15","guid":{"rendered":"https:\/\/www.prijedordanas.com\/?p=57407"},"modified":"2016-08-05T13:10:00","modified_gmt":"2016-08-05T11:10:00","slug":"specijalni-izvjestaj-sa-olimpijade-u-riju-kimanijeva-trenira-marcetic-upoznao-dokovica-foto","status":"publish","type":"post","link":"https:\/\/www.prijedordanas.com\/?p=57407","title":{"rendered":"SPECIJALNI IZVJE\u0160TAJ SA OLIMPIJADE U RIJU: KIMANIJEVA TRENIRA, MAR\u010cETI\u0106 UPOZNAO \u0110OKOVI\u0106A &#8211; FOTO"},"content":{"rendered":"<p><a href=\"https:\/\/www.prijedordanas.com\/wp-content\/uploads\/2016\/08\/rio-de-zaneiro-1.jpg\"><img loading=\"lazy\" decoding=\"async\" class=\"alignleft size-medium wp-image-57408\" src=\"https:\/\/www.prijedordanas.com\/wp-content\/uploads\/2016\/08\/rio-de-zaneiro-1-300x225.jpg\" alt=\"rio de zaneiro (1)\" width=\"300\" height=\"225\" srcset=\"https:\/\/www.prijedordanas.com\/wp-content\/uploads\/2016\/08\/rio-de-zaneiro-1-300x225.jpg 300w, https:\/\/www.prijedordanas.com\/wp-content\/uploads\/2016\/08\/rio-de-zaneiro-1-768x576.jpg 768w, https:\/\/www.prijedordanas.com\/wp-content\/uploads\/2016\/08\/rio-de-zaneiro-1-100x75.jpg 100w, https:\/\/www.prijedordanas.com\/wp-content\/uploads\/2016\/08\/rio-de-zaneiro-1-640x480.jpg 640w, https:\/\/www.prijedordanas.com\/wp-content\/uploads\/2016\/08\/rio-de-zaneiro-1.jpg 800w\" sizes=\"(max-width: 300px) 100vw, 300px\" \/><\/a>\u010clanovi Olimpijskog tima Bosne i Hercegovine na Olimpijskim igrama u Rio de \u017daneiru, Prijedor\u010danka Lusija Kimani i njen suprug i trener Sini\u0161a Mar\u010deti\u0107, ve\u0107 tre\u0107i dan su u Olimpijskom selu u ovom brazilskom gradu i sumiraju prve utiske.<\/p>\n<p>-Prve dane koristimo za aklimatizaciju i upoznavanje sa samim selom, lokacijama gdje se trenira i ostalim sadr\u017eajima koji se nude. Lusija je ve\u0107 odradila nekoliko lak\u0161ih i te\u017eih treninga na jednom od stadiona namijenjenih za te svrhe, a zajedno s njom tu je bio i Amel Tuka od kojeg se o\u010dekuje dobar rezultat na ovim igrama \u2013 rekao je Sini\u0161a Mar\u010deti\u0107.<\/p>\n<p>On je dodao da jo\u0161 nisu obi\u0161li cijelu maratonsku stazu na kojoj \u0107e Kimanijeva tr\u010dati 14.avgusta sa prevashodnim ciljem da zavr\u0161i trku i poku\u0161a napraviti \u0161to bolji rezultat.<\/p>\n<p><a href=\"https:\/\/www.prijedordanas.com\/wp-content\/uploads\/2016\/08\/rio-de-zaneiro-6.jpg\"><img loading=\"lazy\" decoding=\"async\" class=\"alignleft size-medium wp-image-57409\" src=\"https:\/\/www.prijedordanas.com\/wp-content\/uploads\/2016\/08\/rio-de-zaneiro-6-225x300.jpg\" alt=\"rio de zaneiro (6)\" width=\"225\" height=\"300\" srcset=\"https:\/\/www.prijedordanas.com\/wp-content\/uploads\/2016\/08\/rio-de-zaneiro-6-225x300.jpg 225w, https:\/\/www.prijedordanas.com\/wp-content\/uploads\/2016\/08\/rio-de-zaneiro-6-75x100.jpg 75w, https:\/\/www.prijedordanas.com\/wp-content\/uploads\/2016\/08\/rio-de-zaneiro-6.jpg 600w\" sizes=\"(max-width: 225px) 100vw, 225px\" \/><\/a>-Start i cilj su na mjestu pod nazivom Samb\u00f3dromo koje se nalazi blizu \u010duvene Kopakabane, a na ovom mjestu \u0107e biti odr\u017eano i takmi\u010denje u streli\u010darstvu. Ina\u010de, na Samb\u00f3dromu se odr\u017eava i poznata parada tokom karnevala u ovom gradu \u2013 ka\u017ee Sini\u0161a Mar\u010deti\u0107.<\/p>\n<p>Isti\u010de da \u010dlanovi bh. delegacije bisu ba\u0161 najzadovoljniji smje\u0161tajem u Olimpijskom selu koje se puni svakog dana i u kojem se o\u010dekuje 10.000 sportista iz cijelog svijeta, a da su on i supruga Lusija ponosni \u0161to u Brazilu predstavljaju Prijedor.<\/p>\n<p>-Poseban do\u017eivljaj je restoran u Olimpijskom selu koji mo\u017ee da primi veliki broj sportista u istom trenutku. Ve\u0107 se mogu sresti sportisti koji su planetarno poznati, i da budem iskren, ostvarila mi se davna\u0161nja \u017eelja da upoznam Novaka \u0110okovi\u0107a, a po\u0161to sam ja zaboravio foto aparat, obe\u0107ao mi je zajedni\u010dko slikanje sljede\u0107i put \u2013 rekao nam je Sini\u0161a od kojeg o\u010dekujemo nova javljanja tokom trajanja Olimpijskih igara u Rio de \u017daneiru.<\/p>\n<p>Tekst \u2013 Aleksandar Drakuli\u0107 \u2013 <a href=\"www.prijedordanas.com\" target=\"_blank\">www.prijedordanas.com<\/a><br \/>\nFoto \u2013 Sini\u0161a Mar\u010deti\u0107<\/p>\n<p><a href=\"https:\/\/www.prijedordanas.com\/wp-content\/uploads\/2016\/08\/rio-de-zaneiro-3.jpg\"><img loading=\"lazy\" decoding=\"async\" class=\"alignleft size-medium wp-image-57412\" src=\"https:\/\/www.prijedordanas.com\/wp-content\/uploads\/2016\/08\/rio-de-zaneiro-3-300x225.jpg\" alt=\"rio de zaneiro (3)\" width=\"300\" height=\"225\" srcset=\"https:\/\/www.prijedordanas.com\/wp-content\/uploads\/2016\/08\/rio-de-zaneiro-3-300x225.jpg 300w, https:\/\/www.prijedordanas.com\/wp-content\/uploads\/2016\/08\/rio-de-zaneiro-3-768x576.jpg 768w, https:\/\/www.prijedordanas.com\/wp-content\/uploads\/2016\/08\/rio-de-zaneiro-3-100x75.jpg 100w, https:\/\/www.prijedordanas.com\/wp-content\/uploads\/2016\/08\/rio-de-zaneiro-3-640x480.jpg 640w, https:\/\/www.prijedordanas.com\/wp-content\/uploads\/2016\/08\/rio-de-zaneiro-3.jpg 800w\" sizes=\"(max-width: 300px) 100vw, 300px\" \/><\/a> <a href=\"https:\/\/www.prijedordanas.com\/wp-content\/uploads\/2016\/08\/rio-de-zaneiro-4.jpg\"><img loading=\"lazy\" decoding=\"async\" class=\"alignleft size-medium wp-image-57413\" src=\"https:\/\/www.prijedordanas.com\/wp-content\/uploads\/2016\/08\/rio-de-zaneiro-4-300x225.jpg\" alt=\"rio de zaneiro (4)\" width=\"300\" height=\"225\" srcset=\"https:\/\/www.prijedordanas.com\/wp-content\/uploads\/2016\/08\/rio-de-zaneiro-4-300x225.jpg 300w, https:\/\/www.prijedordanas.com\/wp-content\/uploads\/2016\/08\/rio-de-zaneiro-4-768x576.jpg 768w, https:\/\/www.prijedordanas.com\/wp-content\/uploads\/2016\/08\/rio-de-zaneiro-4-100x75.jpg 100w, https:\/\/www.prijedordanas.com\/wp-content\/uploads\/2016\/08\/rio-de-zaneiro-4-640x480.jpg 640w, https:\/\/www.prijedordanas.com\/wp-content\/uploads\/2016\/08\/rio-de-zaneiro-4.jpg 800w\" sizes=\"(max-width: 300px) 100vw, 300px\" \/><\/a> <a href=\"https:\/\/www.prijedordanas.com\/wp-content\/uploads\/2016\/08\/rio-de-zaneiro-5.jpg\"><img loading=\"lazy\" decoding=\"async\" class=\"alignleft size-medium wp-image-57414\" src=\"https:\/\/www.prijedordanas.com\/wp-content\/uploads\/2016\/08\/rio-de-zaneiro-5-300x225.jpg\" alt=\"rio de zaneiro (5)\" width=\"300\" height=\"225\" srcset=\"https:\/\/www.prijedordanas.com\/wp-content\/uploads\/2016\/08\/rio-de-zaneiro-5-300x225.jpg 300w, https:\/\/www.prijedordanas.com\/wp-content\/uploads\/2016\/08\/rio-de-zaneiro-5-768x576.jpg 768w, https:\/\/www.prijedordanas.com\/wp-content\/uploads\/2016\/08\/rio-de-zaneiro-5-100x75.jpg 100w, https:\/\/www.prijedordanas.com\/wp-content\/uploads\/2016\/08\/rio-de-zaneiro-5-640x480.jpg 640w, https:\/\/www.prijedordanas.com\/wp-content\/uploads\/2016\/08\/rio-de-zaneiro-5.jpg 800w\" sizes=\"(max-width: 300px) 100vw, 300px\" \/><\/a> <a href=\"https:\/\/www.prijedordanas.com\/wp-content\/uploads\/2016\/08\/rio-de-zaneiro-9.jpg\"><img loading=\"lazy\" decoding=\"async\" class=\"alignleft size-medium wp-image-57417\" src=\"https:\/\/www.prijedordanas.com\/wp-content\/uploads\/2016\/08\/rio-de-zaneiro-9-225x300.jpg\" alt=\"rio de zaneiro (9)\" width=\"225\" height=\"300\" srcset=\"https:\/\/www.prijedordanas.com\/wp-content\/uploads\/2016\/08\/rio-de-zaneiro-9-225x300.jpg 225w, https:\/\/www.prijedordanas.com\/wp-content\/uploads\/2016\/08\/rio-de-zaneiro-9-75x100.jpg 75w, https:\/\/www.prijedordanas.com\/wp-content\/uploads\/2016\/08\/rio-de-zaneiro-9.jpg 600w\" sizes=\"(max-width: 225px) 100vw, 225px\" \/><\/a> <a href=\"https:\/\/www.prijedordanas.com\/wp-content\/uploads\/2016\/08\/rio-de-zaneiro-8.jpg\"><img loading=\"lazy\" decoding=\"async\" class=\"alignleft size-medium wp-image-57416\" src=\"https:\/\/www.prijedordanas.com\/wp-content\/uploads\/2016\/08\/rio-de-zaneiro-8-225x300.jpg\" alt=\"rio de zaneiro (8)\" width=\"225\" height=\"300\" srcset=\"https:\/\/www.prijedordanas.com\/wp-content\/uploads\/2016\/08\/rio-de-zaneiro-8-225x300.jpg 225w, https:\/\/www.prijedordanas.com\/wp-content\/uploads\/2016\/08\/rio-de-zaneiro-8-75x100.jpg 75w, https:\/\/www.prijedordanas.com\/wp-content\/uploads\/2016\/08\/rio-de-zaneiro-8.jpg 600w\" sizes=\"(max-width: 225px) 100vw, 225px\" \/><\/a> <a href=\"https:\/\/www.prijedordanas.com\/wp-content\/uploads\/2016\/08\/rio-de-zaneiro-7.jpg\"><img loading=\"lazy\" decoding=\"async\" class=\"alignleft size-medium wp-image-57418\" src=\"https:\/\/www.prijedordanas.com\/wp-content\/uploads\/2016\/08\/rio-de-zaneiro-7-225x300.jpg\" alt=\"rio de zaneiro (7)\" width=\"225\" height=\"300\" srcset=\"https:\/\/www.prijedordanas.com\/wp-content\/uploads\/2016\/08\/rio-de-zaneiro-7-225x300.jpg 225w, https:\/\/www.prijedordanas.com\/wp-content\/uploads\/2016\/08\/rio-de-zaneiro-7-75x100.jpg 75w, https:\/\/www.prijedordanas.com\/wp-content\/uploads\/2016\/08\/rio-de-zaneiro-7.jpg 600w\" sizes=\"(max-width: 225px) 100vw, 225px\" \/><\/a> <a href=\"https:\/\/www.prijedordanas.com\/wp-content\/uploads\/2016\/08\/rio-de-zaneiro-10.jpg\"><img loading=\"lazy\" decoding=\"async\" class=\"alignleft size-medium wp-image-57419\" src=\"https:\/\/www.prijedordanas.com\/wp-content\/uploads\/2016\/08\/rio-de-zaneiro-10-180x300.jpg\" alt=\"rio de zaneiro (10)\" width=\"180\" height=\"300\" srcset=\"https:\/\/www.prijedordanas.com\/wp-content\/uploads\/2016\/08\/rio-de-zaneiro-10-180x300.jpg 180w, https:\/\/www.prijedordanas.com\/wp-content\/uploads\/2016\/08\/rio-de-zaneiro-10-60x100.jpg 60w, https:\/\/www.prijedordanas.com\/wp-content\/uploads\/2016\/08\/rio-de-zaneiro-10.jpg 481w\" sizes=\"(max-width: 180px) 100vw, 180px\" \/><\/a> <a href=\"https:\/\/www.prijedordanas.com\/wp-content\/uploads\/2016\/08\/rio-de-zaneiro-2.jpg\"><img loading=\"lazy\" decoding=\"async\" class=\"alignleft size-medium wp-image-57420\" src=\"https:\/\/www.prijedordanas.com\/wp-content\/uploads\/2016\/08\/rio-de-zaneiro-2-300x225.jpg\" alt=\"rio de zaneiro (2)\" width=\"300\" height=\"225\" srcset=\"https:\/\/www.prijedordanas.com\/wp-content\/uploads\/2016\/08\/rio-de-zaneiro-2-300x225.jpg 300w, https:\/\/www.prijedordanas.com\/wp-content\/uploads\/2016\/08\/rio-de-zaneiro-2-768x576.jpg 768w, https:\/\/www.prijedordanas.com\/wp-content\/uploads\/2016\/08\/rio-de-zaneiro-2-100x75.jpg 100w, https:\/\/www.prijedordanas.com\/wp-content\/uploads\/2016\/08\/rio-de-zaneiro-2-640x480.jpg 640w, https:\/\/www.prijedordanas.com\/wp-content\/uploads\/2016\/08\/rio-de-zaneiro-2.jpg 800w\" sizes=\"(max-width: 300px) 100vw, 300px\" \/><\/a> <a href=\"https:\/\/www.prijedordanas.com\/wp-content\/uploads\/2016\/08\/sambodromo-1.jpg\"><img loading=\"lazy\" decoding=\"async\" class=\"alignleft size-medium wp-image-57421\" src=\"https:\/\/www.prijedordanas.com\/wp-content\/uploads\/2016\/08\/sambodromo-1-300x218.jpg\" alt=\"sambodromo (1)\" width=\"300\" height=\"218\" srcset=\"https:\/\/www.prijedordanas.com\/wp-content\/uploads\/2016\/08\/sambodromo-1-300x218.jpg 300w, https:\/\/www.prijedordanas.com\/wp-content\/uploads\/2016\/08\/sambodromo-1-100x73.jpg 100w, https:\/\/www.prijedordanas.com\/wp-content\/uploads\/2016\/08\/sambodromo-1.jpg 600w\" sizes=\"(max-width: 300px) 100vw, 300px\" \/><\/a> <a href=\"https:\/\/www.prijedordanas.com\/wp-content\/uploads\/2016\/08\/sambodromo-2.jpg\"><img loading=\"lazy\" decoding=\"async\" class=\"alignleft size-medium wp-image-57422\" src=\"https:\/\/www.prijedordanas.com\/wp-content\/uploads\/2016\/08\/sambodromo-2-300x200.jpg\" alt=\"sambodromo (2)\" width=\"300\" height=\"200\" srcset=\"https:\/\/www.prijedordanas.com\/wp-content\/uploads\/2016\/08\/sambodromo-2-300x200.jpg 300w, https:\/\/www.prijedordanas.com\/wp-content\/uploads\/2016\/08\/sambodromo-2-100x67.jpg 100w, https:\/\/www.prijedordanas.com\/wp-content\/uploads\/2016\/08\/sambodromo-2-480x320.jpg 480w, https:\/\/www.prijedordanas.com\/wp-content\/uploads\/2016\/08\/sambodromo-2.jpg 600w\" sizes=\"(max-width: 300px) 100vw, 300px\" \/><\/a><\/p>\n","protected":false},"excerpt":{"rendered":"<p>\u010clanovi Olimpijskog tima Bosne i Hercegovine na Olimpijskim igrama u Rio de \u017daneiru, Prijedor\u010danka Lusija Kimani i njen suprug i trener Sini\u0161a Mar\u010deti\u0107, ve\u0107 tre\u0107i dan su u Olimpijskom selu [&hellip;]<\/p>\n","protected":false},"author":1,"featured_media":0,"comment_status":"closed","ping_status":"open","sticky":false,"template":"","format":"standard","meta":{"_monsterinsights_skip_tracking":false,"_monsterinsights_sitenote_active":false,"_monsterinsights_sitenote_note":"","_monsterinsights_sitenote_category":0,"footnotes":""},"categories":[7],"tags":[883,5798,5799,885],"yoast_head":"<!-- This site is optimized with the Yoast SEO plugin v21.6 - https:\/\/yoast.com\/wordpress\/plugins\/seo\/ -->\n<title>SPECIJALNI IZVJE\u0160TAJ SA OLIMPIJADE U RIJU: KIMANIJEVA TRENIRA, MAR\u010cETI\u0106 UPOZNAO \u0110OKOVI\u0106A - FOTO - PrijedorDanas.com - Prijedorski gradski portal<\/title>\n<meta name=\"robots\" content=\"index, follow, max-snippet:-1, max-image-preview:large, max-video-preview:-1\" \/>\n<link rel=\"canonical\" href=\"https:\/\/www.prijedordanas.com\/?p=57407\" \/>\n<meta property=\"og:locale\" content=\"en_US\" \/>\n<meta property=\"og:type\" content=\"article\" \/>\n<meta property=\"og:title\" content=\"SPECIJALNI IZVJE\u0160TAJ SA OLIMPIJADE U RIJU: KIMANIJEVA TRENIRA, MAR\u010cETI\u0106 UPOZNAO \u0110OKOVI\u0106A - FOTO - PrijedorDanas.com - Prijedorski gradski portal\" \/>\n<meta property=\"og:description\" content=\"\u010clanovi Olimpijskog tima Bosne i Hercegovine na Olimpijskim igrama u Rio de \u017daneiru, Prijedor\u010danka Lusija Kimani i njen suprug i trener Sini\u0161a Mar\u010deti\u0107, ve\u0107 tre\u0107i dan su u Olimpijskom selu [&hellip;]\" \/>\n<meta property=\"og:url\" content=\"https:\/\/www.prijedordanas.com\/?p=57407\" \/>\n<meta property=\"og:site_name\" content=\"PrijedorDanas.com - Prijedorski gradski portal\" \/>\n<meta property=\"article:publisher\" content=\"https:\/\/www.facebook.com\/PrijedorDanasCom\/\" \/>\n<meta property=\"article:published_time\" content=\"2016-08-03T11:02:15+00:00\" \/>\n<meta property=\"article:modified_time\" content=\"2016-08-05T11:10:00+00:00\" \/>\n<meta property=\"og:image\" content=\"https:\/\/www.prijedordanas.com\/wp-content\/uploads\/2016\/08\/rio-de-zaneiro-1-300x225.jpg\" \/>\n<meta name=\"author\" content=\"admin\" \/>\n<meta name=\"twitter:card\" content=\"summary_large_image\" \/>\n<meta name=\"twitter:label1\" content=\"Written by\" \/>\n\t<meta name=\"twitter:data1\" content=\"admin\" \/>\n\t<meta name=\"twitter:label2\" content=\"Est. reading time\" \/>\n\t<meta name=\"twitter:data2\" content=\"2 minutes\" \/>\n<script type=\"application\/ld+json\" class=\"yoast-schema-graph\">{\"@context\":\"https:\/\/schema.org\",\"@graph\":[{\"@type\":\"Article\",\"@id\":\"https:\/\/www.prijedordanas.com\/?p=57407#article\",\"isPartOf\":{\"@id\":\"https:\/\/www.prijedordanas.com\/?p=57407\"},\"author\":{\"name\":\"admin\",\"@id\":\"https:\/\/www.prijedordanas.com\/#\/schema\/person\/4e08ccf29b506ca916ff86d46bb700e6\"},\"headline\":\"SPECIJALNI IZVJE\u0160TAJ SA OLIMPIJADE U RIJU: KIMANIJEVA TRENIRA, MAR\u010cETI\u0106 UPOZNAO \u0110OKOVI\u0106A &#8211; FOTO\",\"datePublished\":\"2016-08-03T11:02:15+00:00\",\"dateModified\":\"2016-08-05T11:10:00+00:00\",\"mainEntityOfPage\":{\"@id\":\"https:\/\/www.prijedordanas.com\/?p=57407\"},\"wordCount\":341,\"publisher\":{\"@id\":\"https:\/\/www.prijedordanas.com\/#organization\"},\"keywords\":[\"Lusija Kimani\",\"olimpijske igre\",\"Rio de \u017daneiro\",\"Sini\u0161a Mar\u010deti\u0107\"],\"articleSection\":[\"Sport\"],\"inLanguage\":\"en-US\"},{\"@type\":\"WebPage\",\"@id\":\"https:\/\/www.prijedordanas.com\/?p=57407\",\"url\":\"https:\/\/www.prijedordanas.com\/?p=57407\",\"name\":\"SPECIJALNI IZVJE\u0160TAJ SA OLIMPIJADE U RIJU: KIMANIJEVA TRENIRA, MAR\u010cETI\u0106 UPOZNAO \u0110OKOVI\u0106A - FOTO - PrijedorDanas.com - Prijedorski gradski portal\",\"isPartOf\":{\"@id\":\"https:\/\/www.prijedordanas.com\/#website\"},\"datePublished\":\"2016-08-03T11:02:15+00:00\",\"dateModified\":\"2016-08-05T11:10:00+00:00\",\"breadcrumb\":{\"@id\":\"https:\/\/www.prijedordanas.com\/?p=57407#breadcrumb\"},\"inLanguage\":\"en-US\",\"potentialAction\":[{\"@type\":\"ReadAction\",\"target\":[\"https:\/\/www.prijedordanas.com\/?p=57407\"]}]},{\"@type\":\"BreadcrumbList\",\"@id\":\"https:\/\/www.prijedordanas.com\/?p=57407#breadcrumb\",\"itemListElement\":[{\"@type\":\"ListItem\",\"position\":1,\"name\":\"Home\",\"item\":\"https:\/\/www.prijedordanas.com\/\"},{\"@type\":\"ListItem\",\"position\":2,\"name\":\"SPECIJALNI IZVJE\u0160TAJ SA OLIMPIJADE U RIJU: KIMANIJEVA TRENIRA, MAR\u010cETI\u0106 UPOZNAO \u0110OKOVI\u0106A &#8211; FOTO\"}]},{\"@type\":\"WebSite\",\"@id\":\"https:\/\/www.prijedordanas.com\/#website\",\"url\":\"https:\/\/www.prijedordanas.com\/\",\"name\":\"PrijedorDanas.com - Prijedorski gradski portal\",\"description\":\"Portal o doga\u0111anjima u gradu Prijedoru\",\"publisher\":{\"@id\":\"https:\/\/www.prijedordanas.com\/#organization\"},\"potentialAction\":[{\"@type\":\"SearchAction\",\"target\":{\"@type\":\"EntryPoint\",\"urlTemplate\":\"https:\/\/www.prijedordanas.com\/?s={search_term_string}\"},\"query-input\":\"required name=search_term_string\"}],\"inLanguage\":\"en-US\"},{\"@type\":\"Organization\",\"@id\":\"https:\/\/www.prijedordanas.com\/#organization\",\"name\":\"PrijedorDanas.com\",\"url\":\"https:\/\/www.prijedordanas.com\/\",\"logo\":{\"@type\":\"ImageObject\",\"inLanguage\":\"en-US\",\"@id\":\"https:\/\/www.prijedordanas.com\/#\/schema\/logo\/image\/\",\"url\":\"http:\/\/www.prijedordanas.com\/wp-content\/uploads\/2021\/12\/logopng.png\",\"contentUrl\":\"http:\/\/www.prijedordanas.com\/wp-content\/uploads\/2021\/12\/logopng.png\",\"width\":1019,\"height\":776,\"caption\":\"PrijedorDanas.com\"},\"image\":{\"@id\":\"https:\/\/www.prijedordanas.com\/#\/schema\/logo\/image\/\"},\"sameAs\":[\"https:\/\/www.facebook.com\/PrijedorDanasCom\/\"]},{\"@type\":\"Person\",\"@id\":\"https:\/\/www.prijedordanas.com\/#\/schema\/person\/4e08ccf29b506ca916ff86d46bb700e6\",\"name\":\"admin\",\"image\":{\"@type\":\"ImageObject\",\"inLanguage\":\"en-US\",\"@id\":\"https:\/\/www.prijedordanas.com\/#\/schema\/person\/image\/\",\"url\":\"https:\/\/secure.gravatar.com\/avatar\/1d3fc949d550f0b53a5f0d51e06dfd79?s=96&d=mm&r=g\",\"contentUrl\":\"https:\/\/secure.gravatar.com\/avatar\/1d3fc949d550f0b53a5f0d51e06dfd79?s=96&d=mm&r=g\",\"caption\":\"admin\"},\"url\":\"https:\/\/www.prijedordanas.com\/?author=1\"}]}<\/script>\n<!-- \/ Yoast SEO plugin. -->","yoast_head_json":{"title":"SPECIJALNI IZVJE\u0160TAJ SA OLIMPIJADE U RIJU: KIMANIJEVA TRENIRA, MAR\u010cETI\u0106 UPOZNAO \u0110OKOVI\u0106A - FOTO - PrijedorDanas.com - Prijedorski gradski portal","robots":{"index":"index","follow":"follow","max-snippet":"max-snippet:-1","max-image-preview":"max-image-preview:large","max-video-preview":"max-video-preview:-1"},"canonical":"https:\/\/www.prijedordanas.com\/?p=57407","og_locale":"en_US","og_type":"article","og_title":"SPECIJALNI IZVJE\u0160TAJ SA OLIMPIJADE U RIJU: KIMANIJEVA TRENIRA, MAR\u010cETI\u0106 UPOZNAO \u0110OKOVI\u0106A - FOTO - PrijedorDanas.com - Prijedorski gradski portal","og_description":"\u010clanovi Olimpijskog tima Bosne i Hercegovine na Olimpijskim igrama u Rio de \u017daneiru, Prijedor\u010danka Lusija Kimani i njen suprug i trener Sini\u0161a Mar\u010deti\u0107, ve\u0107 tre\u0107i dan su u Olimpijskom selu [&hellip;]","og_url":"https:\/\/www.prijedordanas.com\/?p=57407","og_site_name":"PrijedorDanas.com - Prijedorski gradski portal","article_publisher":"https:\/\/www.facebook.com\/PrijedorDanasCom\/","article_published_time":"2016-08-03T11:02:15+00:00","article_modified_time":"2016-08-05T11:10:00+00:00","og_image":[{"url":"https:\/\/www.prijedordanas.com\/wp-content\/uploads\/2016\/08\/rio-de-zaneiro-1-300x225.jpg"}],"author":"admin","twitter_card":"summary_large_image","twitter_misc":{"Written by":"admin","Est. reading time":"2 minutes"},"schema":{"@context":"https:\/\/schema.org","@graph":[{"@type":"Article","@id":"https:\/\/www.prijedordanas.com\/?p=57407#article","isPartOf":{"@id":"https:\/\/www.prijedordanas.com\/?p=57407"},"author":{"name":"admin","@id":"https:\/\/www.prijedordanas.com\/#\/schema\/person\/4e08ccf29b506ca916ff86d46bb700e6"},"headline":"SPECIJALNI IZVJE\u0160TAJ SA OLIMPIJADE U RIJU: KIMANIJEVA TRENIRA, MAR\u010cETI\u0106 UPOZNAO \u0110OKOVI\u0106A &#8211; FOTO","datePublished":"2016-08-03T11:02:15+00:00","dateModified":"2016-08-05T11:10:00+00:00","mainEntityOfPage":{"@id":"https:\/\/www.prijedordanas.com\/?p=57407"},"wordCount":341,"publisher":{"@id":"https:\/\/www.prijedordanas.com\/#organization"},"keywords":["Lusija Kimani","olimpijske igre","Rio de \u017daneiro","Sini\u0161a Mar\u010deti\u0107"],"articleSection":["Sport"],"inLanguage":"en-US"},{"@type":"WebPage","@id":"https:\/\/www.prijedordanas.com\/?p=57407","url":"https:\/\/www.prijedordanas.com\/?p=57407","name":"SPECIJALNI IZVJE\u0160TAJ SA OLIMPIJADE U RIJU: KIMANIJEVA TRENIRA, MAR\u010cETI\u0106 UPOZNAO \u0110OKOVI\u0106A - FOTO - PrijedorDanas.com - Prijedorski gradski portal","isPartOf":{"@id":"https:\/\/www.prijedordanas.com\/#website"},"datePublished":"2016-08-03T11:02:15+00:00","dateModified":"2016-08-05T11:10:00+00:00","breadcrumb":{"@id":"https:\/\/www.prijedordanas.com\/?p=57407#breadcrumb"},"inLanguage":"en-US","potentialAction":[{"@type":"ReadAction","target":["https:\/\/www.prijedordanas.com\/?p=57407"]}]},{"@type":"BreadcrumbList","@id":"https:\/\/www.prijedordanas.com\/?p=57407#breadcrumb","itemListElement":[{"@type":"ListItem","position":1,"name":"Home","item":"https:\/\/www.prijedordanas.com\/"},{"@type":"ListItem","position":2,"name":"SPECIJALNI IZVJE\u0160TAJ SA OLIMPIJADE U RIJU: KIMANIJEVA TRENIRA, MAR\u010cETI\u0106 UPOZNAO \u0110OKOVI\u0106A &#8211; FOTO"}]},{"@type":"WebSite","@id":"https:\/\/www.prijedordanas.com\/#website","url":"https:\/\/www.prijedordanas.com\/","name":"PrijedorDanas.com - Prijedorski gradski portal","description":"Portal o doga\u0111anjima u gradu Prijedoru","publisher":{"@id":"https:\/\/www.prijedordanas.com\/#organization"},"potentialAction":[{"@type":"SearchAction","target":{"@type":"EntryPoint","urlTemplate":"https:\/\/www.prijedordanas.com\/?s={search_term_string}"},"query-input":"required name=search_term_string"}],"inLanguage":"en-US"},{"@type":"Organization","@id":"https:\/\/www.prijedordanas.com\/#organization","name":"PrijedorDanas.com","url":"https:\/\/www.prijedordanas.com\/","logo":{"@type":"ImageObject","inLanguage":"en-US","@id":"https:\/\/www.prijedordanas.com\/#\/schema\/logo\/image\/","url":"http:\/\/www.prijedordanas.com\/wp-content\/uploads\/2021\/12\/logopng.png","contentUrl":"http:\/\/www.prijedordanas.com\/wp-content\/uploads\/2021\/12\/logopng.png","width":1019,"height":776,"caption":"PrijedorDanas.com"},"image":{"@id":"https:\/\/www.prijedordanas.com\/#\/schema\/logo\/image\/"},"sameAs":["https:\/\/www.facebook.com\/PrijedorDanasCom\/"]},{"@type":"Person","@id":"https:\/\/www.prijedordanas.com\/#\/schema\/person\/4e08ccf29b506ca916ff86d46bb700e6","name":"admin","image":{"@type":"ImageObject","inLanguage":"en-US","@id":"https:\/\/www.prijedordanas.com\/#\/schema\/person\/image\/","url":"https:\/\/secure.gravatar.com\/avatar\/1d3fc949d550f0b53a5f0d51e06dfd79?s=96&d=mm&r=g","contentUrl":"https:\/\/secure.gravatar.com\/avatar\/1d3fc949d550f0b53a5f0d51e06dfd79?s=96&d=mm&r=g","caption":"admin"},"url":"https:\/\/www.prijedordanas.com\/?author=1"}]}},"_links":{"self":[{"href":"https:\/\/www.prijedordanas.com\/index.php?rest_route=\/wp\/v2\/posts\/57407"}],"collection":[{"href":"https:\/\/www.prijedordanas.com\/index.php?rest_route=\/wp\/v2\/posts"}],"about":[{"href":"https:\/\/www.prijedordanas.com\/index.php?rest_route=\/wp\/v2\/types\/post"}],"author":[{"embeddable":true,"href":"https:\/\/www.prijedordanas.com\/index.php?rest_route=\/wp\/v2\/users\/1"}],"replies":[{"embeddable":true,"href":"https:\/\/www.prijedordanas.com\/index.php?rest_route=%2Fwp%2Fv2%2Fcomments&post=57407"}],"version-history":[{"count":7,"href":"https:\/\/www.prijedordanas.com\/index.php?rest_route=\/wp\/v2\/posts\/57407\/revisions"}],"predecessor-version":[{"id":57468,"href":"https:\/\/www.prijedordanas.com\/index.php?rest_route=\/wp\/v2\/posts\/57407\/revisions\/57468"}],"wp:attachment":[{"href":"https:\/\/www.prijedordanas.com\/index.php?rest_route=%2Fwp%2Fv2%2Fmedia&parent=57407"}],"wp:term":[{"taxonomy":"category","embeddable":true,"href":"https:\/\/www.prijedordanas.com\/index.php?rest_route=%2Fwp%2Fv2%2Fcategories&post=57407"},{"taxonomy":"post_tag","embeddable":true,"href":"https:\/\/www.prijedordanas.com\/index.php?rest_route=%2Fwp%2Fv2%2Ftags&post=57407"}],"curies":[{"name":"wp","href":"https:\/\/api.w.org\/{rel}","templated":true}]}}