{"id":57027,"date":"2016-07-30T22:13:53","date_gmt":"2016-07-30T20:13:53","guid":{"rendered":"https:\/\/www.prijedordanas.com\/?p=57027"},"modified":"2016-07-30T22:13:53","modified_gmt":"2016-07-30T20:13:53","slug":"penzionerska-avantura-na-triciklima-video","status":"publish","type":"post","link":"https:\/\/www.prijedordanas.com\/?p=57027","title":{"rendered":"PENZIONERSKA AVANTURA NA TRICIKLIMA \u2013 VIDEO"},"content":{"rendered":"<p><a href=\"https:\/\/www.prijedordanas.com\/wp-content\/uploads\/2016\/07\/rtrs-tricikli-penzioneri-1.jpg\"><img loading=\"lazy\" decoding=\"async\" class=\"alignleft size-medium wp-image-57028\" src=\"https:\/\/www.prijedordanas.com\/wp-content\/uploads\/2016\/07\/rtrs-tricikli-penzioneri-1-300x225.jpg\" alt=\"rtrs-tricikli-penzioneri (1)\" width=\"300\" height=\"225\" srcset=\"https:\/\/www.prijedordanas.com\/wp-content\/uploads\/2016\/07\/rtrs-tricikli-penzioneri-1-300x225.jpg 300w, https:\/\/www.prijedordanas.com\/wp-content\/uploads\/2016\/07\/rtrs-tricikli-penzioneri-1-100x75.jpg 100w, https:\/\/www.prijedordanas.com\/wp-content\/uploads\/2016\/07\/rtrs-tricikli-penzioneri-1.jpg 600w\" sizes=\"(max-width: 300px) 100vw, 300px\" \/><\/a>Neobi\u010dni putnici u Prijedoru. Dva prijatelja, 77-godi\u0161nji \u0408o\u017ee Marolt i 70-godi\u0161nji \u0408akov Raspet krenuli su iz Slovenije u avanturu triciklima. \u0408edan je krenuo iz Maribora, drugi iz Ljubljane.<\/p>\n<p>U Prijedoru su se sreli, da bi zajedno nastavili avantutu. Ka\u017eu, putova\u0107e bez plana, dok god ih zdravlje slu\u017ei.<\/p>\n<p>\u0408o\u017ee i \u0408akov, penzioneri &#8211; avanturisti u osmoj deceniji, neobi\u010dnim triciklima pro\u0161le sedmice krenuli su iz Slovenije putevima biv\u0161e \u0408ugoslavije.<\/p>\n<p>Svako je krenuo iz svog grada, a sastali su se u Prijedoru. Spavaju i kuvaju pod vedrim nebom, a tricikli su im pokretna ku\u0107a. Ka\u017eu, za ovakvu avanturu potrebno je imati slobodnog vremena, sasvim malo novca i biti pomalo lud.<\/p>\n<p><a href=\"https:\/\/www.prijedordanas.com\/wp-content\/uploads\/2016\/07\/rtrs-tricikli-penzioneri-3.jpg\"><img loading=\"lazy\" decoding=\"async\" class=\"alignleft size-medium wp-image-57029\" src=\"https:\/\/www.prijedordanas.com\/wp-content\/uploads\/2016\/07\/rtrs-tricikli-penzioneri-3-300x149.jpg\" alt=\"rtrs-tricikli-penzioneri (3)\" width=\"300\" height=\"149\" srcset=\"https:\/\/www.prijedordanas.com\/wp-content\/uploads\/2016\/07\/rtrs-tricikli-penzioneri-3-300x149.jpg 300w, https:\/\/www.prijedordanas.com\/wp-content\/uploads\/2016\/07\/rtrs-tricikli-penzioneri-3-100x50.jpg 100w, https:\/\/www.prijedordanas.com\/wp-content\/uploads\/2016\/07\/rtrs-tricikli-penzioneri-3.jpg 500w\" sizes=\"(max-width: 300px) 100vw, 300px\" \/><\/a>&#8220;Mi smo penzioneri, imamo mjesec, mjesec i po dana, gdje god stignemo tamo prespavamo, nemamo nikakvog plana. Gdje god smo stigli vrlo ljubazni ljudi&#8221;, ka\u017ee \u0408o\u017ee Marolt iz Maribora.<\/p>\n<p>&#8220;Namirnice kuhinju, imam i \u0161ator, rijetko ga postavljam jer nije ni potrebno, a gore na vrhu mi je spava\u0107a soba&#8221;, doadje i njegov saputnik, \u0408akov Raspet, a na pitanje kakoporodica reaguje. \u0161aljivo odgovara: &#8220;Porodica, polako sam je nau\u010dio da sam malo \u010duknut u glavu&#8221;.<\/p>\n<p>Upoznali su se slu\u010dajno, spojila ih je ljubav prema triciklima. \u0408o\u017ee je na triciklu u Americi i Kanadi proputovao 13 hiljada kilometara.<\/p>\n<p><a href=\"https:\/\/www.prijedordanas.com\/wp-content\/uploads\/2016\/07\/rtrs-tricikli-penzioneri-2.jpg\"><img loading=\"lazy\" decoding=\"async\" class=\"alignleft size-medium wp-image-57030\" src=\"https:\/\/www.prijedordanas.com\/wp-content\/uploads\/2016\/07\/rtrs-tricikli-penzioneri-2-300x158.jpg\" alt=\"rtrs-tricikli-penzioneri (2)\" width=\"300\" height=\"158\" srcset=\"https:\/\/www.prijedordanas.com\/wp-content\/uploads\/2016\/07\/rtrs-tricikli-penzioneri-2-300x158.jpg 300w, https:\/\/www.prijedordanas.com\/wp-content\/uploads\/2016\/07\/rtrs-tricikli-penzioneri-2-100x53.jpg 100w, https:\/\/www.prijedordanas.com\/wp-content\/uploads\/2016\/07\/rtrs-tricikli-penzioneri-2.jpg 500w\" sizes=\"(max-width: 300px) 100vw, 300px\" \/><\/a>&#8220;Glavni problem za mene je bio u Arizoni, to su one pustinje, bile su zmije, bojao sam se zmija, a u Kanadi medvjedi. \u010cetiri puta sam u Kanadi sreo medvjeda&#8221;, govori \u0408o\u017ee Marolt.<\/p>\n<p>Ovi avanturisti ka\u017eu, iz Srpske \u0107e ponijeti lijepe uspomene na ljubazne doma\u0107ine.<\/p>\n<p>Nekoliko dana putova\u0107e zajedno, a onda svako svojim putem. Va\u017eno je da su u prirodi. Osje\u0107aj slobode, ka\u017eu, nema cijenu.<\/p>\n<p>RTRS<\/p>\n<p><iframe loading=\"lazy\" width=\"500\" height=\"375\" src=\"https:\/\/www.youtube.com\/embed\/ac8a9pdxxY0?feature=oembed\" frameborder=\"0\" allowfullscreen><\/iframe><\/p>\n","protected":false},"excerpt":{"rendered":"<p>Neobi\u010dni putnici u Prijedoru. Dva prijatelja, 77-godi\u0161nji \u0408o\u017ee Marolt i 70-godi\u0161nji \u0408akov Raspet krenuli su iz Slovenije u avanturu triciklima. \u0408edan je krenuo iz Maribora, drugi iz Ljubljane. U Prijedoru [&hellip;]<\/p>\n","protected":false},"author":1,"featured_media":0,"comment_status":"closed","ping_status":"open","sticky":false,"template":"","format":"standard","meta":{"_monsterinsights_skip_tracking":false,"_monsterinsights_sitenote_active":false,"_monsterinsights_sitenote_note":"","_monsterinsights_sitenote_category":0,"footnotes":""},"categories":[3],"tags":[],"yoast_head":"<!-- This site is optimized with the Yoast SEO plugin v21.6 - https:\/\/yoast.com\/wordpress\/plugins\/seo\/ -->\n<title>PENZIONERSKA AVANTURA NA TRICIKLIMA \u2013 VIDEO - PrijedorDanas.com - Prijedorski gradski portal<\/title>\n<meta name=\"robots\" content=\"index, follow, max-snippet:-1, max-image-preview:large, max-video-preview:-1\" \/>\n<link rel=\"canonical\" href=\"https:\/\/www.prijedordanas.com\/?p=57027\" \/>\n<meta property=\"og:locale\" content=\"en_US\" \/>\n<meta property=\"og:type\" content=\"article\" \/>\n<meta property=\"og:title\" content=\"PENZIONERSKA AVANTURA NA TRICIKLIMA \u2013 VIDEO - PrijedorDanas.com - Prijedorski gradski portal\" \/>\n<meta property=\"og:description\" content=\"Neobi\u010dni putnici u Prijedoru. Dva prijatelja, 77-godi\u0161nji \u0408o\u017ee Marolt i 70-godi\u0161nji \u0408akov Raspet krenuli su iz Slovenije u avanturu triciklima. \u0408edan je krenuo iz Maribora, drugi iz Ljubljane. U Prijedoru [&hellip;]\" \/>\n<meta property=\"og:url\" content=\"https:\/\/www.prijedordanas.com\/?p=57027\" \/>\n<meta property=\"og:site_name\" content=\"PrijedorDanas.com - Prijedorski gradski portal\" \/>\n<meta property=\"article:publisher\" content=\"https:\/\/www.facebook.com\/PrijedorDanasCom\/\" \/>\n<meta property=\"article:published_time\" content=\"2016-07-30T20:13:53+00:00\" \/>\n<meta property=\"og:image\" content=\"https:\/\/www.prijedordanas.com\/wp-content\/uploads\/2016\/07\/rtrs-tricikli-penzioneri-1-300x225.jpg\" \/>\n<meta name=\"author\" content=\"admin\" \/>\n<meta name=\"twitter:card\" content=\"summary_large_image\" \/>\n<meta name=\"twitter:label1\" content=\"Written by\" \/>\n\t<meta name=\"twitter:data1\" content=\"admin\" \/>\n\t<meta name=\"twitter:label2\" content=\"Est. reading time\" \/>\n\t<meta name=\"twitter:data2\" content=\"1 minute\" \/>\n<script type=\"application\/ld+json\" class=\"yoast-schema-graph\">{\"@context\":\"https:\/\/schema.org\",\"@graph\":[{\"@type\":\"Article\",\"@id\":\"https:\/\/www.prijedordanas.com\/?p=57027#article\",\"isPartOf\":{\"@id\":\"https:\/\/www.prijedordanas.com\/?p=57027\"},\"author\":{\"name\":\"admin\",\"@id\":\"https:\/\/www.prijedordanas.com\/#\/schema\/person\/4e08ccf29b506ca916ff86d46bb700e6\"},\"headline\":\"PENZIONERSKA AVANTURA NA TRICIKLIMA \u2013 VIDEO\",\"datePublished\":\"2016-07-30T20:13:53+00:00\",\"dateModified\":\"2016-07-30T20:13:53+00:00\",\"mainEntityOfPage\":{\"@id\":\"https:\/\/www.prijedordanas.com\/?p=57027\"},\"wordCount\":304,\"publisher\":{\"@id\":\"https:\/\/www.prijedordanas.com\/#organization\"},\"articleSection\":[\"\u017divot\"],\"inLanguage\":\"en-US\"},{\"@type\":\"WebPage\",\"@id\":\"https:\/\/www.prijedordanas.com\/?p=57027\",\"url\":\"https:\/\/www.prijedordanas.com\/?p=57027\",\"name\":\"PENZIONERSKA AVANTURA NA TRICIKLIMA \u2013 VIDEO - PrijedorDanas.com - Prijedorski gradski portal\",\"isPartOf\":{\"@id\":\"https:\/\/www.prijedordanas.com\/#website\"},\"datePublished\":\"2016-07-30T20:13:53+00:00\",\"dateModified\":\"2016-07-30T20:13:53+00:00\",\"breadcrumb\":{\"@id\":\"https:\/\/www.prijedordanas.com\/?p=57027#breadcrumb\"},\"inLanguage\":\"en-US\",\"potentialAction\":[{\"@type\":\"ReadAction\",\"target\":[\"https:\/\/www.prijedordanas.com\/?p=57027\"]}]},{\"@type\":\"BreadcrumbList\",\"@id\":\"https:\/\/www.prijedordanas.com\/?p=57027#breadcrumb\",\"itemListElement\":[{\"@type\":\"ListItem\",\"position\":1,\"name\":\"Home\",\"item\":\"https:\/\/www.prijedordanas.com\/\"},{\"@type\":\"ListItem\",\"position\":2,\"name\":\"PENZIONERSKA AVANTURA NA TRICIKLIMA \u2013 VIDEO\"}]},{\"@type\":\"WebSite\",\"@id\":\"https:\/\/www.prijedordanas.com\/#website\",\"url\":\"https:\/\/www.prijedordanas.com\/\",\"name\":\"PrijedorDanas.com - Prijedorski gradski portal\",\"description\":\"Portal o doga\u0111anjima u gradu Prijedoru\",\"publisher\":{\"@id\":\"https:\/\/www.prijedordanas.com\/#organization\"},\"potentialAction\":[{\"@type\":\"SearchAction\",\"target\":{\"@type\":\"EntryPoint\",\"urlTemplate\":\"https:\/\/www.prijedordanas.com\/?s={search_term_string}\"},\"query-input\":\"required name=search_term_string\"}],\"inLanguage\":\"en-US\"},{\"@type\":\"Organization\",\"@id\":\"https:\/\/www.prijedordanas.com\/#organization\",\"name\":\"PrijedorDanas.com\",\"url\":\"https:\/\/www.prijedordanas.com\/\",\"logo\":{\"@type\":\"ImageObject\",\"inLanguage\":\"en-US\",\"@id\":\"https:\/\/www.prijedordanas.com\/#\/schema\/logo\/image\/\",\"url\":\"http:\/\/www.prijedordanas.com\/wp-content\/uploads\/2021\/12\/logopng.png\",\"contentUrl\":\"http:\/\/www.prijedordanas.com\/wp-content\/uploads\/2021\/12\/logopng.png\",\"width\":1019,\"height\":776,\"caption\":\"PrijedorDanas.com\"},\"image\":{\"@id\":\"https:\/\/www.prijedordanas.com\/#\/schema\/logo\/image\/\"},\"sameAs\":[\"https:\/\/www.facebook.com\/PrijedorDanasCom\/\"]},{\"@type\":\"Person\",\"@id\":\"https:\/\/www.prijedordanas.com\/#\/schema\/person\/4e08ccf29b506ca916ff86d46bb700e6\",\"name\":\"admin\",\"image\":{\"@type\":\"ImageObject\",\"inLanguage\":\"en-US\",\"@id\":\"https:\/\/www.prijedordanas.com\/#\/schema\/person\/image\/\",\"url\":\"https:\/\/secure.gravatar.com\/avatar\/1d3fc949d550f0b53a5f0d51e06dfd79?s=96&d=mm&r=g\",\"contentUrl\":\"https:\/\/secure.gravatar.com\/avatar\/1d3fc949d550f0b53a5f0d51e06dfd79?s=96&d=mm&r=g\",\"caption\":\"admin\"},\"url\":\"https:\/\/www.prijedordanas.com\/?author=1\"}]}<\/script>\n<!-- \/ Yoast SEO plugin. -->","yoast_head_json":{"title":"PENZIONERSKA AVANTURA NA TRICIKLIMA \u2013 VIDEO - PrijedorDanas.com - Prijedorski gradski portal","robots":{"index":"index","follow":"follow","max-snippet":"max-snippet:-1","max-image-preview":"max-image-preview:large","max-video-preview":"max-video-preview:-1"},"canonical":"https:\/\/www.prijedordanas.com\/?p=57027","og_locale":"en_US","og_type":"article","og_title":"PENZIONERSKA AVANTURA NA TRICIKLIMA \u2013 VIDEO - PrijedorDanas.com - Prijedorski gradski portal","og_description":"Neobi\u010dni putnici u Prijedoru. Dva prijatelja, 77-godi\u0161nji \u0408o\u017ee Marolt i 70-godi\u0161nji \u0408akov Raspet krenuli su iz Slovenije u avanturu triciklima. \u0408edan je krenuo iz Maribora, drugi iz Ljubljane. U Prijedoru [&hellip;]","og_url":"https:\/\/www.prijedordanas.com\/?p=57027","og_site_name":"PrijedorDanas.com - Prijedorski gradski portal","article_publisher":"https:\/\/www.facebook.com\/PrijedorDanasCom\/","article_published_time":"2016-07-30T20:13:53+00:00","og_image":[{"url":"https:\/\/www.prijedordanas.com\/wp-content\/uploads\/2016\/07\/rtrs-tricikli-penzioneri-1-300x225.jpg"}],"author":"admin","twitter_card":"summary_large_image","twitter_misc":{"Written by":"admin","Est. reading time":"1 minute"},"schema":{"@context":"https:\/\/schema.org","@graph":[{"@type":"Article","@id":"https:\/\/www.prijedordanas.com\/?p=57027#article","isPartOf":{"@id":"https:\/\/www.prijedordanas.com\/?p=57027"},"author":{"name":"admin","@id":"https:\/\/www.prijedordanas.com\/#\/schema\/person\/4e08ccf29b506ca916ff86d46bb700e6"},"headline":"PENZIONERSKA AVANTURA NA TRICIKLIMA \u2013 VIDEO","datePublished":"2016-07-30T20:13:53+00:00","dateModified":"2016-07-30T20:13:53+00:00","mainEntityOfPage":{"@id":"https:\/\/www.prijedordanas.com\/?p=57027"},"wordCount":304,"publisher":{"@id":"https:\/\/www.prijedordanas.com\/#organization"},"articleSection":["\u017divot"],"inLanguage":"en-US"},{"@type":"WebPage","@id":"https:\/\/www.prijedordanas.com\/?p=57027","url":"https:\/\/www.prijedordanas.com\/?p=57027","name":"PENZIONERSKA AVANTURA NA TRICIKLIMA \u2013 VIDEO - PrijedorDanas.com - Prijedorski gradski portal","isPartOf":{"@id":"https:\/\/www.prijedordanas.com\/#website"},"datePublished":"2016-07-30T20:13:53+00:00","dateModified":"2016-07-30T20:13:53+00:00","breadcrumb":{"@id":"https:\/\/www.prijedordanas.com\/?p=57027#breadcrumb"},"inLanguage":"en-US","potentialAction":[{"@type":"ReadAction","target":["https:\/\/www.prijedordanas.com\/?p=57027"]}]},{"@type":"BreadcrumbList","@id":"https:\/\/www.prijedordanas.com\/?p=57027#breadcrumb","itemListElement":[{"@type":"ListItem","position":1,"name":"Home","item":"https:\/\/www.prijedordanas.com\/"},{"@type":"ListItem","position":2,"name":"PENZIONERSKA AVANTURA NA TRICIKLIMA \u2013 VIDEO"}]},{"@type":"WebSite","@id":"https:\/\/www.prijedordanas.com\/#website","url":"https:\/\/www.prijedordanas.com\/","name":"PrijedorDanas.com - Prijedorski gradski portal","description":"Portal o doga\u0111anjima u gradu Prijedoru","publisher":{"@id":"https:\/\/www.prijedordanas.com\/#organization"},"potentialAction":[{"@type":"SearchAction","target":{"@type":"EntryPoint","urlTemplate":"https:\/\/www.prijedordanas.com\/?s={search_term_string}"},"query-input":"required name=search_term_string"}],"inLanguage":"en-US"},{"@type":"Organization","@id":"https:\/\/www.prijedordanas.com\/#organization","name":"PrijedorDanas.com","url":"https:\/\/www.prijedordanas.com\/","logo":{"@type":"ImageObject","inLanguage":"en-US","@id":"https:\/\/www.prijedordanas.com\/#\/schema\/logo\/image\/","url":"http:\/\/www.prijedordanas.com\/wp-content\/uploads\/2021\/12\/logopng.png","contentUrl":"http:\/\/www.prijedordanas.com\/wp-content\/uploads\/2021\/12\/logopng.png","width":1019,"height":776,"caption":"PrijedorDanas.com"},"image":{"@id":"https:\/\/www.prijedordanas.com\/#\/schema\/logo\/image\/"},"sameAs":["https:\/\/www.facebook.com\/PrijedorDanasCom\/"]},{"@type":"Person","@id":"https:\/\/www.prijedordanas.com\/#\/schema\/person\/4e08ccf29b506ca916ff86d46bb700e6","name":"admin","image":{"@type":"ImageObject","inLanguage":"en-US","@id":"https:\/\/www.prijedordanas.com\/#\/schema\/person\/image\/","url":"https:\/\/secure.gravatar.com\/avatar\/1d3fc949d550f0b53a5f0d51e06dfd79?s=96&d=mm&r=g","contentUrl":"https:\/\/secure.gravatar.com\/avatar\/1d3fc949d550f0b53a5f0d51e06dfd79?s=96&d=mm&r=g","caption":"admin"},"url":"https:\/\/www.prijedordanas.com\/?author=1"}]}},"_links":{"self":[{"href":"https:\/\/www.prijedordanas.com\/index.php?rest_route=\/wp\/v2\/posts\/57027"}],"collection":[{"href":"https:\/\/www.prijedordanas.com\/index.php?rest_route=\/wp\/v2\/posts"}],"about":[{"href":"https:\/\/www.prijedordanas.com\/index.php?rest_route=\/wp\/v2\/types\/post"}],"author":[{"embeddable":true,"href":"https:\/\/www.prijedordanas.com\/index.php?rest_route=\/wp\/v2\/users\/1"}],"replies":[{"embeddable":true,"href":"https:\/\/www.prijedordanas.com\/index.php?rest_route=%2Fwp%2Fv2%2Fcomments&post=57027"}],"version-history":[{"count":1,"href":"https:\/\/www.prijedordanas.com\/index.php?rest_route=\/wp\/v2\/posts\/57027\/revisions"}],"predecessor-version":[{"id":57031,"href":"https:\/\/www.prijedordanas.com\/index.php?rest_route=\/wp\/v2\/posts\/57027\/revisions\/57031"}],"wp:attachment":[{"href":"https:\/\/www.prijedordanas.com\/index.php?rest_route=%2Fwp%2Fv2%2Fmedia&parent=57027"}],"wp:term":[{"taxonomy":"category","embeddable":true,"href":"https:\/\/www.prijedordanas.com\/index.php?rest_route=%2Fwp%2Fv2%2Fcategories&post=57027"},{"taxonomy":"post_tag","embeddable":true,"href":"https:\/\/www.prijedordanas.com\/index.php?rest_route=%2Fwp%2Fv2%2Ftags&post=57027"}],"curies":[{"name":"wp","href":"https:\/\/api.w.org\/{rel}","templated":true}]}}