{"id":56987,"date":"2016-07-30T12:04:52","date_gmt":"2016-07-30T10:04:52","guid":{"rendered":"https:\/\/www.prijedordanas.com\/?p=56987"},"modified":"2016-07-30T12:04:52","modified_gmt":"2016-07-30T10:04:52","slug":"galerija-96-otvorena-izlozba-fotografija-igora-motla-teatar-foto","status":"publish","type":"post","link":"https:\/\/www.prijedordanas.com\/?p=56987","title":{"rendered":"GALERIJA 96: OTVORENA IZLO\u017dBA FOTOGRAFIJA IGORA MOTLA &#8220;TEATAR&#8221; &#8211; FOTO"},"content":{"rendered":"<p><a href=\"https:\/\/www.prijedordanas.com\/wp-content\/uploads\/2016\/07\/izlozba-igora-motla-1.jpg\"><img loading=\"lazy\" decoding=\"async\" class=\"alignleft size-medium wp-image-56979\" src=\"https:\/\/www.prijedordanas.com\/wp-content\/uploads\/2016\/07\/izlozba-igora-motla-1-300x199.jpg\" alt=\"izlozba igora motla (1)\" width=\"300\" height=\"199\" srcset=\"https:\/\/www.prijedordanas.com\/wp-content\/uploads\/2016\/07\/izlozba-igora-motla-1-300x200.jpg 300w, https:\/\/www.prijedordanas.com\/wp-content\/uploads\/2016\/07\/izlozba-igora-motla-1-100x66.jpg 100w, https:\/\/www.prijedordanas.com\/wp-content\/uploads\/2016\/07\/izlozba-igora-motla-1-480x320.jpg 480w, https:\/\/www.prijedordanas.com\/wp-content\/uploads\/2016\/07\/izlozba-igora-motla-1.jpg 600w\" sizes=\"(max-width: 300px) 100vw, 300px\" \/><\/a>Izlo\u017eba fotografija Igora Motla pod nazivom &#8220;Teatar&#8221; otvorena je u Prijedoru i posjetioci Galerije `96 mogu je pogledati do 23. avgusta.<\/p>\n<p>Direktor Pozori\u0161ta Prijedor Zoran Baro\u0161 zahvalio je prijedorskoj galeriji za prostor ustupljen teatru i rekao da Pozori\u0161te Prijedor sa fotografom i muzi\u010darem Igorom Motlom sara\u0111uje ne\u0161to du\u017ee od jedne decenije i na planu fotografije i na planu muzike.<\/p>\n<p>&#8220;Kad pogledate ove fotografije, vidje\u0107ete sve \u0161to pozori\u0161te ima, a \u0161to mnogi od vas nisu u prilici da vide: i kostim i scenografija i prostor iza scene i ispod scene. To je nama zna\u010dajna izlo\u017ebena i arhivska gra\u0111a koja \u0107e se poslije preseliti u Pozori\u0161te Prijedor. Portreti glumaca bi\u0107e izlo\u017eeni u pozori\u0161tu, kao \u0161to je praksa u svim lijepim teatrima&#8221;, rekao je Baro\u0161 otvaraju\u0107i sino\u0107 izlo\u017ebu.<\/p>\n<p><a href=\"https:\/\/www.prijedordanas.com\/wp-content\/uploads\/2016\/07\/izlozba-igora-motla-2.jpg\"><img loading=\"lazy\" decoding=\"async\" class=\"alignleft size-medium wp-image-56988\" src=\"https:\/\/www.prijedordanas.com\/wp-content\/uploads\/2016\/07\/izlozba-igora-motla-2-300x199.jpg\" alt=\"izlozba igora motla (2)\" width=\"300\" height=\"199\" srcset=\"https:\/\/www.prijedordanas.com\/wp-content\/uploads\/2016\/07\/izlozba-igora-motla-2-300x200.jpg 300w, https:\/\/www.prijedordanas.com\/wp-content\/uploads\/2016\/07\/izlozba-igora-motla-2-100x66.jpg 100w, https:\/\/www.prijedordanas.com\/wp-content\/uploads\/2016\/07\/izlozba-igora-motla-2-480x320.jpg 480w, https:\/\/www.prijedordanas.com\/wp-content\/uploads\/2016\/07\/izlozba-igora-motla-2.jpg 600w\" sizes=\"(max-width: 300px) 100vw, 300px\" \/><\/a>Autor izlo\u017ebe Igor Motl, kojem je ovo \u010detvrta samostalna izlo\u017eba fotografija, rekao je da sa Pozori\u0161tem Prijedor sara\u0111uje od predstave &#8220;Zlo\u010din i kazna&#8221; iz 2006. godine i kao fotograf i kao muzi\u010dki urednik.<\/p>\n<p>&#8220;Ovo je samo mali izbor fotografija, \u010dak nisu ni sve predstave obuhva\u0107ene. Ima i nekoliko portreta ra\u0111enih namjenski za potrebe Pozori\u0161ta Prijedor, a neke fotografije su integralni dio samih predstava, kao na primjer `Tri sestre` i `Feni\u010danke`&#8221;, naveo je Motl.<\/p>\n<p>Direktor Galerije `96 Tihomir Ilija\u0161evi\u0107 rekao je da se Motl prihvatio inspirativnog, a te\u0161kog zadatka &#8211; portretisanja glumaca i bilje\u017eenja scena iz pozori\u0161nih predstava.<\/p>\n<p>&#8220;Igor je izabrao da glumac na njegovim fotografijama mora biti glumac na sceni. Koristio je situacije koje su drugi umjetnici re\u017eirali, a na nekoliko je bio autor i scenografije i re\u017eije. Oba poduhvata su veoma zahtjevna. Uspio je da odgovori na zadato. Ostvario je i dokumentarni i umjetni\u010dki zahtjev, sa\u010duvao je u, dodu\u0161e, blago izmjenjenoj nijansi svoju poetiku, \u0161to govori o kontinuitetu misli i odnosa prema umjetnosti&#8221;, dodao je Ilija\u0161evi\u0107.<\/p>\n<p>Igor Motl \/36\/ diplomirao je na Akademiji umjetnosti u Novom Sadu i radi kao profesor klasi\u010dne gitare u Muzi\u010dkoj \u0161koli &#8220;Savo Balaban&#8221; u Prijedoru. Fotografijom se bavi od svoje 16. godine, kada je po\u010deo sara\u0111ivati sa fotografima koji su radili za velike svjetske novinske agencije.<\/p>\n<p>Tekst \u2013 SRNA<br \/>\nFoto \u2013 Aleksandar Drakuli\u0107 \u2013 <a href=\"www.prijedordanas.com\" target=\"_blank\">www.prijedordanas.com<\/a><\/p>\n<p><a href=\"https:\/\/www.prijedordanas.com\/wp-content\/uploads\/2016\/07\/izlozba-igora-motla-3.jpg\"><img loading=\"lazy\" decoding=\"async\" src=\"https:\/\/www.prijedordanas.com\/wp-content\/uploads\/2016\/07\/izlozba-igora-motla-3-300x199.jpg\" alt=\"izlozba igora motla (3)\" width=\"300\" height=\"199\" class=\"alignleft size-medium wp-image-56989\" srcset=\"https:\/\/www.prijedordanas.com\/wp-content\/uploads\/2016\/07\/izlozba-igora-motla-3-300x200.jpg 300w, https:\/\/www.prijedordanas.com\/wp-content\/uploads\/2016\/07\/izlozba-igora-motla-3-100x66.jpg 100w, https:\/\/www.prijedordanas.com\/wp-content\/uploads\/2016\/07\/izlozba-igora-motla-3-480x320.jpg 480w, https:\/\/www.prijedordanas.com\/wp-content\/uploads\/2016\/07\/izlozba-igora-motla-3.jpg 600w\" sizes=\"(max-width: 300px) 100vw, 300px\" \/><\/a> <a href=\"https:\/\/www.prijedordanas.com\/wp-content\/uploads\/2016\/07\/izlozba-igora-motla-4.jpg\"><img loading=\"lazy\" decoding=\"async\" src=\"https:\/\/www.prijedordanas.com\/wp-content\/uploads\/2016\/07\/izlozba-igora-motla-4-300x199.jpg\" alt=\"izlozba igora motla (4)\" width=\"300\" height=\"199\" class=\"alignleft size-medium wp-image-56990\" srcset=\"https:\/\/www.prijedordanas.com\/wp-content\/uploads\/2016\/07\/izlozba-igora-motla-4-300x200.jpg 300w, https:\/\/www.prijedordanas.com\/wp-content\/uploads\/2016\/07\/izlozba-igora-motla-4-100x66.jpg 100w, https:\/\/www.prijedordanas.com\/wp-content\/uploads\/2016\/07\/izlozba-igora-motla-4-480x320.jpg 480w, https:\/\/www.prijedordanas.com\/wp-content\/uploads\/2016\/07\/izlozba-igora-motla-4.jpg 600w\" sizes=\"(max-width: 300px) 100vw, 300px\" \/><\/a> <a href=\"https:\/\/www.prijedordanas.com\/wp-content\/uploads\/2016\/07\/izlozba-igora-motla-5.jpg\"><img loading=\"lazy\" decoding=\"async\" src=\"https:\/\/www.prijedordanas.com\/wp-content\/uploads\/2016\/07\/izlozba-igora-motla-5-300x199.jpg\" alt=\"izlozba igora motla (5)\" width=\"300\" height=\"199\" class=\"alignleft size-medium wp-image-56991\" srcset=\"https:\/\/www.prijedordanas.com\/wp-content\/uploads\/2016\/07\/izlozba-igora-motla-5-300x200.jpg 300w, https:\/\/www.prijedordanas.com\/wp-content\/uploads\/2016\/07\/izlozba-igora-motla-5-100x66.jpg 100w, https:\/\/www.prijedordanas.com\/wp-content\/uploads\/2016\/07\/izlozba-igora-motla-5-480x320.jpg 480w, https:\/\/www.prijedordanas.com\/wp-content\/uploads\/2016\/07\/izlozba-igora-motla-5.jpg 600w\" sizes=\"(max-width: 300px) 100vw, 300px\" \/><\/a> <a href=\"https:\/\/www.prijedordanas.com\/wp-content\/uploads\/2016\/07\/izlozba-igora-motla-6.jpg\"><img loading=\"lazy\" decoding=\"async\" src=\"https:\/\/www.prijedordanas.com\/wp-content\/uploads\/2016\/07\/izlozba-igora-motla-6-300x199.jpg\" alt=\"izlozba igora motla (6)\" width=\"300\" height=\"199\" class=\"alignleft size-medium wp-image-56992\" srcset=\"https:\/\/www.prijedordanas.com\/wp-content\/uploads\/2016\/07\/izlozba-igora-motla-6-300x200.jpg 300w, https:\/\/www.prijedordanas.com\/wp-content\/uploads\/2016\/07\/izlozba-igora-motla-6-100x66.jpg 100w, https:\/\/www.prijedordanas.com\/wp-content\/uploads\/2016\/07\/izlozba-igora-motla-6-480x320.jpg 480w, https:\/\/www.prijedordanas.com\/wp-content\/uploads\/2016\/07\/izlozba-igora-motla-6.jpg 600w\" sizes=\"(max-width: 300px) 100vw, 300px\" \/><\/a> <a href=\"https:\/\/www.prijedordanas.com\/wp-content\/uploads\/2016\/07\/izlozba-igora-motla-7.jpg\"><img loading=\"lazy\" decoding=\"async\" src=\"https:\/\/www.prijedordanas.com\/wp-content\/uploads\/2016\/07\/izlozba-igora-motla-7-300x199.jpg\" alt=\"izlozba igora motla (7)\" width=\"300\" height=\"199\" class=\"alignleft size-medium wp-image-56993\" srcset=\"https:\/\/www.prijedordanas.com\/wp-content\/uploads\/2016\/07\/izlozba-igora-motla-7-300x200.jpg 300w, https:\/\/www.prijedordanas.com\/wp-content\/uploads\/2016\/07\/izlozba-igora-motla-7-100x66.jpg 100w, https:\/\/www.prijedordanas.com\/wp-content\/uploads\/2016\/07\/izlozba-igora-motla-7-480x320.jpg 480w, https:\/\/www.prijedordanas.com\/wp-content\/uploads\/2016\/07\/izlozba-igora-motla-7.jpg 600w\" sizes=\"(max-width: 300px) 100vw, 300px\" \/><\/a> <a href=\"https:\/\/www.prijedordanas.com\/wp-content\/uploads\/2016\/07\/izlozba-igora-motla-8.jpg\"><img loading=\"lazy\" decoding=\"async\" src=\"https:\/\/www.prijedordanas.com\/wp-content\/uploads\/2016\/07\/izlozba-igora-motla-8-300x199.jpg\" alt=\"izlozba igora motla (8)\" width=\"300\" height=\"199\" class=\"alignleft size-medium wp-image-56994\" srcset=\"https:\/\/www.prijedordanas.com\/wp-content\/uploads\/2016\/07\/izlozba-igora-motla-8-300x200.jpg 300w, https:\/\/www.prijedordanas.com\/wp-content\/uploads\/2016\/07\/izlozba-igora-motla-8-100x66.jpg 100w, https:\/\/www.prijedordanas.com\/wp-content\/uploads\/2016\/07\/izlozba-igora-motla-8-480x320.jpg 480w, https:\/\/www.prijedordanas.com\/wp-content\/uploads\/2016\/07\/izlozba-igora-motla-8.jpg 600w\" sizes=\"(max-width: 300px) 100vw, 300px\" \/><\/a> <a href=\"https:\/\/www.prijedordanas.com\/wp-content\/uploads\/2016\/07\/izlozba-igora-motla-9.jpg\"><img loading=\"lazy\" decoding=\"async\" src=\"https:\/\/www.prijedordanas.com\/wp-content\/uploads\/2016\/07\/izlozba-igora-motla-9-300x199.jpg\" alt=\"izlozba igora motla (9)\" width=\"300\" height=\"199\" class=\"alignleft size-medium wp-image-56995\" srcset=\"https:\/\/www.prijedordanas.com\/wp-content\/uploads\/2016\/07\/izlozba-igora-motla-9-300x200.jpg 300w, https:\/\/www.prijedordanas.com\/wp-content\/uploads\/2016\/07\/izlozba-igora-motla-9-100x66.jpg 100w, https:\/\/www.prijedordanas.com\/wp-content\/uploads\/2016\/07\/izlozba-igora-motla-9-480x320.jpg 480w, https:\/\/www.prijedordanas.com\/wp-content\/uploads\/2016\/07\/izlozba-igora-motla-9.jpg 600w\" sizes=\"(max-width: 300px) 100vw, 300px\" \/><\/a> <a href=\"https:\/\/www.prijedordanas.com\/wp-content\/uploads\/2016\/07\/izlozba-igora-motla-10.jpg\"><img loading=\"lazy\" decoding=\"async\" src=\"https:\/\/www.prijedordanas.com\/wp-content\/uploads\/2016\/07\/izlozba-igora-motla-10-300x199.jpg\" alt=\"izlozba igora motla (10)\" width=\"300\" height=\"199\" class=\"alignleft size-medium wp-image-56996\" srcset=\"https:\/\/www.prijedordanas.com\/wp-content\/uploads\/2016\/07\/izlozba-igora-motla-10-300x200.jpg 300w, https:\/\/www.prijedordanas.com\/wp-content\/uploads\/2016\/07\/izlozba-igora-motla-10-100x66.jpg 100w, https:\/\/www.prijedordanas.com\/wp-content\/uploads\/2016\/07\/izlozba-igora-motla-10-480x320.jpg 480w, https:\/\/www.prijedordanas.com\/wp-content\/uploads\/2016\/07\/izlozba-igora-motla-10.jpg 600w\" sizes=\"(max-width: 300px) 100vw, 300px\" \/><\/a><\/p>\n","protected":false},"excerpt":{"rendered":"<p>Izlo\u017eba fotografija Igora Motla pod nazivom &#8220;Teatar&#8221; otvorena je u Prijedoru i posjetioci Galerije `96 mogu je pogledati do 23. avgusta. Direktor Pozori\u0161ta Prijedor Zoran Baro\u0161 zahvalio je prijedorskoj galeriji [&hellip;]<\/p>\n","protected":false},"author":1,"featured_media":0,"comment_status":"closed","ping_status":"open","sticky":false,"template":"","format":"standard","meta":{"_monsterinsights_skip_tracking":false,"_monsterinsights_sitenote_active":false,"_monsterinsights_sitenote_note":"","_monsterinsights_sitenote_category":0,"footnotes":""},"categories":[6],"tags":[8140,81,4901,95,8518],"yoast_head":"<!-- This site is optimized with the Yoast SEO plugin v21.6 - https:\/\/yoast.com\/wordpress\/plugins\/seo\/ -->\n<title>GALERIJA 96: OTVORENA IZLO\u017dBA FOTOGRAFIJA IGORA MOTLA &quot;TEATAR&quot; - FOTO - PrijedorDanas.com - Prijedorski gradski portal<\/title>\n<meta name=\"robots\" content=\"index, follow, max-snippet:-1, max-image-preview:large, max-video-preview:-1\" \/>\n<link rel=\"canonical\" href=\"https:\/\/www.prijedordanas.com\/?p=56987\" \/>\n<meta property=\"og:locale\" content=\"en_US\" \/>\n<meta property=\"og:type\" content=\"article\" \/>\n<meta property=\"og:title\" content=\"GALERIJA 96: OTVORENA IZLO\u017dBA FOTOGRAFIJA IGORA MOTLA &quot;TEATAR&quot; - FOTO - PrijedorDanas.com - Prijedorski gradski portal\" \/>\n<meta property=\"og:description\" content=\"Izlo\u017eba fotografija Igora Motla pod nazivom &#8220;Teatar&#8221; otvorena je u Prijedoru i posjetioci Galerije `96 mogu je pogledati do 23. avgusta. Direktor Pozori\u0161ta Prijedor Zoran Baro\u0161 zahvalio je prijedorskoj galeriji [&hellip;]\" \/>\n<meta property=\"og:url\" content=\"https:\/\/www.prijedordanas.com\/?p=56987\" \/>\n<meta property=\"og:site_name\" content=\"PrijedorDanas.com - Prijedorski gradski portal\" \/>\n<meta property=\"article:publisher\" content=\"https:\/\/www.facebook.com\/PrijedorDanasCom\/\" \/>\n<meta property=\"article:published_time\" content=\"2016-07-30T10:04:52+00:00\" \/>\n<meta property=\"og:image\" content=\"https:\/\/www.prijedordanas.com\/wp-content\/uploads\/2016\/07\/izlozba-igora-motla-1-300x199.jpg\" \/>\n<meta name=\"author\" content=\"admin\" \/>\n<meta name=\"twitter:card\" content=\"summary_large_image\" \/>\n<meta name=\"twitter:label1\" content=\"Written by\" \/>\n\t<meta name=\"twitter:data1\" content=\"admin\" \/>\n\t<meta name=\"twitter:label2\" content=\"Est. reading time\" \/>\n\t<meta name=\"twitter:data2\" content=\"2 minutes\" \/>\n<script type=\"application\/ld+json\" class=\"yoast-schema-graph\">{\"@context\":\"https:\/\/schema.org\",\"@graph\":[{\"@type\":\"Article\",\"@id\":\"https:\/\/www.prijedordanas.com\/?p=56987#article\",\"isPartOf\":{\"@id\":\"https:\/\/www.prijedordanas.com\/?p=56987\"},\"author\":{\"name\":\"admin\",\"@id\":\"https:\/\/www.prijedordanas.com\/#\/schema\/person\/4e08ccf29b506ca916ff86d46bb700e6\"},\"headline\":\"GALERIJA 96: OTVORENA IZLO\u017dBA FOTOGRAFIJA IGORA MOTLA &#8220;TEATAR&#8221; &#8211; FOTO\",\"datePublished\":\"2016-07-30T10:04:52+00:00\",\"dateModified\":\"2016-07-30T10:04:52+00:00\",\"mainEntityOfPage\":{\"@id\":\"https:\/\/www.prijedordanas.com\/?p=56987\"},\"wordCount\":391,\"publisher\":{\"@id\":\"https:\/\/www.prijedordanas.com\/#organization\"},\"keywords\":[\"fotografije\",\"Galerija 96\",\"Igor Motl\",\"izlo\u017eba\",\"Teatar\"],\"articleSection\":[\"Kultura\"],\"inLanguage\":\"en-US\"},{\"@type\":\"WebPage\",\"@id\":\"https:\/\/www.prijedordanas.com\/?p=56987\",\"url\":\"https:\/\/www.prijedordanas.com\/?p=56987\",\"name\":\"GALERIJA 96: OTVORENA IZLO\u017dBA FOTOGRAFIJA IGORA MOTLA \\\"TEATAR\\\" - FOTO - PrijedorDanas.com - Prijedorski gradski portal\",\"isPartOf\":{\"@id\":\"https:\/\/www.prijedordanas.com\/#website\"},\"datePublished\":\"2016-07-30T10:04:52+00:00\",\"dateModified\":\"2016-07-30T10:04:52+00:00\",\"breadcrumb\":{\"@id\":\"https:\/\/www.prijedordanas.com\/?p=56987#breadcrumb\"},\"inLanguage\":\"en-US\",\"potentialAction\":[{\"@type\":\"ReadAction\",\"target\":[\"https:\/\/www.prijedordanas.com\/?p=56987\"]}]},{\"@type\":\"BreadcrumbList\",\"@id\":\"https:\/\/www.prijedordanas.com\/?p=56987#breadcrumb\",\"itemListElement\":[{\"@type\":\"ListItem\",\"position\":1,\"name\":\"Home\",\"item\":\"https:\/\/www.prijedordanas.com\/\"},{\"@type\":\"ListItem\",\"position\":2,\"name\":\"GALERIJA 96: OTVORENA IZLO\u017dBA FOTOGRAFIJA IGORA MOTLA &#8220;TEATAR&#8221; &#8211; FOTO\"}]},{\"@type\":\"WebSite\",\"@id\":\"https:\/\/www.prijedordanas.com\/#website\",\"url\":\"https:\/\/www.prijedordanas.com\/\",\"name\":\"PrijedorDanas.com - Prijedorski gradski portal\",\"description\":\"Portal o doga\u0111anjima u gradu Prijedoru\",\"publisher\":{\"@id\":\"https:\/\/www.prijedordanas.com\/#organization\"},\"potentialAction\":[{\"@type\":\"SearchAction\",\"target\":{\"@type\":\"EntryPoint\",\"urlTemplate\":\"https:\/\/www.prijedordanas.com\/?s={search_term_string}\"},\"query-input\":\"required name=search_term_string\"}],\"inLanguage\":\"en-US\"},{\"@type\":\"Organization\",\"@id\":\"https:\/\/www.prijedordanas.com\/#organization\",\"name\":\"PrijedorDanas.com\",\"url\":\"https:\/\/www.prijedordanas.com\/\",\"logo\":{\"@type\":\"ImageObject\",\"inLanguage\":\"en-US\",\"@id\":\"https:\/\/www.prijedordanas.com\/#\/schema\/logo\/image\/\",\"url\":\"http:\/\/www.prijedordanas.com\/wp-content\/uploads\/2021\/12\/logopng.png\",\"contentUrl\":\"http:\/\/www.prijedordanas.com\/wp-content\/uploads\/2021\/12\/logopng.png\",\"width\":1019,\"height\":776,\"caption\":\"PrijedorDanas.com\"},\"image\":{\"@id\":\"https:\/\/www.prijedordanas.com\/#\/schema\/logo\/image\/\"},\"sameAs\":[\"https:\/\/www.facebook.com\/PrijedorDanasCom\/\"]},{\"@type\":\"Person\",\"@id\":\"https:\/\/www.prijedordanas.com\/#\/schema\/person\/4e08ccf29b506ca916ff86d46bb700e6\",\"name\":\"admin\",\"image\":{\"@type\":\"ImageObject\",\"inLanguage\":\"en-US\",\"@id\":\"https:\/\/www.prijedordanas.com\/#\/schema\/person\/image\/\",\"url\":\"https:\/\/secure.gravatar.com\/avatar\/1d3fc949d550f0b53a5f0d51e06dfd79?s=96&d=mm&r=g\",\"contentUrl\":\"https:\/\/secure.gravatar.com\/avatar\/1d3fc949d550f0b53a5f0d51e06dfd79?s=96&d=mm&r=g\",\"caption\":\"admin\"},\"url\":\"https:\/\/www.prijedordanas.com\/?author=1\"}]}<\/script>\n<!-- \/ Yoast SEO plugin. -->","yoast_head_json":{"title":"GALERIJA 96: OTVORENA IZLO\u017dBA FOTOGRAFIJA IGORA MOTLA \"TEATAR\" - FOTO - PrijedorDanas.com - Prijedorski gradski portal","robots":{"index":"index","follow":"follow","max-snippet":"max-snippet:-1","max-image-preview":"max-image-preview:large","max-video-preview":"max-video-preview:-1"},"canonical":"https:\/\/www.prijedordanas.com\/?p=56987","og_locale":"en_US","og_type":"article","og_title":"GALERIJA 96: OTVORENA IZLO\u017dBA FOTOGRAFIJA IGORA MOTLA \"TEATAR\" - FOTO - PrijedorDanas.com - Prijedorski gradski portal","og_description":"Izlo\u017eba fotografija Igora Motla pod nazivom &#8220;Teatar&#8221; otvorena je u Prijedoru i posjetioci Galerije `96 mogu je pogledati do 23. avgusta. Direktor Pozori\u0161ta Prijedor Zoran Baro\u0161 zahvalio je prijedorskoj galeriji [&hellip;]","og_url":"https:\/\/www.prijedordanas.com\/?p=56987","og_site_name":"PrijedorDanas.com - Prijedorski gradski portal","article_publisher":"https:\/\/www.facebook.com\/PrijedorDanasCom\/","article_published_time":"2016-07-30T10:04:52+00:00","og_image":[{"url":"https:\/\/www.prijedordanas.com\/wp-content\/uploads\/2016\/07\/izlozba-igora-motla-1-300x199.jpg"}],"author":"admin","twitter_card":"summary_large_image","twitter_misc":{"Written by":"admin","Est. reading time":"2 minutes"},"schema":{"@context":"https:\/\/schema.org","@graph":[{"@type":"Article","@id":"https:\/\/www.prijedordanas.com\/?p=56987#article","isPartOf":{"@id":"https:\/\/www.prijedordanas.com\/?p=56987"},"author":{"name":"admin","@id":"https:\/\/www.prijedordanas.com\/#\/schema\/person\/4e08ccf29b506ca916ff86d46bb700e6"},"headline":"GALERIJA 96: OTVORENA IZLO\u017dBA FOTOGRAFIJA IGORA MOTLA &#8220;TEATAR&#8221; &#8211; FOTO","datePublished":"2016-07-30T10:04:52+00:00","dateModified":"2016-07-30T10:04:52+00:00","mainEntityOfPage":{"@id":"https:\/\/www.prijedordanas.com\/?p=56987"},"wordCount":391,"publisher":{"@id":"https:\/\/www.prijedordanas.com\/#organization"},"keywords":["fotografije","Galerija 96","Igor Motl","izlo\u017eba","Teatar"],"articleSection":["Kultura"],"inLanguage":"en-US"},{"@type":"WebPage","@id":"https:\/\/www.prijedordanas.com\/?p=56987","url":"https:\/\/www.prijedordanas.com\/?p=56987","name":"GALERIJA 96: OTVORENA IZLO\u017dBA FOTOGRAFIJA IGORA MOTLA \"TEATAR\" - FOTO - PrijedorDanas.com - Prijedorski gradski portal","isPartOf":{"@id":"https:\/\/www.prijedordanas.com\/#website"},"datePublished":"2016-07-30T10:04:52+00:00","dateModified":"2016-07-30T10:04:52+00:00","breadcrumb":{"@id":"https:\/\/www.prijedordanas.com\/?p=56987#breadcrumb"},"inLanguage":"en-US","potentialAction":[{"@type":"ReadAction","target":["https:\/\/www.prijedordanas.com\/?p=56987"]}]},{"@type":"BreadcrumbList","@id":"https:\/\/www.prijedordanas.com\/?p=56987#breadcrumb","itemListElement":[{"@type":"ListItem","position":1,"name":"Home","item":"https:\/\/www.prijedordanas.com\/"},{"@type":"ListItem","position":2,"name":"GALERIJA 96: OTVORENA IZLO\u017dBA FOTOGRAFIJA IGORA MOTLA &#8220;TEATAR&#8221; &#8211; FOTO"}]},{"@type":"WebSite","@id":"https:\/\/www.prijedordanas.com\/#website","url":"https:\/\/www.prijedordanas.com\/","name":"PrijedorDanas.com - Prijedorski gradski portal","description":"Portal o doga\u0111anjima u gradu Prijedoru","publisher":{"@id":"https:\/\/www.prijedordanas.com\/#organization"},"potentialAction":[{"@type":"SearchAction","target":{"@type":"EntryPoint","urlTemplate":"https:\/\/www.prijedordanas.com\/?s={search_term_string}"},"query-input":"required name=search_term_string"}],"inLanguage":"en-US"},{"@type":"Organization","@id":"https:\/\/www.prijedordanas.com\/#organization","name":"PrijedorDanas.com","url":"https:\/\/www.prijedordanas.com\/","logo":{"@type":"ImageObject","inLanguage":"en-US","@id":"https:\/\/www.prijedordanas.com\/#\/schema\/logo\/image\/","url":"http:\/\/www.prijedordanas.com\/wp-content\/uploads\/2021\/12\/logopng.png","contentUrl":"http:\/\/www.prijedordanas.com\/wp-content\/uploads\/2021\/12\/logopng.png","width":1019,"height":776,"caption":"PrijedorDanas.com"},"image":{"@id":"https:\/\/www.prijedordanas.com\/#\/schema\/logo\/image\/"},"sameAs":["https:\/\/www.facebook.com\/PrijedorDanasCom\/"]},{"@type":"Person","@id":"https:\/\/www.prijedordanas.com\/#\/schema\/person\/4e08ccf29b506ca916ff86d46bb700e6","name":"admin","image":{"@type":"ImageObject","inLanguage":"en-US","@id":"https:\/\/www.prijedordanas.com\/#\/schema\/person\/image\/","url":"https:\/\/secure.gravatar.com\/avatar\/1d3fc949d550f0b53a5f0d51e06dfd79?s=96&d=mm&r=g","contentUrl":"https:\/\/secure.gravatar.com\/avatar\/1d3fc949d550f0b53a5f0d51e06dfd79?s=96&d=mm&r=g","caption":"admin"},"url":"https:\/\/www.prijedordanas.com\/?author=1"}]}},"_links":{"self":[{"href":"https:\/\/www.prijedordanas.com\/index.php?rest_route=\/wp\/v2\/posts\/56987"}],"collection":[{"href":"https:\/\/www.prijedordanas.com\/index.php?rest_route=\/wp\/v2\/posts"}],"about":[{"href":"https:\/\/www.prijedordanas.com\/index.php?rest_route=\/wp\/v2\/types\/post"}],"author":[{"embeddable":true,"href":"https:\/\/www.prijedordanas.com\/index.php?rest_route=\/wp\/v2\/users\/1"}],"replies":[{"embeddable":true,"href":"https:\/\/www.prijedordanas.com\/index.php?rest_route=%2Fwp%2Fv2%2Fcomments&post=56987"}],"version-history":[{"count":1,"href":"https:\/\/www.prijedordanas.com\/index.php?rest_route=\/wp\/v2\/posts\/56987\/revisions"}],"predecessor-version":[{"id":56997,"href":"https:\/\/www.prijedordanas.com\/index.php?rest_route=\/wp\/v2\/posts\/56987\/revisions\/56997"}],"wp:attachment":[{"href":"https:\/\/www.prijedordanas.com\/index.php?rest_route=%2Fwp%2Fv2%2Fmedia&parent=56987"}],"wp:term":[{"taxonomy":"category","embeddable":true,"href":"https:\/\/www.prijedordanas.com\/index.php?rest_route=%2Fwp%2Fv2%2Fcategories&post=56987"},{"taxonomy":"post_tag","embeddable":true,"href":"https:\/\/www.prijedordanas.com\/index.php?rest_route=%2Fwp%2Fv2%2Ftags&post=56987"}],"curies":[{"name":"wp","href":"https:\/\/api.w.org\/{rel}","templated":true}]}}