{"id":56761,"date":"2016-07-28T16:29:32","date_gmt":"2016-07-28T14:29:32","guid":{"rendered":"https:\/\/www.prijedordanas.com\/?p=56761"},"modified":"2016-07-28T16:29:32","modified_gmt":"2016-07-28T14:29:32","slug":"svetkovanje-o-ognjenoj-mariji-clanovi-kud-milan-egic-napravili-amfiteatar-kod-crkve-foto","status":"publish","type":"post","link":"https:\/\/www.prijedordanas.com\/?p=56761","title":{"rendered":"SVETKOVANJE O OGNJENOJ MARIJI: \u010cLANOVI KUD \u201eMILAN EGI\u0106\u201c NAPRAVILI \u201eAMFITEATAR\u201c KOD CRKVE &#8211; FOTO"},"content":{"rendered":"<p><a href=\"https:\/\/www.prijedordanas.com\/wp-content\/uploads\/2016\/07\/brezicani-amfiteatar-kod-crkve-1.jpg\"><img loading=\"lazy\" decoding=\"async\" class=\"alignleft size-medium wp-image-56762\" src=\"https:\/\/www.prijedordanas.com\/wp-content\/uploads\/2016\/07\/brezicani-amfiteatar-kod-crkve-1-300x169.jpg\" alt=\"brezicani-amfiteatar kod crkve (1)\" width=\"300\" height=\"169\" srcset=\"https:\/\/www.prijedordanas.com\/wp-content\/uploads\/2016\/07\/brezicani-amfiteatar-kod-crkve-1-300x169.jpg 300w, https:\/\/www.prijedordanas.com\/wp-content\/uploads\/2016\/07\/brezicani-amfiteatar-kod-crkve-1-100x56.jpg 100w, https:\/\/www.prijedordanas.com\/wp-content\/uploads\/2016\/07\/brezicani-amfiteatar-kod-crkve-1.jpg 600w\" sizes=\"(max-width: 300px) 100vw, 300px\" \/><\/a>\u010clanovi Kulturno-umjetni\u010dkog dru\u0161tva \u201eMilan Egi\u0107\u201c pripremaju se za tradicionalno \u201eSvetkovanje o Ognjenoj Mariji\u201c koje se naredna tri dana de\u0161ava u ovom mjestu nadomak Prijedora.<\/p>\n<p>Da pripreme nisu samo do\u010dek gostiju i nastup na manifestaciji, pokazali su akcijom koju su organizovali kod Crkve Sv. Velikomu\u010denice Marine u Brezi\u010danima.<\/p>\n<p>Naime, vrijedni \u010dlanovi dru\u0161tva uz pomo\u0107 mje\u0161tana su uredili plato pored crkve i od njega napravili svojevrstan \u201eamfiteatar\u201c.<\/p>\n<p><a href=\"https:\/\/www.prijedordanas.com\/wp-content\/uploads\/2016\/07\/brezicani-amfiteatar-kod-crkve-3.jpg\"><img loading=\"lazy\" decoding=\"async\" src=\"https:\/\/www.prijedordanas.com\/wp-content\/uploads\/2016\/07\/brezicani-amfiteatar-kod-crkve-3-300x169.jpg\" alt=\"brezicani-amfiteatar kod crkve (3)\" width=\"300\" height=\"169\" class=\"alignleft size-medium wp-image-56763\" srcset=\"https:\/\/www.prijedordanas.com\/wp-content\/uploads\/2016\/07\/brezicani-amfiteatar-kod-crkve-3-300x169.jpg 300w, https:\/\/www.prijedordanas.com\/wp-content\/uploads\/2016\/07\/brezicani-amfiteatar-kod-crkve-3-100x56.jpg 100w, https:\/\/www.prijedordanas.com\/wp-content\/uploads\/2016\/07\/brezicani-amfiteatar-kod-crkve-3.jpg 600w\" sizes=\"(max-width: 300px) 100vw, 300px\" \/><\/a>-Uredili smo padinu uzvi\u0161enja na kojem se nalazi crkva i pretvorili je u gledali\u0161te a u podno\u017eju smo postavili binu na kojoj \u0107e se odr\u017eati dio programa na\u0161e manifestacije koja je i ove godine dio Kulturnog ljeta \u201ePrijedor 2016\u201c \u2013 rekla je Olivera Brdar Mirkovi\u0107, potpredsjednica KUD-a \u201eMilan Egi\u0107\u201c.<\/p>\n<p>Ona se zahvalila prijedorskim preduze\u0107ima Niskogradnja Marjanovi\u0107, GP \u201eKne\u017eevi\u0107\u201c i \u201ePOLIS\u201c, koji su pru\u017eili pomo\u0107 u realizaciji ove akcije.<\/p>\n<p>U okviru \u201eSvetkovanja o Ognjenoj Mariji\u201c ovog \u010detvrtka pored dru\u0161tvenog doma u Brezi\u010danima bi\u0107e odr\u017eano<br \/>\nVe\u010de tamburice &#8211; koncert tambura\u0161kih orkestara sa po\u010detkom od 20:30 \u010dasova, za petak od 21:00 \u010das je predvi\u0111eno Ve\u010de folklora &#8211; koncert KUD &#8220;Milan Egic\u0301&#8221; sa prijateljima kod Crkve Sv. Velikomu\u010denice Marine dok \u0107e u subotu od 9:00 \u010dasova na istom mjestu od 9:00 biti Sveta Liturgija sa Litijom, koncert vokalnih grupa i \u201eTrpeza ljubavi\u201c.<\/p>\n<p>Tekst i foto \u2013 KUD \u201eMilan Egi\u0107\u201c Brezi\u010dani\/Aleksandar Drakuli\u0107 \u2013 <a href=\"www.prijedordanas.com\" target=\"_blank\">www.prijedordanas.com<\/a><\/p>\n<p><a href=\"https:\/\/www.prijedordanas.com\/wp-content\/uploads\/2016\/07\/brezicani-amfiteatar-kod-crkve-2.jpg\"><img loading=\"lazy\" decoding=\"async\" src=\"https:\/\/www.prijedordanas.com\/wp-content\/uploads\/2016\/07\/brezicani-amfiteatar-kod-crkve-2-300x169.jpg\" alt=\"brezicani-amfiteatar kod crkve (2)\" width=\"300\" height=\"169\" class=\"alignleft size-medium wp-image-56764\" srcset=\"https:\/\/www.prijedordanas.com\/wp-content\/uploads\/2016\/07\/brezicani-amfiteatar-kod-crkve-2-300x169.jpg 300w, https:\/\/www.prijedordanas.com\/wp-content\/uploads\/2016\/07\/brezicani-amfiteatar-kod-crkve-2-100x56.jpg 100w, https:\/\/www.prijedordanas.com\/wp-content\/uploads\/2016\/07\/brezicani-amfiteatar-kod-crkve-2.jpg 600w\" sizes=\"(max-width: 300px) 100vw, 300px\" \/><\/a> <a href=\"https:\/\/www.prijedordanas.com\/wp-content\/uploads\/2016\/07\/brezicani-amfiteatar-kod-crkve-4.jpg\"><img loading=\"lazy\" decoding=\"async\" src=\"https:\/\/www.prijedordanas.com\/wp-content\/uploads\/2016\/07\/brezicani-amfiteatar-kod-crkve-4-300x169.jpg\" alt=\"brezicani-amfiteatar kod crkve (4)\" width=\"300\" height=\"169\" class=\"alignleft size-medium wp-image-56765\" srcset=\"https:\/\/www.prijedordanas.com\/wp-content\/uploads\/2016\/07\/brezicani-amfiteatar-kod-crkve-4-300x169.jpg 300w, https:\/\/www.prijedordanas.com\/wp-content\/uploads\/2016\/07\/brezicani-amfiteatar-kod-crkve-4-100x56.jpg 100w, https:\/\/www.prijedordanas.com\/wp-content\/uploads\/2016\/07\/brezicani-amfiteatar-kod-crkve-4.jpg 600w\" sizes=\"(max-width: 300px) 100vw, 300px\" \/><\/a> <a href=\"https:\/\/www.prijedordanas.com\/wp-content\/uploads\/2016\/07\/brezicani-amfiteatar-kod-crkve-6.jpg\"><img loading=\"lazy\" decoding=\"async\" src=\"https:\/\/www.prijedordanas.com\/wp-content\/uploads\/2016\/07\/brezicani-amfiteatar-kod-crkve-6-300x169.jpg\" alt=\"brezicani-amfiteatar kod crkve (6)\" width=\"300\" height=\"169\" class=\"alignleft size-medium wp-image-56766\" srcset=\"https:\/\/www.prijedordanas.com\/wp-content\/uploads\/2016\/07\/brezicani-amfiteatar-kod-crkve-6-300x169.jpg 300w, https:\/\/www.prijedordanas.com\/wp-content\/uploads\/2016\/07\/brezicani-amfiteatar-kod-crkve-6-100x56.jpg 100w, https:\/\/www.prijedordanas.com\/wp-content\/uploads\/2016\/07\/brezicani-amfiteatar-kod-crkve-6.jpg 600w\" sizes=\"(max-width: 300px) 100vw, 300px\" \/><\/a> <a href=\"https:\/\/www.prijedordanas.com\/wp-content\/uploads\/2016\/07\/brezicani-amfiteatar-kod-crkve-5.jpg\"><img loading=\"lazy\" decoding=\"async\" src=\"https:\/\/www.prijedordanas.com\/wp-content\/uploads\/2016\/07\/brezicani-amfiteatar-kod-crkve-5-300x169.jpg\" alt=\"brezicani-amfiteatar kod crkve (5)\" width=\"300\" height=\"169\" class=\"alignleft size-medium wp-image-56767\" srcset=\"https:\/\/www.prijedordanas.com\/wp-content\/uploads\/2016\/07\/brezicani-amfiteatar-kod-crkve-5-300x169.jpg 300w, https:\/\/www.prijedordanas.com\/wp-content\/uploads\/2016\/07\/brezicani-amfiteatar-kod-crkve-5-100x56.jpg 100w, https:\/\/www.prijedordanas.com\/wp-content\/uploads\/2016\/07\/brezicani-amfiteatar-kod-crkve-5.jpg 600w\" sizes=\"(max-width: 300px) 100vw, 300px\" \/><\/a> <\/p>\n","protected":false},"excerpt":{"rendered":"<p>\u010clanovi Kulturno-umjetni\u010dkog dru\u0161tva \u201eMilan Egi\u0107\u201c pripremaju se za tradicionalno \u201eSvetkovanje o Ognjenoj Mariji\u201c koje se naredna tri dana de\u0161ava u ovom mjestu nadomak Prijedora. Da pripreme nisu samo do\u010dek gostiju [&hellip;]<\/p>\n","protected":false},"author":1,"featured_media":0,"comment_status":"closed","ping_status":"open","sticky":false,"template":"","format":"standard","meta":{"_monsterinsights_skip_tracking":false,"_monsterinsights_sitenote_active":false,"_monsterinsights_sitenote_note":"","_monsterinsights_sitenote_category":0,"footnotes":""},"categories":[8],"tags":[8500,4023,8499],"yoast_head":"<!-- This site is optimized with the Yoast SEO plugin v21.6 - https:\/\/yoast.com\/wordpress\/plugins\/seo\/ -->\n<title>SVETKOVANJE O OGNJENOJ MARIJI: \u010cLANOVI KUD \u201eMILAN EGI\u0106\u201c NAPRAVILI \u201eAMFITEATAR\u201c KOD CRKVE - FOTO - PrijedorDanas.com - Prijedorski gradski portal<\/title>\n<meta name=\"robots\" content=\"index, follow, max-snippet:-1, max-image-preview:large, max-video-preview:-1\" \/>\n<link rel=\"canonical\" href=\"https:\/\/www.prijedordanas.com\/?p=56761\" \/>\n<meta property=\"og:locale\" content=\"en_US\" \/>\n<meta property=\"og:type\" content=\"article\" \/>\n<meta property=\"og:title\" content=\"SVETKOVANJE O OGNJENOJ MARIJI: \u010cLANOVI KUD \u201eMILAN EGI\u0106\u201c NAPRAVILI \u201eAMFITEATAR\u201c KOD CRKVE - FOTO - PrijedorDanas.com - Prijedorski gradski portal\" \/>\n<meta property=\"og:description\" content=\"\u010clanovi Kulturno-umjetni\u010dkog dru\u0161tva \u201eMilan Egi\u0107\u201c pripremaju se za tradicionalno \u201eSvetkovanje o Ognjenoj Mariji\u201c koje se naredna tri dana de\u0161ava u ovom mjestu nadomak Prijedora. Da pripreme nisu samo do\u010dek gostiju [&hellip;]\" \/>\n<meta property=\"og:url\" content=\"https:\/\/www.prijedordanas.com\/?p=56761\" \/>\n<meta property=\"og:site_name\" content=\"PrijedorDanas.com - Prijedorski gradski portal\" \/>\n<meta property=\"article:publisher\" content=\"https:\/\/www.facebook.com\/PrijedorDanasCom\/\" \/>\n<meta property=\"article:published_time\" content=\"2016-07-28T14:29:32+00:00\" \/>\n<meta property=\"og:image\" content=\"https:\/\/www.prijedordanas.com\/wp-content\/uploads\/2016\/07\/brezicani-amfiteatar-kod-crkve-1-300x169.jpg\" \/>\n<meta name=\"author\" content=\"admin\" \/>\n<meta name=\"twitter:card\" content=\"summary_large_image\" \/>\n<meta name=\"twitter:label1\" content=\"Written by\" \/>\n\t<meta name=\"twitter:data1\" content=\"admin\" \/>\n\t<meta name=\"twitter:label2\" content=\"Est. reading time\" \/>\n\t<meta name=\"twitter:data2\" content=\"1 minute\" \/>\n<script type=\"application\/ld+json\" class=\"yoast-schema-graph\">{\"@context\":\"https:\/\/schema.org\",\"@graph\":[{\"@type\":\"Article\",\"@id\":\"https:\/\/www.prijedordanas.com\/?p=56761#article\",\"isPartOf\":{\"@id\":\"https:\/\/www.prijedordanas.com\/?p=56761\"},\"author\":{\"name\":\"admin\",\"@id\":\"https:\/\/www.prijedordanas.com\/#\/schema\/person\/4e08ccf29b506ca916ff86d46bb700e6\"},\"headline\":\"SVETKOVANJE O OGNJENOJ MARIJI: \u010cLANOVI KUD \u201eMILAN EGI\u0106\u201c NAPRAVILI \u201eAMFITEATAR\u201c KOD CRKVE &#8211; FOTO\",\"datePublished\":\"2016-07-28T14:29:32+00:00\",\"dateModified\":\"2016-07-28T14:29:32+00:00\",\"mainEntityOfPage\":{\"@id\":\"https:\/\/www.prijedordanas.com\/?p=56761\"},\"wordCount\":250,\"publisher\":{\"@id\":\"https:\/\/www.prijedordanas.com\/#organization\"},\"keywords\":[\"amfiteatar\",\"KUD \\\"Milan Egi\u0107\\\" Brezi\u010dani\",\"Svetkovanje o Ognjenoj Mariji\"],\"articleSection\":[\"Svakodnevno\"],\"inLanguage\":\"en-US\"},{\"@type\":\"WebPage\",\"@id\":\"https:\/\/www.prijedordanas.com\/?p=56761\",\"url\":\"https:\/\/www.prijedordanas.com\/?p=56761\",\"name\":\"SVETKOVANJE O OGNJENOJ MARIJI: \u010cLANOVI KUD \u201eMILAN EGI\u0106\u201c NAPRAVILI \u201eAMFITEATAR\u201c KOD CRKVE - FOTO - PrijedorDanas.com - Prijedorski gradski portal\",\"isPartOf\":{\"@id\":\"https:\/\/www.prijedordanas.com\/#website\"},\"datePublished\":\"2016-07-28T14:29:32+00:00\",\"dateModified\":\"2016-07-28T14:29:32+00:00\",\"breadcrumb\":{\"@id\":\"https:\/\/www.prijedordanas.com\/?p=56761#breadcrumb\"},\"inLanguage\":\"en-US\",\"potentialAction\":[{\"@type\":\"ReadAction\",\"target\":[\"https:\/\/www.prijedordanas.com\/?p=56761\"]}]},{\"@type\":\"BreadcrumbList\",\"@id\":\"https:\/\/www.prijedordanas.com\/?p=56761#breadcrumb\",\"itemListElement\":[{\"@type\":\"ListItem\",\"position\":1,\"name\":\"Home\",\"item\":\"https:\/\/www.prijedordanas.com\/\"},{\"@type\":\"ListItem\",\"position\":2,\"name\":\"SVETKOVANJE O OGNJENOJ MARIJI: \u010cLANOVI KUD \u201eMILAN EGI\u0106\u201c NAPRAVILI \u201eAMFITEATAR\u201c KOD CRKVE &#8211; FOTO\"}]},{\"@type\":\"WebSite\",\"@id\":\"https:\/\/www.prijedordanas.com\/#website\",\"url\":\"https:\/\/www.prijedordanas.com\/\",\"name\":\"PrijedorDanas.com - Prijedorski gradski portal\",\"description\":\"Portal o doga\u0111anjima u gradu Prijedoru\",\"publisher\":{\"@id\":\"https:\/\/www.prijedordanas.com\/#organization\"},\"potentialAction\":[{\"@type\":\"SearchAction\",\"target\":{\"@type\":\"EntryPoint\",\"urlTemplate\":\"https:\/\/www.prijedordanas.com\/?s={search_term_string}\"},\"query-input\":\"required name=search_term_string\"}],\"inLanguage\":\"en-US\"},{\"@type\":\"Organization\",\"@id\":\"https:\/\/www.prijedordanas.com\/#organization\",\"name\":\"PrijedorDanas.com\",\"url\":\"https:\/\/www.prijedordanas.com\/\",\"logo\":{\"@type\":\"ImageObject\",\"inLanguage\":\"en-US\",\"@id\":\"https:\/\/www.prijedordanas.com\/#\/schema\/logo\/image\/\",\"url\":\"http:\/\/www.prijedordanas.com\/wp-content\/uploads\/2021\/12\/logopng.png\",\"contentUrl\":\"http:\/\/www.prijedordanas.com\/wp-content\/uploads\/2021\/12\/logopng.png\",\"width\":1019,\"height\":776,\"caption\":\"PrijedorDanas.com\"},\"image\":{\"@id\":\"https:\/\/www.prijedordanas.com\/#\/schema\/logo\/image\/\"},\"sameAs\":[\"https:\/\/www.facebook.com\/PrijedorDanasCom\/\"]},{\"@type\":\"Person\",\"@id\":\"https:\/\/www.prijedordanas.com\/#\/schema\/person\/4e08ccf29b506ca916ff86d46bb700e6\",\"name\":\"admin\",\"image\":{\"@type\":\"ImageObject\",\"inLanguage\":\"en-US\",\"@id\":\"https:\/\/www.prijedordanas.com\/#\/schema\/person\/image\/\",\"url\":\"https:\/\/secure.gravatar.com\/avatar\/1d3fc949d550f0b53a5f0d51e06dfd79?s=96&d=mm&r=g\",\"contentUrl\":\"https:\/\/secure.gravatar.com\/avatar\/1d3fc949d550f0b53a5f0d51e06dfd79?s=96&d=mm&r=g\",\"caption\":\"admin\"},\"url\":\"https:\/\/www.prijedordanas.com\/?author=1\"}]}<\/script>\n<!-- \/ Yoast SEO plugin. -->","yoast_head_json":{"title":"SVETKOVANJE O OGNJENOJ MARIJI: \u010cLANOVI KUD \u201eMILAN EGI\u0106\u201c NAPRAVILI \u201eAMFITEATAR\u201c KOD CRKVE - FOTO - PrijedorDanas.com - Prijedorski gradski portal","robots":{"index":"index","follow":"follow","max-snippet":"max-snippet:-1","max-image-preview":"max-image-preview:large","max-video-preview":"max-video-preview:-1"},"canonical":"https:\/\/www.prijedordanas.com\/?p=56761","og_locale":"en_US","og_type":"article","og_title":"SVETKOVANJE O OGNJENOJ MARIJI: \u010cLANOVI KUD \u201eMILAN EGI\u0106\u201c NAPRAVILI \u201eAMFITEATAR\u201c KOD CRKVE - FOTO - PrijedorDanas.com - Prijedorski gradski portal","og_description":"\u010clanovi Kulturno-umjetni\u010dkog dru\u0161tva \u201eMilan Egi\u0107\u201c pripremaju se za tradicionalno \u201eSvetkovanje o Ognjenoj Mariji\u201c koje se naredna tri dana de\u0161ava u ovom mjestu nadomak Prijedora. Da pripreme nisu samo do\u010dek gostiju [&hellip;]","og_url":"https:\/\/www.prijedordanas.com\/?p=56761","og_site_name":"PrijedorDanas.com - Prijedorski gradski portal","article_publisher":"https:\/\/www.facebook.com\/PrijedorDanasCom\/","article_published_time":"2016-07-28T14:29:32+00:00","og_image":[{"url":"https:\/\/www.prijedordanas.com\/wp-content\/uploads\/2016\/07\/brezicani-amfiteatar-kod-crkve-1-300x169.jpg"}],"author":"admin","twitter_card":"summary_large_image","twitter_misc":{"Written by":"admin","Est. reading time":"1 minute"},"schema":{"@context":"https:\/\/schema.org","@graph":[{"@type":"Article","@id":"https:\/\/www.prijedordanas.com\/?p=56761#article","isPartOf":{"@id":"https:\/\/www.prijedordanas.com\/?p=56761"},"author":{"name":"admin","@id":"https:\/\/www.prijedordanas.com\/#\/schema\/person\/4e08ccf29b506ca916ff86d46bb700e6"},"headline":"SVETKOVANJE O OGNJENOJ MARIJI: \u010cLANOVI KUD \u201eMILAN EGI\u0106\u201c NAPRAVILI \u201eAMFITEATAR\u201c KOD CRKVE &#8211; FOTO","datePublished":"2016-07-28T14:29:32+00:00","dateModified":"2016-07-28T14:29:32+00:00","mainEntityOfPage":{"@id":"https:\/\/www.prijedordanas.com\/?p=56761"},"wordCount":250,"publisher":{"@id":"https:\/\/www.prijedordanas.com\/#organization"},"keywords":["amfiteatar","KUD \"Milan Egi\u0107\" Brezi\u010dani","Svetkovanje o Ognjenoj Mariji"],"articleSection":["Svakodnevno"],"inLanguage":"en-US"},{"@type":"WebPage","@id":"https:\/\/www.prijedordanas.com\/?p=56761","url":"https:\/\/www.prijedordanas.com\/?p=56761","name":"SVETKOVANJE O OGNJENOJ MARIJI: \u010cLANOVI KUD \u201eMILAN EGI\u0106\u201c NAPRAVILI \u201eAMFITEATAR\u201c KOD CRKVE - FOTO - PrijedorDanas.com - Prijedorski gradski portal","isPartOf":{"@id":"https:\/\/www.prijedordanas.com\/#website"},"datePublished":"2016-07-28T14:29:32+00:00","dateModified":"2016-07-28T14:29:32+00:00","breadcrumb":{"@id":"https:\/\/www.prijedordanas.com\/?p=56761#breadcrumb"},"inLanguage":"en-US","potentialAction":[{"@type":"ReadAction","target":["https:\/\/www.prijedordanas.com\/?p=56761"]}]},{"@type":"BreadcrumbList","@id":"https:\/\/www.prijedordanas.com\/?p=56761#breadcrumb","itemListElement":[{"@type":"ListItem","position":1,"name":"Home","item":"https:\/\/www.prijedordanas.com\/"},{"@type":"ListItem","position":2,"name":"SVETKOVANJE O OGNJENOJ MARIJI: \u010cLANOVI KUD \u201eMILAN EGI\u0106\u201c NAPRAVILI \u201eAMFITEATAR\u201c KOD CRKVE &#8211; FOTO"}]},{"@type":"WebSite","@id":"https:\/\/www.prijedordanas.com\/#website","url":"https:\/\/www.prijedordanas.com\/","name":"PrijedorDanas.com - Prijedorski gradski portal","description":"Portal o doga\u0111anjima u gradu Prijedoru","publisher":{"@id":"https:\/\/www.prijedordanas.com\/#organization"},"potentialAction":[{"@type":"SearchAction","target":{"@type":"EntryPoint","urlTemplate":"https:\/\/www.prijedordanas.com\/?s={search_term_string}"},"query-input":"required name=search_term_string"}],"inLanguage":"en-US"},{"@type":"Organization","@id":"https:\/\/www.prijedordanas.com\/#organization","name":"PrijedorDanas.com","url":"https:\/\/www.prijedordanas.com\/","logo":{"@type":"ImageObject","inLanguage":"en-US","@id":"https:\/\/www.prijedordanas.com\/#\/schema\/logo\/image\/","url":"http:\/\/www.prijedordanas.com\/wp-content\/uploads\/2021\/12\/logopng.png","contentUrl":"http:\/\/www.prijedordanas.com\/wp-content\/uploads\/2021\/12\/logopng.png","width":1019,"height":776,"caption":"PrijedorDanas.com"},"image":{"@id":"https:\/\/www.prijedordanas.com\/#\/schema\/logo\/image\/"},"sameAs":["https:\/\/www.facebook.com\/PrijedorDanasCom\/"]},{"@type":"Person","@id":"https:\/\/www.prijedordanas.com\/#\/schema\/person\/4e08ccf29b506ca916ff86d46bb700e6","name":"admin","image":{"@type":"ImageObject","inLanguage":"en-US","@id":"https:\/\/www.prijedordanas.com\/#\/schema\/person\/image\/","url":"https:\/\/secure.gravatar.com\/avatar\/1d3fc949d550f0b53a5f0d51e06dfd79?s=96&d=mm&r=g","contentUrl":"https:\/\/secure.gravatar.com\/avatar\/1d3fc949d550f0b53a5f0d51e06dfd79?s=96&d=mm&r=g","caption":"admin"},"url":"https:\/\/www.prijedordanas.com\/?author=1"}]}},"_links":{"self":[{"href":"https:\/\/www.prijedordanas.com\/index.php?rest_route=\/wp\/v2\/posts\/56761"}],"collection":[{"href":"https:\/\/www.prijedordanas.com\/index.php?rest_route=\/wp\/v2\/posts"}],"about":[{"href":"https:\/\/www.prijedordanas.com\/index.php?rest_route=\/wp\/v2\/types\/post"}],"author":[{"embeddable":true,"href":"https:\/\/www.prijedordanas.com\/index.php?rest_route=\/wp\/v2\/users\/1"}],"replies":[{"embeddable":true,"href":"https:\/\/www.prijedordanas.com\/index.php?rest_route=%2Fwp%2Fv2%2Fcomments&post=56761"}],"version-history":[{"count":1,"href":"https:\/\/www.prijedordanas.com\/index.php?rest_route=\/wp\/v2\/posts\/56761\/revisions"}],"predecessor-version":[{"id":56768,"href":"https:\/\/www.prijedordanas.com\/index.php?rest_route=\/wp\/v2\/posts\/56761\/revisions\/56768"}],"wp:attachment":[{"href":"https:\/\/www.prijedordanas.com\/index.php?rest_route=%2Fwp%2Fv2%2Fmedia&parent=56761"}],"wp:term":[{"taxonomy":"category","embeddable":true,"href":"https:\/\/www.prijedordanas.com\/index.php?rest_route=%2Fwp%2Fv2%2Fcategories&post=56761"},{"taxonomy":"post_tag","embeddable":true,"href":"https:\/\/www.prijedordanas.com\/index.php?rest_route=%2Fwp%2Fv2%2Ftags&post=56761"}],"curies":[{"name":"wp","href":"https:\/\/api.w.org\/{rel}","templated":true}]}}