{"id":562,"date":"2014-03-18T15:05:59","date_gmt":"2014-03-18T14:05:59","guid":{"rendered":"https:\/\/www.prijedordanas.com\/?p=562"},"modified":"2014-03-18T15:07:36","modified_gmt":"2014-03-18T14:07:36","slug":"dodik-vlast-srpske-vodi-racuna-o-razvoju-prijedora","status":"publish","type":"post","link":"https:\/\/www.prijedordanas.com\/?p=562","title":{"rendered":"DODIK: VLAST SRPSKE VODI RA\u010cUNA O RAZVOJU PRIJEDORA"},"content":{"rendered":"<p><a href=\"https:\/\/www.prijedordanas.com\/wp-content\/uploads\/2014\/03\/pavic-dodik-obilaznica-1.jpg\"><img loading=\"lazy\" decoding=\"async\" class=\"alignleft size-thumbnail wp-image-563\" alt=\"pavic-dodik-obilaznica 1\" src=\"https:\/\/www.prijedordanas.com\/wp-content\/uploads\/2014\/03\/pavic-dodik-obilaznica-1-300x300.jpg\" width=\"150\" height=\"150\" \/><\/a>Predsjednik Republike Srpske Milorad Dodik rekao je da je Prijedor jedno od strate\u0161kih mjesta u Srpskoj, te da aktuelna vlast vodi ra\u010duna o njegovom razvoju.<\/p>\n<p>&#8220;Razgovaramo i sa gradskom upravom o nekim novim kapitalnim projektima, kao \u0161to je izgradnja auto-puta Prijedor-Banjaluka koja bi trebalo da se dogodi u narednih nekoliko godina&#8221;, istakao je Dodik danas u Prijedoru, na ceremoniji zvani\u010dnog po\u010detka radova na izgradnji nadvo\u017enjaka preko \u017eeljezni\u010dke pruge i magistralnog puta Prijedor-Novi Grad sa pristupnim saobra\u0107ajnicama, u naselju Pe\u0107ani i Donja Puharska.<\/p>\n<p>Predsjednik Srpske je naglasio da je u planu i izgradnja termoelektrane na gas koja je predvi\u0111ena u okviru projekta &#8220;Ju\u017eni tok&#8221; za Republiku Srpsku i dolaska gasovoda, \u0161to \u0107e bitno promijeniti karakter komunikacija Prijedora sa okru\u017eenjem.<\/p>\n<p><a href=\"https:\/\/www.prijedordanas.com\/wp-content\/uploads\/2014\/03\/pavic-dodik-obilaznica-2.jpg\"><img loading=\"lazy\" decoding=\"async\" class=\"alignleft size-thumbnail wp-image-564\" alt=\"pavic-dodik-obilaznica 2\" src=\"https:\/\/www.prijedordanas.com\/wp-content\/uploads\/2014\/03\/pavic-dodik-obilaznica-2-300x300.jpg\" width=\"150\" height=\"150\" \/><\/a>On je dodao da \u0107e ovi projekti obezbijediti energetsku stabilnost i budu\u0107nost samog grada i privrede, kao i stanovni\u0161tva ovog dijela Republike Srpske.<\/p>\n<p>Gradona\u010delnik Prijedora Marko Pavi\u0107 rekao je da je projekat izgradnje nadvo\u017enjaka veoma zna\u010dajan za stanovnike ovog grada, budu\u0107i da postoji samo jedan ulaz i izlaz u grad \u0161to je dovodilo do \u010destih saobra\u0107ajnih gu\u017evi.<\/p>\n<p>&#8220;Ovo je jedan lijep primjer saradnje preduze\u0107a &#8216;Putevi Republike Srpske&#8217;, Vlade i lokalne zajednice, \u0161to je doprinijelo po\u010detku radova na realizaciji ovog zna\u010dajnog infrastrukturnog projekta&#8221;, naglasio je Pavi\u0107.<\/p>\n<p><a href=\"https:\/\/www.prijedordanas.com\/wp-content\/uploads\/2014\/03\/pavic-dodik-obilaznica-3.jpg\"><img loading=\"lazy\" decoding=\"async\" class=\"alignleft size-thumbnail wp-image-565\" alt=\"pavic-dodik-obilaznica 3\" src=\"https:\/\/www.prijedordanas.com\/wp-content\/uploads\/2014\/03\/pavic-dodik-obilaznica-3-300x300.jpg\" width=\"150\" height=\"150\" \/><\/a>On je dodao da se ovim nadvo\u017enjakom vezuju dva dijela grada, Pe\u0107ani i Puharska, koji su podijeljeni \u017eeljezni\u010dkom prugom, kao i centar grada sa magistralnim putem koji vodi do Novog Grada i Banjaluke.<\/p>\n<p>Nedeljko Kne\u017eevi\u0107, direktor Javnog preduze\u0107a &#8220;Putevi Republike Srpske&#8221;, koje je investitor radova, rekao je da je rije\u010d o nadvo\u017enjaku du\u017eine 155 metara, te izgradnji pristupne saobra\u0107ajnice i priklju\u010dka na magistralni put.<\/p>\n<p>&#8220;Grad Prijedor je rije\u0161io sve imovinske odnose na terenu i stvoreni su svi uslovi za realizaciju ovog projekta koji \u0107e izme\u0111u ostalog doprinijeti i ve\u0107oj bezbjednosti saobra\u0107aja u gradu&#8221;, naglasio je Kne\u017eevi\u0107.<\/p>\n<p><a href=\"https:\/\/www.prijedordanas.com\/wp-content\/uploads\/2014\/03\/pavic-dodik-obilaznica-4.jpg\"><img loading=\"lazy\" decoding=\"async\" class=\"alignleft size-thumbnail wp-image-566\" alt=\"pavic-dodik-obilaznica 4\" src=\"https:\/\/www.prijedordanas.com\/wp-content\/uploads\/2014\/03\/pavic-dodik-obilaznica-4-300x300.jpg\" width=\"150\" height=\"150\" \/><\/a>Izvo\u0111a\u010d radova je preduze\u0107e &#8220;Prijedor putevi&#8221;, a rok za zavr\u0161etak je devet mjeseci.<\/p>\n<p>Rije\u010d je o infrastrukturnom objektu koji Prijedor\u010dani dugo o\u010dekuju, jer \u0107e njegovom izgradnjom biti znatno rastere\u0107en saobra\u0107aj u gradu, a Prijedor \u0107e dobiti jo\u0161 jedan izlaz na magistralni put i modernu saobra\u0107ajnicu vrijednosti oko 3.670.000 KM.<\/p>\n<p>Nakon obilaska gradili\u0161ta, predsjednik Republike Milorad Dodik i gradona\u010delnik Marko Pavi\u0107 obi\u0161li su i gradili\u0161te na Pe\u0107anima gdje je u zavr\u0161noj fazi izgradnja bora\u010dke zgrade sa 30 novih stambenih jedinica.<\/p>\n<p>SRNA<br \/>\n<a href=\"https:\/\/www.prijedordanas.com\/wp-content\/uploads\/2014\/03\/pavic-dodik-obilaznica-5.jpg\"><img loading=\"lazy\" decoding=\"async\" src=\"https:\/\/www.prijedordanas.com\/wp-content\/uploads\/2014\/03\/pavic-dodik-obilaznica-5-300x300.jpg\" alt=\"pavic-dodik-obilaznica 5\" width=\"150\" height=\"150\" class=\"alignleft size-thumbnail wp-image-567\" \/><\/a><\/p>\n","protected":false},"excerpt":{"rendered":"<p>Predsjednik Republike Srpske Milorad Dodik rekao je da je Prijedor jedno od strate\u0161kih mjesta u Srpskoj, te da aktuelna vlast vodi ra\u010duna o njegovom razvoju. &#8220;Razgovaramo i sa gradskom upravom [&hellip;]<\/p>\n","protected":false},"author":2,"featured_media":0,"comment_status":"closed","ping_status":"open","sticky":false,"template":"","format":"standard","meta":{"_monsterinsights_skip_tracking":false,"_monsterinsights_sitenote_active":false,"_monsterinsights_sitenote_note":"","_monsterinsights_sitenote_category":0,"footnotes":""},"categories":[4],"tags":[298,321,319,296,299,297,320,295],"yoast_head":"<!-- This site is optimized with the Yoast SEO plugin v21.6 - https:\/\/yoast.com\/wordpress\/plugins\/seo\/ -->\n<title>DODIK: VLAST SRPSKE VODI RA\u010cUNA O RAZVOJU PRIJEDORA - PrijedorDanas.com - Prijedorski gradski portal<\/title>\n<meta name=\"robots\" content=\"index, follow, max-snippet:-1, max-image-preview:large, max-video-preview:-1\" \/>\n<link rel=\"canonical\" href=\"https:\/\/www.prijedordanas.com\/?p=562\" \/>\n<meta property=\"og:locale\" content=\"en_US\" \/>\n<meta property=\"og:type\" content=\"article\" \/>\n<meta property=\"og:title\" content=\"DODIK: VLAST SRPSKE VODI RA\u010cUNA O RAZVOJU PRIJEDORA - PrijedorDanas.com - Prijedorski gradski portal\" \/>\n<meta property=\"og:description\" content=\"Predsjednik Republike Srpske Milorad Dodik rekao je da je Prijedor jedno od strate\u0161kih mjesta u Srpskoj, te da aktuelna vlast vodi ra\u010duna o njegovom razvoju. &#8220;Razgovaramo i sa gradskom upravom [&hellip;]\" \/>\n<meta property=\"og:url\" content=\"https:\/\/www.prijedordanas.com\/?p=562\" \/>\n<meta property=\"og:site_name\" content=\"PrijedorDanas.com - Prijedorski gradski portal\" \/>\n<meta property=\"article:publisher\" content=\"https:\/\/www.facebook.com\/PrijedorDanasCom\/\" \/>\n<meta property=\"article:published_time\" content=\"2014-03-18T14:05:59+00:00\" \/>\n<meta property=\"article:modified_time\" content=\"2014-03-18T14:07:36+00:00\" \/>\n<meta property=\"og:image\" content=\"https:\/\/www.prijedordanas.com\/wp-content\/uploads\/2014\/03\/pavic-dodik-obilaznica-1-300x300.jpg\" \/>\n<meta name=\"author\" content=\"A.D.\" \/>\n<meta name=\"twitter:card\" content=\"summary_large_image\" \/>\n<meta name=\"twitter:label1\" content=\"Written by\" \/>\n\t<meta name=\"twitter:data1\" content=\"A.D.\" \/>\n\t<meta name=\"twitter:label2\" content=\"Est. reading time\" \/>\n\t<meta name=\"twitter:data2\" content=\"2 minutes\" \/>\n<script type=\"application\/ld+json\" class=\"yoast-schema-graph\">{\"@context\":\"https:\/\/schema.org\",\"@graph\":[{\"@type\":\"Article\",\"@id\":\"https:\/\/www.prijedordanas.com\/?p=562#article\",\"isPartOf\":{\"@id\":\"https:\/\/www.prijedordanas.com\/?p=562\"},\"author\":{\"name\":\"A.D.\",\"@id\":\"https:\/\/www.prijedordanas.com\/#\/schema\/person\/9c3530fe609bf1df65a64c950352f53e\"},\"headline\":\"DODIK: VLAST SRPSKE VODI RA\u010cUNA O RAZVOJU PRIJEDORA\",\"datePublished\":\"2014-03-18T14:05:59+00:00\",\"dateModified\":\"2014-03-18T14:07:36+00:00\",\"mainEntityOfPage\":{\"@id\":\"https:\/\/www.prijedordanas.com\/?p=562\"},\"wordCount\":436,\"publisher\":{\"@id\":\"https:\/\/www.prijedordanas.com\/#organization\"},\"keywords\":[\"Dodik\",\"Donja Puharska\",\"Kne\u017eevi\u0107\",\"nadvo\u017enjak\",\"Pavi\u0107\",\"Pe\u0107ani\",\"Prijedorputevi\",\"zaobilaznica\"],\"articleSection\":[\"Dru\u0161tvo\"],\"inLanguage\":\"en-US\"},{\"@type\":\"WebPage\",\"@id\":\"https:\/\/www.prijedordanas.com\/?p=562\",\"url\":\"https:\/\/www.prijedordanas.com\/?p=562\",\"name\":\"DODIK: VLAST SRPSKE VODI RA\u010cUNA O RAZVOJU PRIJEDORA - PrijedorDanas.com - Prijedorski gradski portal\",\"isPartOf\":{\"@id\":\"https:\/\/www.prijedordanas.com\/#website\"},\"datePublished\":\"2014-03-18T14:05:59+00:00\",\"dateModified\":\"2014-03-18T14:07:36+00:00\",\"breadcrumb\":{\"@id\":\"https:\/\/www.prijedordanas.com\/?p=562#breadcrumb\"},\"inLanguage\":\"en-US\",\"potentialAction\":[{\"@type\":\"ReadAction\",\"target\":[\"https:\/\/www.prijedordanas.com\/?p=562\"]}]},{\"@type\":\"BreadcrumbList\",\"@id\":\"https:\/\/www.prijedordanas.com\/?p=562#breadcrumb\",\"itemListElement\":[{\"@type\":\"ListItem\",\"position\":1,\"name\":\"Home\",\"item\":\"https:\/\/www.prijedordanas.com\/\"},{\"@type\":\"ListItem\",\"position\":2,\"name\":\"DODIK: VLAST SRPSKE VODI RA\u010cUNA O RAZVOJU PRIJEDORA\"}]},{\"@type\":\"WebSite\",\"@id\":\"https:\/\/www.prijedordanas.com\/#website\",\"url\":\"https:\/\/www.prijedordanas.com\/\",\"name\":\"PrijedorDanas.com - Prijedorski gradski portal\",\"description\":\"Portal o doga\u0111anjima u gradu Prijedoru\",\"publisher\":{\"@id\":\"https:\/\/www.prijedordanas.com\/#organization\"},\"potentialAction\":[{\"@type\":\"SearchAction\",\"target\":{\"@type\":\"EntryPoint\",\"urlTemplate\":\"https:\/\/www.prijedordanas.com\/?s={search_term_string}\"},\"query-input\":\"required name=search_term_string\"}],\"inLanguage\":\"en-US\"},{\"@type\":\"Organization\",\"@id\":\"https:\/\/www.prijedordanas.com\/#organization\",\"name\":\"PrijedorDanas.com\",\"url\":\"https:\/\/www.prijedordanas.com\/\",\"logo\":{\"@type\":\"ImageObject\",\"inLanguage\":\"en-US\",\"@id\":\"https:\/\/www.prijedordanas.com\/#\/schema\/logo\/image\/\",\"url\":\"http:\/\/www.prijedordanas.com\/wp-content\/uploads\/2021\/12\/logopng.png\",\"contentUrl\":\"http:\/\/www.prijedordanas.com\/wp-content\/uploads\/2021\/12\/logopng.png\",\"width\":1019,\"height\":776,\"caption\":\"PrijedorDanas.com\"},\"image\":{\"@id\":\"https:\/\/www.prijedordanas.com\/#\/schema\/logo\/image\/\"},\"sameAs\":[\"https:\/\/www.facebook.com\/PrijedorDanasCom\/\"]},{\"@type\":\"Person\",\"@id\":\"https:\/\/www.prijedordanas.com\/#\/schema\/person\/9c3530fe609bf1df65a64c950352f53e\",\"name\":\"A.D.\",\"image\":{\"@type\":\"ImageObject\",\"inLanguage\":\"en-US\",\"@id\":\"https:\/\/www.prijedordanas.com\/#\/schema\/person\/image\/\",\"url\":\"https:\/\/secure.gravatar.com\/avatar\/869d16e7da687e0800fdd5fe181dd132?s=96&d=mm&r=g\",\"contentUrl\":\"https:\/\/secure.gravatar.com\/avatar\/869d16e7da687e0800fdd5fe181dd132?s=96&d=mm&r=g\",\"caption\":\"A.D.\"},\"url\":\"https:\/\/www.prijedordanas.com\/?author=2\"}]}<\/script>\n<!-- \/ Yoast SEO plugin. -->","yoast_head_json":{"title":"DODIK: VLAST SRPSKE VODI RA\u010cUNA O RAZVOJU PRIJEDORA - PrijedorDanas.com - Prijedorski gradski portal","robots":{"index":"index","follow":"follow","max-snippet":"max-snippet:-1","max-image-preview":"max-image-preview:large","max-video-preview":"max-video-preview:-1"},"canonical":"https:\/\/www.prijedordanas.com\/?p=562","og_locale":"en_US","og_type":"article","og_title":"DODIK: VLAST SRPSKE VODI RA\u010cUNA O RAZVOJU PRIJEDORA - PrijedorDanas.com - Prijedorski gradski portal","og_description":"Predsjednik Republike Srpske Milorad Dodik rekao je da je Prijedor jedno od strate\u0161kih mjesta u Srpskoj, te da aktuelna vlast vodi ra\u010duna o njegovom razvoju. &#8220;Razgovaramo i sa gradskom upravom [&hellip;]","og_url":"https:\/\/www.prijedordanas.com\/?p=562","og_site_name":"PrijedorDanas.com - Prijedorski gradski portal","article_publisher":"https:\/\/www.facebook.com\/PrijedorDanasCom\/","article_published_time":"2014-03-18T14:05:59+00:00","article_modified_time":"2014-03-18T14:07:36+00:00","og_image":[{"url":"https:\/\/www.prijedordanas.com\/wp-content\/uploads\/2014\/03\/pavic-dodik-obilaznica-1-300x300.jpg"}],"author":"A.D.","twitter_card":"summary_large_image","twitter_misc":{"Written by":"A.D.","Est. reading time":"2 minutes"},"schema":{"@context":"https:\/\/schema.org","@graph":[{"@type":"Article","@id":"https:\/\/www.prijedordanas.com\/?p=562#article","isPartOf":{"@id":"https:\/\/www.prijedordanas.com\/?p=562"},"author":{"name":"A.D.","@id":"https:\/\/www.prijedordanas.com\/#\/schema\/person\/9c3530fe609bf1df65a64c950352f53e"},"headline":"DODIK: VLAST SRPSKE VODI RA\u010cUNA O RAZVOJU PRIJEDORA","datePublished":"2014-03-18T14:05:59+00:00","dateModified":"2014-03-18T14:07:36+00:00","mainEntityOfPage":{"@id":"https:\/\/www.prijedordanas.com\/?p=562"},"wordCount":436,"publisher":{"@id":"https:\/\/www.prijedordanas.com\/#organization"},"keywords":["Dodik","Donja Puharska","Kne\u017eevi\u0107","nadvo\u017enjak","Pavi\u0107","Pe\u0107ani","Prijedorputevi","zaobilaznica"],"articleSection":["Dru\u0161tvo"],"inLanguage":"en-US"},{"@type":"WebPage","@id":"https:\/\/www.prijedordanas.com\/?p=562","url":"https:\/\/www.prijedordanas.com\/?p=562","name":"DODIK: VLAST SRPSKE VODI RA\u010cUNA O RAZVOJU PRIJEDORA - PrijedorDanas.com - Prijedorski gradski portal","isPartOf":{"@id":"https:\/\/www.prijedordanas.com\/#website"},"datePublished":"2014-03-18T14:05:59+00:00","dateModified":"2014-03-18T14:07:36+00:00","breadcrumb":{"@id":"https:\/\/www.prijedordanas.com\/?p=562#breadcrumb"},"inLanguage":"en-US","potentialAction":[{"@type":"ReadAction","target":["https:\/\/www.prijedordanas.com\/?p=562"]}]},{"@type":"BreadcrumbList","@id":"https:\/\/www.prijedordanas.com\/?p=562#breadcrumb","itemListElement":[{"@type":"ListItem","position":1,"name":"Home","item":"https:\/\/www.prijedordanas.com\/"},{"@type":"ListItem","position":2,"name":"DODIK: VLAST SRPSKE VODI RA\u010cUNA O RAZVOJU PRIJEDORA"}]},{"@type":"WebSite","@id":"https:\/\/www.prijedordanas.com\/#website","url":"https:\/\/www.prijedordanas.com\/","name":"PrijedorDanas.com - Prijedorski gradski portal","description":"Portal o doga\u0111anjima u gradu Prijedoru","publisher":{"@id":"https:\/\/www.prijedordanas.com\/#organization"},"potentialAction":[{"@type":"SearchAction","target":{"@type":"EntryPoint","urlTemplate":"https:\/\/www.prijedordanas.com\/?s={search_term_string}"},"query-input":"required name=search_term_string"}],"inLanguage":"en-US"},{"@type":"Organization","@id":"https:\/\/www.prijedordanas.com\/#organization","name":"PrijedorDanas.com","url":"https:\/\/www.prijedordanas.com\/","logo":{"@type":"ImageObject","inLanguage":"en-US","@id":"https:\/\/www.prijedordanas.com\/#\/schema\/logo\/image\/","url":"http:\/\/www.prijedordanas.com\/wp-content\/uploads\/2021\/12\/logopng.png","contentUrl":"http:\/\/www.prijedordanas.com\/wp-content\/uploads\/2021\/12\/logopng.png","width":1019,"height":776,"caption":"PrijedorDanas.com"},"image":{"@id":"https:\/\/www.prijedordanas.com\/#\/schema\/logo\/image\/"},"sameAs":["https:\/\/www.facebook.com\/PrijedorDanasCom\/"]},{"@type":"Person","@id":"https:\/\/www.prijedordanas.com\/#\/schema\/person\/9c3530fe609bf1df65a64c950352f53e","name":"A.D.","image":{"@type":"ImageObject","inLanguage":"en-US","@id":"https:\/\/www.prijedordanas.com\/#\/schema\/person\/image\/","url":"https:\/\/secure.gravatar.com\/avatar\/869d16e7da687e0800fdd5fe181dd132?s=96&d=mm&r=g","contentUrl":"https:\/\/secure.gravatar.com\/avatar\/869d16e7da687e0800fdd5fe181dd132?s=96&d=mm&r=g","caption":"A.D."},"url":"https:\/\/www.prijedordanas.com\/?author=2"}]}},"_links":{"self":[{"href":"https:\/\/www.prijedordanas.com\/index.php?rest_route=\/wp\/v2\/posts\/562"}],"collection":[{"href":"https:\/\/www.prijedordanas.com\/index.php?rest_route=\/wp\/v2\/posts"}],"about":[{"href":"https:\/\/www.prijedordanas.com\/index.php?rest_route=\/wp\/v2\/types\/post"}],"author":[{"embeddable":true,"href":"https:\/\/www.prijedordanas.com\/index.php?rest_route=\/wp\/v2\/users\/2"}],"replies":[{"embeddable":true,"href":"https:\/\/www.prijedordanas.com\/index.php?rest_route=%2Fwp%2Fv2%2Fcomments&post=562"}],"version-history":[{"count":1,"href":"https:\/\/www.prijedordanas.com\/index.php?rest_route=\/wp\/v2\/posts\/562\/revisions"}],"predecessor-version":[{"id":568,"href":"https:\/\/www.prijedordanas.com\/index.php?rest_route=\/wp\/v2\/posts\/562\/revisions\/568"}],"wp:attachment":[{"href":"https:\/\/www.prijedordanas.com\/index.php?rest_route=%2Fwp%2Fv2%2Fmedia&parent=562"}],"wp:term":[{"taxonomy":"category","embeddable":true,"href":"https:\/\/www.prijedordanas.com\/index.php?rest_route=%2Fwp%2Fv2%2Fcategories&post=562"},{"taxonomy":"post_tag","embeddable":true,"href":"https:\/\/www.prijedordanas.com\/index.php?rest_route=%2Fwp%2Fv2%2Ftags&post=562"}],"curies":[{"name":"wp","href":"https:\/\/api.w.org\/{rel}","templated":true}]}}