{"id":56040,"date":"2016-07-21T13:47:44","date_gmt":"2016-07-21T11:47:44","guid":{"rendered":"https:\/\/www.prijedordanas.com\/?p=56040"},"modified":"2016-07-21T13:47:44","modified_gmt":"2016-07-21T11:47:44","slug":"udruzenje-roda-u-toku-akcija-knjiga-za-knjigu","status":"publish","type":"post","link":"https:\/\/www.prijedordanas.com\/?p=56040","title":{"rendered":"UDRU\u017dENJE \u201cRODA\u201d \u2013 U TOKU AKCIJA \u201cKNJIGA ZA KNJIGU\u201d"},"content":{"rendered":"<p><a href=\"https:\/\/www.prijedordanas.com\/wp-content\/uploads\/2016\/07\/rtvpd-knjige.jpg\"><img loading=\"lazy\" decoding=\"async\" src=\"https:\/\/www.prijedordanas.com\/wp-content\/uploads\/2016\/07\/rtvpd-knjige-300x169.jpg\" alt=\"rtvpd-knjige\" width=\"300\" height=\"169\" class=\"alignleft size-medium wp-image-56041\" srcset=\"https:\/\/www.prijedordanas.com\/wp-content\/uploads\/2016\/07\/rtvpd-knjige-300x169.jpg 300w, https:\/\/www.prijedordanas.com\/wp-content\/uploads\/2016\/07\/rtvpd-knjige-100x56.jpg 100w, https:\/\/www.prijedordanas.com\/wp-content\/uploads\/2016\/07\/rtvpd-knjige.jpg 639w\" sizes=\"(max-width: 300px) 100vw, 300px\" \/><\/a>\u0160estu godinu Udru\u017eenje roditelja sa \u010detvoro i vi\u0161e djece \u201eRoda\u201c iz Prijedora organizuje akciju prikupljanja ud\u017ebenika i \u0161kolskog pribora pod nazivom \u201eKnjiga za knjigu\u201c. <\/p>\n<p>Ova humana akcija traje do 20. avgusta. <\/p>\n<p>Udru\u017eenje \u201cRoda\u201d prikuplja nove ili polovne knjige, kao i \u0161kolski pribor, te pozivaju sve potencijalne donatore da se u \u0161to ve\u0107em broju odazovu ovoj humanoj akciji. <\/p>\n<p>Ovim putem Udru\u017eenje \u201cRoda\u201d \u017eeli da pomogne roditeljima sa manjom ekonomskom mo\u0107i i da obezbjede \u0161to vi\u0161e ud\u017ebenika, \u0161kolskih torbi i pribora pa i dje\u010dije garderobe, te da im iza\u0111e u susret da na jednom mjestu uz \u0161to povoljnije uslove do\u0111u do odre\u0111enih ud\u017ebenika. <\/p>\n<p>Prostorije ovog udru\u017eenja se nalaze u Ulici Majora Milana Tepi\u0107a br. 13, a svi koji \u017eele da se odazovu akciji mogu da posjete prostorije \u201cRode\u201d  ponedjeljkom, srijedom i petkom od 8.00 do 13.00 \u010dasova. <\/p>\n<p>RTV Prijedor<\/p>\n","protected":false},"excerpt":{"rendered":"<p>\u0160estu godinu Udru\u017eenje roditelja sa \u010detvoro i vi\u0161e djece \u201eRoda\u201c iz Prijedora organizuje akciju prikupljanja ud\u017ebenika i \u0161kolskog pribora pod nazivom \u201eKnjiga za knjigu\u201c. Ova humana akcija traje do 20. [&hellip;]<\/p>\n","protected":false},"author":1,"featured_media":0,"comment_status":"closed","ping_status":"open","sticky":false,"template":"","format":"standard","meta":{"_monsterinsights_skip_tracking":false,"_monsterinsights_sitenote_active":false,"_monsterinsights_sitenote_note":"","_monsterinsights_sitenote_category":0,"footnotes":""},"categories":[8],"tags":[4278,4279],"yoast_head":"<!-- This site is optimized with the Yoast SEO plugin v21.6 - https:\/\/yoast.com\/wordpress\/plugins\/seo\/ -->\n<title>UDRU\u017dENJE \u201cRODA\u201d \u2013 U TOKU AKCIJA \u201cKNJIGA ZA KNJIGU\u201d - PrijedorDanas.com - Prijedorski gradski portal<\/title>\n<meta name=\"robots\" content=\"index, follow, max-snippet:-1, max-image-preview:large, max-video-preview:-1\" \/>\n<link rel=\"canonical\" href=\"https:\/\/www.prijedordanas.com\/?p=56040\" \/>\n<meta property=\"og:locale\" content=\"en_US\" \/>\n<meta property=\"og:type\" content=\"article\" \/>\n<meta property=\"og:title\" content=\"UDRU\u017dENJE \u201cRODA\u201d \u2013 U TOKU AKCIJA \u201cKNJIGA ZA KNJIGU\u201d - PrijedorDanas.com - Prijedorski gradski portal\" \/>\n<meta property=\"og:description\" content=\"\u0160estu godinu Udru\u017eenje roditelja sa \u010detvoro i vi\u0161e djece \u201eRoda\u201c iz Prijedora organizuje akciju prikupljanja ud\u017ebenika i \u0161kolskog pribora pod nazivom \u201eKnjiga za knjigu\u201c. Ova humana akcija traje do 20. [&hellip;]\" \/>\n<meta property=\"og:url\" content=\"https:\/\/www.prijedordanas.com\/?p=56040\" \/>\n<meta property=\"og:site_name\" content=\"PrijedorDanas.com - Prijedorski gradski portal\" \/>\n<meta property=\"article:publisher\" content=\"https:\/\/www.facebook.com\/PrijedorDanasCom\/\" \/>\n<meta property=\"article:published_time\" content=\"2016-07-21T11:47:44+00:00\" \/>\n<meta property=\"og:image\" content=\"https:\/\/www.prijedordanas.com\/wp-content\/uploads\/2016\/07\/rtvpd-knjige-300x169.jpg\" \/>\n<meta name=\"author\" content=\"admin\" \/>\n<meta name=\"twitter:card\" content=\"summary_large_image\" \/>\n<meta name=\"twitter:label1\" content=\"Written by\" \/>\n\t<meta name=\"twitter:data1\" content=\"admin\" \/>\n\t<meta name=\"twitter:label2\" content=\"Est. reading time\" \/>\n\t<meta name=\"twitter:data2\" content=\"1 minute\" \/>\n<script type=\"application\/ld+json\" class=\"yoast-schema-graph\">{\"@context\":\"https:\/\/schema.org\",\"@graph\":[{\"@type\":\"Article\",\"@id\":\"https:\/\/www.prijedordanas.com\/?p=56040#article\",\"isPartOf\":{\"@id\":\"https:\/\/www.prijedordanas.com\/?p=56040\"},\"author\":{\"name\":\"admin\",\"@id\":\"https:\/\/www.prijedordanas.com\/#\/schema\/person\/4e08ccf29b506ca916ff86d46bb700e6\"},\"headline\":\"UDRU\u017dENJE \u201cRODA\u201d \u2013 U TOKU AKCIJA \u201cKNJIGA ZA KNJIGU\u201d\",\"datePublished\":\"2016-07-21T11:47:44+00:00\",\"dateModified\":\"2016-07-21T11:47:44+00:00\",\"mainEntityOfPage\":{\"@id\":\"https:\/\/www.prijedordanas.com\/?p=56040\"},\"wordCount\":158,\"publisher\":{\"@id\":\"https:\/\/www.prijedordanas.com\/#organization\"},\"keywords\":[\"knjiga za knjigu\",\"Udru\u017eenje \\\"Roda\\\"\"],\"articleSection\":[\"Svakodnevno\"],\"inLanguage\":\"en-US\"},{\"@type\":\"WebPage\",\"@id\":\"https:\/\/www.prijedordanas.com\/?p=56040\",\"url\":\"https:\/\/www.prijedordanas.com\/?p=56040\",\"name\":\"UDRU\u017dENJE \u201cRODA\u201d \u2013 U TOKU AKCIJA \u201cKNJIGA ZA KNJIGU\u201d - PrijedorDanas.com - Prijedorski gradski portal\",\"isPartOf\":{\"@id\":\"https:\/\/www.prijedordanas.com\/#website\"},\"datePublished\":\"2016-07-21T11:47:44+00:00\",\"dateModified\":\"2016-07-21T11:47:44+00:00\",\"breadcrumb\":{\"@id\":\"https:\/\/www.prijedordanas.com\/?p=56040#breadcrumb\"},\"inLanguage\":\"en-US\",\"potentialAction\":[{\"@type\":\"ReadAction\",\"target\":[\"https:\/\/www.prijedordanas.com\/?p=56040\"]}]},{\"@type\":\"BreadcrumbList\",\"@id\":\"https:\/\/www.prijedordanas.com\/?p=56040#breadcrumb\",\"itemListElement\":[{\"@type\":\"ListItem\",\"position\":1,\"name\":\"Home\",\"item\":\"https:\/\/www.prijedordanas.com\/\"},{\"@type\":\"ListItem\",\"position\":2,\"name\":\"UDRU\u017dENJE \u201cRODA\u201d \u2013 U TOKU AKCIJA \u201cKNJIGA ZA KNJIGU\u201d\"}]},{\"@type\":\"WebSite\",\"@id\":\"https:\/\/www.prijedordanas.com\/#website\",\"url\":\"https:\/\/www.prijedordanas.com\/\",\"name\":\"PrijedorDanas.com - Prijedorski gradski portal\",\"description\":\"Portal o doga\u0111anjima u gradu Prijedoru\",\"publisher\":{\"@id\":\"https:\/\/www.prijedordanas.com\/#organization\"},\"potentialAction\":[{\"@type\":\"SearchAction\",\"target\":{\"@type\":\"EntryPoint\",\"urlTemplate\":\"https:\/\/www.prijedordanas.com\/?s={search_term_string}\"},\"query-input\":\"required name=search_term_string\"}],\"inLanguage\":\"en-US\"},{\"@type\":\"Organization\",\"@id\":\"https:\/\/www.prijedordanas.com\/#organization\",\"name\":\"PrijedorDanas.com\",\"url\":\"https:\/\/www.prijedordanas.com\/\",\"logo\":{\"@type\":\"ImageObject\",\"inLanguage\":\"en-US\",\"@id\":\"https:\/\/www.prijedordanas.com\/#\/schema\/logo\/image\/\",\"url\":\"http:\/\/www.prijedordanas.com\/wp-content\/uploads\/2021\/12\/logopng.png\",\"contentUrl\":\"http:\/\/www.prijedordanas.com\/wp-content\/uploads\/2021\/12\/logopng.png\",\"width\":1019,\"height\":776,\"caption\":\"PrijedorDanas.com\"},\"image\":{\"@id\":\"https:\/\/www.prijedordanas.com\/#\/schema\/logo\/image\/\"},\"sameAs\":[\"https:\/\/www.facebook.com\/PrijedorDanasCom\/\"]},{\"@type\":\"Person\",\"@id\":\"https:\/\/www.prijedordanas.com\/#\/schema\/person\/4e08ccf29b506ca916ff86d46bb700e6\",\"name\":\"admin\",\"image\":{\"@type\":\"ImageObject\",\"inLanguage\":\"en-US\",\"@id\":\"https:\/\/www.prijedordanas.com\/#\/schema\/person\/image\/\",\"url\":\"https:\/\/secure.gravatar.com\/avatar\/1d3fc949d550f0b53a5f0d51e06dfd79?s=96&d=mm&r=g\",\"contentUrl\":\"https:\/\/secure.gravatar.com\/avatar\/1d3fc949d550f0b53a5f0d51e06dfd79?s=96&d=mm&r=g\",\"caption\":\"admin\"},\"url\":\"https:\/\/www.prijedordanas.com\/?author=1\"}]}<\/script>\n<!-- \/ Yoast SEO plugin. -->","yoast_head_json":{"title":"UDRU\u017dENJE \u201cRODA\u201d \u2013 U TOKU AKCIJA \u201cKNJIGA ZA KNJIGU\u201d - PrijedorDanas.com - Prijedorski gradski portal","robots":{"index":"index","follow":"follow","max-snippet":"max-snippet:-1","max-image-preview":"max-image-preview:large","max-video-preview":"max-video-preview:-1"},"canonical":"https:\/\/www.prijedordanas.com\/?p=56040","og_locale":"en_US","og_type":"article","og_title":"UDRU\u017dENJE \u201cRODA\u201d \u2013 U TOKU AKCIJA \u201cKNJIGA ZA KNJIGU\u201d - PrijedorDanas.com - Prijedorski gradski portal","og_description":"\u0160estu godinu Udru\u017eenje roditelja sa \u010detvoro i vi\u0161e djece \u201eRoda\u201c iz Prijedora organizuje akciju prikupljanja ud\u017ebenika i \u0161kolskog pribora pod nazivom \u201eKnjiga za knjigu\u201c. Ova humana akcija traje do 20. [&hellip;]","og_url":"https:\/\/www.prijedordanas.com\/?p=56040","og_site_name":"PrijedorDanas.com - Prijedorski gradski portal","article_publisher":"https:\/\/www.facebook.com\/PrijedorDanasCom\/","article_published_time":"2016-07-21T11:47:44+00:00","og_image":[{"url":"https:\/\/www.prijedordanas.com\/wp-content\/uploads\/2016\/07\/rtvpd-knjige-300x169.jpg"}],"author":"admin","twitter_card":"summary_large_image","twitter_misc":{"Written by":"admin","Est. reading time":"1 minute"},"schema":{"@context":"https:\/\/schema.org","@graph":[{"@type":"Article","@id":"https:\/\/www.prijedordanas.com\/?p=56040#article","isPartOf":{"@id":"https:\/\/www.prijedordanas.com\/?p=56040"},"author":{"name":"admin","@id":"https:\/\/www.prijedordanas.com\/#\/schema\/person\/4e08ccf29b506ca916ff86d46bb700e6"},"headline":"UDRU\u017dENJE \u201cRODA\u201d \u2013 U TOKU AKCIJA \u201cKNJIGA ZA KNJIGU\u201d","datePublished":"2016-07-21T11:47:44+00:00","dateModified":"2016-07-21T11:47:44+00:00","mainEntityOfPage":{"@id":"https:\/\/www.prijedordanas.com\/?p=56040"},"wordCount":158,"publisher":{"@id":"https:\/\/www.prijedordanas.com\/#organization"},"keywords":["knjiga za knjigu","Udru\u017eenje \"Roda\""],"articleSection":["Svakodnevno"],"inLanguage":"en-US"},{"@type":"WebPage","@id":"https:\/\/www.prijedordanas.com\/?p=56040","url":"https:\/\/www.prijedordanas.com\/?p=56040","name":"UDRU\u017dENJE \u201cRODA\u201d \u2013 U TOKU AKCIJA \u201cKNJIGA ZA KNJIGU\u201d - PrijedorDanas.com - Prijedorski gradski portal","isPartOf":{"@id":"https:\/\/www.prijedordanas.com\/#website"},"datePublished":"2016-07-21T11:47:44+00:00","dateModified":"2016-07-21T11:47:44+00:00","breadcrumb":{"@id":"https:\/\/www.prijedordanas.com\/?p=56040#breadcrumb"},"inLanguage":"en-US","potentialAction":[{"@type":"ReadAction","target":["https:\/\/www.prijedordanas.com\/?p=56040"]}]},{"@type":"BreadcrumbList","@id":"https:\/\/www.prijedordanas.com\/?p=56040#breadcrumb","itemListElement":[{"@type":"ListItem","position":1,"name":"Home","item":"https:\/\/www.prijedordanas.com\/"},{"@type":"ListItem","position":2,"name":"UDRU\u017dENJE \u201cRODA\u201d \u2013 U TOKU AKCIJA \u201cKNJIGA ZA KNJIGU\u201d"}]},{"@type":"WebSite","@id":"https:\/\/www.prijedordanas.com\/#website","url":"https:\/\/www.prijedordanas.com\/","name":"PrijedorDanas.com - Prijedorski gradski portal","description":"Portal o doga\u0111anjima u gradu Prijedoru","publisher":{"@id":"https:\/\/www.prijedordanas.com\/#organization"},"potentialAction":[{"@type":"SearchAction","target":{"@type":"EntryPoint","urlTemplate":"https:\/\/www.prijedordanas.com\/?s={search_term_string}"},"query-input":"required name=search_term_string"}],"inLanguage":"en-US"},{"@type":"Organization","@id":"https:\/\/www.prijedordanas.com\/#organization","name":"PrijedorDanas.com","url":"https:\/\/www.prijedordanas.com\/","logo":{"@type":"ImageObject","inLanguage":"en-US","@id":"https:\/\/www.prijedordanas.com\/#\/schema\/logo\/image\/","url":"http:\/\/www.prijedordanas.com\/wp-content\/uploads\/2021\/12\/logopng.png","contentUrl":"http:\/\/www.prijedordanas.com\/wp-content\/uploads\/2021\/12\/logopng.png","width":1019,"height":776,"caption":"PrijedorDanas.com"},"image":{"@id":"https:\/\/www.prijedordanas.com\/#\/schema\/logo\/image\/"},"sameAs":["https:\/\/www.facebook.com\/PrijedorDanasCom\/"]},{"@type":"Person","@id":"https:\/\/www.prijedordanas.com\/#\/schema\/person\/4e08ccf29b506ca916ff86d46bb700e6","name":"admin","image":{"@type":"ImageObject","inLanguage":"en-US","@id":"https:\/\/www.prijedordanas.com\/#\/schema\/person\/image\/","url":"https:\/\/secure.gravatar.com\/avatar\/1d3fc949d550f0b53a5f0d51e06dfd79?s=96&d=mm&r=g","contentUrl":"https:\/\/secure.gravatar.com\/avatar\/1d3fc949d550f0b53a5f0d51e06dfd79?s=96&d=mm&r=g","caption":"admin"},"url":"https:\/\/www.prijedordanas.com\/?author=1"}]}},"_links":{"self":[{"href":"https:\/\/www.prijedordanas.com\/index.php?rest_route=\/wp\/v2\/posts\/56040"}],"collection":[{"href":"https:\/\/www.prijedordanas.com\/index.php?rest_route=\/wp\/v2\/posts"}],"about":[{"href":"https:\/\/www.prijedordanas.com\/index.php?rest_route=\/wp\/v2\/types\/post"}],"author":[{"embeddable":true,"href":"https:\/\/www.prijedordanas.com\/index.php?rest_route=\/wp\/v2\/users\/1"}],"replies":[{"embeddable":true,"href":"https:\/\/www.prijedordanas.com\/index.php?rest_route=%2Fwp%2Fv2%2Fcomments&post=56040"}],"version-history":[{"count":1,"href":"https:\/\/www.prijedordanas.com\/index.php?rest_route=\/wp\/v2\/posts\/56040\/revisions"}],"predecessor-version":[{"id":56042,"href":"https:\/\/www.prijedordanas.com\/index.php?rest_route=\/wp\/v2\/posts\/56040\/revisions\/56042"}],"wp:attachment":[{"href":"https:\/\/www.prijedordanas.com\/index.php?rest_route=%2Fwp%2Fv2%2Fmedia&parent=56040"}],"wp:term":[{"taxonomy":"category","embeddable":true,"href":"https:\/\/www.prijedordanas.com\/index.php?rest_route=%2Fwp%2Fv2%2Fcategories&post=56040"},{"taxonomy":"post_tag","embeddable":true,"href":"https:\/\/www.prijedordanas.com\/index.php?rest_route=%2Fwp%2Fv2%2Ftags&post=56040"}],"curies":[{"name":"wp","href":"https:\/\/api.w.org\/{rel}","templated":true}]}}