{"id":55334,"date":"2016-07-12T15:19:10","date_gmt":"2016-07-12T13:19:10","guid":{"rendered":"https:\/\/www.prijedordanas.com\/?p=55334"},"modified":"2016-07-12T15:19:10","modified_gmt":"2016-07-12T13:19:10","slug":"svjedokinje-vidjele-zmijanjca-kad-je-ubio-halila-delica","status":"publish","type":"post","link":"https:\/\/www.prijedordanas.com\/?p=55334","title":{"rendered":"SVJEDOKINJE VIDJELE ZMIJANJCA KAD JE UBIO HALILA DELI\u0106A"},"content":{"rendered":"<p><a href=\"https:\/\/www.prijedordanas.com\/wp-content\/uploads\/2016\/02\/sud-bih-1-2.jpg\"><img loading=\"lazy\" decoding=\"async\" class=\"alignleft size-medium wp-image-42457\" src=\"https:\/\/www.prijedordanas.com\/wp-content\/uploads\/2016\/02\/sud-bih-1-2-300x200.jpg\" alt=\"sud bih (1)\" width=\"300\" height=\"200\" srcset=\"https:\/\/www.prijedordanas.com\/wp-content\/uploads\/2016\/02\/sud-bih-1-2-300x200.jpg 300w, https:\/\/www.prijedordanas.com\/wp-content\/uploads\/2016\/02\/sud-bih-1-2-480x320.jpg 480w, https:\/\/www.prijedordanas.com\/wp-content\/uploads\/2016\/02\/sud-bih-1-2.jpg 600w\" sizes=\"(max-width: 300px) 100vw, 300px\" \/><\/a>Na su\u0111enju za zlo\u010dine po\u010dinjene na podru\u010dju Prijedora, svjedokinje Tu\u017eila\u0161tva BiH su izjavile da su na ulici vidjele kako optu\u017eeni Dragoja Zmijanjac puca u kom\u0161iju Halila Dedi\u0107a.<\/p>\n<p>Dijana Brki\u0107 je u ljeto 1992. godine \u017eivjela u Prijedoru, u porodi\u010dnoj ku\u0107i. Kazala je da joj je Halil Dedi\u0107 bio kom\u0161ija.<\/p>\n<p>Ona se prisjetila kako je s k\u0107erkom u ljeto 1992. godine na ulici vidjela Zmijanjca kako druge kom\u0161ije pita za Halila Dedi\u0107a. Kada su mu rekli da je u ku\u0107i, optu\u017eeni je u\u0161ao u njegovo dvori\u0161te.<\/p>\n<p>\u201cKada sam se okrenula, vidjela sam da izvodi Halila iz dvori\u0161ta. Zmijanjac mu je pucao u le\u0111a i Halil je pao. Pucao je iz pu\u0161ke vi\u0161e puta. Sje\u0107am se da mu je s le\u0111a pucao izme\u0111u ple\u0107ki i Halil je pao na koljena. Pucao mu je u glavu i on je pao\u201d, ispri\u010dala je Brki\u0107, koja je svjedo\u010dila iz Chicaga (Sjedinjene Ameri\u010dke Dr\u017eave) putem videolinka.<\/p>\n<p><a href=\"https:\/\/www.prijedordanas.com\/wp-content\/uploads\/2016\/02\/sud-bih-3-2.jpg\"><img loading=\"lazy\" decoding=\"async\" class=\"alignleft size-medium wp-image-42214\" src=\"https:\/\/www.prijedordanas.com\/wp-content\/uploads\/2016\/02\/sud-bih-3-2-300x225.jpg\" alt=\"sud bih (3)\" width=\"300\" height=\"225\" srcset=\"https:\/\/www.prijedordanas.com\/wp-content\/uploads\/2016\/02\/sud-bih-3-2-300x225.jpg 300w, https:\/\/www.prijedordanas.com\/wp-content\/uploads\/2016\/02\/sud-bih-3-2.jpg 600w\" sizes=\"(max-width: 300px) 100vw, 300px\" \/><\/a>Nakon tog doga\u0111aja, kako je kazala, pobjegla je u ku\u0107u kom\u0161ija i, kada se vra\u0107ala, vidjela je Dedi\u0107evo tijelo na trotoaru prekoputa njegove ku\u0107e.<\/p>\n<p>Brki\u0107 je rekla da je poznavala optu\u017eenog Zmijanjca jer je s njenim bratom igrao fudbal.<\/p>\n<p>Zmijanjac je optu\u017een da je 24. jula 1992. iz ku\u0107e izveo Halila Dedi\u0107a i ubio ga iz automatske pu\u0161ke. Prema optu\u017enici, jedno lice je dotr\u010dalo do optu\u017eenog i pitalo ga za\u0161to im je ubio kom\u0161iju, a Zmijanjac je odgovorio: \u201cSve Turke treba pobiti.\u201d<\/p>\n<p>Kako je navedeno u optu\u017enici, Zmijanjac je 27. jula oti\u0161ao do ku\u0107e u koju se sakrio sin ubijenog Halid Dedi\u0107, i prijetio njegovoj porodici i Mileni Kragulj.<\/p>\n<p><a href=\"https:\/\/www.prijedordanas.com\/wp-content\/uploads\/2016\/02\/sud-bih-2-2.jpg\"><img loading=\"lazy\" decoding=\"async\" src=\"https:\/\/www.prijedordanas.com\/wp-content\/uploads\/2016\/02\/sud-bih-2-2-300x225.jpg\" alt=\"sud bih (2)\" width=\"300\" height=\"225\" class=\"alignleft size-medium wp-image-41824\" srcset=\"https:\/\/www.prijedordanas.com\/wp-content\/uploads\/2016\/02\/sud-bih-2-2-300x225.jpg 300w, https:\/\/www.prijedordanas.com\/wp-content\/uploads\/2016\/02\/sud-bih-2-2.jpg 500w\" sizes=\"(max-width: 300px) 100vw, 300px\" \/><\/a>Svjedokinja Emira \u017deri\u0107 je rekla da je poznavala Halila Dedi\u0107a te da se sje\u0107a dana kada je ubijen.<\/p>\n<p>\u201cHalil je ubijen. To znam zato \u0161to smo mama i ja i\u0161le ulicom i gospodin Zmijanjac je nai\u0161ao i pitao kom\u0161ije je li mu kom\u0161ija Halil kod ku\u0107e. Izveo ga je iz ku\u0107e i ubio ga ispred nas, s le\u0111a. Zmijanjac je bio u vojni\u010dkoj uniformi. Imao je automatsku pu\u0161ku (\u2026) Pucao mu je u glavu i le\u0111a, i Halil je pao na cestu, udario glavom od beton i krv je tekla prema kanalizaciji\u201d, opisala je \u017deri\u0107, koja je tada imala 11 godina.<\/p>\n<p>Svjedokinja je s majkom nakon toga pobjegla kod kom\u0161ija, a kada su se vra\u0107ale ku\u0107i, vidjele su Dedi\u0107evo tijelo na trotoaru.<\/p>\n<p>Su\u0111enje \u0107e se nastaviti 22. augusta.<\/p>\n<p>BIRN<\/p>\n","protected":false},"excerpt":{"rendered":"<p>Na su\u0111enju za zlo\u010dine po\u010dinjene na podru\u010dju Prijedora, svjedokinje Tu\u017eila\u0161tva BiH su izjavile da su na ulici vidjele kako optu\u017eeni Dragoja Zmijanjac puca u kom\u0161iju Halila Dedi\u0107a. Dijana Brki\u0107 je [&hellip;]<\/p>\n","protected":false},"author":1,"featured_media":0,"comment_status":"closed","ping_status":"open","sticky":false,"template":"","format":"standard","meta":{"_monsterinsights_skip_tracking":false,"_monsterinsights_sitenote_active":false,"_monsterinsights_sitenote_note":"","_monsterinsights_sitenote_category":0,"footnotes":""},"categories":[5],"tags":[6283,8344,531,249,1002],"yoast_head":"<!-- This site is optimized with the Yoast SEO plugin v21.6 - https:\/\/yoast.com\/wordpress\/plugins\/seo\/ -->\n<title>SVJEDOKINJE VIDJELE ZMIJANJCA KAD JE UBIO HALILA DELI\u0106A - PrijedorDanas.com - Prijedorski gradski portal<\/title>\n<meta name=\"robots\" content=\"index, follow, max-snippet:-1, max-image-preview:large, max-video-preview:-1\" \/>\n<link rel=\"canonical\" href=\"https:\/\/www.prijedordanas.com\/?p=55334\" \/>\n<meta property=\"og:locale\" content=\"en_US\" \/>\n<meta property=\"og:type\" content=\"article\" \/>\n<meta property=\"og:title\" content=\"SVJEDOKINJE VIDJELE ZMIJANJCA KAD JE UBIO HALILA DELI\u0106A - PrijedorDanas.com - Prijedorski gradski portal\" \/>\n<meta property=\"og:description\" content=\"Na su\u0111enju za zlo\u010dine po\u010dinjene na podru\u010dju Prijedora, svjedokinje Tu\u017eila\u0161tva BiH su izjavile da su na ulici vidjele kako optu\u017eeni Dragoja Zmijanjac puca u kom\u0161iju Halila Dedi\u0107a. Dijana Brki\u0107 je [&hellip;]\" \/>\n<meta property=\"og:url\" content=\"https:\/\/www.prijedordanas.com\/?p=55334\" \/>\n<meta property=\"og:site_name\" content=\"PrijedorDanas.com - Prijedorski gradski portal\" \/>\n<meta property=\"article:publisher\" content=\"https:\/\/www.facebook.com\/PrijedorDanasCom\/\" \/>\n<meta property=\"article:published_time\" content=\"2016-07-12T13:19:10+00:00\" \/>\n<meta property=\"og:image\" content=\"https:\/\/www.prijedordanas.com\/wp-content\/uploads\/2016\/02\/sud-bih-1-2-300x200.jpg\" \/>\n<meta name=\"author\" content=\"admin\" \/>\n<meta name=\"twitter:card\" content=\"summary_large_image\" \/>\n<meta name=\"twitter:label1\" content=\"Written by\" \/>\n\t<meta name=\"twitter:data1\" content=\"admin\" \/>\n\t<meta name=\"twitter:label2\" content=\"Est. reading time\" \/>\n\t<meta name=\"twitter:data2\" content=\"2 minutes\" \/>\n<script type=\"application\/ld+json\" class=\"yoast-schema-graph\">{\"@context\":\"https:\/\/schema.org\",\"@graph\":[{\"@type\":\"Article\",\"@id\":\"https:\/\/www.prijedordanas.com\/?p=55334#article\",\"isPartOf\":{\"@id\":\"https:\/\/www.prijedordanas.com\/?p=55334\"},\"author\":{\"name\":\"admin\",\"@id\":\"https:\/\/www.prijedordanas.com\/#\/schema\/person\/4e08ccf29b506ca916ff86d46bb700e6\"},\"headline\":\"SVJEDOKINJE VIDJELE ZMIJANJCA KAD JE UBIO HALILA DELI\u0106A\",\"datePublished\":\"2016-07-12T13:19:10+00:00\",\"dateModified\":\"2016-07-12T13:19:10+00:00\",\"mainEntityOfPage\":{\"@id\":\"https:\/\/www.prijedordanas.com\/?p=55334\"},\"wordCount\":456,\"publisher\":{\"@id\":\"https:\/\/www.prijedordanas.com\/#organization\"},\"keywords\":[\"Dragoja Zmijanjac\",\"Halil Deli\u0107\",\"Sud BiH\",\"su\u0111enje\",\"ubistvo\"],\"articleSection\":[\"Hronika\"],\"inLanguage\":\"en-US\"},{\"@type\":\"WebPage\",\"@id\":\"https:\/\/www.prijedordanas.com\/?p=55334\",\"url\":\"https:\/\/www.prijedordanas.com\/?p=55334\",\"name\":\"SVJEDOKINJE VIDJELE ZMIJANJCA KAD JE UBIO HALILA DELI\u0106A - PrijedorDanas.com - Prijedorski gradski portal\",\"isPartOf\":{\"@id\":\"https:\/\/www.prijedordanas.com\/#website\"},\"datePublished\":\"2016-07-12T13:19:10+00:00\",\"dateModified\":\"2016-07-12T13:19:10+00:00\",\"breadcrumb\":{\"@id\":\"https:\/\/www.prijedordanas.com\/?p=55334#breadcrumb\"},\"inLanguage\":\"en-US\",\"potentialAction\":[{\"@type\":\"ReadAction\",\"target\":[\"https:\/\/www.prijedordanas.com\/?p=55334\"]}]},{\"@type\":\"BreadcrumbList\",\"@id\":\"https:\/\/www.prijedordanas.com\/?p=55334#breadcrumb\",\"itemListElement\":[{\"@type\":\"ListItem\",\"position\":1,\"name\":\"Home\",\"item\":\"https:\/\/www.prijedordanas.com\/\"},{\"@type\":\"ListItem\",\"position\":2,\"name\":\"SVJEDOKINJE VIDJELE ZMIJANJCA KAD JE UBIO HALILA DELI\u0106A\"}]},{\"@type\":\"WebSite\",\"@id\":\"https:\/\/www.prijedordanas.com\/#website\",\"url\":\"https:\/\/www.prijedordanas.com\/\",\"name\":\"PrijedorDanas.com - Prijedorski gradski portal\",\"description\":\"Portal o doga\u0111anjima u gradu Prijedoru\",\"publisher\":{\"@id\":\"https:\/\/www.prijedordanas.com\/#organization\"},\"potentialAction\":[{\"@type\":\"SearchAction\",\"target\":{\"@type\":\"EntryPoint\",\"urlTemplate\":\"https:\/\/www.prijedordanas.com\/?s={search_term_string}\"},\"query-input\":\"required name=search_term_string\"}],\"inLanguage\":\"en-US\"},{\"@type\":\"Organization\",\"@id\":\"https:\/\/www.prijedordanas.com\/#organization\",\"name\":\"PrijedorDanas.com\",\"url\":\"https:\/\/www.prijedordanas.com\/\",\"logo\":{\"@type\":\"ImageObject\",\"inLanguage\":\"en-US\",\"@id\":\"https:\/\/www.prijedordanas.com\/#\/schema\/logo\/image\/\",\"url\":\"http:\/\/www.prijedordanas.com\/wp-content\/uploads\/2021\/12\/logopng.png\",\"contentUrl\":\"http:\/\/www.prijedordanas.com\/wp-content\/uploads\/2021\/12\/logopng.png\",\"width\":1019,\"height\":776,\"caption\":\"PrijedorDanas.com\"},\"image\":{\"@id\":\"https:\/\/www.prijedordanas.com\/#\/schema\/logo\/image\/\"},\"sameAs\":[\"https:\/\/www.facebook.com\/PrijedorDanasCom\/\"]},{\"@type\":\"Person\",\"@id\":\"https:\/\/www.prijedordanas.com\/#\/schema\/person\/4e08ccf29b506ca916ff86d46bb700e6\",\"name\":\"admin\",\"image\":{\"@type\":\"ImageObject\",\"inLanguage\":\"en-US\",\"@id\":\"https:\/\/www.prijedordanas.com\/#\/schema\/person\/image\/\",\"url\":\"https:\/\/secure.gravatar.com\/avatar\/1d3fc949d550f0b53a5f0d51e06dfd79?s=96&d=mm&r=g\",\"contentUrl\":\"https:\/\/secure.gravatar.com\/avatar\/1d3fc949d550f0b53a5f0d51e06dfd79?s=96&d=mm&r=g\",\"caption\":\"admin\"},\"url\":\"https:\/\/www.prijedordanas.com\/?author=1\"}]}<\/script>\n<!-- \/ Yoast SEO plugin. -->","yoast_head_json":{"title":"SVJEDOKINJE VIDJELE ZMIJANJCA KAD JE UBIO HALILA DELI\u0106A - PrijedorDanas.com - Prijedorski gradski portal","robots":{"index":"index","follow":"follow","max-snippet":"max-snippet:-1","max-image-preview":"max-image-preview:large","max-video-preview":"max-video-preview:-1"},"canonical":"https:\/\/www.prijedordanas.com\/?p=55334","og_locale":"en_US","og_type":"article","og_title":"SVJEDOKINJE VIDJELE ZMIJANJCA KAD JE UBIO HALILA DELI\u0106A - PrijedorDanas.com - Prijedorski gradski portal","og_description":"Na su\u0111enju za zlo\u010dine po\u010dinjene na podru\u010dju Prijedora, svjedokinje Tu\u017eila\u0161tva BiH su izjavile da su na ulici vidjele kako optu\u017eeni Dragoja Zmijanjac puca u kom\u0161iju Halila Dedi\u0107a. Dijana Brki\u0107 je [&hellip;]","og_url":"https:\/\/www.prijedordanas.com\/?p=55334","og_site_name":"PrijedorDanas.com - Prijedorski gradski portal","article_publisher":"https:\/\/www.facebook.com\/PrijedorDanasCom\/","article_published_time":"2016-07-12T13:19:10+00:00","og_image":[{"url":"https:\/\/www.prijedordanas.com\/wp-content\/uploads\/2016\/02\/sud-bih-1-2-300x200.jpg"}],"author":"admin","twitter_card":"summary_large_image","twitter_misc":{"Written by":"admin","Est. reading time":"2 minutes"},"schema":{"@context":"https:\/\/schema.org","@graph":[{"@type":"Article","@id":"https:\/\/www.prijedordanas.com\/?p=55334#article","isPartOf":{"@id":"https:\/\/www.prijedordanas.com\/?p=55334"},"author":{"name":"admin","@id":"https:\/\/www.prijedordanas.com\/#\/schema\/person\/4e08ccf29b506ca916ff86d46bb700e6"},"headline":"SVJEDOKINJE VIDJELE ZMIJANJCA KAD JE UBIO HALILA DELI\u0106A","datePublished":"2016-07-12T13:19:10+00:00","dateModified":"2016-07-12T13:19:10+00:00","mainEntityOfPage":{"@id":"https:\/\/www.prijedordanas.com\/?p=55334"},"wordCount":456,"publisher":{"@id":"https:\/\/www.prijedordanas.com\/#organization"},"keywords":["Dragoja Zmijanjac","Halil Deli\u0107","Sud BiH","su\u0111enje","ubistvo"],"articleSection":["Hronika"],"inLanguage":"en-US"},{"@type":"WebPage","@id":"https:\/\/www.prijedordanas.com\/?p=55334","url":"https:\/\/www.prijedordanas.com\/?p=55334","name":"SVJEDOKINJE VIDJELE ZMIJANJCA KAD JE UBIO HALILA DELI\u0106A - PrijedorDanas.com - Prijedorski gradski portal","isPartOf":{"@id":"https:\/\/www.prijedordanas.com\/#website"},"datePublished":"2016-07-12T13:19:10+00:00","dateModified":"2016-07-12T13:19:10+00:00","breadcrumb":{"@id":"https:\/\/www.prijedordanas.com\/?p=55334#breadcrumb"},"inLanguage":"en-US","potentialAction":[{"@type":"ReadAction","target":["https:\/\/www.prijedordanas.com\/?p=55334"]}]},{"@type":"BreadcrumbList","@id":"https:\/\/www.prijedordanas.com\/?p=55334#breadcrumb","itemListElement":[{"@type":"ListItem","position":1,"name":"Home","item":"https:\/\/www.prijedordanas.com\/"},{"@type":"ListItem","position":2,"name":"SVJEDOKINJE VIDJELE ZMIJANJCA KAD JE UBIO HALILA DELI\u0106A"}]},{"@type":"WebSite","@id":"https:\/\/www.prijedordanas.com\/#website","url":"https:\/\/www.prijedordanas.com\/","name":"PrijedorDanas.com - Prijedorski gradski portal","description":"Portal o doga\u0111anjima u gradu Prijedoru","publisher":{"@id":"https:\/\/www.prijedordanas.com\/#organization"},"potentialAction":[{"@type":"SearchAction","target":{"@type":"EntryPoint","urlTemplate":"https:\/\/www.prijedordanas.com\/?s={search_term_string}"},"query-input":"required name=search_term_string"}],"inLanguage":"en-US"},{"@type":"Organization","@id":"https:\/\/www.prijedordanas.com\/#organization","name":"PrijedorDanas.com","url":"https:\/\/www.prijedordanas.com\/","logo":{"@type":"ImageObject","inLanguage":"en-US","@id":"https:\/\/www.prijedordanas.com\/#\/schema\/logo\/image\/","url":"http:\/\/www.prijedordanas.com\/wp-content\/uploads\/2021\/12\/logopng.png","contentUrl":"http:\/\/www.prijedordanas.com\/wp-content\/uploads\/2021\/12\/logopng.png","width":1019,"height":776,"caption":"PrijedorDanas.com"},"image":{"@id":"https:\/\/www.prijedordanas.com\/#\/schema\/logo\/image\/"},"sameAs":["https:\/\/www.facebook.com\/PrijedorDanasCom\/"]},{"@type":"Person","@id":"https:\/\/www.prijedordanas.com\/#\/schema\/person\/4e08ccf29b506ca916ff86d46bb700e6","name":"admin","image":{"@type":"ImageObject","inLanguage":"en-US","@id":"https:\/\/www.prijedordanas.com\/#\/schema\/person\/image\/","url":"https:\/\/secure.gravatar.com\/avatar\/1d3fc949d550f0b53a5f0d51e06dfd79?s=96&d=mm&r=g","contentUrl":"https:\/\/secure.gravatar.com\/avatar\/1d3fc949d550f0b53a5f0d51e06dfd79?s=96&d=mm&r=g","caption":"admin"},"url":"https:\/\/www.prijedordanas.com\/?author=1"}]}},"_links":{"self":[{"href":"https:\/\/www.prijedordanas.com\/index.php?rest_route=\/wp\/v2\/posts\/55334"}],"collection":[{"href":"https:\/\/www.prijedordanas.com\/index.php?rest_route=\/wp\/v2\/posts"}],"about":[{"href":"https:\/\/www.prijedordanas.com\/index.php?rest_route=\/wp\/v2\/types\/post"}],"author":[{"embeddable":true,"href":"https:\/\/www.prijedordanas.com\/index.php?rest_route=\/wp\/v2\/users\/1"}],"replies":[{"embeddable":true,"href":"https:\/\/www.prijedordanas.com\/index.php?rest_route=%2Fwp%2Fv2%2Fcomments&post=55334"}],"version-history":[{"count":1,"href":"https:\/\/www.prijedordanas.com\/index.php?rest_route=\/wp\/v2\/posts\/55334\/revisions"}],"predecessor-version":[{"id":55335,"href":"https:\/\/www.prijedordanas.com\/index.php?rest_route=\/wp\/v2\/posts\/55334\/revisions\/55335"}],"wp:attachment":[{"href":"https:\/\/www.prijedordanas.com\/index.php?rest_route=%2Fwp%2Fv2%2Fmedia&parent=55334"}],"wp:term":[{"taxonomy":"category","embeddable":true,"href":"https:\/\/www.prijedordanas.com\/index.php?rest_route=%2Fwp%2Fv2%2Fcategories&post=55334"},{"taxonomy":"post_tag","embeddable":true,"href":"https:\/\/www.prijedordanas.com\/index.php?rest_route=%2Fwp%2Fv2%2Ftags&post=55334"}],"curies":[{"name":"wp","href":"https:\/\/api.w.org\/{rel}","templated":true}]}}