{"id":54938,"date":"2016-07-07T08:07:50","date_gmt":"2016-07-07T06:07:50","guid":{"rendered":"https:\/\/www.prijedordanas.com\/?p=54938"},"modified":"2016-07-07T08:07:50","modified_gmt":"2016-07-07T06:07:50","slug":"fk-rudar-prijedor-dalibor-majkic-bice-tesko-boricemo-se","status":"publish","type":"post","link":"https:\/\/www.prijedordanas.com\/?p=54938","title":{"rendered":"FK \u201eRUDAR-PRIJEDOR\u201c-DALIBOR MAJKI\u0106: BI\u0106E TE\u0160KO, BORI\u0106EMO SE"},"content":{"rendered":"<p><a href=\"https:\/\/www.prijedordanas.com\/wp-content\/uploads\/2016\/07\/rudar-prijedor-pocele-ljetne-pripreme-3-1.jpg\"><img loading=\"lazy\" decoding=\"async\" class=\"alignleft size-medium wp-image-54939\" src=\"https:\/\/www.prijedordanas.com\/wp-content\/uploads\/2016\/07\/rudar-prijedor-pocele-ljetne-pripreme-3-1-300x199.jpg\" alt=\"rudar prijedor-pocele ljetne pripreme (3)\" width=\"300\" height=\"199\" srcset=\"https:\/\/www.prijedordanas.com\/wp-content\/uploads\/2016\/07\/rudar-prijedor-pocele-ljetne-pripreme-3-1-300x200.jpg 300w, https:\/\/www.prijedordanas.com\/wp-content\/uploads\/2016\/07\/rudar-prijedor-pocele-ljetne-pripreme-3-1-480x320.jpg 480w, https:\/\/www.prijedordanas.com\/wp-content\/uploads\/2016\/07\/rudar-prijedor-pocele-ljetne-pripreme-3-1.jpg 600w\" sizes=\"(max-width: 300px) 100vw, 300px\" \/><\/a>Brigu o Fudbalskom klubu Rudar-Prijedor preuzeo je Komitet za hotna pitanja kojim predsjedava nekada\u0161nji prvi \u010dovjek kluba osnovanog 1928. godine, Dalibor Majki\u0107.<\/p>\n<p>On je bio na prozivci igra\u010da na Gradskom stadionu i pozdravio ih, odnosno istakao ambicije \u201erudara\u201c u narednoj sezoni Prve lige Republike Srpske.<\/p>\n<p>-Mnogo je problema, mnogo posla, nalazimo se u skra\u0107enom periodu i zakasnili smo malo sa po\u010detkom rada, mnogo vremena smo izgubili, kao i veliki broj igra\u010da. Ovo je poseban trenutak u klubu, ali bez obzira na sve probleme koji nas priti\u0161\u0107u nastoja\u0107emo da ostvarimo \u0161to bolji rezultat. Na\u0161 prevashodni cilj je opstanak u prvoliga\u0161koj konkurenciji \u2013 rekao je Dalibor Majki\u0107, predsjednik Komiteta za hitna pitanja Fudbalskog kluba Rudar-Prijedor.<\/p>\n<p><a href=\"https:\/\/www.prijedordanas.com\/wp-content\/uploads\/2015\/11\/rudar-prijedor-dalibor-majkic.jpg\"><img loading=\"lazy\" decoding=\"async\" src=\"https:\/\/www.prijedordanas.com\/wp-content\/uploads\/2015\/11\/rudar-prijedor-dalibor-majkic-300x215.jpg\" alt=\"rudar prijedor-dalibor majkic\" width=\"300\" height=\"215\" class=\"alignleft size-medium wp-image-32567\" srcset=\"https:\/\/www.prijedordanas.com\/wp-content\/uploads\/2015\/11\/rudar-prijedor-dalibor-majkic-300x215.jpg 300w, https:\/\/www.prijedordanas.com\/wp-content\/uploads\/2015\/11\/rudar-prijedor-dalibor-majkic.jpg 600w\" sizes=\"(max-width: 300px) 100vw, 300px\" \/><\/a>Na pitanje kako on vidi izlaz iz krize i kako klub u budu\u0107nosti mo\u017ee da funkcioni\u0161e, Majki\u0107 je odgovorio:<\/p>\n<p>-Samo maksimalnim anga\u017emanom svih u i oko kluba. Kada to ka\u017eem onda mislim na lokalnu zajednicu, sponzore, prijatelje, ljude s dobrim namjerama, ljubitelje fudbala u gradu Prijedoru. Uz respekt, uva\u017eavanje i razumijevanje svih mo\u017eemo da idemo naprijed. Ne\u0107emo se predavati, bori\u0107emo se svim snagama da vratimo dostaojanstvo i imid\u017e kluba koji traje ve\u0107 88 godina.<\/p>\n<p>Sportdc.net<br \/>\nFoto \u2013 Aleksandar Drakuli\u0107 \u2013 <a href=\"www.prijedordanas.com\" target=\"_blank\">www.prijedordanas.com<\/a><\/p>\n","protected":false},"excerpt":{"rendered":"<p>Brigu o Fudbalskom klubu Rudar-Prijedor preuzeo je Komitet za hotna pitanja kojim predsjedava nekada\u0161nji prvi \u010dovjek kluba osnovanog 1928. godine, Dalibor Majki\u0107. On je bio na prozivci igra\u010da na Gradskom [&hellip;]<\/p>\n","protected":false},"author":1,"featured_media":0,"comment_status":"closed","ping_status":"open","sticky":false,"template":"","format":"standard","meta":{"_monsterinsights_skip_tracking":false,"_monsterinsights_sitenote_active":false,"_monsterinsights_sitenote_note":"","_monsterinsights_sitenote_category":0,"footnotes":""},"categories":[7],"tags":[4088,8201,221],"yoast_head":"<!-- This site is optimized with the Yoast SEO plugin v21.6 - https:\/\/yoast.com\/wordpress\/plugins\/seo\/ -->\n<title>FK \u201eRUDAR-PRIJEDOR\u201c-DALIBOR MAJKI\u0106: BI\u0106E TE\u0160KO, BORI\u0106EMO SE - PrijedorDanas.com - Prijedorski gradski portal<\/title>\n<meta name=\"robots\" content=\"index, follow, max-snippet:-1, max-image-preview:large, max-video-preview:-1\" \/>\n<link rel=\"canonical\" href=\"https:\/\/www.prijedordanas.com\/?p=54938\" \/>\n<meta property=\"og:locale\" content=\"en_US\" \/>\n<meta property=\"og:type\" content=\"article\" \/>\n<meta property=\"og:title\" content=\"FK \u201eRUDAR-PRIJEDOR\u201c-DALIBOR MAJKI\u0106: BI\u0106E TE\u0160KO, BORI\u0106EMO SE - PrijedorDanas.com - Prijedorski gradski portal\" \/>\n<meta property=\"og:description\" content=\"Brigu o Fudbalskom klubu Rudar-Prijedor preuzeo je Komitet za hotna pitanja kojim predsjedava nekada\u0161nji prvi \u010dovjek kluba osnovanog 1928. godine, Dalibor Majki\u0107. On je bio na prozivci igra\u010da na Gradskom [&hellip;]\" \/>\n<meta property=\"og:url\" content=\"https:\/\/www.prijedordanas.com\/?p=54938\" \/>\n<meta property=\"og:site_name\" content=\"PrijedorDanas.com - Prijedorski gradski portal\" \/>\n<meta property=\"article:publisher\" content=\"https:\/\/www.facebook.com\/PrijedorDanasCom\/\" \/>\n<meta property=\"article:published_time\" content=\"2016-07-07T06:07:50+00:00\" \/>\n<meta property=\"og:image\" content=\"https:\/\/www.prijedordanas.com\/wp-content\/uploads\/2016\/07\/rudar-prijedor-pocele-ljetne-pripreme-3-1-300x199.jpg\" \/>\n<meta name=\"author\" content=\"admin\" \/>\n<meta name=\"twitter:card\" content=\"summary_large_image\" \/>\n<meta name=\"twitter:label1\" content=\"Written by\" \/>\n\t<meta name=\"twitter:data1\" content=\"admin\" \/>\n\t<meta name=\"twitter:label2\" content=\"Est. reading time\" \/>\n\t<meta name=\"twitter:data2\" content=\"1 minute\" \/>\n<script type=\"application\/ld+json\" class=\"yoast-schema-graph\">{\"@context\":\"https:\/\/schema.org\",\"@graph\":[{\"@type\":\"Article\",\"@id\":\"https:\/\/www.prijedordanas.com\/?p=54938#article\",\"isPartOf\":{\"@id\":\"https:\/\/www.prijedordanas.com\/?p=54938\"},\"author\":{\"name\":\"admin\",\"@id\":\"https:\/\/www.prijedordanas.com\/#\/schema\/person\/4e08ccf29b506ca916ff86d46bb700e6\"},\"headline\":\"FK \u201eRUDAR-PRIJEDOR\u201c-DALIBOR MAJKI\u0106: BI\u0106E TE\u0160KO, BORI\u0106EMO SE\",\"datePublished\":\"2016-07-07T06:07:50+00:00\",\"dateModified\":\"2016-07-07T06:07:50+00:00\",\"mainEntityOfPage\":{\"@id\":\"https:\/\/www.prijedordanas.com\/?p=54938\"},\"wordCount\":220,\"publisher\":{\"@id\":\"https:\/\/www.prijedordanas.com\/#organization\"},\"keywords\":[\"Dalibor Majki\u0107\",\"Komitet za hitna pitanja\",\"Rudar-Prijedor\"],\"articleSection\":[\"Sport\"],\"inLanguage\":\"en-US\"},{\"@type\":\"WebPage\",\"@id\":\"https:\/\/www.prijedordanas.com\/?p=54938\",\"url\":\"https:\/\/www.prijedordanas.com\/?p=54938\",\"name\":\"FK \u201eRUDAR-PRIJEDOR\u201c-DALIBOR MAJKI\u0106: BI\u0106E TE\u0160KO, BORI\u0106EMO SE - PrijedorDanas.com - Prijedorski gradski portal\",\"isPartOf\":{\"@id\":\"https:\/\/www.prijedordanas.com\/#website\"},\"datePublished\":\"2016-07-07T06:07:50+00:00\",\"dateModified\":\"2016-07-07T06:07:50+00:00\",\"breadcrumb\":{\"@id\":\"https:\/\/www.prijedordanas.com\/?p=54938#breadcrumb\"},\"inLanguage\":\"en-US\",\"potentialAction\":[{\"@type\":\"ReadAction\",\"target\":[\"https:\/\/www.prijedordanas.com\/?p=54938\"]}]},{\"@type\":\"BreadcrumbList\",\"@id\":\"https:\/\/www.prijedordanas.com\/?p=54938#breadcrumb\",\"itemListElement\":[{\"@type\":\"ListItem\",\"position\":1,\"name\":\"Home\",\"item\":\"https:\/\/www.prijedordanas.com\/\"},{\"@type\":\"ListItem\",\"position\":2,\"name\":\"FK \u201eRUDAR-PRIJEDOR\u201c-DALIBOR MAJKI\u0106: BI\u0106E TE\u0160KO, BORI\u0106EMO SE\"}]},{\"@type\":\"WebSite\",\"@id\":\"https:\/\/www.prijedordanas.com\/#website\",\"url\":\"https:\/\/www.prijedordanas.com\/\",\"name\":\"PrijedorDanas.com - Prijedorski gradski portal\",\"description\":\"Portal o doga\u0111anjima u gradu Prijedoru\",\"publisher\":{\"@id\":\"https:\/\/www.prijedordanas.com\/#organization\"},\"potentialAction\":[{\"@type\":\"SearchAction\",\"target\":{\"@type\":\"EntryPoint\",\"urlTemplate\":\"https:\/\/www.prijedordanas.com\/?s={search_term_string}\"},\"query-input\":\"required name=search_term_string\"}],\"inLanguage\":\"en-US\"},{\"@type\":\"Organization\",\"@id\":\"https:\/\/www.prijedordanas.com\/#organization\",\"name\":\"PrijedorDanas.com\",\"url\":\"https:\/\/www.prijedordanas.com\/\",\"logo\":{\"@type\":\"ImageObject\",\"inLanguage\":\"en-US\",\"@id\":\"https:\/\/www.prijedordanas.com\/#\/schema\/logo\/image\/\",\"url\":\"http:\/\/www.prijedordanas.com\/wp-content\/uploads\/2021\/12\/logopng.png\",\"contentUrl\":\"http:\/\/www.prijedordanas.com\/wp-content\/uploads\/2021\/12\/logopng.png\",\"width\":1019,\"height\":776,\"caption\":\"PrijedorDanas.com\"},\"image\":{\"@id\":\"https:\/\/www.prijedordanas.com\/#\/schema\/logo\/image\/\"},\"sameAs\":[\"https:\/\/www.facebook.com\/PrijedorDanasCom\/\"]},{\"@type\":\"Person\",\"@id\":\"https:\/\/www.prijedordanas.com\/#\/schema\/person\/4e08ccf29b506ca916ff86d46bb700e6\",\"name\":\"admin\",\"image\":{\"@type\":\"ImageObject\",\"inLanguage\":\"en-US\",\"@id\":\"https:\/\/www.prijedordanas.com\/#\/schema\/person\/image\/\",\"url\":\"https:\/\/secure.gravatar.com\/avatar\/1d3fc949d550f0b53a5f0d51e06dfd79?s=96&d=mm&r=g\",\"contentUrl\":\"https:\/\/secure.gravatar.com\/avatar\/1d3fc949d550f0b53a5f0d51e06dfd79?s=96&d=mm&r=g\",\"caption\":\"admin\"},\"url\":\"https:\/\/www.prijedordanas.com\/?author=1\"}]}<\/script>\n<!-- \/ Yoast SEO plugin. -->","yoast_head_json":{"title":"FK \u201eRUDAR-PRIJEDOR\u201c-DALIBOR MAJKI\u0106: BI\u0106E TE\u0160KO, BORI\u0106EMO SE - PrijedorDanas.com - Prijedorski gradski portal","robots":{"index":"index","follow":"follow","max-snippet":"max-snippet:-1","max-image-preview":"max-image-preview:large","max-video-preview":"max-video-preview:-1"},"canonical":"https:\/\/www.prijedordanas.com\/?p=54938","og_locale":"en_US","og_type":"article","og_title":"FK \u201eRUDAR-PRIJEDOR\u201c-DALIBOR MAJKI\u0106: BI\u0106E TE\u0160KO, BORI\u0106EMO SE - PrijedorDanas.com - Prijedorski gradski portal","og_description":"Brigu o Fudbalskom klubu Rudar-Prijedor preuzeo je Komitet za hotna pitanja kojim predsjedava nekada\u0161nji prvi \u010dovjek kluba osnovanog 1928. godine, Dalibor Majki\u0107. On je bio na prozivci igra\u010da na Gradskom [&hellip;]","og_url":"https:\/\/www.prijedordanas.com\/?p=54938","og_site_name":"PrijedorDanas.com - Prijedorski gradski portal","article_publisher":"https:\/\/www.facebook.com\/PrijedorDanasCom\/","article_published_time":"2016-07-07T06:07:50+00:00","og_image":[{"url":"https:\/\/www.prijedordanas.com\/wp-content\/uploads\/2016\/07\/rudar-prijedor-pocele-ljetne-pripreme-3-1-300x199.jpg"}],"author":"admin","twitter_card":"summary_large_image","twitter_misc":{"Written by":"admin","Est. reading time":"1 minute"},"schema":{"@context":"https:\/\/schema.org","@graph":[{"@type":"Article","@id":"https:\/\/www.prijedordanas.com\/?p=54938#article","isPartOf":{"@id":"https:\/\/www.prijedordanas.com\/?p=54938"},"author":{"name":"admin","@id":"https:\/\/www.prijedordanas.com\/#\/schema\/person\/4e08ccf29b506ca916ff86d46bb700e6"},"headline":"FK \u201eRUDAR-PRIJEDOR\u201c-DALIBOR MAJKI\u0106: BI\u0106E TE\u0160KO, BORI\u0106EMO SE","datePublished":"2016-07-07T06:07:50+00:00","dateModified":"2016-07-07T06:07:50+00:00","mainEntityOfPage":{"@id":"https:\/\/www.prijedordanas.com\/?p=54938"},"wordCount":220,"publisher":{"@id":"https:\/\/www.prijedordanas.com\/#organization"},"keywords":["Dalibor Majki\u0107","Komitet za hitna pitanja","Rudar-Prijedor"],"articleSection":["Sport"],"inLanguage":"en-US"},{"@type":"WebPage","@id":"https:\/\/www.prijedordanas.com\/?p=54938","url":"https:\/\/www.prijedordanas.com\/?p=54938","name":"FK \u201eRUDAR-PRIJEDOR\u201c-DALIBOR MAJKI\u0106: BI\u0106E TE\u0160KO, BORI\u0106EMO SE - PrijedorDanas.com - Prijedorski gradski portal","isPartOf":{"@id":"https:\/\/www.prijedordanas.com\/#website"},"datePublished":"2016-07-07T06:07:50+00:00","dateModified":"2016-07-07T06:07:50+00:00","breadcrumb":{"@id":"https:\/\/www.prijedordanas.com\/?p=54938#breadcrumb"},"inLanguage":"en-US","potentialAction":[{"@type":"ReadAction","target":["https:\/\/www.prijedordanas.com\/?p=54938"]}]},{"@type":"BreadcrumbList","@id":"https:\/\/www.prijedordanas.com\/?p=54938#breadcrumb","itemListElement":[{"@type":"ListItem","position":1,"name":"Home","item":"https:\/\/www.prijedordanas.com\/"},{"@type":"ListItem","position":2,"name":"FK \u201eRUDAR-PRIJEDOR\u201c-DALIBOR MAJKI\u0106: BI\u0106E TE\u0160KO, BORI\u0106EMO SE"}]},{"@type":"WebSite","@id":"https:\/\/www.prijedordanas.com\/#website","url":"https:\/\/www.prijedordanas.com\/","name":"PrijedorDanas.com - Prijedorski gradski portal","description":"Portal o doga\u0111anjima u gradu Prijedoru","publisher":{"@id":"https:\/\/www.prijedordanas.com\/#organization"},"potentialAction":[{"@type":"SearchAction","target":{"@type":"EntryPoint","urlTemplate":"https:\/\/www.prijedordanas.com\/?s={search_term_string}"},"query-input":"required name=search_term_string"}],"inLanguage":"en-US"},{"@type":"Organization","@id":"https:\/\/www.prijedordanas.com\/#organization","name":"PrijedorDanas.com","url":"https:\/\/www.prijedordanas.com\/","logo":{"@type":"ImageObject","inLanguage":"en-US","@id":"https:\/\/www.prijedordanas.com\/#\/schema\/logo\/image\/","url":"http:\/\/www.prijedordanas.com\/wp-content\/uploads\/2021\/12\/logopng.png","contentUrl":"http:\/\/www.prijedordanas.com\/wp-content\/uploads\/2021\/12\/logopng.png","width":1019,"height":776,"caption":"PrijedorDanas.com"},"image":{"@id":"https:\/\/www.prijedordanas.com\/#\/schema\/logo\/image\/"},"sameAs":["https:\/\/www.facebook.com\/PrijedorDanasCom\/"]},{"@type":"Person","@id":"https:\/\/www.prijedordanas.com\/#\/schema\/person\/4e08ccf29b506ca916ff86d46bb700e6","name":"admin","image":{"@type":"ImageObject","inLanguage":"en-US","@id":"https:\/\/www.prijedordanas.com\/#\/schema\/person\/image\/","url":"https:\/\/secure.gravatar.com\/avatar\/1d3fc949d550f0b53a5f0d51e06dfd79?s=96&d=mm&r=g","contentUrl":"https:\/\/secure.gravatar.com\/avatar\/1d3fc949d550f0b53a5f0d51e06dfd79?s=96&d=mm&r=g","caption":"admin"},"url":"https:\/\/www.prijedordanas.com\/?author=1"}]}},"_links":{"self":[{"href":"https:\/\/www.prijedordanas.com\/index.php?rest_route=\/wp\/v2\/posts\/54938"}],"collection":[{"href":"https:\/\/www.prijedordanas.com\/index.php?rest_route=\/wp\/v2\/posts"}],"about":[{"href":"https:\/\/www.prijedordanas.com\/index.php?rest_route=\/wp\/v2\/types\/post"}],"author":[{"embeddable":true,"href":"https:\/\/www.prijedordanas.com\/index.php?rest_route=\/wp\/v2\/users\/1"}],"replies":[{"embeddable":true,"href":"https:\/\/www.prijedordanas.com\/index.php?rest_route=%2Fwp%2Fv2%2Fcomments&post=54938"}],"version-history":[{"count":1,"href":"https:\/\/www.prijedordanas.com\/index.php?rest_route=\/wp\/v2\/posts\/54938\/revisions"}],"predecessor-version":[{"id":54940,"href":"https:\/\/www.prijedordanas.com\/index.php?rest_route=\/wp\/v2\/posts\/54938\/revisions\/54940"}],"wp:attachment":[{"href":"https:\/\/www.prijedordanas.com\/index.php?rest_route=%2Fwp%2Fv2%2Fmedia&parent=54938"}],"wp:term":[{"taxonomy":"category","embeddable":true,"href":"https:\/\/www.prijedordanas.com\/index.php?rest_route=%2Fwp%2Fv2%2Fcategories&post=54938"},{"taxonomy":"post_tag","embeddable":true,"href":"https:\/\/www.prijedordanas.com\/index.php?rest_route=%2Fwp%2Fv2%2Ftags&post=54938"}],"curies":[{"name":"wp","href":"https:\/\/api.w.org\/{rel}","templated":true}]}}