{"id":54763,"date":"2016-07-06T16:18:11","date_gmt":"2016-07-06T14:18:11","guid":{"rendered":"https:\/\/www.prijedordanas.com\/?p=54763"},"modified":"2016-07-06T16:18:11","modified_gmt":"2016-07-06T14:18:11","slug":"program-eu-prolocal-poziv-za-izrazavanje-interesa-za-dodjelu-grantova-malim-srednjim-preduzecima","status":"publish","type":"post","link":"https:\/\/www.prijedordanas.com\/?p=54763","title":{"rendered":"PROGRAM EU PROLOCAL: POZIV ZA IZRA\u017dAVANJE INTERESA ZA DODJELU GRANTOVA MALIM I SREDNJIM PREDUZE\u0106IMA"},"content":{"rendered":"<p><a href=\"https:\/\/www.prijedordanas.com\/wp-content\/uploads\/2016\/07\/eu-prolocal.jpg\"><img loading=\"lazy\" decoding=\"async\" src=\"https:\/\/www.prijedordanas.com\/wp-content\/uploads\/2016\/07\/eu-prolocal-300x198.jpg\" alt=\"eu prolocal\" width=\"300\" height=\"198\" class=\"alignleft size-medium wp-image-54764\" srcset=\"https:\/\/www.prijedordanas.com\/wp-content\/uploads\/2016\/07\/eu-prolocal-300x198.jpg 300w, https:\/\/www.prijedordanas.com\/wp-content\/uploads\/2016\/07\/eu-prolocal.jpg 600w\" sizes=\"(max-width: 300px) 100vw, 300px\" \/><\/a>Zajedni\u010dki program EU i njema\u010dke vlade za podr\u0161ku lokalnoj samoupravi i ekonomskom razvoju u BiH &#8211; EU ProLocal, koji provodi GIZ, objavljuje poziv za izra\u017eavanje interesa za u\u010de\u0161\u0107e u javnom konkursu za dodjelu bespovratnih sredstava.<\/p>\n<p>Poziv je otvoren do 17.7.2016. za mala i srednja preduze\u0107a i za razvojna partnerstva iz metaloprera\u0111iva\u010dkog i drvnoprera\u0111iva\u010dkog sektora te poljoprivrede, a koja su registrovana u jednoj od 20 partnerskih op\u0161tina\/gradova: Prijedor, Prnjavor, Derventa, Gradi\u0161ka, Lakta\u0161i, Kozarska Dubica i Srbac, Zenica, Gra\u010danica, Br\u010dko, Tesli\u0107, Te\u0161anj, \u017dep\u010de,Posu\u0161je, \u0160iroki Brijeg, Grude, Ljubu\u0161ki, Prozor-Rama, Jablanica i Konjic.<\/p>\n<p>Ovim pozivom se \u017eeli utvrditi zainteresovanost za u\u010de\u0161\u0107e u javnim natje\u010dajima putem kojih \u0107e se u periodu izme\u0111u 2016.-2018. godine vr\u0161iti dodjela grant sredstava ukupne vrijednosti od 4 miliona eura. Projektne ideje koje je potrebno dostaviti u okviru ovog poziva, treba fokusirati na pobolj\u0161anje pristupa tr\u017ei\u0161tu (doma\u0107em i me\u0111unarodnom), konkurentnost, umre\u017eavanje i inovacije, optimizaciju poslovnih procesa, pobolj\u0161anje kvalitete, kao i uvo\u0111enje novih metoda u radu.<\/p>\n<p>Ukupna vrijednost EU ProLocal programa iznosi 13 miliona eura, od kojih 9 miliona eura finansira EU u okviru projekta \u201cOporavak malih i srednjih preduze\u0107a u podru\u010djima zahva\u0107enim poplavama i ja\u010danje njihove konkurentnosti na osnovu partnerstava za lokalni ekonomski razvoj\u201d, a preostala sredstva obezbje\u0111uje Vlada Njema\u010dke.<\/p>\n<p>Pored bespovratnih sredstava, program \u0107e pru\u017eiti i niz mjera tehni\u010dke pomo\u0107i u cilju pove\u0107anja konkurentnosti odabranih partnerskih op\u0161tina i malih i srednjih preduze\u0107a u ovim op\u0161tinama. <\/p>\n<p>Prioritet u dodjeli bespovratnih sredstava \u0107e imati op\u0161tine\/preduze\u0107a koja su pogo\u0111ena poplavama u 2014.<\/p>\n<p>Ve\u0107a konkurentnost, pove\u0107ani izvozni kapaciteti i inovativne aktivnosti malih i srednjih preduze\u0107a \u0107edoprinijeti njihovom boljem poslovanju,te otvaranju novih radnih mjesta, a samim tim i pobolj\u0161anjem \u017eivotnog standarda gra\u0111ana.<\/p>\n<p>Za vi\u0161e informacija posjetite web stranicu www.eu-prolocal.ba.<\/p>\n","protected":false},"excerpt":{"rendered":"<p>Zajedni\u010dki program EU i njema\u010dke vlade za podr\u0161ku lokalnoj samoupravi i ekonomskom razvoju u BiH &#8211; EU ProLocal, koji provodi GIZ, objavljuje poziv za izra\u017eavanje interesa za u\u010de\u0161\u0107e u javnom [&hellip;]<\/p>\n","protected":false},"author":1,"featured_media":0,"comment_status":"closed","ping_status":"open","sticky":false,"template":"","format":"standard","meta":{"_monsterinsights_skip_tracking":false,"_monsterinsights_sitenote_active":false,"_monsterinsights_sitenote_note":"","_monsterinsights_sitenote_category":0,"footnotes":""},"categories":[8],"tags":[3262,8291,8292],"yoast_head":"<!-- This site is optimized with the Yoast SEO plugin v21.6 - https:\/\/yoast.com\/wordpress\/plugins\/seo\/ -->\n<title>PROGRAM EU PROLOCAL: POZIV ZA IZRA\u017dAVANJE INTERESA ZA DODJELU GRANTOVA MALIM I SREDNJIM PREDUZE\u0106IMA - PrijedorDanas.com - Prijedorski gradski portal<\/title>\n<meta name=\"robots\" content=\"index, follow, max-snippet:-1, max-image-preview:large, max-video-preview:-1\" \/>\n<link rel=\"canonical\" href=\"https:\/\/www.prijedordanas.com\/?p=54763\" \/>\n<meta property=\"og:locale\" content=\"en_US\" \/>\n<meta property=\"og:type\" content=\"article\" \/>\n<meta property=\"og:title\" content=\"PROGRAM EU PROLOCAL: POZIV ZA IZRA\u017dAVANJE INTERESA ZA DODJELU GRANTOVA MALIM I SREDNJIM PREDUZE\u0106IMA - PrijedorDanas.com - Prijedorski gradski portal\" \/>\n<meta property=\"og:description\" content=\"Zajedni\u010dki program EU i njema\u010dke vlade za podr\u0161ku lokalnoj samoupravi i ekonomskom razvoju u BiH &#8211; EU ProLocal, koji provodi GIZ, objavljuje poziv za izra\u017eavanje interesa za u\u010de\u0161\u0107e u javnom [&hellip;]\" \/>\n<meta property=\"og:url\" content=\"https:\/\/www.prijedordanas.com\/?p=54763\" \/>\n<meta property=\"og:site_name\" content=\"PrijedorDanas.com - Prijedorski gradski portal\" \/>\n<meta property=\"article:publisher\" content=\"https:\/\/www.facebook.com\/PrijedorDanasCom\/\" \/>\n<meta property=\"article:published_time\" content=\"2016-07-06T14:18:11+00:00\" \/>\n<meta property=\"og:image\" content=\"https:\/\/www.prijedordanas.com\/wp-content\/uploads\/2016\/07\/eu-prolocal-300x198.jpg\" \/>\n<meta name=\"author\" content=\"admin\" \/>\n<meta name=\"twitter:card\" content=\"summary_large_image\" \/>\n<meta name=\"twitter:label1\" content=\"Written by\" \/>\n\t<meta name=\"twitter:data1\" content=\"admin\" \/>\n\t<meta name=\"twitter:label2\" content=\"Est. reading time\" \/>\n\t<meta name=\"twitter:data2\" content=\"2 minutes\" \/>\n<script type=\"application\/ld+json\" class=\"yoast-schema-graph\">{\"@context\":\"https:\/\/schema.org\",\"@graph\":[{\"@type\":\"Article\",\"@id\":\"https:\/\/www.prijedordanas.com\/?p=54763#article\",\"isPartOf\":{\"@id\":\"https:\/\/www.prijedordanas.com\/?p=54763\"},\"author\":{\"name\":\"admin\",\"@id\":\"https:\/\/www.prijedordanas.com\/#\/schema\/person\/4e08ccf29b506ca916ff86d46bb700e6\"},\"headline\":\"PROGRAM EU PROLOCAL: POZIV ZA IZRA\u017dAVANJE INTERESA ZA DODJELU GRANTOVA MALIM I SREDNJIM PREDUZE\u0106IMA\",\"datePublished\":\"2016-07-06T14:18:11+00:00\",\"dateModified\":\"2016-07-06T14:18:11+00:00\",\"mainEntityOfPage\":{\"@id\":\"https:\/\/www.prijedordanas.com\/?p=54763\"},\"wordCount\":345,\"publisher\":{\"@id\":\"https:\/\/www.prijedordanas.com\/#organization\"},\"keywords\":[\"grantovi\",\"mala preduze\u0107a\",\"srednja preduze\u0107a\"],\"articleSection\":[\"Svakodnevno\"],\"inLanguage\":\"en-US\"},{\"@type\":\"WebPage\",\"@id\":\"https:\/\/www.prijedordanas.com\/?p=54763\",\"url\":\"https:\/\/www.prijedordanas.com\/?p=54763\",\"name\":\"PROGRAM EU PROLOCAL: POZIV ZA IZRA\u017dAVANJE INTERESA ZA DODJELU GRANTOVA MALIM I SREDNJIM PREDUZE\u0106IMA - PrijedorDanas.com - Prijedorski gradski portal\",\"isPartOf\":{\"@id\":\"https:\/\/www.prijedordanas.com\/#website\"},\"datePublished\":\"2016-07-06T14:18:11+00:00\",\"dateModified\":\"2016-07-06T14:18:11+00:00\",\"breadcrumb\":{\"@id\":\"https:\/\/www.prijedordanas.com\/?p=54763#breadcrumb\"},\"inLanguage\":\"en-US\",\"potentialAction\":[{\"@type\":\"ReadAction\",\"target\":[\"https:\/\/www.prijedordanas.com\/?p=54763\"]}]},{\"@type\":\"BreadcrumbList\",\"@id\":\"https:\/\/www.prijedordanas.com\/?p=54763#breadcrumb\",\"itemListElement\":[{\"@type\":\"ListItem\",\"position\":1,\"name\":\"Home\",\"item\":\"https:\/\/www.prijedordanas.com\/\"},{\"@type\":\"ListItem\",\"position\":2,\"name\":\"PROGRAM EU PROLOCAL: POZIV ZA IZRA\u017dAVANJE INTERESA ZA DODJELU GRANTOVA MALIM I SREDNJIM PREDUZE\u0106IMA\"}]},{\"@type\":\"WebSite\",\"@id\":\"https:\/\/www.prijedordanas.com\/#website\",\"url\":\"https:\/\/www.prijedordanas.com\/\",\"name\":\"PrijedorDanas.com - Prijedorski gradski portal\",\"description\":\"Portal o doga\u0111anjima u gradu Prijedoru\",\"publisher\":{\"@id\":\"https:\/\/www.prijedordanas.com\/#organization\"},\"potentialAction\":[{\"@type\":\"SearchAction\",\"target\":{\"@type\":\"EntryPoint\",\"urlTemplate\":\"https:\/\/www.prijedordanas.com\/?s={search_term_string}\"},\"query-input\":\"required name=search_term_string\"}],\"inLanguage\":\"en-US\"},{\"@type\":\"Organization\",\"@id\":\"https:\/\/www.prijedordanas.com\/#organization\",\"name\":\"PrijedorDanas.com\",\"url\":\"https:\/\/www.prijedordanas.com\/\",\"logo\":{\"@type\":\"ImageObject\",\"inLanguage\":\"en-US\",\"@id\":\"https:\/\/www.prijedordanas.com\/#\/schema\/logo\/image\/\",\"url\":\"http:\/\/www.prijedordanas.com\/wp-content\/uploads\/2021\/12\/logopng.png\",\"contentUrl\":\"http:\/\/www.prijedordanas.com\/wp-content\/uploads\/2021\/12\/logopng.png\",\"width\":1019,\"height\":776,\"caption\":\"PrijedorDanas.com\"},\"image\":{\"@id\":\"https:\/\/www.prijedordanas.com\/#\/schema\/logo\/image\/\"},\"sameAs\":[\"https:\/\/www.facebook.com\/PrijedorDanasCom\/\"]},{\"@type\":\"Person\",\"@id\":\"https:\/\/www.prijedordanas.com\/#\/schema\/person\/4e08ccf29b506ca916ff86d46bb700e6\",\"name\":\"admin\",\"image\":{\"@type\":\"ImageObject\",\"inLanguage\":\"en-US\",\"@id\":\"https:\/\/www.prijedordanas.com\/#\/schema\/person\/image\/\",\"url\":\"https:\/\/secure.gravatar.com\/avatar\/1d3fc949d550f0b53a5f0d51e06dfd79?s=96&d=mm&r=g\",\"contentUrl\":\"https:\/\/secure.gravatar.com\/avatar\/1d3fc949d550f0b53a5f0d51e06dfd79?s=96&d=mm&r=g\",\"caption\":\"admin\"},\"url\":\"https:\/\/www.prijedordanas.com\/?author=1\"}]}<\/script>\n<!-- \/ Yoast SEO plugin. -->","yoast_head_json":{"title":"PROGRAM EU PROLOCAL: POZIV ZA IZRA\u017dAVANJE INTERESA ZA DODJELU GRANTOVA MALIM I SREDNJIM PREDUZE\u0106IMA - PrijedorDanas.com - Prijedorski gradski portal","robots":{"index":"index","follow":"follow","max-snippet":"max-snippet:-1","max-image-preview":"max-image-preview:large","max-video-preview":"max-video-preview:-1"},"canonical":"https:\/\/www.prijedordanas.com\/?p=54763","og_locale":"en_US","og_type":"article","og_title":"PROGRAM EU PROLOCAL: POZIV ZA IZRA\u017dAVANJE INTERESA ZA DODJELU GRANTOVA MALIM I SREDNJIM PREDUZE\u0106IMA - PrijedorDanas.com - Prijedorski gradski portal","og_description":"Zajedni\u010dki program EU i njema\u010dke vlade za podr\u0161ku lokalnoj samoupravi i ekonomskom razvoju u BiH &#8211; EU ProLocal, koji provodi GIZ, objavljuje poziv za izra\u017eavanje interesa za u\u010de\u0161\u0107e u javnom [&hellip;]","og_url":"https:\/\/www.prijedordanas.com\/?p=54763","og_site_name":"PrijedorDanas.com - Prijedorski gradski portal","article_publisher":"https:\/\/www.facebook.com\/PrijedorDanasCom\/","article_published_time":"2016-07-06T14:18:11+00:00","og_image":[{"url":"https:\/\/www.prijedordanas.com\/wp-content\/uploads\/2016\/07\/eu-prolocal-300x198.jpg"}],"author":"admin","twitter_card":"summary_large_image","twitter_misc":{"Written by":"admin","Est. reading time":"2 minutes"},"schema":{"@context":"https:\/\/schema.org","@graph":[{"@type":"Article","@id":"https:\/\/www.prijedordanas.com\/?p=54763#article","isPartOf":{"@id":"https:\/\/www.prijedordanas.com\/?p=54763"},"author":{"name":"admin","@id":"https:\/\/www.prijedordanas.com\/#\/schema\/person\/4e08ccf29b506ca916ff86d46bb700e6"},"headline":"PROGRAM EU PROLOCAL: POZIV ZA IZRA\u017dAVANJE INTERESA ZA DODJELU GRANTOVA MALIM I SREDNJIM PREDUZE\u0106IMA","datePublished":"2016-07-06T14:18:11+00:00","dateModified":"2016-07-06T14:18:11+00:00","mainEntityOfPage":{"@id":"https:\/\/www.prijedordanas.com\/?p=54763"},"wordCount":345,"publisher":{"@id":"https:\/\/www.prijedordanas.com\/#organization"},"keywords":["grantovi","mala preduze\u0107a","srednja preduze\u0107a"],"articleSection":["Svakodnevno"],"inLanguage":"en-US"},{"@type":"WebPage","@id":"https:\/\/www.prijedordanas.com\/?p=54763","url":"https:\/\/www.prijedordanas.com\/?p=54763","name":"PROGRAM EU PROLOCAL: POZIV ZA IZRA\u017dAVANJE INTERESA ZA DODJELU GRANTOVA MALIM I SREDNJIM PREDUZE\u0106IMA - PrijedorDanas.com - Prijedorski gradski portal","isPartOf":{"@id":"https:\/\/www.prijedordanas.com\/#website"},"datePublished":"2016-07-06T14:18:11+00:00","dateModified":"2016-07-06T14:18:11+00:00","breadcrumb":{"@id":"https:\/\/www.prijedordanas.com\/?p=54763#breadcrumb"},"inLanguage":"en-US","potentialAction":[{"@type":"ReadAction","target":["https:\/\/www.prijedordanas.com\/?p=54763"]}]},{"@type":"BreadcrumbList","@id":"https:\/\/www.prijedordanas.com\/?p=54763#breadcrumb","itemListElement":[{"@type":"ListItem","position":1,"name":"Home","item":"https:\/\/www.prijedordanas.com\/"},{"@type":"ListItem","position":2,"name":"PROGRAM EU PROLOCAL: POZIV ZA IZRA\u017dAVANJE INTERESA ZA DODJELU GRANTOVA MALIM I SREDNJIM PREDUZE\u0106IMA"}]},{"@type":"WebSite","@id":"https:\/\/www.prijedordanas.com\/#website","url":"https:\/\/www.prijedordanas.com\/","name":"PrijedorDanas.com - Prijedorski gradski portal","description":"Portal o doga\u0111anjima u gradu Prijedoru","publisher":{"@id":"https:\/\/www.prijedordanas.com\/#organization"},"potentialAction":[{"@type":"SearchAction","target":{"@type":"EntryPoint","urlTemplate":"https:\/\/www.prijedordanas.com\/?s={search_term_string}"},"query-input":"required name=search_term_string"}],"inLanguage":"en-US"},{"@type":"Organization","@id":"https:\/\/www.prijedordanas.com\/#organization","name":"PrijedorDanas.com","url":"https:\/\/www.prijedordanas.com\/","logo":{"@type":"ImageObject","inLanguage":"en-US","@id":"https:\/\/www.prijedordanas.com\/#\/schema\/logo\/image\/","url":"http:\/\/www.prijedordanas.com\/wp-content\/uploads\/2021\/12\/logopng.png","contentUrl":"http:\/\/www.prijedordanas.com\/wp-content\/uploads\/2021\/12\/logopng.png","width":1019,"height":776,"caption":"PrijedorDanas.com"},"image":{"@id":"https:\/\/www.prijedordanas.com\/#\/schema\/logo\/image\/"},"sameAs":["https:\/\/www.facebook.com\/PrijedorDanasCom\/"]},{"@type":"Person","@id":"https:\/\/www.prijedordanas.com\/#\/schema\/person\/4e08ccf29b506ca916ff86d46bb700e6","name":"admin","image":{"@type":"ImageObject","inLanguage":"en-US","@id":"https:\/\/www.prijedordanas.com\/#\/schema\/person\/image\/","url":"https:\/\/secure.gravatar.com\/avatar\/1d3fc949d550f0b53a5f0d51e06dfd79?s=96&d=mm&r=g","contentUrl":"https:\/\/secure.gravatar.com\/avatar\/1d3fc949d550f0b53a5f0d51e06dfd79?s=96&d=mm&r=g","caption":"admin"},"url":"https:\/\/www.prijedordanas.com\/?author=1"}]}},"_links":{"self":[{"href":"https:\/\/www.prijedordanas.com\/index.php?rest_route=\/wp\/v2\/posts\/54763"}],"collection":[{"href":"https:\/\/www.prijedordanas.com\/index.php?rest_route=\/wp\/v2\/posts"}],"about":[{"href":"https:\/\/www.prijedordanas.com\/index.php?rest_route=\/wp\/v2\/types\/post"}],"author":[{"embeddable":true,"href":"https:\/\/www.prijedordanas.com\/index.php?rest_route=\/wp\/v2\/users\/1"}],"replies":[{"embeddable":true,"href":"https:\/\/www.prijedordanas.com\/index.php?rest_route=%2Fwp%2Fv2%2Fcomments&post=54763"}],"version-history":[{"count":1,"href":"https:\/\/www.prijedordanas.com\/index.php?rest_route=\/wp\/v2\/posts\/54763\/revisions"}],"predecessor-version":[{"id":54765,"href":"https:\/\/www.prijedordanas.com\/index.php?rest_route=\/wp\/v2\/posts\/54763\/revisions\/54765"}],"wp:attachment":[{"href":"https:\/\/www.prijedordanas.com\/index.php?rest_route=%2Fwp%2Fv2%2Fmedia&parent=54763"}],"wp:term":[{"taxonomy":"category","embeddable":true,"href":"https:\/\/www.prijedordanas.com\/index.php?rest_route=%2Fwp%2Fv2%2Fcategories&post=54763"},{"taxonomy":"post_tag","embeddable":true,"href":"https:\/\/www.prijedordanas.com\/index.php?rest_route=%2Fwp%2Fv2%2Ftags&post=54763"}],"curies":[{"name":"wp","href":"https:\/\/api.w.org\/{rel}","templated":true}]}}