{"id":54613,"date":"2016-07-03T12:12:31","date_gmt":"2016-07-03T10:12:31","guid":{"rendered":"https:\/\/www.prijedordanas.com\/?p=54613"},"modified":"2016-07-03T12:12:31","modified_gmt":"2016-07-03T10:12:31","slug":"pocelo-obiljezavanje-74-godine-od-bitke-na-kozari-foto","status":"publish","type":"post","link":"https:\/\/www.prijedordanas.com\/?p=54613","title":{"rendered":"PO\u010cELO OBILJE\u017dAVANJE 74 GODINE OD BITKE NA KOZARI &#8211; FOTO"},"content":{"rendered":"<p><a href=\"https:\/\/www.prijedordanas.com\/wp-content\/uploads\/2016\/07\/srna-kozara-parastos-1.jpg\"><img loading=\"lazy\" decoding=\"async\" class=\"alignleft size-medium wp-image-54614\" src=\"https:\/\/www.prijedordanas.com\/wp-content\/uploads\/2016\/07\/srna-kozara-parastos-1-300x201.jpg\" alt=\"srna-kozara-parastos (1)\" width=\"300\" height=\"201\" srcset=\"https:\/\/www.prijedordanas.com\/wp-content\/uploads\/2016\/07\/srna-kozara-parastos-1-300x200.jpg 300w, https:\/\/www.prijedordanas.com\/wp-content\/uploads\/2016\/07\/srna-kozara-parastos-1-480x320.jpg 480w, https:\/\/www.prijedordanas.com\/wp-content\/uploads\/2016\/07\/srna-kozara-parastos-1.jpg 600w\" sizes=\"(max-width: 300px) 100vw, 300px\" \/><\/a>Slu\u017eenjem parastosa kod spomen-krsta na Mrakovici po\u010delo je obilje\u017eavanje 74 godine od Bitke na Kozari u organizaciji vlada Republike Srpske i Srbije.<\/p>\n<p>Parastosu prisustvuju delegacija Narodne skup\u0161tine Republike Srpske, ministar rada i bora\u010dko-invalidske za\u0161tite Srpske Milenko Savanovi\u0107, ministar poljoprivrede, \u0161umarstva i vodoprivrede Srpske Stevo Mirjani\u0107, savjetnik predsjednika Republike Srpske Miladin Dragi\u010devi\u0107, izaslanik srpskog \u010dlana Predsjedni\u0161tva BiH Velimir Sakan i predstavnici ambasada Srbije i Kine.<\/p>\n<p>Na Kozari su se okupili predstavnici potkozarskih op\u0161tina i gradova, bora\u010dkih i organizacija porodica poginulih boraca, SUBNOR-a Republike Srpske i Srbije, udru\u017eenja koja ba\u0161tine antifa\u0161izam, te brojni gra\u0111ani.<\/p>\n<p><a href=\"https:\/\/www.prijedordanas.com\/wp-content\/uploads\/2016\/07\/srna-kozara-parastos-3.jpg\"><img loading=\"lazy\" decoding=\"async\" src=\"https:\/\/www.prijedordanas.com\/wp-content\/uploads\/2016\/07\/srna-kozara-parastos-3-300x201.jpg\" alt=\"srna-kozara-parastos (3)\" width=\"300\" height=\"201\" class=\"alignleft size-medium wp-image-54615\" srcset=\"https:\/\/www.prijedordanas.com\/wp-content\/uploads\/2016\/07\/srna-kozara-parastos-3-300x200.jpg 300w, https:\/\/www.prijedordanas.com\/wp-content\/uploads\/2016\/07\/srna-kozara-parastos-3-480x320.jpg 480w, https:\/\/www.prijedordanas.com\/wp-content\/uploads\/2016\/07\/srna-kozara-parastos-3.jpg 600w\" sizes=\"(max-width: 300px) 100vw, 300px\" \/><\/a>Parastosu je prethodio prijem zvanica u vili &#8220;Mrakovica&#8221;, a slijede polaganje vijenaca kod centralnog spomen-obilje\u017eja, obra\u0107anje zvani\u010dnika i kulturno-umjetni\u010dki program uz veliki narodni zbor.<\/p>\n<p>Obilje\u017eavanje godi\u0161njice Bitke na Kozari je od 2015. godine sastavni dio Dr\u017eavnog programa Srbije za obilje\u017eavanje godi\u0161njica istorijskih doga\u0111aja oslobodila\u010dkih ratova.<\/p>\n<p>Bitka na Kozari po\u010dela je 10. juna 1942. godine i trajala je 27 dana, do proboja na jugozapadnom dijelu planine, 15 kilometara od sela Me\u0111uvo\u0111e.<\/p>\n<p>Bila je zna\u010dajna za cjelokupni partizanski pokret otpora jer su malobrojne partizanske jedinice branile narod u zbjegu i jer je primjer juna\u0161tva i odlu\u010dnosti boraca pred nadmo\u0107nijim i dobro naoru\u017eanim neprijateljem.<\/p>\n<p>Istori\u010dari su prikupili podatke o 33.398 stradalih boraca i civila, dok sudbina mnogih ni do danas nije poznata. Prema podacima SUBNOR-a, u zbjegu je bilo 80.000 ljudi od kojih je 68.000 zavr\u0161ilo u logorima.<\/p>\n<p>SRNA<\/p>\n<p><a href=\"https:\/\/www.prijedordanas.com\/wp-content\/uploads\/2016\/07\/srna-kozara-parastos-2.jpg\"><img loading=\"lazy\" decoding=\"async\" src=\"https:\/\/www.prijedordanas.com\/wp-content\/uploads\/2016\/07\/srna-kozara-parastos-2-300x201.jpg\" alt=\"srna-kozara-parastos (2)\" width=\"300\" height=\"201\" class=\"alignleft size-medium wp-image-54616\" srcset=\"https:\/\/www.prijedordanas.com\/wp-content\/uploads\/2016\/07\/srna-kozara-parastos-2-300x200.jpg 300w, https:\/\/www.prijedordanas.com\/wp-content\/uploads\/2016\/07\/srna-kozara-parastos-2-480x320.jpg 480w, https:\/\/www.prijedordanas.com\/wp-content\/uploads\/2016\/07\/srna-kozara-parastos-2.jpg 600w\" sizes=\"(max-width: 300px) 100vw, 300px\" \/><\/a> <a href=\"https:\/\/www.prijedordanas.com\/wp-content\/uploads\/2016\/07\/srna-kozara-parastos-4.jpg\"><img loading=\"lazy\" decoding=\"async\" src=\"https:\/\/www.prijedordanas.com\/wp-content\/uploads\/2016\/07\/srna-kozara-parastos-4-300x201.jpg\" alt=\"srna-kozara-parastos (4)\" width=\"300\" height=\"201\" class=\"alignleft size-medium wp-image-54617\" srcset=\"https:\/\/www.prijedordanas.com\/wp-content\/uploads\/2016\/07\/srna-kozara-parastos-4-300x200.jpg 300w, https:\/\/www.prijedordanas.com\/wp-content\/uploads\/2016\/07\/srna-kozara-parastos-4-480x320.jpg 480w, https:\/\/www.prijedordanas.com\/wp-content\/uploads\/2016\/07\/srna-kozara-parastos-4.jpg 600w\" sizes=\"(max-width: 300px) 100vw, 300px\" \/><\/a><\/p>\n","protected":false},"excerpt":{"rendered":"<p>Slu\u017eenjem parastosa kod spomen-krsta na Mrakovici po\u010delo je obilje\u017eavanje 74 godine od Bitke na Kozari u organizaciji vlada Republike Srpske i Srbije. Parastosu prisustvuju delegacija Narodne skup\u0161tine Republike Srpske, ministar [&hellip;]<\/p>\n","protected":false},"author":1,"featured_media":0,"comment_status":"closed","ping_status":"open","sticky":false,"template":"","format":"standard","meta":{"_monsterinsights_skip_tracking":false,"_monsterinsights_sitenote_active":false,"_monsterinsights_sitenote_note":"","_monsterinsights_sitenote_category":0,"footnotes":""},"categories":[4],"tags":[1594,427,1192],"yoast_head":"<!-- This site is optimized with the Yoast SEO plugin v21.6 - https:\/\/yoast.com\/wordpress\/plugins\/seo\/ -->\n<title>PO\u010cELO OBILJE\u017dAVANJE 74 GODINE OD BITKE NA KOZARI - FOTO - PrijedorDanas.com - Prijedorski gradski portal<\/title>\n<meta name=\"robots\" content=\"index, follow, max-snippet:-1, max-image-preview:large, max-video-preview:-1\" \/>\n<link rel=\"canonical\" href=\"https:\/\/www.prijedordanas.com\/?p=54613\" \/>\n<meta property=\"og:locale\" content=\"en_US\" \/>\n<meta property=\"og:type\" content=\"article\" \/>\n<meta property=\"og:title\" content=\"PO\u010cELO OBILJE\u017dAVANJE 74 GODINE OD BITKE NA KOZARI - FOTO - PrijedorDanas.com - Prijedorski gradski portal\" \/>\n<meta property=\"og:description\" content=\"Slu\u017eenjem parastosa kod spomen-krsta na Mrakovici po\u010delo je obilje\u017eavanje 74 godine od Bitke na Kozari u organizaciji vlada Republike Srpske i Srbije. Parastosu prisustvuju delegacija Narodne skup\u0161tine Republike Srpske, ministar [&hellip;]\" \/>\n<meta property=\"og:url\" content=\"https:\/\/www.prijedordanas.com\/?p=54613\" \/>\n<meta property=\"og:site_name\" content=\"PrijedorDanas.com - Prijedorski gradski portal\" \/>\n<meta property=\"article:publisher\" content=\"https:\/\/www.facebook.com\/PrijedorDanasCom\/\" \/>\n<meta property=\"article:published_time\" content=\"2016-07-03T10:12:31+00:00\" \/>\n<meta property=\"og:image\" content=\"https:\/\/www.prijedordanas.com\/wp-content\/uploads\/2016\/07\/srna-kozara-parastos-1-300x201.jpg\" \/>\n<meta name=\"author\" content=\"admin\" \/>\n<meta name=\"twitter:card\" content=\"summary_large_image\" \/>\n<meta name=\"twitter:label1\" content=\"Written by\" \/>\n\t<meta name=\"twitter:data1\" content=\"admin\" \/>\n\t<meta name=\"twitter:label2\" content=\"Est. reading time\" \/>\n\t<meta name=\"twitter:data2\" content=\"1 minute\" \/>\n<script type=\"application\/ld+json\" class=\"yoast-schema-graph\">{\"@context\":\"https:\/\/schema.org\",\"@graph\":[{\"@type\":\"Article\",\"@id\":\"https:\/\/www.prijedordanas.com\/?p=54613#article\",\"isPartOf\":{\"@id\":\"https:\/\/www.prijedordanas.com\/?p=54613\"},\"author\":{\"name\":\"admin\",\"@id\":\"https:\/\/www.prijedordanas.com\/#\/schema\/person\/4e08ccf29b506ca916ff86d46bb700e6\"},\"headline\":\"PO\u010cELO OBILJE\u017dAVANJE 74 GODINE OD BITKE NA KOZARI &#8211; FOTO\",\"datePublished\":\"2016-07-03T10:12:31+00:00\",\"dateModified\":\"2016-07-03T10:12:31+00:00\",\"mainEntityOfPage\":{\"@id\":\"https:\/\/www.prijedordanas.com\/?p=54613\"},\"wordCount\":265,\"publisher\":{\"@id\":\"https:\/\/www.prijedordanas.com\/#organization\"},\"keywords\":[\"Bitka na Kozari\",\"Kozara\",\"parastos\"],\"articleSection\":[\"Dru\u0161tvo\"],\"inLanguage\":\"en-US\"},{\"@type\":\"WebPage\",\"@id\":\"https:\/\/www.prijedordanas.com\/?p=54613\",\"url\":\"https:\/\/www.prijedordanas.com\/?p=54613\",\"name\":\"PO\u010cELO OBILJE\u017dAVANJE 74 GODINE OD BITKE NA KOZARI - FOTO - PrijedorDanas.com - Prijedorski gradski portal\",\"isPartOf\":{\"@id\":\"https:\/\/www.prijedordanas.com\/#website\"},\"datePublished\":\"2016-07-03T10:12:31+00:00\",\"dateModified\":\"2016-07-03T10:12:31+00:00\",\"breadcrumb\":{\"@id\":\"https:\/\/www.prijedordanas.com\/?p=54613#breadcrumb\"},\"inLanguage\":\"en-US\",\"potentialAction\":[{\"@type\":\"ReadAction\",\"target\":[\"https:\/\/www.prijedordanas.com\/?p=54613\"]}]},{\"@type\":\"BreadcrumbList\",\"@id\":\"https:\/\/www.prijedordanas.com\/?p=54613#breadcrumb\",\"itemListElement\":[{\"@type\":\"ListItem\",\"position\":1,\"name\":\"Home\",\"item\":\"https:\/\/www.prijedordanas.com\/\"},{\"@type\":\"ListItem\",\"position\":2,\"name\":\"PO\u010cELO OBILJE\u017dAVANJE 74 GODINE OD BITKE NA KOZARI &#8211; FOTO\"}]},{\"@type\":\"WebSite\",\"@id\":\"https:\/\/www.prijedordanas.com\/#website\",\"url\":\"https:\/\/www.prijedordanas.com\/\",\"name\":\"PrijedorDanas.com - Prijedorski gradski portal\",\"description\":\"Portal o doga\u0111anjima u gradu Prijedoru\",\"publisher\":{\"@id\":\"https:\/\/www.prijedordanas.com\/#organization\"},\"potentialAction\":[{\"@type\":\"SearchAction\",\"target\":{\"@type\":\"EntryPoint\",\"urlTemplate\":\"https:\/\/www.prijedordanas.com\/?s={search_term_string}\"},\"query-input\":\"required name=search_term_string\"}],\"inLanguage\":\"en-US\"},{\"@type\":\"Organization\",\"@id\":\"https:\/\/www.prijedordanas.com\/#organization\",\"name\":\"PrijedorDanas.com\",\"url\":\"https:\/\/www.prijedordanas.com\/\",\"logo\":{\"@type\":\"ImageObject\",\"inLanguage\":\"en-US\",\"@id\":\"https:\/\/www.prijedordanas.com\/#\/schema\/logo\/image\/\",\"url\":\"http:\/\/www.prijedordanas.com\/wp-content\/uploads\/2021\/12\/logopng.png\",\"contentUrl\":\"http:\/\/www.prijedordanas.com\/wp-content\/uploads\/2021\/12\/logopng.png\",\"width\":1019,\"height\":776,\"caption\":\"PrijedorDanas.com\"},\"image\":{\"@id\":\"https:\/\/www.prijedordanas.com\/#\/schema\/logo\/image\/\"},\"sameAs\":[\"https:\/\/www.facebook.com\/PrijedorDanasCom\/\"]},{\"@type\":\"Person\",\"@id\":\"https:\/\/www.prijedordanas.com\/#\/schema\/person\/4e08ccf29b506ca916ff86d46bb700e6\",\"name\":\"admin\",\"image\":{\"@type\":\"ImageObject\",\"inLanguage\":\"en-US\",\"@id\":\"https:\/\/www.prijedordanas.com\/#\/schema\/person\/image\/\",\"url\":\"https:\/\/secure.gravatar.com\/avatar\/1d3fc949d550f0b53a5f0d51e06dfd79?s=96&d=mm&r=g\",\"contentUrl\":\"https:\/\/secure.gravatar.com\/avatar\/1d3fc949d550f0b53a5f0d51e06dfd79?s=96&d=mm&r=g\",\"caption\":\"admin\"},\"url\":\"https:\/\/www.prijedordanas.com\/?author=1\"}]}<\/script>\n<!-- \/ Yoast SEO plugin. -->","yoast_head_json":{"title":"PO\u010cELO OBILJE\u017dAVANJE 74 GODINE OD BITKE NA KOZARI - FOTO - PrijedorDanas.com - Prijedorski gradski portal","robots":{"index":"index","follow":"follow","max-snippet":"max-snippet:-1","max-image-preview":"max-image-preview:large","max-video-preview":"max-video-preview:-1"},"canonical":"https:\/\/www.prijedordanas.com\/?p=54613","og_locale":"en_US","og_type":"article","og_title":"PO\u010cELO OBILJE\u017dAVANJE 74 GODINE OD BITKE NA KOZARI - FOTO - PrijedorDanas.com - Prijedorski gradski portal","og_description":"Slu\u017eenjem parastosa kod spomen-krsta na Mrakovici po\u010delo je obilje\u017eavanje 74 godine od Bitke na Kozari u organizaciji vlada Republike Srpske i Srbije. Parastosu prisustvuju delegacija Narodne skup\u0161tine Republike Srpske, ministar [&hellip;]","og_url":"https:\/\/www.prijedordanas.com\/?p=54613","og_site_name":"PrijedorDanas.com - Prijedorski gradski portal","article_publisher":"https:\/\/www.facebook.com\/PrijedorDanasCom\/","article_published_time":"2016-07-03T10:12:31+00:00","og_image":[{"url":"https:\/\/www.prijedordanas.com\/wp-content\/uploads\/2016\/07\/srna-kozara-parastos-1-300x201.jpg"}],"author":"admin","twitter_card":"summary_large_image","twitter_misc":{"Written by":"admin","Est. reading time":"1 minute"},"schema":{"@context":"https:\/\/schema.org","@graph":[{"@type":"Article","@id":"https:\/\/www.prijedordanas.com\/?p=54613#article","isPartOf":{"@id":"https:\/\/www.prijedordanas.com\/?p=54613"},"author":{"name":"admin","@id":"https:\/\/www.prijedordanas.com\/#\/schema\/person\/4e08ccf29b506ca916ff86d46bb700e6"},"headline":"PO\u010cELO OBILJE\u017dAVANJE 74 GODINE OD BITKE NA KOZARI &#8211; FOTO","datePublished":"2016-07-03T10:12:31+00:00","dateModified":"2016-07-03T10:12:31+00:00","mainEntityOfPage":{"@id":"https:\/\/www.prijedordanas.com\/?p=54613"},"wordCount":265,"publisher":{"@id":"https:\/\/www.prijedordanas.com\/#organization"},"keywords":["Bitka na Kozari","Kozara","parastos"],"articleSection":["Dru\u0161tvo"],"inLanguage":"en-US"},{"@type":"WebPage","@id":"https:\/\/www.prijedordanas.com\/?p=54613","url":"https:\/\/www.prijedordanas.com\/?p=54613","name":"PO\u010cELO OBILJE\u017dAVANJE 74 GODINE OD BITKE NA KOZARI - FOTO - PrijedorDanas.com - Prijedorski gradski portal","isPartOf":{"@id":"https:\/\/www.prijedordanas.com\/#website"},"datePublished":"2016-07-03T10:12:31+00:00","dateModified":"2016-07-03T10:12:31+00:00","breadcrumb":{"@id":"https:\/\/www.prijedordanas.com\/?p=54613#breadcrumb"},"inLanguage":"en-US","potentialAction":[{"@type":"ReadAction","target":["https:\/\/www.prijedordanas.com\/?p=54613"]}]},{"@type":"BreadcrumbList","@id":"https:\/\/www.prijedordanas.com\/?p=54613#breadcrumb","itemListElement":[{"@type":"ListItem","position":1,"name":"Home","item":"https:\/\/www.prijedordanas.com\/"},{"@type":"ListItem","position":2,"name":"PO\u010cELO OBILJE\u017dAVANJE 74 GODINE OD BITKE NA KOZARI &#8211; FOTO"}]},{"@type":"WebSite","@id":"https:\/\/www.prijedordanas.com\/#website","url":"https:\/\/www.prijedordanas.com\/","name":"PrijedorDanas.com - Prijedorski gradski portal","description":"Portal o doga\u0111anjima u gradu Prijedoru","publisher":{"@id":"https:\/\/www.prijedordanas.com\/#organization"},"potentialAction":[{"@type":"SearchAction","target":{"@type":"EntryPoint","urlTemplate":"https:\/\/www.prijedordanas.com\/?s={search_term_string}"},"query-input":"required name=search_term_string"}],"inLanguage":"en-US"},{"@type":"Organization","@id":"https:\/\/www.prijedordanas.com\/#organization","name":"PrijedorDanas.com","url":"https:\/\/www.prijedordanas.com\/","logo":{"@type":"ImageObject","inLanguage":"en-US","@id":"https:\/\/www.prijedordanas.com\/#\/schema\/logo\/image\/","url":"http:\/\/www.prijedordanas.com\/wp-content\/uploads\/2021\/12\/logopng.png","contentUrl":"http:\/\/www.prijedordanas.com\/wp-content\/uploads\/2021\/12\/logopng.png","width":1019,"height":776,"caption":"PrijedorDanas.com"},"image":{"@id":"https:\/\/www.prijedordanas.com\/#\/schema\/logo\/image\/"},"sameAs":["https:\/\/www.facebook.com\/PrijedorDanasCom\/"]},{"@type":"Person","@id":"https:\/\/www.prijedordanas.com\/#\/schema\/person\/4e08ccf29b506ca916ff86d46bb700e6","name":"admin","image":{"@type":"ImageObject","inLanguage":"en-US","@id":"https:\/\/www.prijedordanas.com\/#\/schema\/person\/image\/","url":"https:\/\/secure.gravatar.com\/avatar\/1d3fc949d550f0b53a5f0d51e06dfd79?s=96&d=mm&r=g","contentUrl":"https:\/\/secure.gravatar.com\/avatar\/1d3fc949d550f0b53a5f0d51e06dfd79?s=96&d=mm&r=g","caption":"admin"},"url":"https:\/\/www.prijedordanas.com\/?author=1"}]}},"_links":{"self":[{"href":"https:\/\/www.prijedordanas.com\/index.php?rest_route=\/wp\/v2\/posts\/54613"}],"collection":[{"href":"https:\/\/www.prijedordanas.com\/index.php?rest_route=\/wp\/v2\/posts"}],"about":[{"href":"https:\/\/www.prijedordanas.com\/index.php?rest_route=\/wp\/v2\/types\/post"}],"author":[{"embeddable":true,"href":"https:\/\/www.prijedordanas.com\/index.php?rest_route=\/wp\/v2\/users\/1"}],"replies":[{"embeddable":true,"href":"https:\/\/www.prijedordanas.com\/index.php?rest_route=%2Fwp%2Fv2%2Fcomments&post=54613"}],"version-history":[{"count":1,"href":"https:\/\/www.prijedordanas.com\/index.php?rest_route=\/wp\/v2\/posts\/54613\/revisions"}],"predecessor-version":[{"id":54618,"href":"https:\/\/www.prijedordanas.com\/index.php?rest_route=\/wp\/v2\/posts\/54613\/revisions\/54618"}],"wp:attachment":[{"href":"https:\/\/www.prijedordanas.com\/index.php?rest_route=%2Fwp%2Fv2%2Fmedia&parent=54613"}],"wp:term":[{"taxonomy":"category","embeddable":true,"href":"https:\/\/www.prijedordanas.com\/index.php?rest_route=%2Fwp%2Fv2%2Fcategories&post=54613"},{"taxonomy":"post_tag","embeddable":true,"href":"https:\/\/www.prijedordanas.com\/index.php?rest_route=%2Fwp%2Fv2%2Ftags&post=54613"}],"curies":[{"name":"wp","href":"https:\/\/api.w.org\/{rel}","templated":true}]}}