{"id":54472,"date":"2016-07-01T20:27:42","date_gmt":"2016-07-01T18:27:42","guid":{"rendered":"https:\/\/www.prijedordanas.com\/?p=54472"},"modified":"2016-07-02T21:49:26","modified_gmt":"2016-07-02T19:49:26","slug":"julski-rok-za-upis-u-srednje-skole","status":"publish","type":"post","link":"https:\/\/www.prijedordanas.com\/?p=54472","title":{"rendered":"JULSKI ROK ZA UPIS U SREDNJE \u0160KOLE"},"content":{"rendered":"<p><a href=\"https:\/\/www.prijedordanas.com\/wp-content\/uploads\/2016\/07\/rtvpd-julski-upis.jpg\"><img loading=\"lazy\" decoding=\"async\" src=\"https:\/\/www.prijedordanas.com\/wp-content\/uploads\/2016\/07\/rtvpd-julski-upis-300x169.jpg\" alt=\"rtvpd-julski upis\" width=\"300\" height=\"169\" class=\"alignleft size-medium wp-image-54473\" srcset=\"https:\/\/www.prijedordanas.com\/wp-content\/uploads\/2016\/07\/rtvpd-julski-upis-300x169.jpg 300w, https:\/\/www.prijedordanas.com\/wp-content\/uploads\/2016\/07\/rtvpd-julski-upis.jpg 639w\" sizes=\"(max-width: 300px) 100vw, 300px\" \/><\/a>Ve\u0107ina svr\u0161enih osnovaca iz Prijedora upisano je u prvi razred srednje \u0161kole u junskom roku. <\/p>\n<p>U ponedjeljak, 4. jula, po\u010dinje julski upisni rok, koji \u0107e trajati do 6. jula.<\/p>\n<p>Po rije\u010dima Valentine Sovilj, predsjednika Aktiva direktora srednjih \u0161kola prijedorske regije, ve\u0107ina zanimanja u prijedorskim srednjim \u0161kolama ve\u0107 je popunjena. <\/p>\n<p>Tradicionalno, najve\u0107e interesovanje je vladalo za zanimanja medicinskog smjera, koja su popunjena prakti\u010dno prvog dana upisa. <\/p>\n<p>Tako\u0111e, mjesta nema ni u Ma\u0161inskoj i Elektrotehni\u010dkoj \u0161koli.<\/p>\n<p>Najvi\u0161e slobodnih mjesta ima u Gimnaziji \u201eSveti Sava\u201c na op\u0161tem i jezi\u010dkom smjeru. <\/p>\n<p>Nekoliko slobodnih mjesta ostalo je u smjeru ekonomski, ugostiteljski i poljoprivredni tehni\u010dar. <\/p>\n<p>Od zanimanja tre\u0107eg stepena, ostalo je jo\u0161 nekoliko slobodnih mjesta za konobare i pekare.<\/p>\n<p>Od 11. do 14. jula u\u010denici koji ne zadovolje kriterijume upisa, bi\u0107e raspore\u0111eni na preostala slobodna mjesta u srednjim \u0161kolama.<\/p>\n<p>RTV Prijedor<\/p>\n","protected":false},"excerpt":{"rendered":"<p>Ve\u0107ina svr\u0161enih osnovaca iz Prijedora upisano je u prvi razred srednje \u0161kole u junskom roku. U ponedjeljak, 4. jula, po\u010dinje julski upisni rok, koji \u0107e trajati do 6. jula. Po [&hellip;]<\/p>\n","protected":false},"author":1,"featured_media":0,"comment_status":"closed","ping_status":"open","sticky":false,"template":"","format":"standard","meta":{"_monsterinsights_skip_tracking":false,"_monsterinsights_sitenote_active":false,"_monsterinsights_sitenote_note":"","_monsterinsights_sitenote_category":0,"footnotes":""},"categories":[7518],"tags":[8265,245,1173],"yoast_head":"<!-- This site is optimized with the Yoast SEO plugin v21.6 - https:\/\/yoast.com\/wordpress\/plugins\/seo\/ -->\n<title>JULSKI ROK ZA UPIS U SREDNJE \u0160KOLE - PrijedorDanas.com - Prijedorski gradski portal<\/title>\n<meta name=\"robots\" content=\"index, follow, max-snippet:-1, max-image-preview:large, max-video-preview:-1\" \/>\n<link rel=\"canonical\" href=\"https:\/\/www.prijedordanas.com\/?p=54472\" \/>\n<meta property=\"og:locale\" content=\"en_US\" \/>\n<meta property=\"og:type\" content=\"article\" \/>\n<meta property=\"og:title\" content=\"JULSKI ROK ZA UPIS U SREDNJE \u0160KOLE - PrijedorDanas.com - Prijedorski gradski portal\" \/>\n<meta property=\"og:description\" content=\"Ve\u0107ina svr\u0161enih osnovaca iz Prijedora upisano je u prvi razred srednje \u0161kole u junskom roku. U ponedjeljak, 4. jula, po\u010dinje julski upisni rok, koji \u0107e trajati do 6. jula. Po [&hellip;]\" \/>\n<meta property=\"og:url\" content=\"https:\/\/www.prijedordanas.com\/?p=54472\" \/>\n<meta property=\"og:site_name\" content=\"PrijedorDanas.com - Prijedorski gradski portal\" \/>\n<meta property=\"article:publisher\" content=\"https:\/\/www.facebook.com\/PrijedorDanasCom\/\" \/>\n<meta property=\"article:published_time\" content=\"2016-07-01T18:27:42+00:00\" \/>\n<meta property=\"article:modified_time\" content=\"2016-07-02T19:49:26+00:00\" \/>\n<meta property=\"og:image\" content=\"https:\/\/www.prijedordanas.com\/wp-content\/uploads\/2016\/07\/rtvpd-julski-upis-300x169.jpg\" \/>\n<meta name=\"author\" content=\"admin\" \/>\n<meta name=\"twitter:card\" content=\"summary_large_image\" \/>\n<meta name=\"twitter:label1\" content=\"Written by\" \/>\n\t<meta name=\"twitter:data1\" content=\"admin\" \/>\n\t<meta name=\"twitter:label2\" content=\"Est. reading time\" \/>\n\t<meta name=\"twitter:data2\" content=\"1 minute\" \/>\n<script type=\"application\/ld+json\" class=\"yoast-schema-graph\">{\"@context\":\"https:\/\/schema.org\",\"@graph\":[{\"@type\":\"Article\",\"@id\":\"https:\/\/www.prijedordanas.com\/?p=54472#article\",\"isPartOf\":{\"@id\":\"https:\/\/www.prijedordanas.com\/?p=54472\"},\"author\":{\"name\":\"admin\",\"@id\":\"https:\/\/www.prijedordanas.com\/#\/schema\/person\/4e08ccf29b506ca916ff86d46bb700e6\"},\"headline\":\"JULSKI ROK ZA UPIS U SREDNJE \u0160KOLE\",\"datePublished\":\"2016-07-01T18:27:42+00:00\",\"dateModified\":\"2016-07-02T19:49:26+00:00\",\"mainEntityOfPage\":{\"@id\":\"https:\/\/www.prijedordanas.com\/?p=54472\"},\"wordCount\":156,\"publisher\":{\"@id\":\"https:\/\/www.prijedordanas.com\/#organization\"},\"keywords\":[\"julski rok\",\"srednje \u0161kole\",\"upis\"],\"articleSection\":[\"Mladi\"],\"inLanguage\":\"en-US\"},{\"@type\":\"WebPage\",\"@id\":\"https:\/\/www.prijedordanas.com\/?p=54472\",\"url\":\"https:\/\/www.prijedordanas.com\/?p=54472\",\"name\":\"JULSKI ROK ZA UPIS U SREDNJE \u0160KOLE - PrijedorDanas.com - Prijedorski gradski portal\",\"isPartOf\":{\"@id\":\"https:\/\/www.prijedordanas.com\/#website\"},\"datePublished\":\"2016-07-01T18:27:42+00:00\",\"dateModified\":\"2016-07-02T19:49:26+00:00\",\"breadcrumb\":{\"@id\":\"https:\/\/www.prijedordanas.com\/?p=54472#breadcrumb\"},\"inLanguage\":\"en-US\",\"potentialAction\":[{\"@type\":\"ReadAction\",\"target\":[\"https:\/\/www.prijedordanas.com\/?p=54472\"]}]},{\"@type\":\"BreadcrumbList\",\"@id\":\"https:\/\/www.prijedordanas.com\/?p=54472#breadcrumb\",\"itemListElement\":[{\"@type\":\"ListItem\",\"position\":1,\"name\":\"Home\",\"item\":\"https:\/\/www.prijedordanas.com\/\"},{\"@type\":\"ListItem\",\"position\":2,\"name\":\"JULSKI ROK ZA UPIS U SREDNJE \u0160KOLE\"}]},{\"@type\":\"WebSite\",\"@id\":\"https:\/\/www.prijedordanas.com\/#website\",\"url\":\"https:\/\/www.prijedordanas.com\/\",\"name\":\"PrijedorDanas.com - Prijedorski gradski portal\",\"description\":\"Portal o doga\u0111anjima u gradu Prijedoru\",\"publisher\":{\"@id\":\"https:\/\/www.prijedordanas.com\/#organization\"},\"potentialAction\":[{\"@type\":\"SearchAction\",\"target\":{\"@type\":\"EntryPoint\",\"urlTemplate\":\"https:\/\/www.prijedordanas.com\/?s={search_term_string}\"},\"query-input\":\"required name=search_term_string\"}],\"inLanguage\":\"en-US\"},{\"@type\":\"Organization\",\"@id\":\"https:\/\/www.prijedordanas.com\/#organization\",\"name\":\"PrijedorDanas.com\",\"url\":\"https:\/\/www.prijedordanas.com\/\",\"logo\":{\"@type\":\"ImageObject\",\"inLanguage\":\"en-US\",\"@id\":\"https:\/\/www.prijedordanas.com\/#\/schema\/logo\/image\/\",\"url\":\"http:\/\/www.prijedordanas.com\/wp-content\/uploads\/2021\/12\/logopng.png\",\"contentUrl\":\"http:\/\/www.prijedordanas.com\/wp-content\/uploads\/2021\/12\/logopng.png\",\"width\":1019,\"height\":776,\"caption\":\"PrijedorDanas.com\"},\"image\":{\"@id\":\"https:\/\/www.prijedordanas.com\/#\/schema\/logo\/image\/\"},\"sameAs\":[\"https:\/\/www.facebook.com\/PrijedorDanasCom\/\"]},{\"@type\":\"Person\",\"@id\":\"https:\/\/www.prijedordanas.com\/#\/schema\/person\/4e08ccf29b506ca916ff86d46bb700e6\",\"name\":\"admin\",\"image\":{\"@type\":\"ImageObject\",\"inLanguage\":\"en-US\",\"@id\":\"https:\/\/www.prijedordanas.com\/#\/schema\/person\/image\/\",\"url\":\"https:\/\/secure.gravatar.com\/avatar\/1d3fc949d550f0b53a5f0d51e06dfd79?s=96&d=mm&r=g\",\"contentUrl\":\"https:\/\/secure.gravatar.com\/avatar\/1d3fc949d550f0b53a5f0d51e06dfd79?s=96&d=mm&r=g\",\"caption\":\"admin\"},\"url\":\"https:\/\/www.prijedordanas.com\/?author=1\"}]}<\/script>\n<!-- \/ Yoast SEO plugin. -->","yoast_head_json":{"title":"JULSKI ROK ZA UPIS U SREDNJE \u0160KOLE - PrijedorDanas.com - Prijedorski gradski portal","robots":{"index":"index","follow":"follow","max-snippet":"max-snippet:-1","max-image-preview":"max-image-preview:large","max-video-preview":"max-video-preview:-1"},"canonical":"https:\/\/www.prijedordanas.com\/?p=54472","og_locale":"en_US","og_type":"article","og_title":"JULSKI ROK ZA UPIS U SREDNJE \u0160KOLE - PrijedorDanas.com - Prijedorski gradski portal","og_description":"Ve\u0107ina svr\u0161enih osnovaca iz Prijedora upisano je u prvi razred srednje \u0161kole u junskom roku. U ponedjeljak, 4. jula, po\u010dinje julski upisni rok, koji \u0107e trajati do 6. jula. Po [&hellip;]","og_url":"https:\/\/www.prijedordanas.com\/?p=54472","og_site_name":"PrijedorDanas.com - Prijedorski gradski portal","article_publisher":"https:\/\/www.facebook.com\/PrijedorDanasCom\/","article_published_time":"2016-07-01T18:27:42+00:00","article_modified_time":"2016-07-02T19:49:26+00:00","og_image":[{"url":"https:\/\/www.prijedordanas.com\/wp-content\/uploads\/2016\/07\/rtvpd-julski-upis-300x169.jpg"}],"author":"admin","twitter_card":"summary_large_image","twitter_misc":{"Written by":"admin","Est. reading time":"1 minute"},"schema":{"@context":"https:\/\/schema.org","@graph":[{"@type":"Article","@id":"https:\/\/www.prijedordanas.com\/?p=54472#article","isPartOf":{"@id":"https:\/\/www.prijedordanas.com\/?p=54472"},"author":{"name":"admin","@id":"https:\/\/www.prijedordanas.com\/#\/schema\/person\/4e08ccf29b506ca916ff86d46bb700e6"},"headline":"JULSKI ROK ZA UPIS U SREDNJE \u0160KOLE","datePublished":"2016-07-01T18:27:42+00:00","dateModified":"2016-07-02T19:49:26+00:00","mainEntityOfPage":{"@id":"https:\/\/www.prijedordanas.com\/?p=54472"},"wordCount":156,"publisher":{"@id":"https:\/\/www.prijedordanas.com\/#organization"},"keywords":["julski rok","srednje \u0161kole","upis"],"articleSection":["Mladi"],"inLanguage":"en-US"},{"@type":"WebPage","@id":"https:\/\/www.prijedordanas.com\/?p=54472","url":"https:\/\/www.prijedordanas.com\/?p=54472","name":"JULSKI ROK ZA UPIS U SREDNJE \u0160KOLE - PrijedorDanas.com - Prijedorski gradski portal","isPartOf":{"@id":"https:\/\/www.prijedordanas.com\/#website"},"datePublished":"2016-07-01T18:27:42+00:00","dateModified":"2016-07-02T19:49:26+00:00","breadcrumb":{"@id":"https:\/\/www.prijedordanas.com\/?p=54472#breadcrumb"},"inLanguage":"en-US","potentialAction":[{"@type":"ReadAction","target":["https:\/\/www.prijedordanas.com\/?p=54472"]}]},{"@type":"BreadcrumbList","@id":"https:\/\/www.prijedordanas.com\/?p=54472#breadcrumb","itemListElement":[{"@type":"ListItem","position":1,"name":"Home","item":"https:\/\/www.prijedordanas.com\/"},{"@type":"ListItem","position":2,"name":"JULSKI ROK ZA UPIS U SREDNJE \u0160KOLE"}]},{"@type":"WebSite","@id":"https:\/\/www.prijedordanas.com\/#website","url":"https:\/\/www.prijedordanas.com\/","name":"PrijedorDanas.com - Prijedorski gradski portal","description":"Portal o doga\u0111anjima u gradu Prijedoru","publisher":{"@id":"https:\/\/www.prijedordanas.com\/#organization"},"potentialAction":[{"@type":"SearchAction","target":{"@type":"EntryPoint","urlTemplate":"https:\/\/www.prijedordanas.com\/?s={search_term_string}"},"query-input":"required name=search_term_string"}],"inLanguage":"en-US"},{"@type":"Organization","@id":"https:\/\/www.prijedordanas.com\/#organization","name":"PrijedorDanas.com","url":"https:\/\/www.prijedordanas.com\/","logo":{"@type":"ImageObject","inLanguage":"en-US","@id":"https:\/\/www.prijedordanas.com\/#\/schema\/logo\/image\/","url":"http:\/\/www.prijedordanas.com\/wp-content\/uploads\/2021\/12\/logopng.png","contentUrl":"http:\/\/www.prijedordanas.com\/wp-content\/uploads\/2021\/12\/logopng.png","width":1019,"height":776,"caption":"PrijedorDanas.com"},"image":{"@id":"https:\/\/www.prijedordanas.com\/#\/schema\/logo\/image\/"},"sameAs":["https:\/\/www.facebook.com\/PrijedorDanasCom\/"]},{"@type":"Person","@id":"https:\/\/www.prijedordanas.com\/#\/schema\/person\/4e08ccf29b506ca916ff86d46bb700e6","name":"admin","image":{"@type":"ImageObject","inLanguage":"en-US","@id":"https:\/\/www.prijedordanas.com\/#\/schema\/person\/image\/","url":"https:\/\/secure.gravatar.com\/avatar\/1d3fc949d550f0b53a5f0d51e06dfd79?s=96&d=mm&r=g","contentUrl":"https:\/\/secure.gravatar.com\/avatar\/1d3fc949d550f0b53a5f0d51e06dfd79?s=96&d=mm&r=g","caption":"admin"},"url":"https:\/\/www.prijedordanas.com\/?author=1"}]}},"_links":{"self":[{"href":"https:\/\/www.prijedordanas.com\/index.php?rest_route=\/wp\/v2\/posts\/54472"}],"collection":[{"href":"https:\/\/www.prijedordanas.com\/index.php?rest_route=\/wp\/v2\/posts"}],"about":[{"href":"https:\/\/www.prijedordanas.com\/index.php?rest_route=\/wp\/v2\/types\/post"}],"author":[{"embeddable":true,"href":"https:\/\/www.prijedordanas.com\/index.php?rest_route=\/wp\/v2\/users\/1"}],"replies":[{"embeddable":true,"href":"https:\/\/www.prijedordanas.com\/index.php?rest_route=%2Fwp%2Fv2%2Fcomments&post=54472"}],"version-history":[{"count":1,"href":"https:\/\/www.prijedordanas.com\/index.php?rest_route=\/wp\/v2\/posts\/54472\/revisions"}],"predecessor-version":[{"id":54474,"href":"https:\/\/www.prijedordanas.com\/index.php?rest_route=\/wp\/v2\/posts\/54472\/revisions\/54474"}],"wp:attachment":[{"href":"https:\/\/www.prijedordanas.com\/index.php?rest_route=%2Fwp%2Fv2%2Fmedia&parent=54472"}],"wp:term":[{"taxonomy":"category","embeddable":true,"href":"https:\/\/www.prijedordanas.com\/index.php?rest_route=%2Fwp%2Fv2%2Fcategories&post=54472"},{"taxonomy":"post_tag","embeddable":true,"href":"https:\/\/www.prijedordanas.com\/index.php?rest_route=%2Fwp%2Fv2%2Ftags&post=54472"}],"curies":[{"name":"wp","href":"https:\/\/api.w.org\/{rel}","templated":true}]}}