{"id":54270,"date":"2016-06-29T22:12:12","date_gmt":"2016-06-29T20:12:12","guid":{"rendered":"https:\/\/www.prijedordanas.com\/?p=54270"},"modified":"2016-06-29T22:27:07","modified_gmt":"2016-06-29T20:27:07","slug":"prijedor-odbio-inicijativu-za-podizanje-spomenika-ubijenoj-djeci-foto","status":"publish","type":"post","link":"https:\/\/www.prijedordanas.com\/?p=54270","title":{"rendered":"PRIJEDOR ODBIO INICIJATIVU ZA PODIZANJE SPOMENIKA UBIJENOJ DJECI &#8211; FOTO"},"content":{"rendered":"<p><a href=\"https:\/\/www.prijedordanas.com\/wp-content\/uploads\/2016\/06\/skupstina-29juni-inicijativa-za-spomen-obiljezje-ubijenoj-djeci-1.jpg\"><img loading=\"lazy\" decoding=\"async\" class=\"alignleft size-medium wp-image-54271\" src=\"https:\/\/www.prijedordanas.com\/wp-content\/uploads\/2016\/06\/skupstina-29juni-inicijativa-za-spomen-obiljezje-ubijenoj-djeci-1-300x199.jpg\" alt=\"skupstina 29juni-inicijativa za spomen obiljezje ubijenoj djeci (1)\" width=\"300\" height=\"199\" srcset=\"https:\/\/www.prijedordanas.com\/wp-content\/uploads\/2016\/06\/skupstina-29juni-inicijativa-za-spomen-obiljezje-ubijenoj-djeci-1-300x200.jpg 300w, https:\/\/www.prijedordanas.com\/wp-content\/uploads\/2016\/06\/skupstina-29juni-inicijativa-za-spomen-obiljezje-ubijenoj-djeci-1-480x320.jpg 480w, https:\/\/www.prijedordanas.com\/wp-content\/uploads\/2016\/06\/skupstina-29juni-inicijativa-za-spomen-obiljezje-ubijenoj-djeci-1.jpg 600w\" sizes=\"(max-width: 300px) 100vw, 300px\" \/><\/a>Skup\u0161tina grada Prijedora odbacila je inicijativu za izgradnju spomenika za 102 djeteta ubijena ili nestala tokom rata u ovom gradu u sjeverozapadnoj BiH, u kojem \u017eivi ve\u0107inom srpsko stanovni\u0161tvo.<\/p>\n<p>Poslanici Skup\u0161tine Prijedora nisu usvojili u srijedu inicijativu za izgradnju spomenika ubijenoj djeci u centru grada, za koju su glasala samo tri poslanika iz reda bo\u0161nja\u010dkog naroda, dok su prisutni poslanici iz reda srpskog naroda bili suzdr\u017eani.<\/p>\n<p>Nakon \u0161to inicijativa nije pro\u0161la, ve\u0107ina poslanika se slo\u017eila s prijedlogom da se ponovo glasa za ovu inicijativu, ali kada bude na\u0111ena druga lokacija za spomenik.<\/p>\n<p><a href=\"https:\/\/www.prijedordanas.com\/wp-content\/uploads\/2016\/06\/skupstina-29juni-inicijativa-za-spomen-obiljezje-ubijenoj-djeci-2.jpg\"><img loading=\"lazy\" decoding=\"async\" class=\"alignleft size-medium wp-image-54272\" src=\"https:\/\/www.prijedordanas.com\/wp-content\/uploads\/2016\/06\/skupstina-29juni-inicijativa-za-spomen-obiljezje-ubijenoj-djeci-2-300x199.jpg\" alt=\"skupstina 29juni-inicijativa za spomen obiljezje ubijenoj djeci (2)\" width=\"300\" height=\"199\" srcset=\"https:\/\/www.prijedordanas.com\/wp-content\/uploads\/2016\/06\/skupstina-29juni-inicijativa-za-spomen-obiljezje-ubijenoj-djeci-2-300x200.jpg 300w, https:\/\/www.prijedordanas.com\/wp-content\/uploads\/2016\/06\/skupstina-29juni-inicijativa-za-spomen-obiljezje-ubijenoj-djeci-2-480x320.jpg 480w, https:\/\/www.prijedordanas.com\/wp-content\/uploads\/2016\/06\/skupstina-29juni-inicijativa-za-spomen-obiljezje-ubijenoj-djeci-2.jpg 600w\" sizes=\"(max-width: 300px) 100vw, 300px\" \/><\/a>\u201cPri\u010da nije gotova. Zaklju\u010dak koji smo donijeli danas daje mogu\u0107nost nastavka pri\u010de\u201c, rekao je novinarima Sead Jakupovi\u0107, predsjednik Skup\u0161tine grada Prijedora.<\/p>\n<p>\u201cMi \u0107emo pripremiti inicijativu na bolji na\u010din, radit \u0107emo na tome i zavr\u0161i\u0107emo ga sigurno\u201c, rekao je on.<\/p>\n<p>Gradona\u010delnik Prijedora Marko Pavi\u0107 optu\u017eio je medije da objavljuju la\u017ene informacije o inicijativi, potenciraju\u0107i da spomenik nije sporan, ve\u0107 predlo\u017eena lokacija za njegovu izgradnju.<\/p>\n<p>\u201cPrijedlog za izgradnju spomenika ubijene djece nije odbijen. Inicijatori su izri\u010dito tra\u017eili da on bude izgra\u0111en na dvije lokacije \u2013 ispred op\u0161tine i na glavnoj pje\u0161a\u010dkoj zoni\u201c, rekao je Pavi\u0107.<\/p>\n<p><a href=\"https:\/\/www.prijedordanas.com\/wp-content\/uploads\/2016\/06\/skupstina-29juni-inicijativa-za-spomen-obiljezje-ubijenoj-djeci-3.jpg\"><img loading=\"lazy\" decoding=\"async\" class=\"alignleft size-medium wp-image-54273\" src=\"https:\/\/www.prijedordanas.com\/wp-content\/uploads\/2016\/06\/skupstina-29juni-inicijativa-za-spomen-obiljezje-ubijenoj-djeci-3-300x199.jpg\" alt=\"skupstina 29juni-inicijativa za spomen obiljezje ubijenoj djeci (3)\" width=\"300\" height=\"199\" srcset=\"https:\/\/www.prijedordanas.com\/wp-content\/uploads\/2016\/06\/skupstina-29juni-inicijativa-za-spomen-obiljezje-ubijenoj-djeci-3-300x200.jpg 300w, https:\/\/www.prijedordanas.com\/wp-content\/uploads\/2016\/06\/skupstina-29juni-inicijativa-za-spomen-obiljezje-ubijenoj-djeci-3-480x320.jpg 480w, https:\/\/www.prijedordanas.com\/wp-content\/uploads\/2016\/06\/skupstina-29juni-inicijativa-za-spomen-obiljezje-ubijenoj-djeci-3.jpg 600w\" sizes=\"(max-width: 300px) 100vw, 300px\" \/><\/a>\u201cDanas je Skup\u0161tina odbacila prijedlog za promjenu regulacionog plana u ovoj oblasti i porodicama koje su predlo\u017eile izgradnju spomenika re\u010deno je da se obrate nadle\u017enim organima i da prona\u0111u (drugu) lokaciju za spomenik\u201c, dodao je on.<\/p>\n<p>Goran Zori\u0107 iz lokalne omladinske nevladine organizacije Kvart rekao je za medije da sama \u010dinjenica da se u Skup\u0161tini govorilo o ovoj temi predstavlja korak naprijed.<\/p>\n<p>\u201cNa\u017ealost, inicijativa nije uspjela. Mi ovo gledamo ne samo kao diskriminaciju (ve\u0107) i kao poku\u0161aj manipulacije i podjele ljudi u Prijedoru\u201c, rekao je Zori\u0107.<\/p>\n<p><a href=\"https:\/\/www.prijedordanas.com\/wp-content\/uploads\/2016\/06\/skupstina-29juni-inicijativa-za-spomen-obiljezje-ubijenoj-djeci-4.jpg\"><img loading=\"lazy\" decoding=\"async\" class=\"alignleft size-medium wp-image-54274\" src=\"https:\/\/www.prijedordanas.com\/wp-content\/uploads\/2016\/06\/skupstina-29juni-inicijativa-za-spomen-obiljezje-ubijenoj-djeci-4-300x199.jpg\" alt=\"skupstina 29juni-inicijativa za spomen obiljezje ubijenoj djeci (4)\" width=\"300\" height=\"199\" srcset=\"https:\/\/www.prijedordanas.com\/wp-content\/uploads\/2016\/06\/skupstina-29juni-inicijativa-za-spomen-obiljezje-ubijenoj-djeci-4-300x200.jpg 300w, https:\/\/www.prijedordanas.com\/wp-content\/uploads\/2016\/06\/skupstina-29juni-inicijativa-za-spomen-obiljezje-ubijenoj-djeci-4-480x320.jpg 480w, https:\/\/www.prijedordanas.com\/wp-content\/uploads\/2016\/06\/skupstina-29juni-inicijativa-za-spomen-obiljezje-ubijenoj-djeci-4.jpg 600w\" sizes=\"(max-width: 300px) 100vw, 300px\" \/><\/a>\u201cNijedan od poslanika nije negirao da su ubijena 102 djeteta, tako da se na\u0161a borba nastavlja\u201c, dodao je Zori\u0107.<\/p>\n<p>Predstavnici porodica ubijene djece izrazili su razo\u010daranje zbog glasanja.<\/p>\n<p>\u201cSada \u0107emo razmotriti mogu\u0107nost pokretanja tu\u017ebe protiv predsjednika Skup\u0161tine i gradona\u010delnika\u201c, izjavio je medijima Fikret Ba\u010di\u0107, jedan od roditelja koji su u novembru 2014. godine pokrenuli inicijativu za izgradnju spomenika.<\/p>\n<p>Skup\u0161tini Prijedora u srijedu dostavljena je jo\u0161 jedna inicijativa za podizanje spomenika \u2013 u \u010dast \u017ertvama ratnog logora Trnopolje.<\/p>\n<p>I ovaj je prijedlog odbijen od strane poslanika Skup\u0161tine u kojoj je ve\u0107ina iz reda srpskog naroda.<\/p>\n<p>Tekst &#8211; Katarina Pani\u0107 &#8211; BIRN<br \/>\nFoto &#8211; Aleksandar Drakuli\u0107 \u2013 <a href=\"www.prijedordanas.com\" target=\"_blank\">www.prijedordanas.com<\/a><\/p>\n<p><iframe loading=\"lazy\" width=\"500\" height=\"281\" src=\"https:\/\/www.youtube.com\/embed\/UbV6hlz8t1c?feature=oembed\" frameborder=\"0\" allowfullscreen><\/iframe><\/p>\n","protected":false},"excerpt":{"rendered":"<p>Skup\u0161tina grada Prijedora odbacila je inicijativu za izgradnju spomenika za 102 djeteta ubijena ili nestala tokom rata u ovom gradu u sjeverozapadnoj BiH, u kojem \u017eivi ve\u0107inom srpsko stanovni\u0161tvo. Poslanici [&hellip;]<\/p>\n","protected":false},"author":1,"featured_media":0,"comment_status":"closed","ping_status":"open","sticky":false,"template":"","format":"standard","meta":{"_monsterinsights_skip_tracking":false,"_monsterinsights_sitenote_active":false,"_monsterinsights_sitenote_note":"","_monsterinsights_sitenote_category":0,"footnotes":""},"categories":[4],"tags":[238],"yoast_head":"<!-- This site is optimized with the Yoast SEO plugin v21.6 - https:\/\/yoast.com\/wordpress\/plugins\/seo\/ -->\n<title>PRIJEDOR ODBIO INICIJATIVU ZA PODIZANJE SPOMENIKA UBIJENOJ DJECI - FOTO - PrijedorDanas.com - Prijedorski gradski portal<\/title>\n<meta name=\"robots\" content=\"index, follow, max-snippet:-1, max-image-preview:large, max-video-preview:-1\" \/>\n<link rel=\"canonical\" href=\"https:\/\/www.prijedordanas.com\/?p=54270\" \/>\n<meta property=\"og:locale\" content=\"en_US\" \/>\n<meta property=\"og:type\" content=\"article\" \/>\n<meta property=\"og:title\" content=\"PRIJEDOR ODBIO INICIJATIVU ZA PODIZANJE SPOMENIKA UBIJENOJ DJECI - FOTO - PrijedorDanas.com - Prijedorski gradski portal\" \/>\n<meta property=\"og:description\" content=\"Skup\u0161tina grada Prijedora odbacila je inicijativu za izgradnju spomenika za 102 djeteta ubijena ili nestala tokom rata u ovom gradu u sjeverozapadnoj BiH, u kojem \u017eivi ve\u0107inom srpsko stanovni\u0161tvo. Poslanici [&hellip;]\" \/>\n<meta property=\"og:url\" content=\"https:\/\/www.prijedordanas.com\/?p=54270\" \/>\n<meta property=\"og:site_name\" content=\"PrijedorDanas.com - Prijedorski gradski portal\" \/>\n<meta property=\"article:publisher\" content=\"https:\/\/www.facebook.com\/PrijedorDanasCom\/\" \/>\n<meta property=\"article:published_time\" content=\"2016-06-29T20:12:12+00:00\" \/>\n<meta property=\"article:modified_time\" content=\"2016-06-29T20:27:07+00:00\" \/>\n<meta property=\"og:image\" content=\"https:\/\/www.prijedordanas.com\/wp-content\/uploads\/2016\/06\/skupstina-29juni-inicijativa-za-spomen-obiljezje-ubijenoj-djeci-1-300x199.jpg\" \/>\n<meta name=\"author\" content=\"admin\" \/>\n<meta name=\"twitter:card\" content=\"summary_large_image\" \/>\n<meta name=\"twitter:label1\" content=\"Written by\" \/>\n\t<meta name=\"twitter:data1\" content=\"admin\" \/>\n\t<meta name=\"twitter:label2\" content=\"Est. reading time\" \/>\n\t<meta name=\"twitter:data2\" content=\"2 minutes\" \/>\n<script type=\"application\/ld+json\" class=\"yoast-schema-graph\">{\"@context\":\"https:\/\/schema.org\",\"@graph\":[{\"@type\":\"Article\",\"@id\":\"https:\/\/www.prijedordanas.com\/?p=54270#article\",\"isPartOf\":{\"@id\":\"https:\/\/www.prijedordanas.com\/?p=54270\"},\"author\":{\"name\":\"admin\",\"@id\":\"https:\/\/www.prijedordanas.com\/#\/schema\/person\/4e08ccf29b506ca916ff86d46bb700e6\"},\"headline\":\"PRIJEDOR ODBIO INICIJATIVU ZA PODIZANJE SPOMENIKA UBIJENOJ DJECI &#8211; FOTO\",\"datePublished\":\"2016-06-29T20:12:12+00:00\",\"dateModified\":\"2016-06-29T20:27:07+00:00\",\"mainEntityOfPage\":{\"@id\":\"https:\/\/www.prijedordanas.com\/?p=54270\"},\"wordCount\":438,\"publisher\":{\"@id\":\"https:\/\/www.prijedordanas.com\/#organization\"},\"keywords\":[\"Skup\u0161tina grada Prijedora\"],\"articleSection\":[\"Dru\u0161tvo\"],\"inLanguage\":\"en-US\"},{\"@type\":\"WebPage\",\"@id\":\"https:\/\/www.prijedordanas.com\/?p=54270\",\"url\":\"https:\/\/www.prijedordanas.com\/?p=54270\",\"name\":\"PRIJEDOR ODBIO INICIJATIVU ZA PODIZANJE SPOMENIKA UBIJENOJ DJECI - FOTO - PrijedorDanas.com - Prijedorski gradski portal\",\"isPartOf\":{\"@id\":\"https:\/\/www.prijedordanas.com\/#website\"},\"datePublished\":\"2016-06-29T20:12:12+00:00\",\"dateModified\":\"2016-06-29T20:27:07+00:00\",\"breadcrumb\":{\"@id\":\"https:\/\/www.prijedordanas.com\/?p=54270#breadcrumb\"},\"inLanguage\":\"en-US\",\"potentialAction\":[{\"@type\":\"ReadAction\",\"target\":[\"https:\/\/www.prijedordanas.com\/?p=54270\"]}]},{\"@type\":\"BreadcrumbList\",\"@id\":\"https:\/\/www.prijedordanas.com\/?p=54270#breadcrumb\",\"itemListElement\":[{\"@type\":\"ListItem\",\"position\":1,\"name\":\"Home\",\"item\":\"https:\/\/www.prijedordanas.com\/\"},{\"@type\":\"ListItem\",\"position\":2,\"name\":\"PRIJEDOR ODBIO INICIJATIVU ZA PODIZANJE SPOMENIKA UBIJENOJ DJECI &#8211; FOTO\"}]},{\"@type\":\"WebSite\",\"@id\":\"https:\/\/www.prijedordanas.com\/#website\",\"url\":\"https:\/\/www.prijedordanas.com\/\",\"name\":\"PrijedorDanas.com - Prijedorski gradski portal\",\"description\":\"Portal o doga\u0111anjima u gradu Prijedoru\",\"publisher\":{\"@id\":\"https:\/\/www.prijedordanas.com\/#organization\"},\"potentialAction\":[{\"@type\":\"SearchAction\",\"target\":{\"@type\":\"EntryPoint\",\"urlTemplate\":\"https:\/\/www.prijedordanas.com\/?s={search_term_string}\"},\"query-input\":\"required name=search_term_string\"}],\"inLanguage\":\"en-US\"},{\"@type\":\"Organization\",\"@id\":\"https:\/\/www.prijedordanas.com\/#organization\",\"name\":\"PrijedorDanas.com\",\"url\":\"https:\/\/www.prijedordanas.com\/\",\"logo\":{\"@type\":\"ImageObject\",\"inLanguage\":\"en-US\",\"@id\":\"https:\/\/www.prijedordanas.com\/#\/schema\/logo\/image\/\",\"url\":\"http:\/\/www.prijedordanas.com\/wp-content\/uploads\/2021\/12\/logopng.png\",\"contentUrl\":\"http:\/\/www.prijedordanas.com\/wp-content\/uploads\/2021\/12\/logopng.png\",\"width\":1019,\"height\":776,\"caption\":\"PrijedorDanas.com\"},\"image\":{\"@id\":\"https:\/\/www.prijedordanas.com\/#\/schema\/logo\/image\/\"},\"sameAs\":[\"https:\/\/www.facebook.com\/PrijedorDanasCom\/\"]},{\"@type\":\"Person\",\"@id\":\"https:\/\/www.prijedordanas.com\/#\/schema\/person\/4e08ccf29b506ca916ff86d46bb700e6\",\"name\":\"admin\",\"image\":{\"@type\":\"ImageObject\",\"inLanguage\":\"en-US\",\"@id\":\"https:\/\/www.prijedordanas.com\/#\/schema\/person\/image\/\",\"url\":\"https:\/\/secure.gravatar.com\/avatar\/1d3fc949d550f0b53a5f0d51e06dfd79?s=96&d=mm&r=g\",\"contentUrl\":\"https:\/\/secure.gravatar.com\/avatar\/1d3fc949d550f0b53a5f0d51e06dfd79?s=96&d=mm&r=g\",\"caption\":\"admin\"},\"url\":\"https:\/\/www.prijedordanas.com\/?author=1\"}]}<\/script>\n<!-- \/ Yoast SEO plugin. -->","yoast_head_json":{"title":"PRIJEDOR ODBIO INICIJATIVU ZA PODIZANJE SPOMENIKA UBIJENOJ DJECI - FOTO - PrijedorDanas.com - Prijedorski gradski portal","robots":{"index":"index","follow":"follow","max-snippet":"max-snippet:-1","max-image-preview":"max-image-preview:large","max-video-preview":"max-video-preview:-1"},"canonical":"https:\/\/www.prijedordanas.com\/?p=54270","og_locale":"en_US","og_type":"article","og_title":"PRIJEDOR ODBIO INICIJATIVU ZA PODIZANJE SPOMENIKA UBIJENOJ DJECI - FOTO - PrijedorDanas.com - Prijedorski gradski portal","og_description":"Skup\u0161tina grada Prijedora odbacila je inicijativu za izgradnju spomenika za 102 djeteta ubijena ili nestala tokom rata u ovom gradu u sjeverozapadnoj BiH, u kojem \u017eivi ve\u0107inom srpsko stanovni\u0161tvo. Poslanici [&hellip;]","og_url":"https:\/\/www.prijedordanas.com\/?p=54270","og_site_name":"PrijedorDanas.com - Prijedorski gradski portal","article_publisher":"https:\/\/www.facebook.com\/PrijedorDanasCom\/","article_published_time":"2016-06-29T20:12:12+00:00","article_modified_time":"2016-06-29T20:27:07+00:00","og_image":[{"url":"https:\/\/www.prijedordanas.com\/wp-content\/uploads\/2016\/06\/skupstina-29juni-inicijativa-za-spomen-obiljezje-ubijenoj-djeci-1-300x199.jpg"}],"author":"admin","twitter_card":"summary_large_image","twitter_misc":{"Written by":"admin","Est. reading time":"2 minutes"},"schema":{"@context":"https:\/\/schema.org","@graph":[{"@type":"Article","@id":"https:\/\/www.prijedordanas.com\/?p=54270#article","isPartOf":{"@id":"https:\/\/www.prijedordanas.com\/?p=54270"},"author":{"name":"admin","@id":"https:\/\/www.prijedordanas.com\/#\/schema\/person\/4e08ccf29b506ca916ff86d46bb700e6"},"headline":"PRIJEDOR ODBIO INICIJATIVU ZA PODIZANJE SPOMENIKA UBIJENOJ DJECI &#8211; FOTO","datePublished":"2016-06-29T20:12:12+00:00","dateModified":"2016-06-29T20:27:07+00:00","mainEntityOfPage":{"@id":"https:\/\/www.prijedordanas.com\/?p=54270"},"wordCount":438,"publisher":{"@id":"https:\/\/www.prijedordanas.com\/#organization"},"keywords":["Skup\u0161tina grada Prijedora"],"articleSection":["Dru\u0161tvo"],"inLanguage":"en-US"},{"@type":"WebPage","@id":"https:\/\/www.prijedordanas.com\/?p=54270","url":"https:\/\/www.prijedordanas.com\/?p=54270","name":"PRIJEDOR ODBIO INICIJATIVU ZA PODIZANJE SPOMENIKA UBIJENOJ DJECI - FOTO - PrijedorDanas.com - Prijedorski gradski portal","isPartOf":{"@id":"https:\/\/www.prijedordanas.com\/#website"},"datePublished":"2016-06-29T20:12:12+00:00","dateModified":"2016-06-29T20:27:07+00:00","breadcrumb":{"@id":"https:\/\/www.prijedordanas.com\/?p=54270#breadcrumb"},"inLanguage":"en-US","potentialAction":[{"@type":"ReadAction","target":["https:\/\/www.prijedordanas.com\/?p=54270"]}]},{"@type":"BreadcrumbList","@id":"https:\/\/www.prijedordanas.com\/?p=54270#breadcrumb","itemListElement":[{"@type":"ListItem","position":1,"name":"Home","item":"https:\/\/www.prijedordanas.com\/"},{"@type":"ListItem","position":2,"name":"PRIJEDOR ODBIO INICIJATIVU ZA PODIZANJE SPOMENIKA UBIJENOJ DJECI &#8211; FOTO"}]},{"@type":"WebSite","@id":"https:\/\/www.prijedordanas.com\/#website","url":"https:\/\/www.prijedordanas.com\/","name":"PrijedorDanas.com - Prijedorski gradski portal","description":"Portal o doga\u0111anjima u gradu Prijedoru","publisher":{"@id":"https:\/\/www.prijedordanas.com\/#organization"},"potentialAction":[{"@type":"SearchAction","target":{"@type":"EntryPoint","urlTemplate":"https:\/\/www.prijedordanas.com\/?s={search_term_string}"},"query-input":"required name=search_term_string"}],"inLanguage":"en-US"},{"@type":"Organization","@id":"https:\/\/www.prijedordanas.com\/#organization","name":"PrijedorDanas.com","url":"https:\/\/www.prijedordanas.com\/","logo":{"@type":"ImageObject","inLanguage":"en-US","@id":"https:\/\/www.prijedordanas.com\/#\/schema\/logo\/image\/","url":"http:\/\/www.prijedordanas.com\/wp-content\/uploads\/2021\/12\/logopng.png","contentUrl":"http:\/\/www.prijedordanas.com\/wp-content\/uploads\/2021\/12\/logopng.png","width":1019,"height":776,"caption":"PrijedorDanas.com"},"image":{"@id":"https:\/\/www.prijedordanas.com\/#\/schema\/logo\/image\/"},"sameAs":["https:\/\/www.facebook.com\/PrijedorDanasCom\/"]},{"@type":"Person","@id":"https:\/\/www.prijedordanas.com\/#\/schema\/person\/4e08ccf29b506ca916ff86d46bb700e6","name":"admin","image":{"@type":"ImageObject","inLanguage":"en-US","@id":"https:\/\/www.prijedordanas.com\/#\/schema\/person\/image\/","url":"https:\/\/secure.gravatar.com\/avatar\/1d3fc949d550f0b53a5f0d51e06dfd79?s=96&d=mm&r=g","contentUrl":"https:\/\/secure.gravatar.com\/avatar\/1d3fc949d550f0b53a5f0d51e06dfd79?s=96&d=mm&r=g","caption":"admin"},"url":"https:\/\/www.prijedordanas.com\/?author=1"}]}},"_links":{"self":[{"href":"https:\/\/www.prijedordanas.com\/index.php?rest_route=\/wp\/v2\/posts\/54270"}],"collection":[{"href":"https:\/\/www.prijedordanas.com\/index.php?rest_route=\/wp\/v2\/posts"}],"about":[{"href":"https:\/\/www.prijedordanas.com\/index.php?rest_route=\/wp\/v2\/types\/post"}],"author":[{"embeddable":true,"href":"https:\/\/www.prijedordanas.com\/index.php?rest_route=\/wp\/v2\/users\/1"}],"replies":[{"embeddable":true,"href":"https:\/\/www.prijedordanas.com\/index.php?rest_route=%2Fwp%2Fv2%2Fcomments&post=54270"}],"version-history":[{"count":2,"href":"https:\/\/www.prijedordanas.com\/index.php?rest_route=\/wp\/v2\/posts\/54270\/revisions"}],"predecessor-version":[{"id":54276,"href":"https:\/\/www.prijedordanas.com\/index.php?rest_route=\/wp\/v2\/posts\/54270\/revisions\/54276"}],"wp:attachment":[{"href":"https:\/\/www.prijedordanas.com\/index.php?rest_route=%2Fwp%2Fv2%2Fmedia&parent=54270"}],"wp:term":[{"taxonomy":"category","embeddable":true,"href":"https:\/\/www.prijedordanas.com\/index.php?rest_route=%2Fwp%2Fv2%2Fcategories&post=54270"},{"taxonomy":"post_tag","embeddable":true,"href":"https:\/\/www.prijedordanas.com\/index.php?rest_route=%2Fwp%2Fv2%2Ftags&post=54270"}],"curies":[{"name":"wp","href":"https:\/\/api.w.org\/{rel}","templated":true}]}}