{"id":54179,"date":"2016-06-28T18:24:31","date_gmt":"2016-06-28T16:24:31","guid":{"rendered":"https:\/\/www.prijedordanas.com\/?p=54179"},"modified":"2016-06-28T18:25:13","modified_gmt":"2016-06-28T16:25:13","slug":"dobar-rod-lubenice-u-prijedoru-video","status":"publish","type":"post","link":"https:\/\/www.prijedordanas.com\/?p=54179","title":{"rendered":"DOBAR ROD LUBENICE U PRIJEDORU \u2013 VIDEO"},"content":{"rendered":"<p><a href=\"https:\/\/www.prijedordanas.com\/wp-content\/uploads\/2016\/06\/rtrs-lubenica.jpg\"><img loading=\"lazy\" decoding=\"async\" src=\"https:\/\/www.prijedordanas.com\/wp-content\/uploads\/2016\/06\/rtrs-lubenica-300x225.jpg\" alt=\"rtrs-lubenica\" width=\"300\" height=\"225\" class=\"alignleft size-medium wp-image-54180\" srcset=\"https:\/\/www.prijedordanas.com\/wp-content\/uploads\/2016\/06\/rtrs-lubenica-300x225.jpg 300w, https:\/\/www.prijedordanas.com\/wp-content\/uploads\/2016\/06\/rtrs-lubenica.jpg 600w\" sizes=\"(max-width: 300px) 100vw, 300px\" \/><\/a>\u0160estoro\u010dlana porodica Vidi\u010devi\u0107, iz sela Rasavci kod Prijedora, ve\u0107 petnaestak godina uzgaja lubenice i \u017eivi od toga.<\/p>\n<p>Iako je prolje\u0107na sjetva kasnila zbog nepovoljnih vremenskih uslova, porodica Vidi\u010devi\u0107 zadovoljna je ovogodi\u0161njim rodom lubenice. O\u010dekuju rekordan prinos. Proizvodnju su pro\u0161irili i na uzgoj dinje i povr\u0107a. <\/p>\n<p>Dragana i Bo\u0161ko Vidi\u010devi\u0107 iz Rasavaca kod Prijedora, roditelji \u010detvoro djece, prije petnaest godina zasijali su lubenice na plodnoj zemlji pored rijeke Sane. Zbog bogatog roda svake godine \u0161irili su proizvodnju. Ove godine lubenicu su zasijali na devet dunuma i iako je sjetva kasnila, o\u010dekuju rekordan prinos.<\/p>\n<p>&#8211; Kvalitet je dobar i zato ja svake godine pove\u0107avam proizvodnju, posijem manje onda mi ne mo\u017ee biti, onda sezona kada do\u0111u ovi stranci kupuju silno, oni znaju \u0161ta je dobro, ka\u017ee Bo\u0161ko Vidi\u010devi\u0107.<\/p>\n<p>Proizvodnja lubenice osnovni je izvor prihoda ove porodice. Dragana i Bo\u0161ko su se na ovaj na\u010din sku\u0107ili i \u0161koluju djecu.<\/p>\n<p>&#8211; Isplati, proda se sve, iskoristimo ba\u0161 gdje treba, izgradili smo, napravili smo ku\u0107u, praonu, pravimo jo\u0161 jedna objekat, djecu \u0161kolujemo, istakla je Dragana Vidi\u010devi\u0107.<\/p>\n<p>U porodici Vidi\u010devi\u0107, lubenice uzgajaju svi &#8211; od najstarijeg do najmla\u0111eg \u010dlana. I dok njegovi vr\u0161njaci odmaraju, \u0161esnaestogodi\u0161nji Vladimir radno provodi \u0161kolski raspust.<\/p>\n<p>Vidi\u010devi\u0107i lubenice prodaju na pijaci i na imanju, ali i snabdijevaju prodavnice. Najte\u017ea lubenica do sada bila je ona od oko 16 kilograma , a dinja oko devet.<\/p>\n<p>RTRS<\/p>\n<p><iframe loading=\"lazy\" width=\"500\" height=\"375\" src=\"https:\/\/www.youtube.com\/embed\/d_pDz-rZs7g?feature=oembed\" frameborder=\"0\" allowfullscreen><\/iframe><\/p>\n","protected":false},"excerpt":{"rendered":"<p>\u0160estoro\u010dlana porodica Vidi\u010devi\u0107, iz sela Rasavci kod Prijedora, ve\u0107 petnaestak godina uzgaja lubenice i \u017eivi od toga. Iako je prolje\u0107na sjetva kasnila zbog nepovoljnih vremenskih uslova, porodica Vidi\u010devi\u0107 zadovoljna je [&hellip;]<\/p>\n","protected":false},"author":1,"featured_media":0,"comment_status":"closed","ping_status":"open","sticky":false,"template":"","format":"standard","meta":{"_monsterinsights_skip_tracking":false,"_monsterinsights_sitenote_active":false,"_monsterinsights_sitenote_note":"","_monsterinsights_sitenote_category":0,"footnotes":""},"categories":[8],"tags":[8233,8234,2137],"yoast_head":"<!-- This site is optimized with the Yoast SEO plugin v21.6 - https:\/\/yoast.com\/wordpress\/plugins\/seo\/ -->\n<title>DOBAR ROD LUBENICE U PRIJEDORU \u2013 VIDEO - PrijedorDanas.com - Prijedorski gradski portal<\/title>\n<meta name=\"robots\" content=\"index, follow, max-snippet:-1, max-image-preview:large, max-video-preview:-1\" \/>\n<link rel=\"canonical\" href=\"https:\/\/www.prijedordanas.com\/?p=54179\" \/>\n<meta property=\"og:locale\" content=\"en_US\" \/>\n<meta property=\"og:type\" content=\"article\" \/>\n<meta property=\"og:title\" content=\"DOBAR ROD LUBENICE U PRIJEDORU \u2013 VIDEO - PrijedorDanas.com - Prijedorski gradski portal\" \/>\n<meta property=\"og:description\" content=\"\u0160estoro\u010dlana porodica Vidi\u010devi\u0107, iz sela Rasavci kod Prijedora, ve\u0107 petnaestak godina uzgaja lubenice i \u017eivi od toga. Iako je prolje\u0107na sjetva kasnila zbog nepovoljnih vremenskih uslova, porodica Vidi\u010devi\u0107 zadovoljna je [&hellip;]\" \/>\n<meta property=\"og:url\" content=\"https:\/\/www.prijedordanas.com\/?p=54179\" \/>\n<meta property=\"og:site_name\" content=\"PrijedorDanas.com - Prijedorski gradski portal\" \/>\n<meta property=\"article:publisher\" content=\"https:\/\/www.facebook.com\/PrijedorDanasCom\/\" \/>\n<meta property=\"article:published_time\" content=\"2016-06-28T16:24:31+00:00\" \/>\n<meta property=\"article:modified_time\" content=\"2016-06-28T16:25:13+00:00\" \/>\n<meta property=\"og:image\" content=\"https:\/\/www.prijedordanas.com\/wp-content\/uploads\/2016\/06\/rtrs-lubenica-300x225.jpg\" \/>\n<meta name=\"author\" content=\"admin\" \/>\n<meta name=\"twitter:card\" content=\"summary_large_image\" \/>\n<meta name=\"twitter:label1\" content=\"Written by\" \/>\n\t<meta name=\"twitter:data1\" content=\"admin\" \/>\n\t<meta name=\"twitter:label2\" content=\"Est. reading time\" \/>\n\t<meta name=\"twitter:data2\" content=\"1 minute\" \/>\n<script type=\"application\/ld+json\" class=\"yoast-schema-graph\">{\"@context\":\"https:\/\/schema.org\",\"@graph\":[{\"@type\":\"Article\",\"@id\":\"https:\/\/www.prijedordanas.com\/?p=54179#article\",\"isPartOf\":{\"@id\":\"https:\/\/www.prijedordanas.com\/?p=54179\"},\"author\":{\"name\":\"admin\",\"@id\":\"https:\/\/www.prijedordanas.com\/#\/schema\/person\/4e08ccf29b506ca916ff86d46bb700e6\"},\"headline\":\"DOBAR ROD LUBENICE U PRIJEDORU \u2013 VIDEO\",\"datePublished\":\"2016-06-28T16:24:31+00:00\",\"dateModified\":\"2016-06-28T16:25:13+00:00\",\"mainEntityOfPage\":{\"@id\":\"https:\/\/www.prijedordanas.com\/?p=54179\"},\"wordCount\":262,\"publisher\":{\"@id\":\"https:\/\/www.prijedordanas.com\/#organization\"},\"keywords\":[\"lubenica\",\"porodica Vidi\u010devi\u0107\",\"rod\"],\"articleSection\":[\"Svakodnevno\"],\"inLanguage\":\"en-US\"},{\"@type\":\"WebPage\",\"@id\":\"https:\/\/www.prijedordanas.com\/?p=54179\",\"url\":\"https:\/\/www.prijedordanas.com\/?p=54179\",\"name\":\"DOBAR ROD LUBENICE U PRIJEDORU \u2013 VIDEO - PrijedorDanas.com - Prijedorski gradski portal\",\"isPartOf\":{\"@id\":\"https:\/\/www.prijedordanas.com\/#website\"},\"datePublished\":\"2016-06-28T16:24:31+00:00\",\"dateModified\":\"2016-06-28T16:25:13+00:00\",\"breadcrumb\":{\"@id\":\"https:\/\/www.prijedordanas.com\/?p=54179#breadcrumb\"},\"inLanguage\":\"en-US\",\"potentialAction\":[{\"@type\":\"ReadAction\",\"target\":[\"https:\/\/www.prijedordanas.com\/?p=54179\"]}]},{\"@type\":\"BreadcrumbList\",\"@id\":\"https:\/\/www.prijedordanas.com\/?p=54179#breadcrumb\",\"itemListElement\":[{\"@type\":\"ListItem\",\"position\":1,\"name\":\"Home\",\"item\":\"https:\/\/www.prijedordanas.com\/\"},{\"@type\":\"ListItem\",\"position\":2,\"name\":\"DOBAR ROD LUBENICE U PRIJEDORU \u2013 VIDEO\"}]},{\"@type\":\"WebSite\",\"@id\":\"https:\/\/www.prijedordanas.com\/#website\",\"url\":\"https:\/\/www.prijedordanas.com\/\",\"name\":\"PrijedorDanas.com - Prijedorski gradski portal\",\"description\":\"Portal o doga\u0111anjima u gradu Prijedoru\",\"publisher\":{\"@id\":\"https:\/\/www.prijedordanas.com\/#organization\"},\"potentialAction\":[{\"@type\":\"SearchAction\",\"target\":{\"@type\":\"EntryPoint\",\"urlTemplate\":\"https:\/\/www.prijedordanas.com\/?s={search_term_string}\"},\"query-input\":\"required name=search_term_string\"}],\"inLanguage\":\"en-US\"},{\"@type\":\"Organization\",\"@id\":\"https:\/\/www.prijedordanas.com\/#organization\",\"name\":\"PrijedorDanas.com\",\"url\":\"https:\/\/www.prijedordanas.com\/\",\"logo\":{\"@type\":\"ImageObject\",\"inLanguage\":\"en-US\",\"@id\":\"https:\/\/www.prijedordanas.com\/#\/schema\/logo\/image\/\",\"url\":\"http:\/\/www.prijedordanas.com\/wp-content\/uploads\/2021\/12\/logopng.png\",\"contentUrl\":\"http:\/\/www.prijedordanas.com\/wp-content\/uploads\/2021\/12\/logopng.png\",\"width\":1019,\"height\":776,\"caption\":\"PrijedorDanas.com\"},\"image\":{\"@id\":\"https:\/\/www.prijedordanas.com\/#\/schema\/logo\/image\/\"},\"sameAs\":[\"https:\/\/www.facebook.com\/PrijedorDanasCom\/\"]},{\"@type\":\"Person\",\"@id\":\"https:\/\/www.prijedordanas.com\/#\/schema\/person\/4e08ccf29b506ca916ff86d46bb700e6\",\"name\":\"admin\",\"image\":{\"@type\":\"ImageObject\",\"inLanguage\":\"en-US\",\"@id\":\"https:\/\/www.prijedordanas.com\/#\/schema\/person\/image\/\",\"url\":\"https:\/\/secure.gravatar.com\/avatar\/1d3fc949d550f0b53a5f0d51e06dfd79?s=96&d=mm&r=g\",\"contentUrl\":\"https:\/\/secure.gravatar.com\/avatar\/1d3fc949d550f0b53a5f0d51e06dfd79?s=96&d=mm&r=g\",\"caption\":\"admin\"},\"url\":\"https:\/\/www.prijedordanas.com\/?author=1\"}]}<\/script>\n<!-- \/ Yoast SEO plugin. -->","yoast_head_json":{"title":"DOBAR ROD LUBENICE U PRIJEDORU \u2013 VIDEO - PrijedorDanas.com - Prijedorski gradski portal","robots":{"index":"index","follow":"follow","max-snippet":"max-snippet:-1","max-image-preview":"max-image-preview:large","max-video-preview":"max-video-preview:-1"},"canonical":"https:\/\/www.prijedordanas.com\/?p=54179","og_locale":"en_US","og_type":"article","og_title":"DOBAR ROD LUBENICE U PRIJEDORU \u2013 VIDEO - PrijedorDanas.com - Prijedorski gradski portal","og_description":"\u0160estoro\u010dlana porodica Vidi\u010devi\u0107, iz sela Rasavci kod Prijedora, ve\u0107 petnaestak godina uzgaja lubenice i \u017eivi od toga. Iako je prolje\u0107na sjetva kasnila zbog nepovoljnih vremenskih uslova, porodica Vidi\u010devi\u0107 zadovoljna je [&hellip;]","og_url":"https:\/\/www.prijedordanas.com\/?p=54179","og_site_name":"PrijedorDanas.com - Prijedorski gradski portal","article_publisher":"https:\/\/www.facebook.com\/PrijedorDanasCom\/","article_published_time":"2016-06-28T16:24:31+00:00","article_modified_time":"2016-06-28T16:25:13+00:00","og_image":[{"url":"https:\/\/www.prijedordanas.com\/wp-content\/uploads\/2016\/06\/rtrs-lubenica-300x225.jpg"}],"author":"admin","twitter_card":"summary_large_image","twitter_misc":{"Written by":"admin","Est. reading time":"1 minute"},"schema":{"@context":"https:\/\/schema.org","@graph":[{"@type":"Article","@id":"https:\/\/www.prijedordanas.com\/?p=54179#article","isPartOf":{"@id":"https:\/\/www.prijedordanas.com\/?p=54179"},"author":{"name":"admin","@id":"https:\/\/www.prijedordanas.com\/#\/schema\/person\/4e08ccf29b506ca916ff86d46bb700e6"},"headline":"DOBAR ROD LUBENICE U PRIJEDORU \u2013 VIDEO","datePublished":"2016-06-28T16:24:31+00:00","dateModified":"2016-06-28T16:25:13+00:00","mainEntityOfPage":{"@id":"https:\/\/www.prijedordanas.com\/?p=54179"},"wordCount":262,"publisher":{"@id":"https:\/\/www.prijedordanas.com\/#organization"},"keywords":["lubenica","porodica Vidi\u010devi\u0107","rod"],"articleSection":["Svakodnevno"],"inLanguage":"en-US"},{"@type":"WebPage","@id":"https:\/\/www.prijedordanas.com\/?p=54179","url":"https:\/\/www.prijedordanas.com\/?p=54179","name":"DOBAR ROD LUBENICE U PRIJEDORU \u2013 VIDEO - PrijedorDanas.com - Prijedorski gradski portal","isPartOf":{"@id":"https:\/\/www.prijedordanas.com\/#website"},"datePublished":"2016-06-28T16:24:31+00:00","dateModified":"2016-06-28T16:25:13+00:00","breadcrumb":{"@id":"https:\/\/www.prijedordanas.com\/?p=54179#breadcrumb"},"inLanguage":"en-US","potentialAction":[{"@type":"ReadAction","target":["https:\/\/www.prijedordanas.com\/?p=54179"]}]},{"@type":"BreadcrumbList","@id":"https:\/\/www.prijedordanas.com\/?p=54179#breadcrumb","itemListElement":[{"@type":"ListItem","position":1,"name":"Home","item":"https:\/\/www.prijedordanas.com\/"},{"@type":"ListItem","position":2,"name":"DOBAR ROD LUBENICE U PRIJEDORU \u2013 VIDEO"}]},{"@type":"WebSite","@id":"https:\/\/www.prijedordanas.com\/#website","url":"https:\/\/www.prijedordanas.com\/","name":"PrijedorDanas.com - Prijedorski gradski portal","description":"Portal o doga\u0111anjima u gradu Prijedoru","publisher":{"@id":"https:\/\/www.prijedordanas.com\/#organization"},"potentialAction":[{"@type":"SearchAction","target":{"@type":"EntryPoint","urlTemplate":"https:\/\/www.prijedordanas.com\/?s={search_term_string}"},"query-input":"required name=search_term_string"}],"inLanguage":"en-US"},{"@type":"Organization","@id":"https:\/\/www.prijedordanas.com\/#organization","name":"PrijedorDanas.com","url":"https:\/\/www.prijedordanas.com\/","logo":{"@type":"ImageObject","inLanguage":"en-US","@id":"https:\/\/www.prijedordanas.com\/#\/schema\/logo\/image\/","url":"http:\/\/www.prijedordanas.com\/wp-content\/uploads\/2021\/12\/logopng.png","contentUrl":"http:\/\/www.prijedordanas.com\/wp-content\/uploads\/2021\/12\/logopng.png","width":1019,"height":776,"caption":"PrijedorDanas.com"},"image":{"@id":"https:\/\/www.prijedordanas.com\/#\/schema\/logo\/image\/"},"sameAs":["https:\/\/www.facebook.com\/PrijedorDanasCom\/"]},{"@type":"Person","@id":"https:\/\/www.prijedordanas.com\/#\/schema\/person\/4e08ccf29b506ca916ff86d46bb700e6","name":"admin","image":{"@type":"ImageObject","inLanguage":"en-US","@id":"https:\/\/www.prijedordanas.com\/#\/schema\/person\/image\/","url":"https:\/\/secure.gravatar.com\/avatar\/1d3fc949d550f0b53a5f0d51e06dfd79?s=96&d=mm&r=g","contentUrl":"https:\/\/secure.gravatar.com\/avatar\/1d3fc949d550f0b53a5f0d51e06dfd79?s=96&d=mm&r=g","caption":"admin"},"url":"https:\/\/www.prijedordanas.com\/?author=1"}]}},"_links":{"self":[{"href":"https:\/\/www.prijedordanas.com\/index.php?rest_route=\/wp\/v2\/posts\/54179"}],"collection":[{"href":"https:\/\/www.prijedordanas.com\/index.php?rest_route=\/wp\/v2\/posts"}],"about":[{"href":"https:\/\/www.prijedordanas.com\/index.php?rest_route=\/wp\/v2\/types\/post"}],"author":[{"embeddable":true,"href":"https:\/\/www.prijedordanas.com\/index.php?rest_route=\/wp\/v2\/users\/1"}],"replies":[{"embeddable":true,"href":"https:\/\/www.prijedordanas.com\/index.php?rest_route=%2Fwp%2Fv2%2Fcomments&post=54179"}],"version-history":[{"count":1,"href":"https:\/\/www.prijedordanas.com\/index.php?rest_route=\/wp\/v2\/posts\/54179\/revisions"}],"predecessor-version":[{"id":54181,"href":"https:\/\/www.prijedordanas.com\/index.php?rest_route=\/wp\/v2\/posts\/54179\/revisions\/54181"}],"wp:attachment":[{"href":"https:\/\/www.prijedordanas.com\/index.php?rest_route=%2Fwp%2Fv2%2Fmedia&parent=54179"}],"wp:term":[{"taxonomy":"category","embeddable":true,"href":"https:\/\/www.prijedordanas.com\/index.php?rest_route=%2Fwp%2Fv2%2Fcategories&post=54179"},{"taxonomy":"post_tag","embeddable":true,"href":"https:\/\/www.prijedordanas.com\/index.php?rest_route=%2Fwp%2Fv2%2Ftags&post=54179"}],"curies":[{"name":"wp","href":"https:\/\/api.w.org\/{rel}","templated":true}]}}