{"id":53985,"date":"2016-06-26T17:10:47","date_gmt":"2016-06-26T15:10:47","guid":{"rendered":"https:\/\/www.prijedordanas.com\/?p=53985"},"modified":"2016-06-26T18:10:22","modified_gmt":"2016-06-26T16:10:22","slug":"otvoren-dijalog-o-proslosti-preduslov-za-odrzivi-povratak","status":"publish","type":"post","link":"https:\/\/www.prijedordanas.com\/?p=53985","title":{"rendered":"OTVOREN DIJALOG O PRO\u0160LOSTI PREDUSLOV ZA ODR\u017dIVI POVRATAK"},"content":{"rendered":"<p><a href=\"https:\/\/www.prijedordanas.com\/wp-content\/uploads\/2016\/06\/debata-bhn-1.jpg\"><img loading=\"lazy\" decoding=\"async\" class=\"alignleft size-medium wp-image-53986\" src=\"https:\/\/www.prijedordanas.com\/wp-content\/uploads\/2016\/06\/debata-bhn-1-300x199.jpg\" alt=\"debata bhn (1)\" width=\"300\" height=\"199\" srcset=\"https:\/\/www.prijedordanas.com\/wp-content\/uploads\/2016\/06\/debata-bhn-1-300x200.jpg 300w, https:\/\/www.prijedordanas.com\/wp-content\/uploads\/2016\/06\/debata-bhn-1-480x320.jpg 480w, https:\/\/www.prijedordanas.com\/wp-content\/uploads\/2016\/06\/debata-bhn-1.jpg 600w\" sizes=\"(max-width: 300px) 100vw, 300px\" \/><\/a>Mediji i organizacije civilnog dru\u0161tva trebale bi vi\u0161e da iznose u javnost li\u010dne historije, prije svega povratnika i izbjeglica, kako bi se otvoreno govorilo o ratnoj pro\u0161losti i stvarala empatija kod gra\u0111ana, poru\u010deno je sa debate &#8220;Odgovornost i uloga medija i organizacija civilnog dru\u0161tva u procesu reintegracije i odr\u017eivog povratka\u201d odr\u017eane u Prijedoru.<\/p>\n<p>Na debati, koju je organizovalo Udru\u017eenje\/udruga BH novinari (BHN) , u\u010desnici su se slo\u017eili da je glavni preduslov za odr\u017eivi povratak i pomirenje prihvatanje istine o ratnim de\u0161avanjima.<\/p>\n<p>&#8220;\u010cekaju nas novi ratovi ako se iz ku\u0107a ne iznose sje\u0107anja ljudi na ono \u0161to su pro\u017eivjeli. Svi znaju \u0161ta se de\u0161avalo 1992. godine u Prijedoru i o tome se ne mo\u017ee \u0107utati. I Izbjeglice iz drugih krajeva BiH i Hrvatske imaju svoju istinu i neminovno je da se o tome razgovara. Nema opravdanja za ignorisanje povratnika i njihovih pri\u010da. Ono \u0161to se sad radi je medvje\u0111a usluga na\u0161oj djeci&#8221;, kazao je Sr\u0111an Puhalo, psiholog i publicista iz Banjaluke.<\/p>\n<p>Seida Karaba\u0161i\u0107 iz Udru\u017eenja Prijedor\u010danki &#8220;Izvor&#8221; kazala je da mediji u Prijedoru ne prenose pozitivne vijesti vezane za povratnike.<\/p>\n<p><a href=\"https:\/\/www.prijedordanas.com\/wp-content\/uploads\/2016\/06\/debata-bhn-2.jpg\"><img loading=\"lazy\" decoding=\"async\" src=\"https:\/\/www.prijedordanas.com\/wp-content\/uploads\/2016\/06\/debata-bhn-2-300x199.jpg\" alt=\"debata bhn (2)\" width=\"300\" height=\"199\" class=\"alignleft size-medium wp-image-53987\" srcset=\"https:\/\/www.prijedordanas.com\/wp-content\/uploads\/2016\/06\/debata-bhn-2-300x200.jpg 300w, https:\/\/www.prijedordanas.com\/wp-content\/uploads\/2016\/06\/debata-bhn-2-480x320.jpg 480w, https:\/\/www.prijedordanas.com\/wp-content\/uploads\/2016\/06\/debata-bhn-2.jpg 600w\" sizes=\"(max-width: 300px) 100vw, 300px\" \/><\/a>&#8220;U Ljubiji se desilo da su ljudi svih nacionalnosti svjedo\u010dili protiv osumnji\u010denog za ratne zlo\u010dine \u0161to za povratnike ima veliki zna\u010daj. Me\u0111utim takve pri\u010de, iako govorimo o njima, ne dolaze do javnosti&#8221;, kazala je ona.<\/p>\n<p>Milkica Milojevi\u0107, novinarka i \u010dlanica UO BH novinara, kazala je da se novinari u svojim medijima trebaju izboriti za pozitivne pri\u010de o povratnicima.<\/p>\n<p>&#8220;Svaki novinar bi trebao da ima svoju li\u010dnu uredni\u010dku politiku i da procjenjuje \u0161ta mu je bitno i kakve pri\u010de trebaju do\u0107i do javnosti. Mnogo je pri\u010da koje mogu pomjerati granice, koje mogu stvarati empatiju prema povratnicima ali ostaju neispri\u010dane zbog autocenzure kod novinara&#8221;, kazala je ona.<\/p>\n<p>Goran Zori\u0107 iz organizacije Kvart je kazao da za lokaalnu vlast u Prijedoru povratak podrazumijeva samo obnovu ku\u0107a.<\/p>\n<p>&#8220;Vlasti u Prijedoru uporno odbijaju dijalog o onom \u0161to se de\u0161avalo u Prijedoru i ignori\u0161u prava povratnika. Me\u0111utim, aktivizam ima smisla i zahvaljuju\u0107i na\u0161oj potrebi da pri\u010damo o zabranjenim temama na narednoj sjednici Skup\u0161tine grada Prijedora na ta\u010dki dnevnog reda na\u0107i \u0107e se napokon i izgradnja spomenika ubijenoj djeci Prijedora 1992. godine&#8221;, kazao je on.<\/p>\n<p>Debata je organizovana uz finansijsku pomo\u0107 Ambasade Kraljevine Norve\u0161ke u BiH.<\/p>\n<p>BHN<\/p>\n","protected":false},"excerpt":{"rendered":"<p>Mediji i organizacije civilnog dru\u0161tva trebale bi vi\u0161e da iznose u javnost li\u010dne historije, prije svega povratnika i izbjeglica, kako bi se otvoreno govorilo o ratnoj pro\u0161losti i stvarala empatija [&hellip;]<\/p>\n","protected":false},"author":1,"featured_media":0,"comment_status":"closed","ping_status":"open","sticky":false,"template":"","format":"standard","meta":{"_monsterinsights_skip_tracking":false,"_monsterinsights_sitenote_active":false,"_monsterinsights_sitenote_note":"","_monsterinsights_sitenote_category":0,"footnotes":""},"categories":[8],"tags":[8218],"yoast_head":"<!-- This site is optimized with the Yoast SEO plugin v21.6 - https:\/\/yoast.com\/wordpress\/plugins\/seo\/ -->\n<title>OTVOREN DIJALOG O PRO\u0160LOSTI PREDUSLOV ZA ODR\u017dIVI POVRATAK - PrijedorDanas.com - Prijedorski gradski portal<\/title>\n<meta name=\"robots\" content=\"index, follow, max-snippet:-1, max-image-preview:large, max-video-preview:-1\" \/>\n<link rel=\"canonical\" href=\"https:\/\/www.prijedordanas.com\/?p=53985\" \/>\n<meta property=\"og:locale\" content=\"en_US\" \/>\n<meta property=\"og:type\" content=\"article\" \/>\n<meta property=\"og:title\" content=\"OTVOREN DIJALOG O PRO\u0160LOSTI PREDUSLOV ZA ODR\u017dIVI POVRATAK - PrijedorDanas.com - Prijedorski gradski portal\" \/>\n<meta property=\"og:description\" content=\"Mediji i organizacije civilnog dru\u0161tva trebale bi vi\u0161e da iznose u javnost li\u010dne historije, prije svega povratnika i izbjeglica, kako bi se otvoreno govorilo o ratnoj pro\u0161losti i stvarala empatija [&hellip;]\" \/>\n<meta property=\"og:url\" content=\"https:\/\/www.prijedordanas.com\/?p=53985\" \/>\n<meta property=\"og:site_name\" content=\"PrijedorDanas.com - Prijedorski gradski portal\" \/>\n<meta property=\"article:publisher\" content=\"https:\/\/www.facebook.com\/PrijedorDanasCom\/\" \/>\n<meta property=\"article:published_time\" content=\"2016-06-26T15:10:47+00:00\" \/>\n<meta property=\"article:modified_time\" content=\"2016-06-26T16:10:22+00:00\" \/>\n<meta property=\"og:image\" content=\"https:\/\/www.prijedordanas.com\/wp-content\/uploads\/2016\/06\/debata-bhn-1-300x199.jpg\" \/>\n<meta name=\"author\" content=\"admin\" \/>\n<meta name=\"twitter:card\" content=\"summary_large_image\" \/>\n<meta name=\"twitter:label1\" content=\"Written by\" \/>\n\t<meta name=\"twitter:data1\" content=\"admin\" \/>\n\t<meta name=\"twitter:label2\" content=\"Est. reading time\" \/>\n\t<meta name=\"twitter:data2\" content=\"2 minutes\" \/>\n<script type=\"application\/ld+json\" class=\"yoast-schema-graph\">{\"@context\":\"https:\/\/schema.org\",\"@graph\":[{\"@type\":\"Article\",\"@id\":\"https:\/\/www.prijedordanas.com\/?p=53985#article\",\"isPartOf\":{\"@id\":\"https:\/\/www.prijedordanas.com\/?p=53985\"},\"author\":{\"name\":\"admin\",\"@id\":\"https:\/\/www.prijedordanas.com\/#\/schema\/person\/4e08ccf29b506ca916ff86d46bb700e6\"},\"headline\":\"OTVOREN DIJALOG O PRO\u0160LOSTI PREDUSLOV ZA ODR\u017dIVI POVRATAK\",\"datePublished\":\"2016-06-26T15:10:47+00:00\",\"dateModified\":\"2016-06-26T16:10:22+00:00\",\"mainEntityOfPage\":{\"@id\":\"https:\/\/www.prijedordanas.com\/?p=53985\"},\"wordCount\":427,\"publisher\":{\"@id\":\"https:\/\/www.prijedordanas.com\/#organization\"},\"keywords\":[\"dijalog\"],\"articleSection\":[\"Svakodnevno\"],\"inLanguage\":\"en-US\"},{\"@type\":\"WebPage\",\"@id\":\"https:\/\/www.prijedordanas.com\/?p=53985\",\"url\":\"https:\/\/www.prijedordanas.com\/?p=53985\",\"name\":\"OTVOREN DIJALOG O PRO\u0160LOSTI PREDUSLOV ZA ODR\u017dIVI POVRATAK - PrijedorDanas.com - Prijedorski gradski portal\",\"isPartOf\":{\"@id\":\"https:\/\/www.prijedordanas.com\/#website\"},\"datePublished\":\"2016-06-26T15:10:47+00:00\",\"dateModified\":\"2016-06-26T16:10:22+00:00\",\"breadcrumb\":{\"@id\":\"https:\/\/www.prijedordanas.com\/?p=53985#breadcrumb\"},\"inLanguage\":\"en-US\",\"potentialAction\":[{\"@type\":\"ReadAction\",\"target\":[\"https:\/\/www.prijedordanas.com\/?p=53985\"]}]},{\"@type\":\"BreadcrumbList\",\"@id\":\"https:\/\/www.prijedordanas.com\/?p=53985#breadcrumb\",\"itemListElement\":[{\"@type\":\"ListItem\",\"position\":1,\"name\":\"Home\",\"item\":\"https:\/\/www.prijedordanas.com\/\"},{\"@type\":\"ListItem\",\"position\":2,\"name\":\"OTVOREN DIJALOG O PRO\u0160LOSTI PREDUSLOV ZA ODR\u017dIVI POVRATAK\"}]},{\"@type\":\"WebSite\",\"@id\":\"https:\/\/www.prijedordanas.com\/#website\",\"url\":\"https:\/\/www.prijedordanas.com\/\",\"name\":\"PrijedorDanas.com - Prijedorski gradski portal\",\"description\":\"Portal o doga\u0111anjima u gradu Prijedoru\",\"publisher\":{\"@id\":\"https:\/\/www.prijedordanas.com\/#organization\"},\"potentialAction\":[{\"@type\":\"SearchAction\",\"target\":{\"@type\":\"EntryPoint\",\"urlTemplate\":\"https:\/\/www.prijedordanas.com\/?s={search_term_string}\"},\"query-input\":\"required name=search_term_string\"}],\"inLanguage\":\"en-US\"},{\"@type\":\"Organization\",\"@id\":\"https:\/\/www.prijedordanas.com\/#organization\",\"name\":\"PrijedorDanas.com\",\"url\":\"https:\/\/www.prijedordanas.com\/\",\"logo\":{\"@type\":\"ImageObject\",\"inLanguage\":\"en-US\",\"@id\":\"https:\/\/www.prijedordanas.com\/#\/schema\/logo\/image\/\",\"url\":\"http:\/\/www.prijedordanas.com\/wp-content\/uploads\/2021\/12\/logopng.png\",\"contentUrl\":\"http:\/\/www.prijedordanas.com\/wp-content\/uploads\/2021\/12\/logopng.png\",\"width\":1019,\"height\":776,\"caption\":\"PrijedorDanas.com\"},\"image\":{\"@id\":\"https:\/\/www.prijedordanas.com\/#\/schema\/logo\/image\/\"},\"sameAs\":[\"https:\/\/www.facebook.com\/PrijedorDanasCom\/\"]},{\"@type\":\"Person\",\"@id\":\"https:\/\/www.prijedordanas.com\/#\/schema\/person\/4e08ccf29b506ca916ff86d46bb700e6\",\"name\":\"admin\",\"image\":{\"@type\":\"ImageObject\",\"inLanguage\":\"en-US\",\"@id\":\"https:\/\/www.prijedordanas.com\/#\/schema\/person\/image\/\",\"url\":\"https:\/\/secure.gravatar.com\/avatar\/1d3fc949d550f0b53a5f0d51e06dfd79?s=96&d=mm&r=g\",\"contentUrl\":\"https:\/\/secure.gravatar.com\/avatar\/1d3fc949d550f0b53a5f0d51e06dfd79?s=96&d=mm&r=g\",\"caption\":\"admin\"},\"url\":\"https:\/\/www.prijedordanas.com\/?author=1\"}]}<\/script>\n<!-- \/ Yoast SEO plugin. -->","yoast_head_json":{"title":"OTVOREN DIJALOG O PRO\u0160LOSTI PREDUSLOV ZA ODR\u017dIVI POVRATAK - PrijedorDanas.com - Prijedorski gradski portal","robots":{"index":"index","follow":"follow","max-snippet":"max-snippet:-1","max-image-preview":"max-image-preview:large","max-video-preview":"max-video-preview:-1"},"canonical":"https:\/\/www.prijedordanas.com\/?p=53985","og_locale":"en_US","og_type":"article","og_title":"OTVOREN DIJALOG O PRO\u0160LOSTI PREDUSLOV ZA ODR\u017dIVI POVRATAK - PrijedorDanas.com - Prijedorski gradski portal","og_description":"Mediji i organizacije civilnog dru\u0161tva trebale bi vi\u0161e da iznose u javnost li\u010dne historije, prije svega povratnika i izbjeglica, kako bi se otvoreno govorilo o ratnoj pro\u0161losti i stvarala empatija [&hellip;]","og_url":"https:\/\/www.prijedordanas.com\/?p=53985","og_site_name":"PrijedorDanas.com - Prijedorski gradski portal","article_publisher":"https:\/\/www.facebook.com\/PrijedorDanasCom\/","article_published_time":"2016-06-26T15:10:47+00:00","article_modified_time":"2016-06-26T16:10:22+00:00","og_image":[{"url":"https:\/\/www.prijedordanas.com\/wp-content\/uploads\/2016\/06\/debata-bhn-1-300x199.jpg"}],"author":"admin","twitter_card":"summary_large_image","twitter_misc":{"Written by":"admin","Est. reading time":"2 minutes"},"schema":{"@context":"https:\/\/schema.org","@graph":[{"@type":"Article","@id":"https:\/\/www.prijedordanas.com\/?p=53985#article","isPartOf":{"@id":"https:\/\/www.prijedordanas.com\/?p=53985"},"author":{"name":"admin","@id":"https:\/\/www.prijedordanas.com\/#\/schema\/person\/4e08ccf29b506ca916ff86d46bb700e6"},"headline":"OTVOREN DIJALOG O PRO\u0160LOSTI PREDUSLOV ZA ODR\u017dIVI POVRATAK","datePublished":"2016-06-26T15:10:47+00:00","dateModified":"2016-06-26T16:10:22+00:00","mainEntityOfPage":{"@id":"https:\/\/www.prijedordanas.com\/?p=53985"},"wordCount":427,"publisher":{"@id":"https:\/\/www.prijedordanas.com\/#organization"},"keywords":["dijalog"],"articleSection":["Svakodnevno"],"inLanguage":"en-US"},{"@type":"WebPage","@id":"https:\/\/www.prijedordanas.com\/?p=53985","url":"https:\/\/www.prijedordanas.com\/?p=53985","name":"OTVOREN DIJALOG O PRO\u0160LOSTI PREDUSLOV ZA ODR\u017dIVI POVRATAK - PrijedorDanas.com - Prijedorski gradski portal","isPartOf":{"@id":"https:\/\/www.prijedordanas.com\/#website"},"datePublished":"2016-06-26T15:10:47+00:00","dateModified":"2016-06-26T16:10:22+00:00","breadcrumb":{"@id":"https:\/\/www.prijedordanas.com\/?p=53985#breadcrumb"},"inLanguage":"en-US","potentialAction":[{"@type":"ReadAction","target":["https:\/\/www.prijedordanas.com\/?p=53985"]}]},{"@type":"BreadcrumbList","@id":"https:\/\/www.prijedordanas.com\/?p=53985#breadcrumb","itemListElement":[{"@type":"ListItem","position":1,"name":"Home","item":"https:\/\/www.prijedordanas.com\/"},{"@type":"ListItem","position":2,"name":"OTVOREN DIJALOG O PRO\u0160LOSTI PREDUSLOV ZA ODR\u017dIVI POVRATAK"}]},{"@type":"WebSite","@id":"https:\/\/www.prijedordanas.com\/#website","url":"https:\/\/www.prijedordanas.com\/","name":"PrijedorDanas.com - Prijedorski gradski portal","description":"Portal o doga\u0111anjima u gradu Prijedoru","publisher":{"@id":"https:\/\/www.prijedordanas.com\/#organization"},"potentialAction":[{"@type":"SearchAction","target":{"@type":"EntryPoint","urlTemplate":"https:\/\/www.prijedordanas.com\/?s={search_term_string}"},"query-input":"required name=search_term_string"}],"inLanguage":"en-US"},{"@type":"Organization","@id":"https:\/\/www.prijedordanas.com\/#organization","name":"PrijedorDanas.com","url":"https:\/\/www.prijedordanas.com\/","logo":{"@type":"ImageObject","inLanguage":"en-US","@id":"https:\/\/www.prijedordanas.com\/#\/schema\/logo\/image\/","url":"http:\/\/www.prijedordanas.com\/wp-content\/uploads\/2021\/12\/logopng.png","contentUrl":"http:\/\/www.prijedordanas.com\/wp-content\/uploads\/2021\/12\/logopng.png","width":1019,"height":776,"caption":"PrijedorDanas.com"},"image":{"@id":"https:\/\/www.prijedordanas.com\/#\/schema\/logo\/image\/"},"sameAs":["https:\/\/www.facebook.com\/PrijedorDanasCom\/"]},{"@type":"Person","@id":"https:\/\/www.prijedordanas.com\/#\/schema\/person\/4e08ccf29b506ca916ff86d46bb700e6","name":"admin","image":{"@type":"ImageObject","inLanguage":"en-US","@id":"https:\/\/www.prijedordanas.com\/#\/schema\/person\/image\/","url":"https:\/\/secure.gravatar.com\/avatar\/1d3fc949d550f0b53a5f0d51e06dfd79?s=96&d=mm&r=g","contentUrl":"https:\/\/secure.gravatar.com\/avatar\/1d3fc949d550f0b53a5f0d51e06dfd79?s=96&d=mm&r=g","caption":"admin"},"url":"https:\/\/www.prijedordanas.com\/?author=1"}]}},"_links":{"self":[{"href":"https:\/\/www.prijedordanas.com\/index.php?rest_route=\/wp\/v2\/posts\/53985"}],"collection":[{"href":"https:\/\/www.prijedordanas.com\/index.php?rest_route=\/wp\/v2\/posts"}],"about":[{"href":"https:\/\/www.prijedordanas.com\/index.php?rest_route=\/wp\/v2\/types\/post"}],"author":[{"embeddable":true,"href":"https:\/\/www.prijedordanas.com\/index.php?rest_route=\/wp\/v2\/users\/1"}],"replies":[{"embeddable":true,"href":"https:\/\/www.prijedordanas.com\/index.php?rest_route=%2Fwp%2Fv2%2Fcomments&post=53985"}],"version-history":[{"count":1,"href":"https:\/\/www.prijedordanas.com\/index.php?rest_route=\/wp\/v2\/posts\/53985\/revisions"}],"predecessor-version":[{"id":53988,"href":"https:\/\/www.prijedordanas.com\/index.php?rest_route=\/wp\/v2\/posts\/53985\/revisions\/53988"}],"wp:attachment":[{"href":"https:\/\/www.prijedordanas.com\/index.php?rest_route=%2Fwp%2Fv2%2Fmedia&parent=53985"}],"wp:term":[{"taxonomy":"category","embeddable":true,"href":"https:\/\/www.prijedordanas.com\/index.php?rest_route=%2Fwp%2Fv2%2Fcategories&post=53985"},{"taxonomy":"post_tag","embeddable":true,"href":"https:\/\/www.prijedordanas.com\/index.php?rest_route=%2Fwp%2Fv2%2Ftags&post=53985"}],"curies":[{"name":"wp","href":"https:\/\/api.w.org\/{rel}","templated":true}]}}