{"id":53960,"date":"2016-06-25T08:54:47","date_gmt":"2016-06-25T06:54:47","guid":{"rendered":"https:\/\/www.prijedordanas.com\/?p=53960"},"modified":"2016-06-25T08:54:47","modified_gmt":"2016-06-25T06:54:47","slug":"dns-prijedor-obiljezeno-deset-godina-od-osnivanja-organizacije-mladih-foto","status":"publish","type":"post","link":"https:\/\/www.prijedordanas.com\/?p=53960","title":{"rendered":"DNS PRIJEDOR: OBILJE\u017dENO DESET GODINA OD OSNIVANJA ORGANIZACIJE MLADIH &#8211; FOTO"},"content":{"rendered":"<p><a href=\"https:\/\/www.prijedordanas.com\/wp-content\/uploads\/2016\/06\/dns-prijedor-10-godina-organizacije-mladih-1.jpg\"><img loading=\"lazy\" decoding=\"async\" class=\"alignleft size-medium wp-image-53962\" src=\"https:\/\/www.prijedordanas.com\/wp-content\/uploads\/2016\/06\/dns-prijedor-10-godina-organizacije-mladih-1-300x199.jpg\" alt=\"dns prijedor-10 godina organizacije mladih (1)\" width=\"300\" height=\"199\" srcset=\"https:\/\/www.prijedordanas.com\/wp-content\/uploads\/2016\/06\/dns-prijedor-10-godina-organizacije-mladih-1-300x200.jpg 300w, https:\/\/www.prijedordanas.com\/wp-content\/uploads\/2016\/06\/dns-prijedor-10-godina-organizacije-mladih-1-768x509.jpg 768w, https:\/\/www.prijedordanas.com\/wp-content\/uploads\/2016\/06\/dns-prijedor-10-godina-organizacije-mladih-1-480x320.jpg 480w, https:\/\/www.prijedordanas.com\/wp-content\/uploads\/2016\/06\/dns-prijedor-10-godina-organizacije-mladih-1.jpg 1000w\" sizes=\"(max-width: 300px) 100vw, 300px\" \/><\/a>Mladi Demokratskog narodnog saveza u Prijedoru su sve\u010danom akademijom obilje\u017eili deset godina od osnivanja.<\/p>\n<p>Predsjednik DNS-a Marko Pavi\u0107 rekao je sino\u0107 da mladi u ovoj stranci ulaze u svijet odlu\u010divanja i nisu samo podr\u0161ka donosiocima odluka, da je njihov broj na kandidatskim listama njihova zasluga i da je to i najve\u0107a vrijednost DNS-a.<\/p>\n<p>&#8220;Nemojte da vam DNS bude ulaznica za ne\u0161to. DNS je najja\u010di kad su va\u0161e znanje i va\u0161 rad ulaznica za ne\u0161to&#8221;, poru\u010dio je Pavi\u0107 mladima na sve\u010danoj akademiji.<\/p>\n<p>On je podsjetio da su mladi prijedorskog DNS-a bili uzor za formiranje organizacija mladih \u0161irom Republike Srpske.<\/p>\n<p>&#8220;Starije kolege molim da razumiju mlade i onda kada tra\u017ee vi\u0161e. Nama je potrebna ta snaga, energija i mladost jer iz toga mora do\u0107i rezultat&#8221;, dodao je Pavi\u0107.<\/p>\n<p><a href=\"https:\/\/www.prijedordanas.com\/wp-content\/uploads\/2016\/06\/dns-prijedor-10-godina-organizacije-mladih-2.jpg\"><img loading=\"lazy\" decoding=\"async\" class=\"alignleft size-medium wp-image-53963\" src=\"https:\/\/www.prijedordanas.com\/wp-content\/uploads\/2016\/06\/dns-prijedor-10-godina-organizacije-mladih-2-300x199.jpg\" alt=\"dns prijedor-10 godina organizacije mladih (2)\" width=\"300\" height=\"199\" srcset=\"https:\/\/www.prijedordanas.com\/wp-content\/uploads\/2016\/06\/dns-prijedor-10-godina-organizacije-mladih-2-300x200.jpg 300w, https:\/\/www.prijedordanas.com\/wp-content\/uploads\/2016\/06\/dns-prijedor-10-godina-organizacije-mladih-2-480x320.jpg 480w, https:\/\/www.prijedordanas.com\/wp-content\/uploads\/2016\/06\/dns-prijedor-10-godina-organizacije-mladih-2.jpg 600w\" sizes=\"(max-width: 300px) 100vw, 300px\" \/><\/a>Predsjednik mladih DNS-a Prijedor Zlatko Ritan rekao je da ova organizacija broji vi\u0161e od 3.500 \u010dlanova.<\/p>\n<p>&#8220;\u010cini\u0107emo sve da \u0161to vi\u0161e mladih i u budu\u0107nosti bude dio na\u0161e porodice&#8221;, poru\u010dio je Ritan.<\/p>\n<p>Predsjednik mladih DNS Republike Srpske Mom\u010dilo \u017dugi\u0107 rekao je da je samo u protekla dva mjeseca formirano vi\u0161e od deset lokalnih organizacija mladih.<\/p>\n<p>&#8220;Razlika u ovih deset godina je \u0161to su mladi u po\u010detku pomagali starijima da donose odluke i ostvaruju rezultate, a sada to radimo zajedno&#8221;, naveo je \u017dugi\u0107.<\/p>\n<p>Prvi predsjednik mladih DNS-a Prijedor Milovan Polovina rekao je da su mladi koji su osnivali ovu organizaciju prije deset godina na istom mjestu bili neuki, neiskusni i sa slabim politi\u010dkim ambicijama, a da su danas izrasli ljudi.<\/p>\n<p><a href=\"https:\/\/www.prijedordanas.com\/wp-content\/uploads\/2016\/06\/dns-prijedor-10-godina-organizacije-mladih-6.jpg\"><img loading=\"lazy\" decoding=\"async\" class=\"alignleft size-medium wp-image-53964\" src=\"https:\/\/www.prijedordanas.com\/wp-content\/uploads\/2016\/06\/dns-prijedor-10-godina-organizacije-mladih-6-300x199.jpg\" alt=\"dns prijedor-10 godina organizacije mladih (6)\" width=\"300\" height=\"199\" srcset=\"https:\/\/www.prijedordanas.com\/wp-content\/uploads\/2016\/06\/dns-prijedor-10-godina-organizacije-mladih-6-300x200.jpg 300w, https:\/\/www.prijedordanas.com\/wp-content\/uploads\/2016\/06\/dns-prijedor-10-godina-organizacije-mladih-6-480x320.jpg 480w, https:\/\/www.prijedordanas.com\/wp-content\/uploads\/2016\/06\/dns-prijedor-10-godina-organizacije-mladih-6.jpg 600w\" sizes=\"(max-width: 300px) 100vw, 300px\" \/><\/a>&#8220;Na mladima nije samo budu\u0107nost, nego i sada\u0161njost i na\u0161a poruka je da se na mlade mo\u017ee ra\u010dunati&#8221;, poru\u010dio je Polovina.<\/p>\n<p>Na sve\u010danoj akademiji prisutnima su se obratili i biv\u0161i predsjednik mladih DNS-a Prijedor Goran Predojevi\u0107, biv\u0161i predsjednik mladih DNS Republike Srpske Dragan Mami\u0107 i predsjednik Gradskog odbora DNS Prijedor Milenko \u0110akovi\u0107.<\/p>\n<p>Tekst \u2013 SRNA<br \/>\nFoto \u2013 Aleksandar Drakuli\u0107 \u2013 <a href=\"www.prijedordanas.com\" target=\"_blank\">www.prijedordanas.com<\/a><\/p>\n<p><a href=\"https:\/\/www.prijedordanas.com\/wp-content\/uploads\/2016\/06\/dns-prijedor-10-godina-organizacije-mladih-9.jpg\"><img loading=\"lazy\" decoding=\"async\" class=\"alignleft size-medium wp-image-53965\" src=\"https:\/\/www.prijedordanas.com\/wp-content\/uploads\/2016\/06\/dns-prijedor-10-godina-organizacije-mladih-9-199x300.jpg\" alt=\"dns prijedor-10 godina organizacije mladih (9)\" width=\"199\" height=\"300\" srcset=\"https:\/\/www.prijedordanas.com\/wp-content\/uploads\/2016\/06\/dns-prijedor-10-godina-organizacije-mladih-9-199x300.jpg 199w, https:\/\/www.prijedordanas.com\/wp-content\/uploads\/2016\/06\/dns-prijedor-10-godina-organizacije-mladih-9.jpg 398w\" sizes=\"(max-width: 199px) 100vw, 199px\" \/><\/a> <a href=\"https:\/\/www.prijedordanas.com\/wp-content\/uploads\/2016\/06\/dns-prijedor-10-godina-organizacije-mladih-10.jpg\"><img loading=\"lazy\" decoding=\"async\" class=\"alignleft size-medium wp-image-53966\" src=\"https:\/\/www.prijedordanas.com\/wp-content\/uploads\/2016\/06\/dns-prijedor-10-godina-organizacije-mladih-10-199x300.jpg\" alt=\"dns prijedor-10 godina organizacije mladih (10)\" width=\"199\" height=\"300\" srcset=\"https:\/\/www.prijedordanas.com\/wp-content\/uploads\/2016\/06\/dns-prijedor-10-godina-organizacije-mladih-10-199x300.jpg 199w, https:\/\/www.prijedordanas.com\/wp-content\/uploads\/2016\/06\/dns-prijedor-10-godina-organizacije-mladih-10.jpg 398w\" sizes=\"(max-width: 199px) 100vw, 199px\" \/><\/a> <a href=\"https:\/\/www.prijedordanas.com\/wp-content\/uploads\/2016\/06\/dns-prijedor-10-godina-organizacije-mladih-11.jpg\"><img loading=\"lazy\" decoding=\"async\" class=\"alignleft size-medium wp-image-53967\" src=\"https:\/\/www.prijedordanas.com\/wp-content\/uploads\/2016\/06\/dns-prijedor-10-godina-organizacije-mladih-11-199x300.jpg\" alt=\"dns prijedor-10 godina organizacije mladih (11)\" width=\"199\" height=\"300\" srcset=\"https:\/\/www.prijedordanas.com\/wp-content\/uploads\/2016\/06\/dns-prijedor-10-godina-organizacije-mladih-11-199x300.jpg 199w, https:\/\/www.prijedordanas.com\/wp-content\/uploads\/2016\/06\/dns-prijedor-10-godina-organizacije-mladih-11.jpg 398w\" sizes=\"(max-width: 199px) 100vw, 199px\" \/><\/a> <a href=\"https:\/\/www.prijedordanas.com\/wp-content\/uploads\/2016\/06\/dns-prijedor-10-godina-organizacije-mladih-12.jpg\"><img loading=\"lazy\" decoding=\"async\" class=\"alignleft size-medium wp-image-53968\" src=\"https:\/\/www.prijedordanas.com\/wp-content\/uploads\/2016\/06\/dns-prijedor-10-godina-organizacije-mladih-12-199x300.jpg\" alt=\"dns prijedor-10 godina organizacije mladih (12)\" width=\"199\" height=\"300\" srcset=\"https:\/\/www.prijedordanas.com\/wp-content\/uploads\/2016\/06\/dns-prijedor-10-godina-organizacije-mladih-12-199x300.jpg 199w, https:\/\/www.prijedordanas.com\/wp-content\/uploads\/2016\/06\/dns-prijedor-10-godina-organizacije-mladih-12.jpg 398w\" sizes=\"(max-width: 199px) 100vw, 199px\" \/><\/a> <a href=\"https:\/\/www.prijedordanas.com\/wp-content\/uploads\/2016\/06\/dns-prijedor-10-godina-organizacije-mladih-3.jpg\"><img loading=\"lazy\" decoding=\"async\" class=\"alignleft size-medium wp-image-53969\" src=\"https:\/\/www.prijedordanas.com\/wp-content\/uploads\/2016\/06\/dns-prijedor-10-godina-organizacije-mladih-3-300x199.jpg\" alt=\"dns prijedor-10 godina organizacije mladih (3)\" width=\"300\" height=\"199\" srcset=\"https:\/\/www.prijedordanas.com\/wp-content\/uploads\/2016\/06\/dns-prijedor-10-godina-organizacije-mladih-3-300x200.jpg 300w, https:\/\/www.prijedordanas.com\/wp-content\/uploads\/2016\/06\/dns-prijedor-10-godina-organizacije-mladih-3-480x320.jpg 480w, https:\/\/www.prijedordanas.com\/wp-content\/uploads\/2016\/06\/dns-prijedor-10-godina-organizacije-mladih-3.jpg 600w\" sizes=\"(max-width: 300px) 100vw, 300px\" \/><\/a> <a href=\"https:\/\/www.prijedordanas.com\/wp-content\/uploads\/2016\/06\/dns-prijedor-10-godina-organizacije-mladih-4.jpg\"><img loading=\"lazy\" decoding=\"async\" class=\"alignleft size-medium wp-image-53970\" src=\"https:\/\/www.prijedordanas.com\/wp-content\/uploads\/2016\/06\/dns-prijedor-10-godina-organizacije-mladih-4-300x199.jpg\" alt=\"dns prijedor-10 godina organizacije mladih (4)\" width=\"300\" height=\"199\" srcset=\"https:\/\/www.prijedordanas.com\/wp-content\/uploads\/2016\/06\/dns-prijedor-10-godina-organizacije-mladih-4-300x200.jpg 300w, https:\/\/www.prijedordanas.com\/wp-content\/uploads\/2016\/06\/dns-prijedor-10-godina-organizacije-mladih-4-480x320.jpg 480w, https:\/\/www.prijedordanas.com\/wp-content\/uploads\/2016\/06\/dns-prijedor-10-godina-organizacije-mladih-4.jpg 600w\" sizes=\"(max-width: 300px) 100vw, 300px\" \/><\/a> <a href=\"https:\/\/www.prijedordanas.com\/wp-content\/uploads\/2016\/06\/dns-prijedor-10-godina-organizacije-mladih-5.jpg\"><img loading=\"lazy\" decoding=\"async\" class=\"alignleft size-medium wp-image-53971\" src=\"https:\/\/www.prijedordanas.com\/wp-content\/uploads\/2016\/06\/dns-prijedor-10-godina-organizacije-mladih-5-300x199.jpg\" alt=\"dns prijedor-10 godina organizacije mladih (5)\" width=\"300\" height=\"199\" srcset=\"https:\/\/www.prijedordanas.com\/wp-content\/uploads\/2016\/06\/dns-prijedor-10-godina-organizacije-mladih-5-300x200.jpg 300w, https:\/\/www.prijedordanas.com\/wp-content\/uploads\/2016\/06\/dns-prijedor-10-godina-organizacije-mladih-5-480x320.jpg 480w, https:\/\/www.prijedordanas.com\/wp-content\/uploads\/2016\/06\/dns-prijedor-10-godina-organizacije-mladih-5.jpg 600w\" sizes=\"(max-width: 300px) 100vw, 300px\" \/><\/a> <a href=\"https:\/\/www.prijedordanas.com\/wp-content\/uploads\/2016\/06\/dns-prijedor-10-godina-organizacije-mladih-7.jpg\"><img loading=\"lazy\" decoding=\"async\" class=\"alignleft size-medium wp-image-53972\" src=\"https:\/\/www.prijedordanas.com\/wp-content\/uploads\/2016\/06\/dns-prijedor-10-godina-organizacije-mladih-7-300x199.jpg\" alt=\"dns prijedor-10 godina organizacije mladih (7)\" width=\"300\" height=\"199\" srcset=\"https:\/\/www.prijedordanas.com\/wp-content\/uploads\/2016\/06\/dns-prijedor-10-godina-organizacije-mladih-7-300x200.jpg 300w, https:\/\/www.prijedordanas.com\/wp-content\/uploads\/2016\/06\/dns-prijedor-10-godina-organizacije-mladih-7-480x320.jpg 480w, https:\/\/www.prijedordanas.com\/wp-content\/uploads\/2016\/06\/dns-prijedor-10-godina-organizacije-mladih-7.jpg 600w\" sizes=\"(max-width: 300px) 100vw, 300px\" \/><\/a> <a href=\"https:\/\/www.prijedordanas.com\/wp-content\/uploads\/2016\/06\/dns-prijedor-10-godina-organizacije-mladih-8.jpg\"><img loading=\"lazy\" decoding=\"async\" class=\"alignleft size-medium wp-image-53973\" src=\"https:\/\/www.prijedordanas.com\/wp-content\/uploads\/2016\/06\/dns-prijedor-10-godina-organizacije-mladih-8-300x199.jpg\" alt=\"dns prijedor-10 godina organizacije mladih (8)\" width=\"300\" height=\"199\" srcset=\"https:\/\/www.prijedordanas.com\/wp-content\/uploads\/2016\/06\/dns-prijedor-10-godina-organizacije-mladih-8-300x200.jpg 300w, https:\/\/www.prijedordanas.com\/wp-content\/uploads\/2016\/06\/dns-prijedor-10-godina-organizacije-mladih-8-480x320.jpg 480w, https:\/\/www.prijedordanas.com\/wp-content\/uploads\/2016\/06\/dns-prijedor-10-godina-organizacije-mladih-8.jpg 600w\" sizes=\"(max-width: 300px) 100vw, 300px\" \/><\/a><\/p>\n","protected":false},"excerpt":{"rendered":"<p>Mladi Demokratskog narodnog saveza u Prijedoru su sve\u010danom akademijom obilje\u017eili deset godina od osnivanja. Predsjednik DNS-a Marko Pavi\u0107 rekao je sino\u0107 da mladi u ovoj stranci ulaze u svijet odlu\u010divanja [&hellip;]<\/p>\n","protected":false},"author":1,"featured_media":0,"comment_status":"closed","ping_status":"open","sticky":false,"template":"","format":"standard","meta":{"_monsterinsights_skip_tracking":false,"_monsterinsights_sitenote_active":false,"_monsterinsights_sitenote_note":"","_monsterinsights_sitenote_category":0,"footnotes":""},"categories":[4],"tags":[6325,1253,8185,3547],"yoast_head":"<!-- This site is optimized with the Yoast SEO plugin v21.6 - https:\/\/yoast.com\/wordpress\/plugins\/seo\/ -->\n<title>DNS PRIJEDOR: OBILJE\u017dENO DESET GODINA OD OSNIVANJA ORGANIZACIJE MLADIH - FOTO - PrijedorDanas.com - Prijedorski gradski portal<\/title>\n<meta name=\"robots\" content=\"index, follow, max-snippet:-1, max-image-preview:large, max-video-preview:-1\" \/>\n<link rel=\"canonical\" href=\"https:\/\/www.prijedordanas.com\/?p=53960\" \/>\n<meta property=\"og:locale\" content=\"en_US\" \/>\n<meta property=\"og:type\" content=\"article\" \/>\n<meta property=\"og:title\" content=\"DNS PRIJEDOR: OBILJE\u017dENO DESET GODINA OD OSNIVANJA ORGANIZACIJE MLADIH - FOTO - PrijedorDanas.com - Prijedorski gradski portal\" \/>\n<meta property=\"og:description\" content=\"Mladi Demokratskog narodnog saveza u Prijedoru su sve\u010danom akademijom obilje\u017eili deset godina od osnivanja. Predsjednik DNS-a Marko Pavi\u0107 rekao je sino\u0107 da mladi u ovoj stranci ulaze u svijet odlu\u010divanja [&hellip;]\" \/>\n<meta property=\"og:url\" content=\"https:\/\/www.prijedordanas.com\/?p=53960\" \/>\n<meta property=\"og:site_name\" content=\"PrijedorDanas.com - Prijedorski gradski portal\" \/>\n<meta property=\"article:publisher\" content=\"https:\/\/www.facebook.com\/PrijedorDanasCom\/\" \/>\n<meta property=\"article:published_time\" content=\"2016-06-25T06:54:47+00:00\" \/>\n<meta property=\"og:image\" content=\"https:\/\/www.prijedordanas.com\/wp-content\/uploads\/2016\/06\/dns-prijedor-10-godina-organizacije-mladih-1-300x199.jpg\" \/>\n<meta name=\"author\" content=\"admin\" \/>\n<meta name=\"twitter:card\" content=\"summary_large_image\" \/>\n<meta name=\"twitter:label1\" content=\"Written by\" \/>\n\t<meta name=\"twitter:data1\" content=\"admin\" \/>\n\t<meta name=\"twitter:label2\" content=\"Est. reading time\" \/>\n\t<meta name=\"twitter:data2\" content=\"2 minutes\" \/>\n<script type=\"application\/ld+json\" class=\"yoast-schema-graph\">{\"@context\":\"https:\/\/schema.org\",\"@graph\":[{\"@type\":\"Article\",\"@id\":\"https:\/\/www.prijedordanas.com\/?p=53960#article\",\"isPartOf\":{\"@id\":\"https:\/\/www.prijedordanas.com\/?p=53960\"},\"author\":{\"name\":\"admin\",\"@id\":\"https:\/\/www.prijedordanas.com\/#\/schema\/person\/4e08ccf29b506ca916ff86d46bb700e6\"},\"headline\":\"DNS PRIJEDOR: OBILJE\u017dENO DESET GODINA OD OSNIVANJA ORGANIZACIJE MLADIH &#8211; FOTO\",\"datePublished\":\"2016-06-25T06:54:47+00:00\",\"dateModified\":\"2016-06-25T06:54:47+00:00\",\"mainEntityOfPage\":{\"@id\":\"https:\/\/www.prijedordanas.com\/?p=53960\"},\"wordCount\":349,\"publisher\":{\"@id\":\"https:\/\/www.prijedordanas.com\/#organization\"},\"keywords\":[\"10 godina postojanja\",\"DNS Prijedor\",\"Organizacija mladih\",\"sve\u010dana akademija\"],\"articleSection\":[\"Dru\u0161tvo\"],\"inLanguage\":\"en-US\"},{\"@type\":\"WebPage\",\"@id\":\"https:\/\/www.prijedordanas.com\/?p=53960\",\"url\":\"https:\/\/www.prijedordanas.com\/?p=53960\",\"name\":\"DNS PRIJEDOR: OBILJE\u017dENO DESET GODINA OD OSNIVANJA ORGANIZACIJE MLADIH - FOTO - PrijedorDanas.com - Prijedorski gradski portal\",\"isPartOf\":{\"@id\":\"https:\/\/www.prijedordanas.com\/#website\"},\"datePublished\":\"2016-06-25T06:54:47+00:00\",\"dateModified\":\"2016-06-25T06:54:47+00:00\",\"breadcrumb\":{\"@id\":\"https:\/\/www.prijedordanas.com\/?p=53960#breadcrumb\"},\"inLanguage\":\"en-US\",\"potentialAction\":[{\"@type\":\"ReadAction\",\"target\":[\"https:\/\/www.prijedordanas.com\/?p=53960\"]}]},{\"@type\":\"BreadcrumbList\",\"@id\":\"https:\/\/www.prijedordanas.com\/?p=53960#breadcrumb\",\"itemListElement\":[{\"@type\":\"ListItem\",\"position\":1,\"name\":\"Home\",\"item\":\"https:\/\/www.prijedordanas.com\/\"},{\"@type\":\"ListItem\",\"position\":2,\"name\":\"DNS PRIJEDOR: OBILJE\u017dENO DESET GODINA OD OSNIVANJA ORGANIZACIJE MLADIH &#8211; FOTO\"}]},{\"@type\":\"WebSite\",\"@id\":\"https:\/\/www.prijedordanas.com\/#website\",\"url\":\"https:\/\/www.prijedordanas.com\/\",\"name\":\"PrijedorDanas.com - Prijedorski gradski portal\",\"description\":\"Portal o doga\u0111anjima u gradu Prijedoru\",\"publisher\":{\"@id\":\"https:\/\/www.prijedordanas.com\/#organization\"},\"potentialAction\":[{\"@type\":\"SearchAction\",\"target\":{\"@type\":\"EntryPoint\",\"urlTemplate\":\"https:\/\/www.prijedordanas.com\/?s={search_term_string}\"},\"query-input\":\"required name=search_term_string\"}],\"inLanguage\":\"en-US\"},{\"@type\":\"Organization\",\"@id\":\"https:\/\/www.prijedordanas.com\/#organization\",\"name\":\"PrijedorDanas.com\",\"url\":\"https:\/\/www.prijedordanas.com\/\",\"logo\":{\"@type\":\"ImageObject\",\"inLanguage\":\"en-US\",\"@id\":\"https:\/\/www.prijedordanas.com\/#\/schema\/logo\/image\/\",\"url\":\"http:\/\/www.prijedordanas.com\/wp-content\/uploads\/2021\/12\/logopng.png\",\"contentUrl\":\"http:\/\/www.prijedordanas.com\/wp-content\/uploads\/2021\/12\/logopng.png\",\"width\":1019,\"height\":776,\"caption\":\"PrijedorDanas.com\"},\"image\":{\"@id\":\"https:\/\/www.prijedordanas.com\/#\/schema\/logo\/image\/\"},\"sameAs\":[\"https:\/\/www.facebook.com\/PrijedorDanasCom\/\"]},{\"@type\":\"Person\",\"@id\":\"https:\/\/www.prijedordanas.com\/#\/schema\/person\/4e08ccf29b506ca916ff86d46bb700e6\",\"name\":\"admin\",\"image\":{\"@type\":\"ImageObject\",\"inLanguage\":\"en-US\",\"@id\":\"https:\/\/www.prijedordanas.com\/#\/schema\/person\/image\/\",\"url\":\"https:\/\/secure.gravatar.com\/avatar\/1d3fc949d550f0b53a5f0d51e06dfd79?s=96&d=mm&r=g\",\"contentUrl\":\"https:\/\/secure.gravatar.com\/avatar\/1d3fc949d550f0b53a5f0d51e06dfd79?s=96&d=mm&r=g\",\"caption\":\"admin\"},\"url\":\"https:\/\/www.prijedordanas.com\/?author=1\"}]}<\/script>\n<!-- \/ Yoast SEO plugin. -->","yoast_head_json":{"title":"DNS PRIJEDOR: OBILJE\u017dENO DESET GODINA OD OSNIVANJA ORGANIZACIJE MLADIH - FOTO - PrijedorDanas.com - Prijedorski gradski portal","robots":{"index":"index","follow":"follow","max-snippet":"max-snippet:-1","max-image-preview":"max-image-preview:large","max-video-preview":"max-video-preview:-1"},"canonical":"https:\/\/www.prijedordanas.com\/?p=53960","og_locale":"en_US","og_type":"article","og_title":"DNS PRIJEDOR: OBILJE\u017dENO DESET GODINA OD OSNIVANJA ORGANIZACIJE MLADIH - FOTO - PrijedorDanas.com - Prijedorski gradski portal","og_description":"Mladi Demokratskog narodnog saveza u Prijedoru su sve\u010danom akademijom obilje\u017eili deset godina od osnivanja. Predsjednik DNS-a Marko Pavi\u0107 rekao je sino\u0107 da mladi u ovoj stranci ulaze u svijet odlu\u010divanja [&hellip;]","og_url":"https:\/\/www.prijedordanas.com\/?p=53960","og_site_name":"PrijedorDanas.com - Prijedorski gradski portal","article_publisher":"https:\/\/www.facebook.com\/PrijedorDanasCom\/","article_published_time":"2016-06-25T06:54:47+00:00","og_image":[{"url":"https:\/\/www.prijedordanas.com\/wp-content\/uploads\/2016\/06\/dns-prijedor-10-godina-organizacije-mladih-1-300x199.jpg"}],"author":"admin","twitter_card":"summary_large_image","twitter_misc":{"Written by":"admin","Est. reading time":"2 minutes"},"schema":{"@context":"https:\/\/schema.org","@graph":[{"@type":"Article","@id":"https:\/\/www.prijedordanas.com\/?p=53960#article","isPartOf":{"@id":"https:\/\/www.prijedordanas.com\/?p=53960"},"author":{"name":"admin","@id":"https:\/\/www.prijedordanas.com\/#\/schema\/person\/4e08ccf29b506ca916ff86d46bb700e6"},"headline":"DNS PRIJEDOR: OBILJE\u017dENO DESET GODINA OD OSNIVANJA ORGANIZACIJE MLADIH &#8211; FOTO","datePublished":"2016-06-25T06:54:47+00:00","dateModified":"2016-06-25T06:54:47+00:00","mainEntityOfPage":{"@id":"https:\/\/www.prijedordanas.com\/?p=53960"},"wordCount":349,"publisher":{"@id":"https:\/\/www.prijedordanas.com\/#organization"},"keywords":["10 godina postojanja","DNS Prijedor","Organizacija mladih","sve\u010dana akademija"],"articleSection":["Dru\u0161tvo"],"inLanguage":"en-US"},{"@type":"WebPage","@id":"https:\/\/www.prijedordanas.com\/?p=53960","url":"https:\/\/www.prijedordanas.com\/?p=53960","name":"DNS PRIJEDOR: OBILJE\u017dENO DESET GODINA OD OSNIVANJA ORGANIZACIJE MLADIH - FOTO - PrijedorDanas.com - Prijedorski gradski portal","isPartOf":{"@id":"https:\/\/www.prijedordanas.com\/#website"},"datePublished":"2016-06-25T06:54:47+00:00","dateModified":"2016-06-25T06:54:47+00:00","breadcrumb":{"@id":"https:\/\/www.prijedordanas.com\/?p=53960#breadcrumb"},"inLanguage":"en-US","potentialAction":[{"@type":"ReadAction","target":["https:\/\/www.prijedordanas.com\/?p=53960"]}]},{"@type":"BreadcrumbList","@id":"https:\/\/www.prijedordanas.com\/?p=53960#breadcrumb","itemListElement":[{"@type":"ListItem","position":1,"name":"Home","item":"https:\/\/www.prijedordanas.com\/"},{"@type":"ListItem","position":2,"name":"DNS PRIJEDOR: OBILJE\u017dENO DESET GODINA OD OSNIVANJA ORGANIZACIJE MLADIH &#8211; FOTO"}]},{"@type":"WebSite","@id":"https:\/\/www.prijedordanas.com\/#website","url":"https:\/\/www.prijedordanas.com\/","name":"PrijedorDanas.com - Prijedorski gradski portal","description":"Portal o doga\u0111anjima u gradu Prijedoru","publisher":{"@id":"https:\/\/www.prijedordanas.com\/#organization"},"potentialAction":[{"@type":"SearchAction","target":{"@type":"EntryPoint","urlTemplate":"https:\/\/www.prijedordanas.com\/?s={search_term_string}"},"query-input":"required name=search_term_string"}],"inLanguage":"en-US"},{"@type":"Organization","@id":"https:\/\/www.prijedordanas.com\/#organization","name":"PrijedorDanas.com","url":"https:\/\/www.prijedordanas.com\/","logo":{"@type":"ImageObject","inLanguage":"en-US","@id":"https:\/\/www.prijedordanas.com\/#\/schema\/logo\/image\/","url":"http:\/\/www.prijedordanas.com\/wp-content\/uploads\/2021\/12\/logopng.png","contentUrl":"http:\/\/www.prijedordanas.com\/wp-content\/uploads\/2021\/12\/logopng.png","width":1019,"height":776,"caption":"PrijedorDanas.com"},"image":{"@id":"https:\/\/www.prijedordanas.com\/#\/schema\/logo\/image\/"},"sameAs":["https:\/\/www.facebook.com\/PrijedorDanasCom\/"]},{"@type":"Person","@id":"https:\/\/www.prijedordanas.com\/#\/schema\/person\/4e08ccf29b506ca916ff86d46bb700e6","name":"admin","image":{"@type":"ImageObject","inLanguage":"en-US","@id":"https:\/\/www.prijedordanas.com\/#\/schema\/person\/image\/","url":"https:\/\/secure.gravatar.com\/avatar\/1d3fc949d550f0b53a5f0d51e06dfd79?s=96&d=mm&r=g","contentUrl":"https:\/\/secure.gravatar.com\/avatar\/1d3fc949d550f0b53a5f0d51e06dfd79?s=96&d=mm&r=g","caption":"admin"},"url":"https:\/\/www.prijedordanas.com\/?author=1"}]}},"_links":{"self":[{"href":"https:\/\/www.prijedordanas.com\/index.php?rest_route=\/wp\/v2\/posts\/53960"}],"collection":[{"href":"https:\/\/www.prijedordanas.com\/index.php?rest_route=\/wp\/v2\/posts"}],"about":[{"href":"https:\/\/www.prijedordanas.com\/index.php?rest_route=\/wp\/v2\/types\/post"}],"author":[{"embeddable":true,"href":"https:\/\/www.prijedordanas.com\/index.php?rest_route=\/wp\/v2\/users\/1"}],"replies":[{"embeddable":true,"href":"https:\/\/www.prijedordanas.com\/index.php?rest_route=%2Fwp%2Fv2%2Fcomments&post=53960"}],"version-history":[{"count":1,"href":"https:\/\/www.prijedordanas.com\/index.php?rest_route=\/wp\/v2\/posts\/53960\/revisions"}],"predecessor-version":[{"id":53974,"href":"https:\/\/www.prijedordanas.com\/index.php?rest_route=\/wp\/v2\/posts\/53960\/revisions\/53974"}],"wp:attachment":[{"href":"https:\/\/www.prijedordanas.com\/index.php?rest_route=%2Fwp%2Fv2%2Fmedia&parent=53960"}],"wp:term":[{"taxonomy":"category","embeddable":true,"href":"https:\/\/www.prijedordanas.com\/index.php?rest_route=%2Fwp%2Fv2%2Fcategories&post=53960"},{"taxonomy":"post_tag","embeddable":true,"href":"https:\/\/www.prijedordanas.com\/index.php?rest_route=%2Fwp%2Fv2%2Ftags&post=53960"}],"curies":[{"name":"wp","href":"https:\/\/api.w.org\/{rel}","templated":true}]}}