{"id":53587,"date":"2016-06-20T18:21:52","date_gmt":"2016-06-20T16:21:52","guid":{"rendered":"https:\/\/www.prijedordanas.com\/?p=53587"},"modified":"2016-06-20T18:21:52","modified_gmt":"2016-06-20T16:21:52","slug":"otvoren-izvidacki-kamp-glasnici-buducnosti-foto","status":"publish","type":"post","link":"https:\/\/www.prijedordanas.com\/?p=53587","title":{"rendered":"OTVOREN IZVI\u0110A\u010cKI KAMP &#8220;GLASNICI BUDU\u0106NOSTI&#8221; &#8211; FOTO"},"content":{"rendered":"<p><a href=\"https:\/\/www.prijedordanas.com\/wp-content\/uploads\/2016\/06\/oi-dr-mladen-stojanovic-glasnici-buducnosti-1.jpg\" rel=\"attachment wp-att-53588\"><img loading=\"lazy\" decoding=\"async\" class=\"alignleft size-medium wp-image-53588\" src=\"https:\/\/www.prijedordanas.com\/wp-content\/uploads\/2016\/06\/oi-dr-mladen-stojanovic-glasnici-buducnosti-1-300x200.jpg\" alt=\"oi dr mladen stojanovic-glasnici buducnosti (1)\" width=\"300\" height=\"200\" srcset=\"https:\/\/www.prijedordanas.com\/wp-content\/uploads\/2016\/06\/oi-dr-mladen-stojanovic-glasnici-buducnosti-1-300x200.jpg 300w, https:\/\/www.prijedordanas.com\/wp-content\/uploads\/2016\/06\/oi-dr-mladen-stojanovic-glasnici-buducnosti-1-768x513.jpg 768w, https:\/\/www.prijedordanas.com\/wp-content\/uploads\/2016\/06\/oi-dr-mladen-stojanovic-glasnici-buducnosti-1-480x320.jpg 480w, https:\/\/www.prijedordanas.com\/wp-content\/uploads\/2016\/06\/oi-dr-mladen-stojanovic-glasnici-buducnosti-1.jpg 800w\" sizes=\"(max-width: 300px) 100vw, 300px\" \/><\/a>U planinarskom domu &#8220;Kotlova\u010da&#8221; na Kozari otvoren je prvi od dva izvi\u0111a\u010dka ljetna kampa &#8220;Glasnici budu\u0107nosti&#8221; u organizaciji Odreda izvi\u0111a\u010da &#8220;Doktor Mladen Stojanovi\u0107&#8221; iz Prijedora i Saveza izvi\u0111a\u010da iz Zenice.<\/p>\n<p>Prvi ovogodi\u0161nji ljetni kamp &#8220;Kozara 2016&#8221; otvorio je predsjednik Upravnog odbora Saveza izvi\u0111a\u010da u BiH Mi\u0161o Stanivukovi\u0107, koji je izvi\u0111a\u010dima po\u017eelio prijatno dru\u017eenje i ispunjenje svih zacrtanih zadataka.<\/p>\n<p>Kamp &#8220;Kozara 2016&#8221; okupio je 60 izvi\u0111a\u010da iz Zenice, Banjaluke i Prijedora s ciljem otvorenog dijaloga, saradnje i volonterskog anga\u017emana adolescenata i mladih u lokalnim zajednicama.<\/p>\n<p>Starje\u0161ina Izvi\u0111a\u010dkog odreda &#8220;Dr Mladen Stojanovi\u0107&#8221; Ernest Badnjevi\u0107 ka\u017ee da je ideja da se kroz volonterski rad u\u010desnika sa socijalno ugro\u017eenim kategorijama ili javnim institucijama koje vode brigu o djeci pomogne u ostvarenju neke od njihovih potreba.<\/p>\n<p><a href=\"https:\/\/www.prijedordanas.com\/wp-content\/uploads\/2016\/06\/oi-dr-mladen-stojanovic-glasnici-buducnosti-2.jpg\" rel=\"attachment wp-att-53589\"><img loading=\"lazy\" decoding=\"async\" src=\"https:\/\/www.prijedordanas.com\/wp-content\/uploads\/2016\/06\/oi-dr-mladen-stojanovic-glasnici-buducnosti-2-300x200.jpg\" alt=\"oi dr mladen stojanovic-glasnici buducnosti (2)\" width=\"300\" height=\"200\" class=\"alignleft size-medium wp-image-53589\" srcset=\"https:\/\/www.prijedordanas.com\/wp-content\/uploads\/2016\/06\/oi-dr-mladen-stojanovic-glasnici-buducnosti-2-300x200.jpg 300w, https:\/\/www.prijedordanas.com\/wp-content\/uploads\/2016\/06\/oi-dr-mladen-stojanovic-glasnici-buducnosti-2-768x513.jpg 768w, https:\/\/www.prijedordanas.com\/wp-content\/uploads\/2016\/06\/oi-dr-mladen-stojanovic-glasnici-buducnosti-2-480x320.jpg 480w, https:\/\/www.prijedordanas.com\/wp-content\/uploads\/2016\/06\/oi-dr-mladen-stojanovic-glasnici-buducnosti-2.jpg 800w\" sizes=\"(max-width: 300px) 100vw, 300px\" \/><\/a>&#8220;Izvi\u0111a\u010di su odlu\u010dili da ove godine to bude izgradnja i ure\u0111enje eko-parka i prostora za relaksaciju i odmor u Javnoj ustanovi Centar `Sunce` Prijedor koju poha\u0111aju djeca i mladi sa pote\u0161ko\u0107ama u razvoju&#8221;, istakao je Badnjevi\u0107.<\/p>\n<p>Eko park i prostor za relaksaciju u Centru &#8220;Sunce&#8221; Prijedor bi\u0107e sve\u010dano otvoren u srijedu 22. juna.<\/p>\n<p>Prijedorski i zeni\u010dki izvi\u0111a\u010di u okviru ovogodi\u0161njeg projekta &#8220;Glasnici budu\u0107nosti&#8221; organizuju dva ljetnja kampa &#8211; prvi na Kozari, a naredni na Bora\u010dkom jezeru koji \u0107e biti odr\u017ean od 23. jula do 1. avgusta.<\/p>\n<p>Pokrovitelj ovog projekta je ameri\u010dka Ambasada u BiH.<\/p>\n<p>SRNA<\/p>\n<p><a href=\"https:\/\/www.prijedordanas.com\/wp-content\/uploads\/2016\/06\/oi-dr-mladen-stojanovic-glasnici-buducnosti-3.jpg\" rel=\"attachment wp-att-53590\"><img loading=\"lazy\" decoding=\"async\" src=\"https:\/\/www.prijedordanas.com\/wp-content\/uploads\/2016\/06\/oi-dr-mladen-stojanovic-glasnici-buducnosti-3-300x200.jpg\" alt=\"oi dr mladen stojanovic-glasnici buducnosti (3)\" width=\"300\" height=\"200\" class=\"alignleft size-medium wp-image-53590\" srcset=\"https:\/\/www.prijedordanas.com\/wp-content\/uploads\/2016\/06\/oi-dr-mladen-stojanovic-glasnici-buducnosti-3-300x200.jpg 300w, https:\/\/www.prijedordanas.com\/wp-content\/uploads\/2016\/06\/oi-dr-mladen-stojanovic-glasnici-buducnosti-3-480x320.jpg 480w, https:\/\/www.prijedordanas.com\/wp-content\/uploads\/2016\/06\/oi-dr-mladen-stojanovic-glasnici-buducnosti-3.jpg 600w\" sizes=\"(max-width: 300px) 100vw, 300px\" \/><\/a> <a href=\"https:\/\/www.prijedordanas.com\/wp-content\/uploads\/2016\/06\/oi-dr-mladen-stojanovic-glasnici-buducnosti-4.jpg\" rel=\"attachment wp-att-53591\"><img loading=\"lazy\" decoding=\"async\" src=\"https:\/\/www.prijedordanas.com\/wp-content\/uploads\/2016\/06\/oi-dr-mladen-stojanovic-glasnici-buducnosti-4-300x200.jpg\" alt=\"oi dr mladen stojanovic-glasnici buducnosti (4)\" width=\"300\" height=\"200\" class=\"alignleft size-medium wp-image-53591\" srcset=\"https:\/\/www.prijedordanas.com\/wp-content\/uploads\/2016\/06\/oi-dr-mladen-stojanovic-glasnici-buducnosti-4-300x200.jpg 300w, https:\/\/www.prijedordanas.com\/wp-content\/uploads\/2016\/06\/oi-dr-mladen-stojanovic-glasnici-buducnosti-4-480x320.jpg 480w, https:\/\/www.prijedordanas.com\/wp-content\/uploads\/2016\/06\/oi-dr-mladen-stojanovic-glasnici-buducnosti-4.jpg 600w\" sizes=\"(max-width: 300px) 100vw, 300px\" \/><\/a> <a href=\"https:\/\/www.prijedordanas.com\/wp-content\/uploads\/2016\/06\/oi-dr-mladen-stojanovic-glasnici-buducnosti-5.jpg\" rel=\"attachment wp-att-53592\"><img loading=\"lazy\" decoding=\"async\" src=\"https:\/\/www.prijedordanas.com\/wp-content\/uploads\/2016\/06\/oi-dr-mladen-stojanovic-glasnici-buducnosti-5-300x200.jpg\" alt=\"oi dr mladen stojanovic-glasnici buducnosti (5)\" width=\"300\" height=\"200\" class=\"alignleft size-medium wp-image-53592\" srcset=\"https:\/\/www.prijedordanas.com\/wp-content\/uploads\/2016\/06\/oi-dr-mladen-stojanovic-glasnici-buducnosti-5-300x200.jpg 300w, https:\/\/www.prijedordanas.com\/wp-content\/uploads\/2016\/06\/oi-dr-mladen-stojanovic-glasnici-buducnosti-5-480x320.jpg 480w, https:\/\/www.prijedordanas.com\/wp-content\/uploads\/2016\/06\/oi-dr-mladen-stojanovic-glasnici-buducnosti-5.jpg 600w\" sizes=\"(max-width: 300px) 100vw, 300px\" \/><\/a> <a href=\"https:\/\/www.prijedordanas.com\/wp-content\/uploads\/2016\/06\/oi-dr-mladen-stojanovic-glasnici-buducnosti-6.jpg\" rel=\"attachment wp-att-53593\"><img loading=\"lazy\" decoding=\"async\" src=\"https:\/\/www.prijedordanas.com\/wp-content\/uploads\/2016\/06\/oi-dr-mladen-stojanovic-glasnici-buducnosti-6-300x200.jpg\" alt=\"oi dr mladen stojanovic-glasnici buducnosti (6)\" width=\"300\" height=\"200\" class=\"alignleft size-medium wp-image-53593\" srcset=\"https:\/\/www.prijedordanas.com\/wp-content\/uploads\/2016\/06\/oi-dr-mladen-stojanovic-glasnici-buducnosti-6-300x200.jpg 300w, https:\/\/www.prijedordanas.com\/wp-content\/uploads\/2016\/06\/oi-dr-mladen-stojanovic-glasnici-buducnosti-6-480x320.jpg 480w, https:\/\/www.prijedordanas.com\/wp-content\/uploads\/2016\/06\/oi-dr-mladen-stojanovic-glasnici-buducnosti-6.jpg 600w\" sizes=\"(max-width: 300px) 100vw, 300px\" \/><\/a><\/p>\n","protected":false},"excerpt":{"rendered":"<p>U planinarskom domu &#8220;Kotlova\u010da&#8221; na Kozari otvoren je prvi od dva izvi\u0111a\u010dka ljetna kampa &#8220;Glasnici budu\u0107nosti&#8221; u organizaciji Odreda izvi\u0111a\u010da &#8220;Doktor Mladen Stojanovi\u0107&#8221; iz Prijedora i Saveza izvi\u0111a\u010da iz Zenice. [&hellip;]<\/p>\n","protected":false},"author":1,"featured_media":0,"comment_status":"closed","ping_status":"open","sticky":false,"template":"","format":"standard","meta":{"_monsterinsights_skip_tracking":false,"_monsterinsights_sitenote_active":false,"_monsterinsights_sitenote_note":"","_monsterinsights_sitenote_category":0,"footnotes":""},"categories":[7518],"tags":[5020,8188,427,3629,8187],"yoast_head":"<!-- This site is optimized with the Yoast SEO plugin v21.6 - https:\/\/yoast.com\/wordpress\/plugins\/seo\/ -->\n<title>OTVOREN IZVI\u0110A\u010cKI KAMP &quot;GLASNICI BUDU\u0106NOSTI&quot; - FOTO - PrijedorDanas.com - Prijedorski gradski portal<\/title>\n<meta name=\"robots\" content=\"index, follow, max-snippet:-1, max-image-preview:large, max-video-preview:-1\" \/>\n<link rel=\"canonical\" href=\"https:\/\/www.prijedordanas.com\/?p=53587\" \/>\n<meta property=\"og:locale\" content=\"en_US\" \/>\n<meta property=\"og:type\" content=\"article\" \/>\n<meta property=\"og:title\" content=\"OTVOREN IZVI\u0110A\u010cKI KAMP &quot;GLASNICI BUDU\u0106NOSTI&quot; - FOTO - PrijedorDanas.com - Prijedorski gradski portal\" \/>\n<meta property=\"og:description\" content=\"U planinarskom domu &#8220;Kotlova\u010da&#8221; na Kozari otvoren je prvi od dva izvi\u0111a\u010dka ljetna kampa &#8220;Glasnici budu\u0107nosti&#8221; u organizaciji Odreda izvi\u0111a\u010da &#8220;Doktor Mladen Stojanovi\u0107&#8221; iz Prijedora i Saveza izvi\u0111a\u010da iz Zenice. [&hellip;]\" \/>\n<meta property=\"og:url\" content=\"https:\/\/www.prijedordanas.com\/?p=53587\" \/>\n<meta property=\"og:site_name\" content=\"PrijedorDanas.com - Prijedorski gradski portal\" \/>\n<meta property=\"article:publisher\" content=\"https:\/\/www.facebook.com\/PrijedorDanasCom\/\" \/>\n<meta property=\"article:published_time\" content=\"2016-06-20T16:21:52+00:00\" \/>\n<meta property=\"og:image\" content=\"https:\/\/www.prijedordanas.com\/wp-content\/uploads\/2016\/06\/oi-dr-mladen-stojanovic-glasnici-buducnosti-1-300x200.jpg\" \/>\n<meta name=\"author\" content=\"admin\" \/>\n<meta name=\"twitter:card\" content=\"summary_large_image\" \/>\n<meta name=\"twitter:label1\" content=\"Written by\" \/>\n\t<meta name=\"twitter:data1\" content=\"admin\" \/>\n\t<meta name=\"twitter:label2\" content=\"Est. reading time\" \/>\n\t<meta name=\"twitter:data2\" content=\"1 minute\" \/>\n<script type=\"application\/ld+json\" class=\"yoast-schema-graph\">{\"@context\":\"https:\/\/schema.org\",\"@graph\":[{\"@type\":\"Article\",\"@id\":\"https:\/\/www.prijedordanas.com\/?p=53587#article\",\"isPartOf\":{\"@id\":\"https:\/\/www.prijedordanas.com\/?p=53587\"},\"author\":{\"name\":\"admin\",\"@id\":\"https:\/\/www.prijedordanas.com\/#\/schema\/person\/4e08ccf29b506ca916ff86d46bb700e6\"},\"headline\":\"OTVOREN IZVI\u0110A\u010cKI KAMP &#8220;GLASNICI BUDU\u0106NOSTI&#8221; &#8211; FOTO\",\"datePublished\":\"2016-06-20T16:21:52+00:00\",\"dateModified\":\"2016-06-20T16:21:52+00:00\",\"mainEntityOfPage\":{\"@id\":\"https:\/\/www.prijedordanas.com\/?p=53587\"},\"wordCount\":262,\"publisher\":{\"@id\":\"https:\/\/www.prijedordanas.com\/#organization\"},\"keywords\":[\"Glasnici Budu\u0107nosti\",\"izvi\u0111a\u010dki kamp\",\"Kozara\",\"Odred izvi\u0111a\u010da \\\"Dr Mladen Stojanovi\u0107\\\" Prijedor\",\"Planinarski dom \\\"Kotlova\u010da\\\"\"],\"articleSection\":[\"Mladi\"],\"inLanguage\":\"en-US\"},{\"@type\":\"WebPage\",\"@id\":\"https:\/\/www.prijedordanas.com\/?p=53587\",\"url\":\"https:\/\/www.prijedordanas.com\/?p=53587\",\"name\":\"OTVOREN IZVI\u0110A\u010cKI KAMP \\\"GLASNICI BUDU\u0106NOSTI\\\" - FOTO - PrijedorDanas.com - Prijedorski gradski portal\",\"isPartOf\":{\"@id\":\"https:\/\/www.prijedordanas.com\/#website\"},\"datePublished\":\"2016-06-20T16:21:52+00:00\",\"dateModified\":\"2016-06-20T16:21:52+00:00\",\"breadcrumb\":{\"@id\":\"https:\/\/www.prijedordanas.com\/?p=53587#breadcrumb\"},\"inLanguage\":\"en-US\",\"potentialAction\":[{\"@type\":\"ReadAction\",\"target\":[\"https:\/\/www.prijedordanas.com\/?p=53587\"]}]},{\"@type\":\"BreadcrumbList\",\"@id\":\"https:\/\/www.prijedordanas.com\/?p=53587#breadcrumb\",\"itemListElement\":[{\"@type\":\"ListItem\",\"position\":1,\"name\":\"Home\",\"item\":\"https:\/\/www.prijedordanas.com\/\"},{\"@type\":\"ListItem\",\"position\":2,\"name\":\"OTVOREN IZVI\u0110A\u010cKI KAMP &#8220;GLASNICI BUDU\u0106NOSTI&#8221; &#8211; FOTO\"}]},{\"@type\":\"WebSite\",\"@id\":\"https:\/\/www.prijedordanas.com\/#website\",\"url\":\"https:\/\/www.prijedordanas.com\/\",\"name\":\"PrijedorDanas.com - Prijedorski gradski portal\",\"description\":\"Portal o doga\u0111anjima u gradu Prijedoru\",\"publisher\":{\"@id\":\"https:\/\/www.prijedordanas.com\/#organization\"},\"potentialAction\":[{\"@type\":\"SearchAction\",\"target\":{\"@type\":\"EntryPoint\",\"urlTemplate\":\"https:\/\/www.prijedordanas.com\/?s={search_term_string}\"},\"query-input\":\"required name=search_term_string\"}],\"inLanguage\":\"en-US\"},{\"@type\":\"Organization\",\"@id\":\"https:\/\/www.prijedordanas.com\/#organization\",\"name\":\"PrijedorDanas.com\",\"url\":\"https:\/\/www.prijedordanas.com\/\",\"logo\":{\"@type\":\"ImageObject\",\"inLanguage\":\"en-US\",\"@id\":\"https:\/\/www.prijedordanas.com\/#\/schema\/logo\/image\/\",\"url\":\"http:\/\/www.prijedordanas.com\/wp-content\/uploads\/2021\/12\/logopng.png\",\"contentUrl\":\"http:\/\/www.prijedordanas.com\/wp-content\/uploads\/2021\/12\/logopng.png\",\"width\":1019,\"height\":776,\"caption\":\"PrijedorDanas.com\"},\"image\":{\"@id\":\"https:\/\/www.prijedordanas.com\/#\/schema\/logo\/image\/\"},\"sameAs\":[\"https:\/\/www.facebook.com\/PrijedorDanasCom\/\"]},{\"@type\":\"Person\",\"@id\":\"https:\/\/www.prijedordanas.com\/#\/schema\/person\/4e08ccf29b506ca916ff86d46bb700e6\",\"name\":\"admin\",\"image\":{\"@type\":\"ImageObject\",\"inLanguage\":\"en-US\",\"@id\":\"https:\/\/www.prijedordanas.com\/#\/schema\/person\/image\/\",\"url\":\"https:\/\/secure.gravatar.com\/avatar\/1d3fc949d550f0b53a5f0d51e06dfd79?s=96&d=mm&r=g\",\"contentUrl\":\"https:\/\/secure.gravatar.com\/avatar\/1d3fc949d550f0b53a5f0d51e06dfd79?s=96&d=mm&r=g\",\"caption\":\"admin\"},\"url\":\"https:\/\/www.prijedordanas.com\/?author=1\"}]}<\/script>\n<!-- \/ Yoast SEO plugin. -->","yoast_head_json":{"title":"OTVOREN IZVI\u0110A\u010cKI KAMP \"GLASNICI BUDU\u0106NOSTI\" - FOTO - PrijedorDanas.com - Prijedorski gradski portal","robots":{"index":"index","follow":"follow","max-snippet":"max-snippet:-1","max-image-preview":"max-image-preview:large","max-video-preview":"max-video-preview:-1"},"canonical":"https:\/\/www.prijedordanas.com\/?p=53587","og_locale":"en_US","og_type":"article","og_title":"OTVOREN IZVI\u0110A\u010cKI KAMP \"GLASNICI BUDU\u0106NOSTI\" - FOTO - PrijedorDanas.com - Prijedorski gradski portal","og_description":"U planinarskom domu &#8220;Kotlova\u010da&#8221; na Kozari otvoren je prvi od dva izvi\u0111a\u010dka ljetna kampa &#8220;Glasnici budu\u0107nosti&#8221; u organizaciji Odreda izvi\u0111a\u010da &#8220;Doktor Mladen Stojanovi\u0107&#8221; iz Prijedora i Saveza izvi\u0111a\u010da iz Zenice. [&hellip;]","og_url":"https:\/\/www.prijedordanas.com\/?p=53587","og_site_name":"PrijedorDanas.com - Prijedorski gradski portal","article_publisher":"https:\/\/www.facebook.com\/PrijedorDanasCom\/","article_published_time":"2016-06-20T16:21:52+00:00","og_image":[{"url":"https:\/\/www.prijedordanas.com\/wp-content\/uploads\/2016\/06\/oi-dr-mladen-stojanovic-glasnici-buducnosti-1-300x200.jpg"}],"author":"admin","twitter_card":"summary_large_image","twitter_misc":{"Written by":"admin","Est. reading time":"1 minute"},"schema":{"@context":"https:\/\/schema.org","@graph":[{"@type":"Article","@id":"https:\/\/www.prijedordanas.com\/?p=53587#article","isPartOf":{"@id":"https:\/\/www.prijedordanas.com\/?p=53587"},"author":{"name":"admin","@id":"https:\/\/www.prijedordanas.com\/#\/schema\/person\/4e08ccf29b506ca916ff86d46bb700e6"},"headline":"OTVOREN IZVI\u0110A\u010cKI KAMP &#8220;GLASNICI BUDU\u0106NOSTI&#8221; &#8211; FOTO","datePublished":"2016-06-20T16:21:52+00:00","dateModified":"2016-06-20T16:21:52+00:00","mainEntityOfPage":{"@id":"https:\/\/www.prijedordanas.com\/?p=53587"},"wordCount":262,"publisher":{"@id":"https:\/\/www.prijedordanas.com\/#organization"},"keywords":["Glasnici Budu\u0107nosti","izvi\u0111a\u010dki kamp","Kozara","Odred izvi\u0111a\u010da \"Dr Mladen Stojanovi\u0107\" Prijedor","Planinarski dom \"Kotlova\u010da\""],"articleSection":["Mladi"],"inLanguage":"en-US"},{"@type":"WebPage","@id":"https:\/\/www.prijedordanas.com\/?p=53587","url":"https:\/\/www.prijedordanas.com\/?p=53587","name":"OTVOREN IZVI\u0110A\u010cKI KAMP \"GLASNICI BUDU\u0106NOSTI\" - FOTO - PrijedorDanas.com - Prijedorski gradski portal","isPartOf":{"@id":"https:\/\/www.prijedordanas.com\/#website"},"datePublished":"2016-06-20T16:21:52+00:00","dateModified":"2016-06-20T16:21:52+00:00","breadcrumb":{"@id":"https:\/\/www.prijedordanas.com\/?p=53587#breadcrumb"},"inLanguage":"en-US","potentialAction":[{"@type":"ReadAction","target":["https:\/\/www.prijedordanas.com\/?p=53587"]}]},{"@type":"BreadcrumbList","@id":"https:\/\/www.prijedordanas.com\/?p=53587#breadcrumb","itemListElement":[{"@type":"ListItem","position":1,"name":"Home","item":"https:\/\/www.prijedordanas.com\/"},{"@type":"ListItem","position":2,"name":"OTVOREN IZVI\u0110A\u010cKI KAMP &#8220;GLASNICI BUDU\u0106NOSTI&#8221; &#8211; FOTO"}]},{"@type":"WebSite","@id":"https:\/\/www.prijedordanas.com\/#website","url":"https:\/\/www.prijedordanas.com\/","name":"PrijedorDanas.com - Prijedorski gradski portal","description":"Portal o doga\u0111anjima u gradu Prijedoru","publisher":{"@id":"https:\/\/www.prijedordanas.com\/#organization"},"potentialAction":[{"@type":"SearchAction","target":{"@type":"EntryPoint","urlTemplate":"https:\/\/www.prijedordanas.com\/?s={search_term_string}"},"query-input":"required name=search_term_string"}],"inLanguage":"en-US"},{"@type":"Organization","@id":"https:\/\/www.prijedordanas.com\/#organization","name":"PrijedorDanas.com","url":"https:\/\/www.prijedordanas.com\/","logo":{"@type":"ImageObject","inLanguage":"en-US","@id":"https:\/\/www.prijedordanas.com\/#\/schema\/logo\/image\/","url":"http:\/\/www.prijedordanas.com\/wp-content\/uploads\/2021\/12\/logopng.png","contentUrl":"http:\/\/www.prijedordanas.com\/wp-content\/uploads\/2021\/12\/logopng.png","width":1019,"height":776,"caption":"PrijedorDanas.com"},"image":{"@id":"https:\/\/www.prijedordanas.com\/#\/schema\/logo\/image\/"},"sameAs":["https:\/\/www.facebook.com\/PrijedorDanasCom\/"]},{"@type":"Person","@id":"https:\/\/www.prijedordanas.com\/#\/schema\/person\/4e08ccf29b506ca916ff86d46bb700e6","name":"admin","image":{"@type":"ImageObject","inLanguage":"en-US","@id":"https:\/\/www.prijedordanas.com\/#\/schema\/person\/image\/","url":"https:\/\/secure.gravatar.com\/avatar\/1d3fc949d550f0b53a5f0d51e06dfd79?s=96&d=mm&r=g","contentUrl":"https:\/\/secure.gravatar.com\/avatar\/1d3fc949d550f0b53a5f0d51e06dfd79?s=96&d=mm&r=g","caption":"admin"},"url":"https:\/\/www.prijedordanas.com\/?author=1"}]}},"_links":{"self":[{"href":"https:\/\/www.prijedordanas.com\/index.php?rest_route=\/wp\/v2\/posts\/53587"}],"collection":[{"href":"https:\/\/www.prijedordanas.com\/index.php?rest_route=\/wp\/v2\/posts"}],"about":[{"href":"https:\/\/www.prijedordanas.com\/index.php?rest_route=\/wp\/v2\/types\/post"}],"author":[{"embeddable":true,"href":"https:\/\/www.prijedordanas.com\/index.php?rest_route=\/wp\/v2\/users\/1"}],"replies":[{"embeddable":true,"href":"https:\/\/www.prijedordanas.com\/index.php?rest_route=%2Fwp%2Fv2%2Fcomments&post=53587"}],"version-history":[{"count":1,"href":"https:\/\/www.prijedordanas.com\/index.php?rest_route=\/wp\/v2\/posts\/53587\/revisions"}],"predecessor-version":[{"id":53594,"href":"https:\/\/www.prijedordanas.com\/index.php?rest_route=\/wp\/v2\/posts\/53587\/revisions\/53594"}],"wp:attachment":[{"href":"https:\/\/www.prijedordanas.com\/index.php?rest_route=%2Fwp%2Fv2%2Fmedia&parent=53587"}],"wp:term":[{"taxonomy":"category","embeddable":true,"href":"https:\/\/www.prijedordanas.com\/index.php?rest_route=%2Fwp%2Fv2%2Fcategories&post=53587"},{"taxonomy":"post_tag","embeddable":true,"href":"https:\/\/www.prijedordanas.com\/index.php?rest_route=%2Fwp%2Fv2%2Ftags&post=53587"}],"curies":[{"name":"wp","href":"https:\/\/api.w.org\/{rel}","templated":true}]}}