{"id":53175,"date":"2016-06-15T20:27:11","date_gmt":"2016-06-15T18:27:11","guid":{"rendered":"https:\/\/www.prijedordanas.com\/?p=53175"},"modified":"2016-06-15T20:53:00","modified_gmt":"2016-06-15T18:53:00","slug":"puzigaca-pretucen-izboden-jer-nije-imao-cigaretu-video","status":"publish","type":"post","link":"https:\/\/www.prijedordanas.com\/?p=53175","title":{"rendered":"PUZIGA\u0106A PRETU\u010cEN I IZBODEN JER NIJE IMAO CIGARETU \u2013 VIDEO"},"content":{"rendered":"<p><a href=\"https:\/\/www.prijedordanas.com\/wp-content\/uploads\/2016\/06\/atv-puzigaca.jpg\" rel=\"attachment wp-att-53176\"><img loading=\"lazy\" decoding=\"async\" class=\"alignleft size-medium wp-image-53176\" src=\"https:\/\/www.prijedordanas.com\/wp-content\/uploads\/2016\/06\/atv-puzigaca-300x183.jpg\" alt=\"atv-puzigaca\" width=\"300\" height=\"183\" srcset=\"https:\/\/www.prijedordanas.com\/wp-content\/uploads\/2016\/06\/atv-puzigaca-300x183.jpg 300w, https:\/\/www.prijedordanas.com\/wp-content\/uploads\/2016\/06\/atv-puzigaca.jpg 600w\" sizes=\"(max-width: 300px) 100vw, 300px\" \/><\/a>Pauza za kasnu ve\u010deru, na putu ku\u0107i, a nakon izlaska sa dru\u0161tvom, za dvadesettrogodi\u0161njeg Vanju Puziga\u0107u iz Prijedora pretvorio se u pravu dramu. Sa djevojkom, i njenom prijateljicom je, oko pono\u0107i, stao na parking Op\u0161te bolnice, sjedili su u autu, jeli pecivo.<\/p>\n<p>A onda je nepoznati mladi\u0107 pokucao na prozor i zatra\u017eio cigaretu. Kad mu je rekao da nema, ovaj se udaljio, ali ubrzo vratio sa jo\u0161 dvojicom. I tada su krenule prijetnje. Tra\u017eili su novac za cigarete a onda, kroz otvoren prozor automobila, uhvatili mladi\u0107a za glavu i po\u010deli da ga tuku. Kad je krenuo da iza\u0111e sjevnuo je no\u017e. Izboli su ga po nogama i pobjegli.<\/p>\n<p>\u201cPacijent primljen ne\u0161to iza pono\u0107i, povrede op\u0161trim predemtom no\u017eem, ubodne, u svjesnom stanju, komunikativan, povrede su zbrinute u maloj sali, pacijent je sada stabilan\u201d, hirurg Stanko Ba\u0107o.<\/p>\n<p>Mladi\u0107 nije htio da pri\u010da pred kamerom, \u010dak ni da mu se snima lice. Oporavlja se na Odjelu hirurgije i ka\u017ee da ne mo\u017ee da povjeruje \u0161ta ga je sna\u0161lo. Sve je prijavljeno policiji. Ispitali su sve okolnosti i obe\u0107avaju da \u0107e brzo djelovati.<\/p>\n<p>\u201cMo\u017eemo re\u0107i da je zadobio te povrede, da je bilo po nepozantom izvr\u0161iocu, prema operativnim informacijama najvjerovatnije znamo o kome se radi ali poslije uvi\u0111aja i poslije obrade lica ima\u0107emo zvani\u010dno saop\u0161tenje jer sve \u0161to bih sada rekao je sve u nekoj fazi operativnih informacija, dakle, ni\u0161ta jo\u0161 zvani\u010dno\u201d, rekao je na\u010delnik Sektora krim policije CJB Prijedor Radomir Duki\u0107.<\/p>\n<p>Nezvani\u010dno, jedno lice je privedeno. Navodno je u pitanju osoba odranije poznata policiji zbog upotrebe droga.<\/p>\n<p>Tekst-foto-video &#8211; ATV BL<br \/>\nVideo \u2013 RTRS<\/p>\n<p>Prve informacije o ovom slu\u010daju mo\u017eete pro\u010ditati <a href=\"https:\/\/www.prijedordanas.com\/?p=53134\" target=\"_blank\">OVDJE<\/a><\/p>\n<p>Informacije o zdravstvenom stanju povrije\u0111enog mladi\u0107a mo\u017eete pro\u010ditati <a href=\"https:\/\/www.prijedordanas.com\/?p=53144\" target=\"_blank\">OVDJE<\/a><\/p>\n<p>Nove detalje o ovom slu\u010daju mo\u017eete pro\u010ditati <a href=\"https:\/\/www.prijedordanas.com\/?p=53158\" target=\"_blank\">OVDJE<\/a><\/p>\n<p>Vezane vijesti:<\/p>\n<p>DRAMA U PRIJEDORU: IZBODEN NO\u017dEM DOK JE SA DJEVOJKOM BIO NA PARKINGU BOLNICE \u2013 FOTO<br \/>\n<a href=\"https:\/\/www.prijedordanas.com\/?p=53134\" target=\"_blank\">https:\/\/www.prijedordanas.com\/?p=53134<\/a><\/p>\n<p>PRIJEDOR: IZBODENO LICE VAN \u017dIVOTNE OPASNOSTI &#8211; FOTO<br \/>\n<a href=\"https:\/\/www.prijedordanas.com\/?p=53144\" target=\"_blank\">https:\/\/www.prijedordanas.com\/?p=53144<\/a><\/p>\n<p>PRIJEDOR &#8211; IZBODEN VANJA PUZIGA\u0106A: PRIVEDEN NAPADA\u010c<br \/>\n<a href=\"https:\/\/www.prijedordanas.com\/?p=53158\" target=\"_blank\">https:\/\/www.prijedordanas.com\/?p=53158<\/a><\/p>\n<p><iframe loading=\"lazy\" width=\"500\" height=\"375\" src=\"https:\/\/www.youtube.com\/embed\/sLSI4oyr6rM?feature=oembed\" frameborder=\"0\" allowfullscreen><\/iframe><\/p>\n<p><iframe loading=\"lazy\" width=\"500\" height=\"375\" src=\"https:\/\/www.youtube.com\/embed\/Uz3uGt4RIAc?feature=oembed\" frameborder=\"0\" allowfullscreen><\/iframe><\/p>\n<p><a href=\"https:\/\/www.prijedordanas.com\/wp-content\/uploads\/2016\/06\/bolnica-prijedor-parking.jpg\" rel=\"attachment wp-att-53147\"><img loading=\"lazy\" decoding=\"async\" class=\"alignleft size-medium wp-image-53147\" src=\"https:\/\/www.prijedordanas.com\/wp-content\/uploads\/2016\/06\/bolnica-prijedor-parking-300x199.jpg\" alt=\"bolnica prijedor-parking\" width=\"300\" height=\"199\" srcset=\"https:\/\/www.prijedordanas.com\/wp-content\/uploads\/2016\/06\/bolnica-prijedor-parking-300x200.jpg 300w, https:\/\/www.prijedordanas.com\/wp-content\/uploads\/2016\/06\/bolnica-prijedor-parking-480x320.jpg 480w, https:\/\/www.prijedordanas.com\/wp-content\/uploads\/2016\/06\/bolnica-prijedor-parking.jpg 600w\" sizes=\"(max-width: 300px) 100vw, 300px\" \/><\/a> <a href=\"https:\/\/www.prijedordanas.com\/wp-content\/uploads\/2016\/06\/napad-nozem-parking-bolnice-5.jpg\" rel=\"attachment wp-att-53139\"><img loading=\"lazy\" decoding=\"async\" class=\"alignleft size-medium wp-image-53139\" src=\"https:\/\/www.prijedordanas.com\/wp-content\/uploads\/2016\/06\/napad-nozem-parking-bolnice-5-300x199.jpg\" alt=\"napad nozem-parking bolnice (5)\" width=\"300\" height=\"199\" srcset=\"https:\/\/www.prijedordanas.com\/wp-content\/uploads\/2016\/06\/napad-nozem-parking-bolnice-5-300x200.jpg 300w, https:\/\/www.prijedordanas.com\/wp-content\/uploads\/2016\/06\/napad-nozem-parking-bolnice-5-480x320.jpg 480w, https:\/\/www.prijedordanas.com\/wp-content\/uploads\/2016\/06\/napad-nozem-parking-bolnice-5.jpg 600w\" sizes=\"(max-width: 300px) 100vw, 300px\" \/><\/a><\/p>\n","protected":false},"excerpt":{"rendered":"<p>Pauza za kasnu ve\u010deru, na putu ku\u0107i, a nakon izlaska sa dru\u0161tvom, za dvadesettrogodi\u0161njeg Vanju Puziga\u0107u iz Prijedora pretvorio se u pravu dramu. Sa djevojkom, i njenom prijateljicom je, oko [&hellip;]<\/p>\n","protected":false},"author":1,"featured_media":0,"comment_status":"closed","ping_status":"open","sticky":false,"template":"","format":"standard","meta":{"_monsterinsights_skip_tracking":false,"_monsterinsights_sitenote_active":false,"_monsterinsights_sitenote_note":"","_monsterinsights_sitenote_category":0,"footnotes":""},"categories":[5],"tags":[996,967,3542,2292,8130],"yoast_head":"<!-- This site is optimized with the Yoast SEO plugin v21.6 - https:\/\/yoast.com\/wordpress\/plugins\/seo\/ -->\n<title>PUZIGA\u0106A PRETU\u010cEN I IZBODEN JER NIJE IMAO CIGARETU \u2013 VIDEO - PrijedorDanas.com - Prijedorski gradski portal<\/title>\n<meta name=\"robots\" content=\"index, follow, max-snippet:-1, max-image-preview:large, max-video-preview:-1\" \/>\n<link rel=\"canonical\" href=\"https:\/\/www.prijedordanas.com\/?p=53175\" \/>\n<meta property=\"og:locale\" content=\"en_US\" \/>\n<meta property=\"og:type\" content=\"article\" \/>\n<meta property=\"og:title\" content=\"PUZIGA\u0106A PRETU\u010cEN I IZBODEN JER NIJE IMAO CIGARETU \u2013 VIDEO - PrijedorDanas.com - Prijedorski gradski portal\" \/>\n<meta property=\"og:description\" content=\"Pauza za kasnu ve\u010deru, na putu ku\u0107i, a nakon izlaska sa dru\u0161tvom, za dvadesettrogodi\u0161njeg Vanju Puziga\u0107u iz Prijedora pretvorio se u pravu dramu. Sa djevojkom, i njenom prijateljicom je, oko [&hellip;]\" \/>\n<meta property=\"og:url\" content=\"https:\/\/www.prijedordanas.com\/?p=53175\" \/>\n<meta property=\"og:site_name\" content=\"PrijedorDanas.com - Prijedorski gradski portal\" \/>\n<meta property=\"article:publisher\" content=\"https:\/\/www.facebook.com\/PrijedorDanasCom\/\" \/>\n<meta property=\"article:published_time\" content=\"2016-06-15T18:27:11+00:00\" \/>\n<meta property=\"article:modified_time\" content=\"2016-06-15T18:53:00+00:00\" \/>\n<meta property=\"og:image\" content=\"https:\/\/www.prijedordanas.com\/wp-content\/uploads\/2016\/06\/atv-puzigaca-300x183.jpg\" \/>\n<meta name=\"author\" content=\"admin\" \/>\n<meta name=\"twitter:card\" content=\"summary_large_image\" \/>\n<meta name=\"twitter:label1\" content=\"Written by\" \/>\n\t<meta name=\"twitter:data1\" content=\"admin\" \/>\n\t<meta name=\"twitter:label2\" content=\"Est. reading time\" \/>\n\t<meta name=\"twitter:data2\" content=\"2 minutes\" \/>\n<script type=\"application\/ld+json\" class=\"yoast-schema-graph\">{\"@context\":\"https:\/\/schema.org\",\"@graph\":[{\"@type\":\"Article\",\"@id\":\"https:\/\/www.prijedordanas.com\/?p=53175#article\",\"isPartOf\":{\"@id\":\"https:\/\/www.prijedordanas.com\/?p=53175\"},\"author\":{\"name\":\"admin\",\"@id\":\"https:\/\/www.prijedordanas.com\/#\/schema\/person\/4e08ccf29b506ca916ff86d46bb700e6\"},\"headline\":\"PUZIGA\u0106A PRETU\u010cEN I IZBODEN JER NIJE IMAO CIGARETU \u2013 VIDEO\",\"datePublished\":\"2016-06-15T18:27:11+00:00\",\"dateModified\":\"2016-06-15T18:53:00+00:00\",\"mainEntityOfPage\":{\"@id\":\"https:\/\/www.prijedordanas.com\/?p=53175\"},\"wordCount\":399,\"publisher\":{\"@id\":\"https:\/\/www.prijedordanas.com\/#organization\"},\"keywords\":[\"bolnica\",\"napad\",\"no\u017e\",\"parking\",\"Vanja Puziga\u0107a\"],\"articleSection\":[\"Hronika\"],\"inLanguage\":\"en-US\"},{\"@type\":\"WebPage\",\"@id\":\"https:\/\/www.prijedordanas.com\/?p=53175\",\"url\":\"https:\/\/www.prijedordanas.com\/?p=53175\",\"name\":\"PUZIGA\u0106A PRETU\u010cEN I IZBODEN JER NIJE IMAO CIGARETU \u2013 VIDEO - PrijedorDanas.com - Prijedorski gradski portal\",\"isPartOf\":{\"@id\":\"https:\/\/www.prijedordanas.com\/#website\"},\"datePublished\":\"2016-06-15T18:27:11+00:00\",\"dateModified\":\"2016-06-15T18:53:00+00:00\",\"breadcrumb\":{\"@id\":\"https:\/\/www.prijedordanas.com\/?p=53175#breadcrumb\"},\"inLanguage\":\"en-US\",\"potentialAction\":[{\"@type\":\"ReadAction\",\"target\":[\"https:\/\/www.prijedordanas.com\/?p=53175\"]}]},{\"@type\":\"BreadcrumbList\",\"@id\":\"https:\/\/www.prijedordanas.com\/?p=53175#breadcrumb\",\"itemListElement\":[{\"@type\":\"ListItem\",\"position\":1,\"name\":\"Home\",\"item\":\"https:\/\/www.prijedordanas.com\/\"},{\"@type\":\"ListItem\",\"position\":2,\"name\":\"PUZIGA\u0106A PRETU\u010cEN I IZBODEN JER NIJE IMAO CIGARETU \u2013 VIDEO\"}]},{\"@type\":\"WebSite\",\"@id\":\"https:\/\/www.prijedordanas.com\/#website\",\"url\":\"https:\/\/www.prijedordanas.com\/\",\"name\":\"PrijedorDanas.com - Prijedorski gradski portal\",\"description\":\"Portal o doga\u0111anjima u gradu Prijedoru\",\"publisher\":{\"@id\":\"https:\/\/www.prijedordanas.com\/#organization\"},\"potentialAction\":[{\"@type\":\"SearchAction\",\"target\":{\"@type\":\"EntryPoint\",\"urlTemplate\":\"https:\/\/www.prijedordanas.com\/?s={search_term_string}\"},\"query-input\":\"required name=search_term_string\"}],\"inLanguage\":\"en-US\"},{\"@type\":\"Organization\",\"@id\":\"https:\/\/www.prijedordanas.com\/#organization\",\"name\":\"PrijedorDanas.com\",\"url\":\"https:\/\/www.prijedordanas.com\/\",\"logo\":{\"@type\":\"ImageObject\",\"inLanguage\":\"en-US\",\"@id\":\"https:\/\/www.prijedordanas.com\/#\/schema\/logo\/image\/\",\"url\":\"http:\/\/www.prijedordanas.com\/wp-content\/uploads\/2021\/12\/logopng.png\",\"contentUrl\":\"http:\/\/www.prijedordanas.com\/wp-content\/uploads\/2021\/12\/logopng.png\",\"width\":1019,\"height\":776,\"caption\":\"PrijedorDanas.com\"},\"image\":{\"@id\":\"https:\/\/www.prijedordanas.com\/#\/schema\/logo\/image\/\"},\"sameAs\":[\"https:\/\/www.facebook.com\/PrijedorDanasCom\/\"]},{\"@type\":\"Person\",\"@id\":\"https:\/\/www.prijedordanas.com\/#\/schema\/person\/4e08ccf29b506ca916ff86d46bb700e6\",\"name\":\"admin\",\"image\":{\"@type\":\"ImageObject\",\"inLanguage\":\"en-US\",\"@id\":\"https:\/\/www.prijedordanas.com\/#\/schema\/person\/image\/\",\"url\":\"https:\/\/secure.gravatar.com\/avatar\/1d3fc949d550f0b53a5f0d51e06dfd79?s=96&d=mm&r=g\",\"contentUrl\":\"https:\/\/secure.gravatar.com\/avatar\/1d3fc949d550f0b53a5f0d51e06dfd79?s=96&d=mm&r=g\",\"caption\":\"admin\"},\"url\":\"https:\/\/www.prijedordanas.com\/?author=1\"}]}<\/script>\n<!-- \/ Yoast SEO plugin. -->","yoast_head_json":{"title":"PUZIGA\u0106A PRETU\u010cEN I IZBODEN JER NIJE IMAO CIGARETU \u2013 VIDEO - PrijedorDanas.com - Prijedorski gradski portal","robots":{"index":"index","follow":"follow","max-snippet":"max-snippet:-1","max-image-preview":"max-image-preview:large","max-video-preview":"max-video-preview:-1"},"canonical":"https:\/\/www.prijedordanas.com\/?p=53175","og_locale":"en_US","og_type":"article","og_title":"PUZIGA\u0106A PRETU\u010cEN I IZBODEN JER NIJE IMAO CIGARETU \u2013 VIDEO - PrijedorDanas.com - Prijedorski gradski portal","og_description":"Pauza za kasnu ve\u010deru, na putu ku\u0107i, a nakon izlaska sa dru\u0161tvom, za dvadesettrogodi\u0161njeg Vanju Puziga\u0107u iz Prijedora pretvorio se u pravu dramu. Sa djevojkom, i njenom prijateljicom je, oko [&hellip;]","og_url":"https:\/\/www.prijedordanas.com\/?p=53175","og_site_name":"PrijedorDanas.com - Prijedorski gradski portal","article_publisher":"https:\/\/www.facebook.com\/PrijedorDanasCom\/","article_published_time":"2016-06-15T18:27:11+00:00","article_modified_time":"2016-06-15T18:53:00+00:00","og_image":[{"url":"https:\/\/www.prijedordanas.com\/wp-content\/uploads\/2016\/06\/atv-puzigaca-300x183.jpg"}],"author":"admin","twitter_card":"summary_large_image","twitter_misc":{"Written by":"admin","Est. reading time":"2 minutes"},"schema":{"@context":"https:\/\/schema.org","@graph":[{"@type":"Article","@id":"https:\/\/www.prijedordanas.com\/?p=53175#article","isPartOf":{"@id":"https:\/\/www.prijedordanas.com\/?p=53175"},"author":{"name":"admin","@id":"https:\/\/www.prijedordanas.com\/#\/schema\/person\/4e08ccf29b506ca916ff86d46bb700e6"},"headline":"PUZIGA\u0106A PRETU\u010cEN I IZBODEN JER NIJE IMAO CIGARETU \u2013 VIDEO","datePublished":"2016-06-15T18:27:11+00:00","dateModified":"2016-06-15T18:53:00+00:00","mainEntityOfPage":{"@id":"https:\/\/www.prijedordanas.com\/?p=53175"},"wordCount":399,"publisher":{"@id":"https:\/\/www.prijedordanas.com\/#organization"},"keywords":["bolnica","napad","no\u017e","parking","Vanja Puziga\u0107a"],"articleSection":["Hronika"],"inLanguage":"en-US"},{"@type":"WebPage","@id":"https:\/\/www.prijedordanas.com\/?p=53175","url":"https:\/\/www.prijedordanas.com\/?p=53175","name":"PUZIGA\u0106A PRETU\u010cEN I IZBODEN JER NIJE IMAO CIGARETU \u2013 VIDEO - PrijedorDanas.com - Prijedorski gradski portal","isPartOf":{"@id":"https:\/\/www.prijedordanas.com\/#website"},"datePublished":"2016-06-15T18:27:11+00:00","dateModified":"2016-06-15T18:53:00+00:00","breadcrumb":{"@id":"https:\/\/www.prijedordanas.com\/?p=53175#breadcrumb"},"inLanguage":"en-US","potentialAction":[{"@type":"ReadAction","target":["https:\/\/www.prijedordanas.com\/?p=53175"]}]},{"@type":"BreadcrumbList","@id":"https:\/\/www.prijedordanas.com\/?p=53175#breadcrumb","itemListElement":[{"@type":"ListItem","position":1,"name":"Home","item":"https:\/\/www.prijedordanas.com\/"},{"@type":"ListItem","position":2,"name":"PUZIGA\u0106A PRETU\u010cEN I IZBODEN JER NIJE IMAO CIGARETU \u2013 VIDEO"}]},{"@type":"WebSite","@id":"https:\/\/www.prijedordanas.com\/#website","url":"https:\/\/www.prijedordanas.com\/","name":"PrijedorDanas.com - Prijedorski gradski portal","description":"Portal o doga\u0111anjima u gradu Prijedoru","publisher":{"@id":"https:\/\/www.prijedordanas.com\/#organization"},"potentialAction":[{"@type":"SearchAction","target":{"@type":"EntryPoint","urlTemplate":"https:\/\/www.prijedordanas.com\/?s={search_term_string}"},"query-input":"required name=search_term_string"}],"inLanguage":"en-US"},{"@type":"Organization","@id":"https:\/\/www.prijedordanas.com\/#organization","name":"PrijedorDanas.com","url":"https:\/\/www.prijedordanas.com\/","logo":{"@type":"ImageObject","inLanguage":"en-US","@id":"https:\/\/www.prijedordanas.com\/#\/schema\/logo\/image\/","url":"http:\/\/www.prijedordanas.com\/wp-content\/uploads\/2021\/12\/logopng.png","contentUrl":"http:\/\/www.prijedordanas.com\/wp-content\/uploads\/2021\/12\/logopng.png","width":1019,"height":776,"caption":"PrijedorDanas.com"},"image":{"@id":"https:\/\/www.prijedordanas.com\/#\/schema\/logo\/image\/"},"sameAs":["https:\/\/www.facebook.com\/PrijedorDanasCom\/"]},{"@type":"Person","@id":"https:\/\/www.prijedordanas.com\/#\/schema\/person\/4e08ccf29b506ca916ff86d46bb700e6","name":"admin","image":{"@type":"ImageObject","inLanguage":"en-US","@id":"https:\/\/www.prijedordanas.com\/#\/schema\/person\/image\/","url":"https:\/\/secure.gravatar.com\/avatar\/1d3fc949d550f0b53a5f0d51e06dfd79?s=96&d=mm&r=g","contentUrl":"https:\/\/secure.gravatar.com\/avatar\/1d3fc949d550f0b53a5f0d51e06dfd79?s=96&d=mm&r=g","caption":"admin"},"url":"https:\/\/www.prijedordanas.com\/?author=1"}]}},"_links":{"self":[{"href":"https:\/\/www.prijedordanas.com\/index.php?rest_route=\/wp\/v2\/posts\/53175"}],"collection":[{"href":"https:\/\/www.prijedordanas.com\/index.php?rest_route=\/wp\/v2\/posts"}],"about":[{"href":"https:\/\/www.prijedordanas.com\/index.php?rest_route=\/wp\/v2\/types\/post"}],"author":[{"embeddable":true,"href":"https:\/\/www.prijedordanas.com\/index.php?rest_route=\/wp\/v2\/users\/1"}],"replies":[{"embeddable":true,"href":"https:\/\/www.prijedordanas.com\/index.php?rest_route=%2Fwp%2Fv2%2Fcomments&post=53175"}],"version-history":[{"count":4,"href":"https:\/\/www.prijedordanas.com\/index.php?rest_route=\/wp\/v2\/posts\/53175\/revisions"}],"predecessor-version":[{"id":53180,"href":"https:\/\/www.prijedordanas.com\/index.php?rest_route=\/wp\/v2\/posts\/53175\/revisions\/53180"}],"wp:attachment":[{"href":"https:\/\/www.prijedordanas.com\/index.php?rest_route=%2Fwp%2Fv2%2Fmedia&parent=53175"}],"wp:term":[{"taxonomy":"category","embeddable":true,"href":"https:\/\/www.prijedordanas.com\/index.php?rest_route=%2Fwp%2Fv2%2Fcategories&post=53175"},{"taxonomy":"post_tag","embeddable":true,"href":"https:\/\/www.prijedordanas.com\/index.php?rest_route=%2Fwp%2Fv2%2Ftags&post=53175"}],"curies":[{"name":"wp","href":"https:\/\/api.w.org\/{rel}","templated":true}]}}