{"id":53134,"date":"2016-06-15T10:34:16","date_gmt":"2016-06-15T08:34:16","guid":{"rendered":"https:\/\/www.prijedordanas.com\/?p=53134"},"modified":"2016-06-15T18:55:51","modified_gmt":"2016-06-15T16:55:51","slug":"drama-u-prijedoru-izboden-nozem-dok-je-sa-djevojkom-bio-na-parkingu-bolnice-foto","status":"publish","type":"post","link":"https:\/\/www.prijedordanas.com\/?p=53134","title":{"rendered":"DRAMA U PRIJEDORU: IZBODEN NO\u017dEM DOK JE SA DJEVOJKOM BIO NA PARKINGU BOLNICE \u2013 FOTO"},"content":{"rendered":"<p><a href=\"https:\/\/www.prijedordanas.com\/wp-content\/uploads\/2016\/06\/napad-nozem-parking-bolnice-1.jpg\" rel=\"attachment wp-att-53135\"><img loading=\"lazy\" decoding=\"async\" src=\"https:\/\/www.prijedordanas.com\/wp-content\/uploads\/2016\/06\/napad-nozem-parking-bolnice-1-235x300.jpg\" alt=\"napad nozem-parking bolnice (1)\" width=\"235\" height=\"300\" class=\"alignleft size-medium wp-image-53135\" srcset=\"https:\/\/www.prijedordanas.com\/wp-content\/uploads\/2016\/06\/napad-nozem-parking-bolnice-1-235x300.jpg 235w, https:\/\/www.prijedordanas.com\/wp-content\/uploads\/2016\/06\/napad-nozem-parking-bolnice-1.jpg 627w\" sizes=\"(max-width: 235px) 100vw, 235px\" \/><\/a>Prijedor\u010danina V.P. jutros je oko dva sata no\u017eem napala nepoznata osoba dok je na parkingu bolnice bio u automobilu s djevojkom.<\/p>\n<p>On je u napadu zadobio nekoliko ubodnih rana u predjelu nogu i trenutno se nalazi na Odjelu hirurgije u bolnici u Prijedoru.<\/p>\n<p>Prema informacijama iz policije van \u017eivotne je opasnosti.<\/p>\n<p>U toku je uvi\u0111aj, a kako nezvani\u010dno saznajemo policiji je poznat i identitet napada\u010da.<\/p>\n<p>Nakon uvi\u0111aja i krim obrade osumnji\u010denog za napad bit \u0107e poznato i vi\u0161e detalja o slu\u010daju, kao i o motivu zbog kojeg je V.P. napadnut, re\u010deno je u CJB Prijedor.<\/p>\n<p>Dnevni avaz<br \/>\nFoto \u2013 Aleksandar Drakuli\u0107 \u2013 <a href=\"www.prijedordanas.com\" target=\"_blank\">www.prijedordanas.com<\/a><\/p>\n<p><iframe loading=\"lazy\" width=\"500\" height=\"375\" src=\"https:\/\/www.youtube.com\/embed\/Uz3uGt4RIAc?feature=oembed\" frameborder=\"0\" allowfullscreen><\/iframe><\/p>\n<p><a href=\"https:\/\/www.prijedordanas.com\/wp-content\/uploads\/2016\/06\/napad-nozem-parking-bolnice-2.jpg\" rel=\"attachment wp-att-53136\"><img loading=\"lazy\" decoding=\"async\" src=\"https:\/\/www.prijedordanas.com\/wp-content\/uploads\/2016\/06\/napad-nozem-parking-bolnice-2-300x199.jpg\" alt=\"napad nozem-parking bolnice (2)\" width=\"300\" height=\"199\" class=\"alignleft size-medium wp-image-53136\" srcset=\"https:\/\/www.prijedordanas.com\/wp-content\/uploads\/2016\/06\/napad-nozem-parking-bolnice-2-300x200.jpg 300w, https:\/\/www.prijedordanas.com\/wp-content\/uploads\/2016\/06\/napad-nozem-parking-bolnice-2-480x320.jpg 480w, https:\/\/www.prijedordanas.com\/wp-content\/uploads\/2016\/06\/napad-nozem-parking-bolnice-2.jpg 600w\" sizes=\"(max-width: 300px) 100vw, 300px\" \/><\/a> <a href=\"https:\/\/www.prijedordanas.com\/wp-content\/uploads\/2016\/06\/napad-nozem-parking-bolnice-3.jpg\" rel=\"attachment wp-att-53137\"><img loading=\"lazy\" decoding=\"async\" src=\"https:\/\/www.prijedordanas.com\/wp-content\/uploads\/2016\/06\/napad-nozem-parking-bolnice-3-300x199.jpg\" alt=\"napad nozem-parking bolnice (3)\" width=\"300\" height=\"199\" class=\"alignleft size-medium wp-image-53137\" srcset=\"https:\/\/www.prijedordanas.com\/wp-content\/uploads\/2016\/06\/napad-nozem-parking-bolnice-3-300x200.jpg 300w, https:\/\/www.prijedordanas.com\/wp-content\/uploads\/2016\/06\/napad-nozem-parking-bolnice-3-480x320.jpg 480w, https:\/\/www.prijedordanas.com\/wp-content\/uploads\/2016\/06\/napad-nozem-parking-bolnice-3.jpg 600w\" sizes=\"(max-width: 300px) 100vw, 300px\" \/><\/a> <a href=\"https:\/\/www.prijedordanas.com\/wp-content\/uploads\/2016\/06\/napad-nozem-parking-bolnice-4.jpg\" rel=\"attachment wp-att-53138\"><img loading=\"lazy\" decoding=\"async\" src=\"https:\/\/www.prijedordanas.com\/wp-content\/uploads\/2016\/06\/napad-nozem-parking-bolnice-4-300x199.jpg\" alt=\"napad nozem-parking bolnice (4)\" width=\"300\" height=\"199\" class=\"alignleft size-medium wp-image-53138\" srcset=\"https:\/\/www.prijedordanas.com\/wp-content\/uploads\/2016\/06\/napad-nozem-parking-bolnice-4-300x200.jpg 300w, https:\/\/www.prijedordanas.com\/wp-content\/uploads\/2016\/06\/napad-nozem-parking-bolnice-4-480x320.jpg 480w, https:\/\/www.prijedordanas.com\/wp-content\/uploads\/2016\/06\/napad-nozem-parking-bolnice-4.jpg 600w\" sizes=\"(max-width: 300px) 100vw, 300px\" \/><\/a> <a href=\"https:\/\/www.prijedordanas.com\/wp-content\/uploads\/2016\/06\/napad-nozem-parking-bolnice-5.jpg\" rel=\"attachment wp-att-53139\"><img loading=\"lazy\" decoding=\"async\" src=\"https:\/\/www.prijedordanas.com\/wp-content\/uploads\/2016\/06\/napad-nozem-parking-bolnice-5-300x199.jpg\" alt=\"napad nozem-parking bolnice (5)\" width=\"300\" height=\"199\" class=\"alignleft size-medium wp-image-53139\" srcset=\"https:\/\/www.prijedordanas.com\/wp-content\/uploads\/2016\/06\/napad-nozem-parking-bolnice-5-300x200.jpg 300w, https:\/\/www.prijedordanas.com\/wp-content\/uploads\/2016\/06\/napad-nozem-parking-bolnice-5-480x320.jpg 480w, https:\/\/www.prijedordanas.com\/wp-content\/uploads\/2016\/06\/napad-nozem-parking-bolnice-5.jpg 600w\" sizes=\"(max-width: 300px) 100vw, 300px\" \/><\/a><\/p>\n","protected":false},"excerpt":{"rendered":"<p>Prijedor\u010danina V.P. jutros je oko dva sata no\u017eem napala nepoznata osoba dok je na parkingu bolnice bio u automobilu s djevojkom. On je u napadu zadobio nekoliko ubodnih rana u [&hellip;]<\/p>\n","protected":false},"author":1,"featured_media":0,"comment_status":"closed","ping_status":"open","sticky":false,"template":"","format":"standard","meta":{"_monsterinsights_skip_tracking":false,"_monsterinsights_sitenote_active":false,"_monsterinsights_sitenote_note":"","_monsterinsights_sitenote_category":0,"footnotes":""},"categories":[5],"tags":[38,967],"yoast_head":"<!-- This site is optimized with the Yoast SEO plugin v21.6 - https:\/\/yoast.com\/wordpress\/plugins\/seo\/ -->\n<title>DRAMA U PRIJEDORU: IZBODEN NO\u017dEM DOK JE SA DJEVOJKOM BIO NA PARKINGU BOLNICE \u2013 FOTO - PrijedorDanas.com - Prijedorski gradski portal<\/title>\n<meta name=\"robots\" content=\"index, follow, max-snippet:-1, max-image-preview:large, max-video-preview:-1\" \/>\n<link rel=\"canonical\" href=\"https:\/\/www.prijedordanas.com\/?p=53134\" \/>\n<meta property=\"og:locale\" content=\"en_US\" \/>\n<meta property=\"og:type\" content=\"article\" \/>\n<meta property=\"og:title\" content=\"DRAMA U PRIJEDORU: IZBODEN NO\u017dEM DOK JE SA DJEVOJKOM BIO NA PARKINGU BOLNICE \u2013 FOTO - PrijedorDanas.com - Prijedorski gradski portal\" \/>\n<meta property=\"og:description\" content=\"Prijedor\u010danina V.P. jutros je oko dva sata no\u017eem napala nepoznata osoba dok je na parkingu bolnice bio u automobilu s djevojkom. On je u napadu zadobio nekoliko ubodnih rana u [&hellip;]\" \/>\n<meta property=\"og:url\" content=\"https:\/\/www.prijedordanas.com\/?p=53134\" \/>\n<meta property=\"og:site_name\" content=\"PrijedorDanas.com - Prijedorski gradski portal\" \/>\n<meta property=\"article:publisher\" content=\"https:\/\/www.facebook.com\/PrijedorDanasCom\/\" \/>\n<meta property=\"article:published_time\" content=\"2016-06-15T08:34:16+00:00\" \/>\n<meta property=\"article:modified_time\" content=\"2016-06-15T16:55:51+00:00\" \/>\n<meta property=\"og:image\" content=\"https:\/\/www.prijedordanas.com\/wp-content\/uploads\/2016\/06\/napad-nozem-parking-bolnice-1-235x300.jpg\" \/>\n<meta name=\"author\" content=\"admin\" \/>\n<meta name=\"twitter:card\" content=\"summary_large_image\" \/>\n<meta name=\"twitter:label1\" content=\"Written by\" \/>\n\t<meta name=\"twitter:data1\" content=\"admin\" \/>\n\t<meta name=\"twitter:label2\" content=\"Est. reading time\" \/>\n\t<meta name=\"twitter:data2\" content=\"1 minute\" \/>\n<script type=\"application\/ld+json\" class=\"yoast-schema-graph\">{\"@context\":\"https:\/\/schema.org\",\"@graph\":[{\"@type\":\"Article\",\"@id\":\"https:\/\/www.prijedordanas.com\/?p=53134#article\",\"isPartOf\":{\"@id\":\"https:\/\/www.prijedordanas.com\/?p=53134\"},\"author\":{\"name\":\"admin\",\"@id\":\"https:\/\/www.prijedordanas.com\/#\/schema\/person\/4e08ccf29b506ca916ff86d46bb700e6\"},\"headline\":\"DRAMA U PRIJEDORU: IZBODEN NO\u017dEM DOK JE SA DJEVOJKOM BIO NA PARKINGU BOLNICE \u2013 FOTO\",\"datePublished\":\"2016-06-15T08:34:16+00:00\",\"dateModified\":\"2016-06-15T16:55:51+00:00\",\"mainEntityOfPage\":{\"@id\":\"https:\/\/www.prijedordanas.com\/?p=53134\"},\"wordCount\":136,\"publisher\":{\"@id\":\"https:\/\/www.prijedordanas.com\/#organization\"},\"keywords\":[\"CJB Prijedor\",\"napad\"],\"articleSection\":[\"Hronika\"],\"inLanguage\":\"en-US\"},{\"@type\":\"WebPage\",\"@id\":\"https:\/\/www.prijedordanas.com\/?p=53134\",\"url\":\"https:\/\/www.prijedordanas.com\/?p=53134\",\"name\":\"DRAMA U PRIJEDORU: IZBODEN NO\u017dEM DOK JE SA DJEVOJKOM BIO NA PARKINGU BOLNICE \u2013 FOTO - PrijedorDanas.com - Prijedorski gradski portal\",\"isPartOf\":{\"@id\":\"https:\/\/www.prijedordanas.com\/#website\"},\"datePublished\":\"2016-06-15T08:34:16+00:00\",\"dateModified\":\"2016-06-15T16:55:51+00:00\",\"breadcrumb\":{\"@id\":\"https:\/\/www.prijedordanas.com\/?p=53134#breadcrumb\"},\"inLanguage\":\"en-US\",\"potentialAction\":[{\"@type\":\"ReadAction\",\"target\":[\"https:\/\/www.prijedordanas.com\/?p=53134\"]}]},{\"@type\":\"BreadcrumbList\",\"@id\":\"https:\/\/www.prijedordanas.com\/?p=53134#breadcrumb\",\"itemListElement\":[{\"@type\":\"ListItem\",\"position\":1,\"name\":\"Home\",\"item\":\"https:\/\/www.prijedordanas.com\/\"},{\"@type\":\"ListItem\",\"position\":2,\"name\":\"DRAMA U PRIJEDORU: IZBODEN NO\u017dEM DOK JE SA DJEVOJKOM BIO NA PARKINGU BOLNICE \u2013 FOTO\"}]},{\"@type\":\"WebSite\",\"@id\":\"https:\/\/www.prijedordanas.com\/#website\",\"url\":\"https:\/\/www.prijedordanas.com\/\",\"name\":\"PrijedorDanas.com - Prijedorski gradski portal\",\"description\":\"Portal o doga\u0111anjima u gradu Prijedoru\",\"publisher\":{\"@id\":\"https:\/\/www.prijedordanas.com\/#organization\"},\"potentialAction\":[{\"@type\":\"SearchAction\",\"target\":{\"@type\":\"EntryPoint\",\"urlTemplate\":\"https:\/\/www.prijedordanas.com\/?s={search_term_string}\"},\"query-input\":\"required name=search_term_string\"}],\"inLanguage\":\"en-US\"},{\"@type\":\"Organization\",\"@id\":\"https:\/\/www.prijedordanas.com\/#organization\",\"name\":\"PrijedorDanas.com\",\"url\":\"https:\/\/www.prijedordanas.com\/\",\"logo\":{\"@type\":\"ImageObject\",\"inLanguage\":\"en-US\",\"@id\":\"https:\/\/www.prijedordanas.com\/#\/schema\/logo\/image\/\",\"url\":\"http:\/\/www.prijedordanas.com\/wp-content\/uploads\/2021\/12\/logopng.png\",\"contentUrl\":\"http:\/\/www.prijedordanas.com\/wp-content\/uploads\/2021\/12\/logopng.png\",\"width\":1019,\"height\":776,\"caption\":\"PrijedorDanas.com\"},\"image\":{\"@id\":\"https:\/\/www.prijedordanas.com\/#\/schema\/logo\/image\/\"},\"sameAs\":[\"https:\/\/www.facebook.com\/PrijedorDanasCom\/\"]},{\"@type\":\"Person\",\"@id\":\"https:\/\/www.prijedordanas.com\/#\/schema\/person\/4e08ccf29b506ca916ff86d46bb700e6\",\"name\":\"admin\",\"image\":{\"@type\":\"ImageObject\",\"inLanguage\":\"en-US\",\"@id\":\"https:\/\/www.prijedordanas.com\/#\/schema\/person\/image\/\",\"url\":\"https:\/\/secure.gravatar.com\/avatar\/1d3fc949d550f0b53a5f0d51e06dfd79?s=96&d=mm&r=g\",\"contentUrl\":\"https:\/\/secure.gravatar.com\/avatar\/1d3fc949d550f0b53a5f0d51e06dfd79?s=96&d=mm&r=g\",\"caption\":\"admin\"},\"url\":\"https:\/\/www.prijedordanas.com\/?author=1\"}]}<\/script>\n<!-- \/ Yoast SEO plugin. -->","yoast_head_json":{"title":"DRAMA U PRIJEDORU: IZBODEN NO\u017dEM DOK JE SA DJEVOJKOM BIO NA PARKINGU BOLNICE \u2013 FOTO - PrijedorDanas.com - Prijedorski gradski portal","robots":{"index":"index","follow":"follow","max-snippet":"max-snippet:-1","max-image-preview":"max-image-preview:large","max-video-preview":"max-video-preview:-1"},"canonical":"https:\/\/www.prijedordanas.com\/?p=53134","og_locale":"en_US","og_type":"article","og_title":"DRAMA U PRIJEDORU: IZBODEN NO\u017dEM DOK JE SA DJEVOJKOM BIO NA PARKINGU BOLNICE \u2013 FOTO - PrijedorDanas.com - Prijedorski gradski portal","og_description":"Prijedor\u010danina V.P. jutros je oko dva sata no\u017eem napala nepoznata osoba dok je na parkingu bolnice bio u automobilu s djevojkom. On je u napadu zadobio nekoliko ubodnih rana u [&hellip;]","og_url":"https:\/\/www.prijedordanas.com\/?p=53134","og_site_name":"PrijedorDanas.com - Prijedorski gradski portal","article_publisher":"https:\/\/www.facebook.com\/PrijedorDanasCom\/","article_published_time":"2016-06-15T08:34:16+00:00","article_modified_time":"2016-06-15T16:55:51+00:00","og_image":[{"url":"https:\/\/www.prijedordanas.com\/wp-content\/uploads\/2016\/06\/napad-nozem-parking-bolnice-1-235x300.jpg"}],"author":"admin","twitter_card":"summary_large_image","twitter_misc":{"Written by":"admin","Est. reading time":"1 minute"},"schema":{"@context":"https:\/\/schema.org","@graph":[{"@type":"Article","@id":"https:\/\/www.prijedordanas.com\/?p=53134#article","isPartOf":{"@id":"https:\/\/www.prijedordanas.com\/?p=53134"},"author":{"name":"admin","@id":"https:\/\/www.prijedordanas.com\/#\/schema\/person\/4e08ccf29b506ca916ff86d46bb700e6"},"headline":"DRAMA U PRIJEDORU: IZBODEN NO\u017dEM DOK JE SA DJEVOJKOM BIO NA PARKINGU BOLNICE \u2013 FOTO","datePublished":"2016-06-15T08:34:16+00:00","dateModified":"2016-06-15T16:55:51+00:00","mainEntityOfPage":{"@id":"https:\/\/www.prijedordanas.com\/?p=53134"},"wordCount":136,"publisher":{"@id":"https:\/\/www.prijedordanas.com\/#organization"},"keywords":["CJB Prijedor","napad"],"articleSection":["Hronika"],"inLanguage":"en-US"},{"@type":"WebPage","@id":"https:\/\/www.prijedordanas.com\/?p=53134","url":"https:\/\/www.prijedordanas.com\/?p=53134","name":"DRAMA U PRIJEDORU: IZBODEN NO\u017dEM DOK JE SA DJEVOJKOM BIO NA PARKINGU BOLNICE \u2013 FOTO - PrijedorDanas.com - Prijedorski gradski portal","isPartOf":{"@id":"https:\/\/www.prijedordanas.com\/#website"},"datePublished":"2016-06-15T08:34:16+00:00","dateModified":"2016-06-15T16:55:51+00:00","breadcrumb":{"@id":"https:\/\/www.prijedordanas.com\/?p=53134#breadcrumb"},"inLanguage":"en-US","potentialAction":[{"@type":"ReadAction","target":["https:\/\/www.prijedordanas.com\/?p=53134"]}]},{"@type":"BreadcrumbList","@id":"https:\/\/www.prijedordanas.com\/?p=53134#breadcrumb","itemListElement":[{"@type":"ListItem","position":1,"name":"Home","item":"https:\/\/www.prijedordanas.com\/"},{"@type":"ListItem","position":2,"name":"DRAMA U PRIJEDORU: IZBODEN NO\u017dEM DOK JE SA DJEVOJKOM BIO NA PARKINGU BOLNICE \u2013 FOTO"}]},{"@type":"WebSite","@id":"https:\/\/www.prijedordanas.com\/#website","url":"https:\/\/www.prijedordanas.com\/","name":"PrijedorDanas.com - Prijedorski gradski portal","description":"Portal o doga\u0111anjima u gradu Prijedoru","publisher":{"@id":"https:\/\/www.prijedordanas.com\/#organization"},"potentialAction":[{"@type":"SearchAction","target":{"@type":"EntryPoint","urlTemplate":"https:\/\/www.prijedordanas.com\/?s={search_term_string}"},"query-input":"required name=search_term_string"}],"inLanguage":"en-US"},{"@type":"Organization","@id":"https:\/\/www.prijedordanas.com\/#organization","name":"PrijedorDanas.com","url":"https:\/\/www.prijedordanas.com\/","logo":{"@type":"ImageObject","inLanguage":"en-US","@id":"https:\/\/www.prijedordanas.com\/#\/schema\/logo\/image\/","url":"http:\/\/www.prijedordanas.com\/wp-content\/uploads\/2021\/12\/logopng.png","contentUrl":"http:\/\/www.prijedordanas.com\/wp-content\/uploads\/2021\/12\/logopng.png","width":1019,"height":776,"caption":"PrijedorDanas.com"},"image":{"@id":"https:\/\/www.prijedordanas.com\/#\/schema\/logo\/image\/"},"sameAs":["https:\/\/www.facebook.com\/PrijedorDanasCom\/"]},{"@type":"Person","@id":"https:\/\/www.prijedordanas.com\/#\/schema\/person\/4e08ccf29b506ca916ff86d46bb700e6","name":"admin","image":{"@type":"ImageObject","inLanguage":"en-US","@id":"https:\/\/www.prijedordanas.com\/#\/schema\/person\/image\/","url":"https:\/\/secure.gravatar.com\/avatar\/1d3fc949d550f0b53a5f0d51e06dfd79?s=96&d=mm&r=g","contentUrl":"https:\/\/secure.gravatar.com\/avatar\/1d3fc949d550f0b53a5f0d51e06dfd79?s=96&d=mm&r=g","caption":"admin"},"url":"https:\/\/www.prijedordanas.com\/?author=1"}]}},"_links":{"self":[{"href":"https:\/\/www.prijedordanas.com\/index.php?rest_route=\/wp\/v2\/posts\/53134"}],"collection":[{"href":"https:\/\/www.prijedordanas.com\/index.php?rest_route=\/wp\/v2\/posts"}],"about":[{"href":"https:\/\/www.prijedordanas.com\/index.php?rest_route=\/wp\/v2\/types\/post"}],"author":[{"embeddable":true,"href":"https:\/\/www.prijedordanas.com\/index.php?rest_route=\/wp\/v2\/users\/1"}],"replies":[{"embeddable":true,"href":"https:\/\/www.prijedordanas.com\/index.php?rest_route=%2Fwp%2Fv2%2Fcomments&post=53134"}],"version-history":[{"count":2,"href":"https:\/\/www.prijedordanas.com\/index.php?rest_route=\/wp\/v2\/posts\/53134\/revisions"}],"predecessor-version":[{"id":53169,"href":"https:\/\/www.prijedordanas.com\/index.php?rest_route=\/wp\/v2\/posts\/53134\/revisions\/53169"}],"wp:attachment":[{"href":"https:\/\/www.prijedordanas.com\/index.php?rest_route=%2Fwp%2Fv2%2Fmedia&parent=53134"}],"wp:term":[{"taxonomy":"category","embeddable":true,"href":"https:\/\/www.prijedordanas.com\/index.php?rest_route=%2Fwp%2Fv2%2Fcategories&post=53134"},{"taxonomy":"post_tag","embeddable":true,"href":"https:\/\/www.prijedordanas.com\/index.php?rest_route=%2Fwp%2Fv2%2Ftags&post=53134"}],"curies":[{"name":"wp","href":"https:\/\/api.w.org\/{rel}","templated":true}]}}