{"id":52832,"date":"2016-06-12T09:31:10","date_gmt":"2016-06-12T07:31:10","guid":{"rendered":"https:\/\/www.prijedordanas.com\/?p=52832"},"modified":"2016-06-12T09:31:10","modified_gmt":"2016-06-12T07:31:10","slug":"kadetska-reprezentacija-rs-u-finalu-turnira-stevan-nesticki-prijedorcanin-miljan-pavlovic-obecava-pobjedu","status":"publish","type":"post","link":"https:\/\/www.prijedordanas.com\/?p=52832","title":{"rendered":"KADETSKA REPREZENTACIJA RS U FINALU TURNIRA \u201eSTEVAN NE\u0160TICKI\u201c: PRIJEDOR\u010cANIN MILJAN PAVLOVI\u0106 OBE\u0106AVA POBJEDU"},"content":{"rendered":"<p><a href=\"https:\/\/www.prijedordanas.com\/wp-content\/uploads\/2016\/06\/kadetska-reprezentacija-rs.jpg\" rel=\"attachment wp-att-52833\"><img loading=\"lazy\" decoding=\"async\" src=\"https:\/\/www.prijedordanas.com\/wp-content\/uploads\/2016\/06\/kadetska-reprezentacija-rs-300x225.jpg\" alt=\"kadetska reprezentacija rs\" width=\"300\" height=\"225\" class=\"alignleft size-medium wp-image-52833\" srcset=\"https:\/\/www.prijedordanas.com\/wp-content\/uploads\/2016\/06\/kadetska-reprezentacija-rs-300x225.jpg 300w, https:\/\/www.prijedordanas.com\/wp-content\/uploads\/2016\/06\/kadetska-reprezentacija-rs.jpg 500w\" sizes=\"(max-width: 300px) 100vw, 300px\" \/><\/a>Kadetska reprezentacija Republike Srpske sa ubjedljivih 3:0 pobijedila je vr\u0161njake iz Crvene zvezde u prvom nastupu u okviru grupe \u201eA\u201c 34. tradicionalnog memorijalnog turnira \u201eStevan Ne\u0161ticki\u201c.<\/p>\n<p>Izabranici selektora Zlatka \u0408elisavca su na taj na\u010din napravili veliki korak ka plasmanu u finale ove presti\u017ene smotre omladinskog fudbala u Novom Sadu, jer im u drugom me\u010du koji se igra od 17.30 \u010dasova protiv Va\u0161a\u0161a iz \u041ca\u0111arske odgovara \u010dak i poraz, ali ne sa vi\u0161e od dva gola razlike.<\/p>\n<p>Sva tri pogotka za Republiku Srpsku na utakmici protiv Crvene zvezde postigao je fudbaler banjalu\u010dkog \u017deljezni\u010dara Bojan \u041carkovi\u0107 i to u 20, 35. i 48. minutu. Reprezentacija Republike Srpske propustila je veliki broj izglednih \u0161ansi, pa je rezultat moga i da bude ubjedljiviji. Nakon utakmice Beogra\u0111ani su \u010destitali rivalu zaslu\u017eenu pobjedu.<\/p>\n<p>Utakmicu u Novom Sadu su posmatrali i predsjednik Fudbalskog saveza Republike Srpske \u041cile Kova\u010devi\u0107, generalni sekretar Rodoljub Petkovi\u0107 i \u010dlan Izvr\u0161nog odbora Dragan Banjac.<\/p>\n<p>Republika Srpska &#8211; Crvena zvezda      3:0 (2:0)<br \/>\nSportski centar \u201eVujdain Bo\u0161kov\u201c<br \/>\nGledalaca: 100<br \/>\nSudija: Nenad \u041cinakovi\u0107 (Novi Sad)<br \/>\nStrijelac: 1:0 \u041carkovi\u0107 (20), 2:0 \u041carkovi\u0107 (35), 3:0 \u041carkovi\u0107 (48)<br \/>\n\u017duti kartoni: \u0408agodi\u0107, Bambura\u0107, Dragutinovi\u0107 (Republika Srpska), Toma\u0161evi\u0107 (Crvena zvezda)<\/p>\n<p>REPUBLIKA SRPSKA:<br \/>\n\u0408ovi\u010di\u0107, Pavlovi\u0107, \u041candi\u0107, Grahovac, \u0160aula, \u0408agodi\u0107, Bambura\u0107, Asenti\u0107, \u041carkovi\u0107, Danilovi\u0107, Dragutinovi\u0107 \u0408o\u0161 su igrali: \u041caksimovi\u0107, Vidovi\u0107, Radi\u0107, Brki\u0107, \u017divanovi\u0107, Trifkovi\u0107<br \/>\nSelektor: Zlatko \u0408elisavac<\/p>\n<p>CRVENA ZVEZDA:<br \/>\n\u041cilovi\u0107, Bogdanovi\u0107, \u0408oki\u0107, Nikoli\u0107, \u041caksi\u0107, Raki\u0107, Peri\u0107, Tomac, \u041cihajlovi\u0107, Toma\u0161evi\u0107, Gale\u010di\u0107<br \/>\n\u0408o\u0161 su igrali: Kosti\u0107, Si\u0107ovi\u0107, \u041cilunovi\u0107<br \/>\nTrener: Ognjen Koroman<\/p>\n<p>Izabranici selektora Zlatka \u0408elisavca u drugoj utakmici \u201eA\u201c grupe presti\u010dnog turnira internacionalnog karaktera remizirali su 1:1 protiv ma\u0111arskog Va\u0161a\u0161a i na taj na\u010din povrdili briljantnu pobjedu (3:0) nad Crvenom zvezdom i osvojili prvu poziciju u grupi.<\/p>\n<p>Povale je ekipa Va\u0161a\u0161a u 31. minutu golom Bence Baranjija, a izjedna\u010duju\u0107i gol protiv Va\u0161a\u0161a postigao je Nemanja Dragutinovi\u0107 u fini\u0161u utakmice. Pored postignutog gola junak susreta protiv Crvene zvezde Bojan \u041carkovi\u0107 je propustio izglednu \u0161ansu u prvom poluvremenu, a u nastavku susreta do izjedna\u010duju\u0107eg gola Republika Srpska je imala nekoliko zrelih prilika za gol.<\/p>\n<p>Republika Srpska &#8211; Va\u0161a\u0161         1:1 (0:1)<br \/>\nSportski centar \u201eVujadin Bo\u0161kov\u201c<br \/>\nGledalaca: 100<br \/>\nSudija: \u041carko Gnjatovi\u0107 (Novi Sad)<br \/>\nStrijelci: 0:1 Baranji (31), 1:1 Dragutinovi\u0107 (67)<\/p>\n<p>REPUBLIKA SRRPSKA:<br \/>\n\u0408ovi\u010di\u0107, Pavlovi\u0107, \u041candi\u0107, Grahovac, \u0160aula, \u0408agodi\u0107, Bambura\u0107, Asenti\u0107, \u041carkovi\u0107, Danilovi\u0107, \u041caksimovi\u0107 \u0408o\u0161 su igrali: Guzijan, Dragutinovi\u0107, Radi\u0107, Brki\u0107, Trifkovi\u0107, \u017divanovi\u0107, Vidovi\u0107<br \/>\nSelektor: Zlatko \u0408elisavac<\/p>\n<p>VA\u0160A\u0160:<br \/>\nTomori, B. Sabo, Taka\u010d, \u010cibra, Dolhai, Delea, Filipovi\u0107, Rabatin, Baranji, Gal, R. Sabo<br \/>\n\u0408o\u0161 su igrali: \u0110or\u0111i, Rakos, Rat, Eros, Ardai<br \/>\nTrener: \u017dolt Bence<\/p>\n<p>Pavlovi\u0107: Ubra\u0107emo \u201elale\u201c u finalu<\/p>\n<p>\u041ciljan Pavlovi\u0107, defanzivac Rudar-Prijedora i kadetske reprezentacije Republike Srpske bio je jedan od najzapa\u017eenijih u susretu protiv Va\u0161a\u0161a (1:1).<\/p>\n<p>\u041ca\u0111ari su naizgled bili lak\u0161i protivnik od Zvezde, a istpostavilo se mnogo te\u017ea utakmica je bila protiv njih nego sa Zvezdom. Ipak, na kraju Republika Srpska je ostvarila cilj, plasirala se u finale 34. memorijalnog turnira \u201eStevan Ne\u0161ticki\u201c u Novom Sadu.<\/p>\n<p>-Protivnik u finalu i za veliki pobjedni\u010dki pehar nam je doma\u0107in, Vojvodina. Ubra\u0107emo \u201elale\u201c u finalu i, nadam se, ponijeti ku\u0107i pehar koji je pro\u0161le godine krasio vitrine beogradskog Partizana. To je na\u0161 san kojeg sanjamo i nadam se da \u0107emo ga dosanjati. Republika Srpska se u Novom Sadu pokazala u svijetlom izdanju &#8211; rekao je \u041ciljan Pavlovi\u0107, desni bek reprezentacije Republike Srpske.<\/p>\n<p>FSRS<\/p>\n","protected":false},"excerpt":{"rendered":"<p>Kadetska reprezentacija Republike Srpske sa ubjedljivih 3:0 pobijedila je vr\u0161njake iz Crvene zvezde u prvom nastupu u okviru grupe \u201eA\u201c 34. tradicionalnog memorijalnog turnira \u201eStevan Ne\u0161ticki\u201c. Izabranici selektora Zlatka \u0408elisavca [&hellip;]<\/p>\n","protected":false},"author":1,"featured_media":0,"comment_status":"closed","ping_status":"open","sticky":false,"template":"","format":"standard","meta":{"_monsterinsights_skip_tracking":false,"_monsterinsights_sitenote_active":false,"_monsterinsights_sitenote_note":"","_monsterinsights_sitenote_category":0,"footnotes":""},"categories":[7],"tags":[80,7259,8094,1482],"yoast_head":"<!-- This site is optimized with the Yoast SEO plugin v21.6 - https:\/\/yoast.com\/wordpress\/plugins\/seo\/ -->\n<title>KADETSKA REPREZENTACIJA RS U FINALU TURNIRA \u201eSTEVAN NE\u0160TICKI\u201c: PRIJEDOR\u010cANIN MILJAN PAVLOVI\u0106 OBE\u0106AVA POBJEDU - PrijedorDanas.com - Prijedorski gradski portal<\/title>\n<meta name=\"robots\" content=\"index, follow, max-snippet:-1, max-image-preview:large, max-video-preview:-1\" \/>\n<link rel=\"canonical\" href=\"https:\/\/www.prijedordanas.com\/?p=52832\" \/>\n<meta property=\"og:locale\" content=\"en_US\" \/>\n<meta property=\"og:type\" content=\"article\" \/>\n<meta property=\"og:title\" content=\"KADETSKA REPREZENTACIJA RS U FINALU TURNIRA \u201eSTEVAN NE\u0160TICKI\u201c: PRIJEDOR\u010cANIN MILJAN PAVLOVI\u0106 OBE\u0106AVA POBJEDU - PrijedorDanas.com - Prijedorski gradski portal\" \/>\n<meta property=\"og:description\" content=\"Kadetska reprezentacija Republike Srpske sa ubjedljivih 3:0 pobijedila je vr\u0161njake iz Crvene zvezde u prvom nastupu u okviru grupe \u201eA\u201c 34. tradicionalnog memorijalnog turnira \u201eStevan Ne\u0161ticki\u201c. Izabranici selektora Zlatka \u0408elisavca [&hellip;]\" \/>\n<meta property=\"og:url\" content=\"https:\/\/www.prijedordanas.com\/?p=52832\" \/>\n<meta property=\"og:site_name\" content=\"PrijedorDanas.com - Prijedorski gradski portal\" \/>\n<meta property=\"article:publisher\" content=\"https:\/\/www.facebook.com\/PrijedorDanasCom\/\" \/>\n<meta property=\"article:published_time\" content=\"2016-06-12T07:31:10+00:00\" \/>\n<meta property=\"og:image\" content=\"https:\/\/www.prijedordanas.com\/wp-content\/uploads\/2016\/06\/kadetska-reprezentacija-rs-300x225.jpg\" \/>\n<meta name=\"author\" content=\"admin\" \/>\n<meta name=\"twitter:card\" content=\"summary_large_image\" \/>\n<meta name=\"twitter:label1\" content=\"Written by\" \/>\n\t<meta name=\"twitter:data1\" content=\"admin\" \/>\n\t<meta name=\"twitter:label2\" content=\"Est. reading time\" \/>\n\t<meta name=\"twitter:data2\" content=\"3 minutes\" \/>\n<script type=\"application\/ld+json\" class=\"yoast-schema-graph\">{\"@context\":\"https:\/\/schema.org\",\"@graph\":[{\"@type\":\"Article\",\"@id\":\"https:\/\/www.prijedordanas.com\/?p=52832#article\",\"isPartOf\":{\"@id\":\"https:\/\/www.prijedordanas.com\/?p=52832\"},\"author\":{\"name\":\"admin\",\"@id\":\"https:\/\/www.prijedordanas.com\/#\/schema\/person\/4e08ccf29b506ca916ff86d46bb700e6\"},\"headline\":\"KADETSKA REPREZENTACIJA RS U FINALU TURNIRA \u201eSTEVAN NE\u0160TICKI\u201c: PRIJEDOR\u010cANIN MILJAN PAVLOVI\u0106 OBE\u0106AVA POBJEDU\",\"datePublished\":\"2016-06-12T07:31:10+00:00\",\"dateModified\":\"2016-06-12T07:31:10+00:00\",\"mainEntityOfPage\":{\"@id\":\"https:\/\/www.prijedordanas.com\/?p=52832\"},\"wordCount\":637,\"publisher\":{\"@id\":\"https:\/\/www.prijedordanas.com\/#organization\"},\"keywords\":[\"fudbal\",\"kadetska reprezentacija Republike Srpske\",\"Miljan Pavlovi\u0107\",\"turnir Stevan Ne\u0161ticki\"],\"articleSection\":[\"Sport\"],\"inLanguage\":\"en-US\"},{\"@type\":\"WebPage\",\"@id\":\"https:\/\/www.prijedordanas.com\/?p=52832\",\"url\":\"https:\/\/www.prijedordanas.com\/?p=52832\",\"name\":\"KADETSKA REPREZENTACIJA RS U FINALU TURNIRA \u201eSTEVAN NE\u0160TICKI\u201c: PRIJEDOR\u010cANIN MILJAN PAVLOVI\u0106 OBE\u0106AVA POBJEDU - PrijedorDanas.com - Prijedorski gradski portal\",\"isPartOf\":{\"@id\":\"https:\/\/www.prijedordanas.com\/#website\"},\"datePublished\":\"2016-06-12T07:31:10+00:00\",\"dateModified\":\"2016-06-12T07:31:10+00:00\",\"breadcrumb\":{\"@id\":\"https:\/\/www.prijedordanas.com\/?p=52832#breadcrumb\"},\"inLanguage\":\"en-US\",\"potentialAction\":[{\"@type\":\"ReadAction\",\"target\":[\"https:\/\/www.prijedordanas.com\/?p=52832\"]}]},{\"@type\":\"BreadcrumbList\",\"@id\":\"https:\/\/www.prijedordanas.com\/?p=52832#breadcrumb\",\"itemListElement\":[{\"@type\":\"ListItem\",\"position\":1,\"name\":\"Home\",\"item\":\"https:\/\/www.prijedordanas.com\/\"},{\"@type\":\"ListItem\",\"position\":2,\"name\":\"KADETSKA REPREZENTACIJA RS U FINALU TURNIRA \u201eSTEVAN NE\u0160TICKI\u201c: PRIJEDOR\u010cANIN MILJAN PAVLOVI\u0106 OBE\u0106AVA POBJEDU\"}]},{\"@type\":\"WebSite\",\"@id\":\"https:\/\/www.prijedordanas.com\/#website\",\"url\":\"https:\/\/www.prijedordanas.com\/\",\"name\":\"PrijedorDanas.com - Prijedorski gradski portal\",\"description\":\"Portal o doga\u0111anjima u gradu Prijedoru\",\"publisher\":{\"@id\":\"https:\/\/www.prijedordanas.com\/#organization\"},\"potentialAction\":[{\"@type\":\"SearchAction\",\"target\":{\"@type\":\"EntryPoint\",\"urlTemplate\":\"https:\/\/www.prijedordanas.com\/?s={search_term_string}\"},\"query-input\":\"required name=search_term_string\"}],\"inLanguage\":\"en-US\"},{\"@type\":\"Organization\",\"@id\":\"https:\/\/www.prijedordanas.com\/#organization\",\"name\":\"PrijedorDanas.com\",\"url\":\"https:\/\/www.prijedordanas.com\/\",\"logo\":{\"@type\":\"ImageObject\",\"inLanguage\":\"en-US\",\"@id\":\"https:\/\/www.prijedordanas.com\/#\/schema\/logo\/image\/\",\"url\":\"http:\/\/www.prijedordanas.com\/wp-content\/uploads\/2021\/12\/logopng.png\",\"contentUrl\":\"http:\/\/www.prijedordanas.com\/wp-content\/uploads\/2021\/12\/logopng.png\",\"width\":1019,\"height\":776,\"caption\":\"PrijedorDanas.com\"},\"image\":{\"@id\":\"https:\/\/www.prijedordanas.com\/#\/schema\/logo\/image\/\"},\"sameAs\":[\"https:\/\/www.facebook.com\/PrijedorDanasCom\/\"]},{\"@type\":\"Person\",\"@id\":\"https:\/\/www.prijedordanas.com\/#\/schema\/person\/4e08ccf29b506ca916ff86d46bb700e6\",\"name\":\"admin\",\"image\":{\"@type\":\"ImageObject\",\"inLanguage\":\"en-US\",\"@id\":\"https:\/\/www.prijedordanas.com\/#\/schema\/person\/image\/\",\"url\":\"https:\/\/secure.gravatar.com\/avatar\/1d3fc949d550f0b53a5f0d51e06dfd79?s=96&d=mm&r=g\",\"contentUrl\":\"https:\/\/secure.gravatar.com\/avatar\/1d3fc949d550f0b53a5f0d51e06dfd79?s=96&d=mm&r=g\",\"caption\":\"admin\"},\"url\":\"https:\/\/www.prijedordanas.com\/?author=1\"}]}<\/script>\n<!-- \/ Yoast SEO plugin. -->","yoast_head_json":{"title":"KADETSKA REPREZENTACIJA RS U FINALU TURNIRA \u201eSTEVAN NE\u0160TICKI\u201c: PRIJEDOR\u010cANIN MILJAN PAVLOVI\u0106 OBE\u0106AVA POBJEDU - PrijedorDanas.com - Prijedorski gradski portal","robots":{"index":"index","follow":"follow","max-snippet":"max-snippet:-1","max-image-preview":"max-image-preview:large","max-video-preview":"max-video-preview:-1"},"canonical":"https:\/\/www.prijedordanas.com\/?p=52832","og_locale":"en_US","og_type":"article","og_title":"KADETSKA REPREZENTACIJA RS U FINALU TURNIRA \u201eSTEVAN NE\u0160TICKI\u201c: PRIJEDOR\u010cANIN MILJAN PAVLOVI\u0106 OBE\u0106AVA POBJEDU - PrijedorDanas.com - Prijedorski gradski portal","og_description":"Kadetska reprezentacija Republike Srpske sa ubjedljivih 3:0 pobijedila je vr\u0161njake iz Crvene zvezde u prvom nastupu u okviru grupe \u201eA\u201c 34. tradicionalnog memorijalnog turnira \u201eStevan Ne\u0161ticki\u201c. Izabranici selektora Zlatka \u0408elisavca [&hellip;]","og_url":"https:\/\/www.prijedordanas.com\/?p=52832","og_site_name":"PrijedorDanas.com - Prijedorski gradski portal","article_publisher":"https:\/\/www.facebook.com\/PrijedorDanasCom\/","article_published_time":"2016-06-12T07:31:10+00:00","og_image":[{"url":"https:\/\/www.prijedordanas.com\/wp-content\/uploads\/2016\/06\/kadetska-reprezentacija-rs-300x225.jpg"}],"author":"admin","twitter_card":"summary_large_image","twitter_misc":{"Written by":"admin","Est. reading time":"3 minutes"},"schema":{"@context":"https:\/\/schema.org","@graph":[{"@type":"Article","@id":"https:\/\/www.prijedordanas.com\/?p=52832#article","isPartOf":{"@id":"https:\/\/www.prijedordanas.com\/?p=52832"},"author":{"name":"admin","@id":"https:\/\/www.prijedordanas.com\/#\/schema\/person\/4e08ccf29b506ca916ff86d46bb700e6"},"headline":"KADETSKA REPREZENTACIJA RS U FINALU TURNIRA \u201eSTEVAN NE\u0160TICKI\u201c: PRIJEDOR\u010cANIN MILJAN PAVLOVI\u0106 OBE\u0106AVA POBJEDU","datePublished":"2016-06-12T07:31:10+00:00","dateModified":"2016-06-12T07:31:10+00:00","mainEntityOfPage":{"@id":"https:\/\/www.prijedordanas.com\/?p=52832"},"wordCount":637,"publisher":{"@id":"https:\/\/www.prijedordanas.com\/#organization"},"keywords":["fudbal","kadetska reprezentacija Republike Srpske","Miljan Pavlovi\u0107","turnir Stevan Ne\u0161ticki"],"articleSection":["Sport"],"inLanguage":"en-US"},{"@type":"WebPage","@id":"https:\/\/www.prijedordanas.com\/?p=52832","url":"https:\/\/www.prijedordanas.com\/?p=52832","name":"KADETSKA REPREZENTACIJA RS U FINALU TURNIRA \u201eSTEVAN NE\u0160TICKI\u201c: PRIJEDOR\u010cANIN MILJAN PAVLOVI\u0106 OBE\u0106AVA POBJEDU - PrijedorDanas.com - Prijedorski gradski portal","isPartOf":{"@id":"https:\/\/www.prijedordanas.com\/#website"},"datePublished":"2016-06-12T07:31:10+00:00","dateModified":"2016-06-12T07:31:10+00:00","breadcrumb":{"@id":"https:\/\/www.prijedordanas.com\/?p=52832#breadcrumb"},"inLanguage":"en-US","potentialAction":[{"@type":"ReadAction","target":["https:\/\/www.prijedordanas.com\/?p=52832"]}]},{"@type":"BreadcrumbList","@id":"https:\/\/www.prijedordanas.com\/?p=52832#breadcrumb","itemListElement":[{"@type":"ListItem","position":1,"name":"Home","item":"https:\/\/www.prijedordanas.com\/"},{"@type":"ListItem","position":2,"name":"KADETSKA REPREZENTACIJA RS U FINALU TURNIRA \u201eSTEVAN NE\u0160TICKI\u201c: PRIJEDOR\u010cANIN MILJAN PAVLOVI\u0106 OBE\u0106AVA POBJEDU"}]},{"@type":"WebSite","@id":"https:\/\/www.prijedordanas.com\/#website","url":"https:\/\/www.prijedordanas.com\/","name":"PrijedorDanas.com - Prijedorski gradski portal","description":"Portal o doga\u0111anjima u gradu Prijedoru","publisher":{"@id":"https:\/\/www.prijedordanas.com\/#organization"},"potentialAction":[{"@type":"SearchAction","target":{"@type":"EntryPoint","urlTemplate":"https:\/\/www.prijedordanas.com\/?s={search_term_string}"},"query-input":"required name=search_term_string"}],"inLanguage":"en-US"},{"@type":"Organization","@id":"https:\/\/www.prijedordanas.com\/#organization","name":"PrijedorDanas.com","url":"https:\/\/www.prijedordanas.com\/","logo":{"@type":"ImageObject","inLanguage":"en-US","@id":"https:\/\/www.prijedordanas.com\/#\/schema\/logo\/image\/","url":"http:\/\/www.prijedordanas.com\/wp-content\/uploads\/2021\/12\/logopng.png","contentUrl":"http:\/\/www.prijedordanas.com\/wp-content\/uploads\/2021\/12\/logopng.png","width":1019,"height":776,"caption":"PrijedorDanas.com"},"image":{"@id":"https:\/\/www.prijedordanas.com\/#\/schema\/logo\/image\/"},"sameAs":["https:\/\/www.facebook.com\/PrijedorDanasCom\/"]},{"@type":"Person","@id":"https:\/\/www.prijedordanas.com\/#\/schema\/person\/4e08ccf29b506ca916ff86d46bb700e6","name":"admin","image":{"@type":"ImageObject","inLanguage":"en-US","@id":"https:\/\/www.prijedordanas.com\/#\/schema\/person\/image\/","url":"https:\/\/secure.gravatar.com\/avatar\/1d3fc949d550f0b53a5f0d51e06dfd79?s=96&d=mm&r=g","contentUrl":"https:\/\/secure.gravatar.com\/avatar\/1d3fc949d550f0b53a5f0d51e06dfd79?s=96&d=mm&r=g","caption":"admin"},"url":"https:\/\/www.prijedordanas.com\/?author=1"}]}},"_links":{"self":[{"href":"https:\/\/www.prijedordanas.com\/index.php?rest_route=\/wp\/v2\/posts\/52832"}],"collection":[{"href":"https:\/\/www.prijedordanas.com\/index.php?rest_route=\/wp\/v2\/posts"}],"about":[{"href":"https:\/\/www.prijedordanas.com\/index.php?rest_route=\/wp\/v2\/types\/post"}],"author":[{"embeddable":true,"href":"https:\/\/www.prijedordanas.com\/index.php?rest_route=\/wp\/v2\/users\/1"}],"replies":[{"embeddable":true,"href":"https:\/\/www.prijedordanas.com\/index.php?rest_route=%2Fwp%2Fv2%2Fcomments&post=52832"}],"version-history":[{"count":1,"href":"https:\/\/www.prijedordanas.com\/index.php?rest_route=\/wp\/v2\/posts\/52832\/revisions"}],"predecessor-version":[{"id":52834,"href":"https:\/\/www.prijedordanas.com\/index.php?rest_route=\/wp\/v2\/posts\/52832\/revisions\/52834"}],"wp:attachment":[{"href":"https:\/\/www.prijedordanas.com\/index.php?rest_route=%2Fwp%2Fv2%2Fmedia&parent=52832"}],"wp:term":[{"taxonomy":"category","embeddable":true,"href":"https:\/\/www.prijedordanas.com\/index.php?rest_route=%2Fwp%2Fv2%2Fcategories&post=52832"},{"taxonomy":"post_tag","embeddable":true,"href":"https:\/\/www.prijedordanas.com\/index.php?rest_route=%2Fwp%2Fv2%2Ftags&post=52832"}],"curies":[{"name":"wp","href":"https:\/\/api.w.org\/{rel}","templated":true}]}}