{"id":52703,"date":"2016-06-10T10:18:36","date_gmt":"2016-06-10T08:18:36","guid":{"rendered":"https:\/\/www.prijedordanas.com\/?p=52703"},"modified":"2016-06-10T10:18:36","modified_gmt":"2016-06-10T08:18:36","slug":"pocinje-kulturno-zabavni-karavan-selo-veselo-2016-miska-glava-prvi-domacin","status":"publish","type":"post","link":"https:\/\/www.prijedordanas.com\/?p=52703","title":{"rendered":"PO\u010cINJE KULTURNO-ZABAVNI KARAVAN \u201eSELO VESELO 2016\u201c:  MISKA GLAVA PRVI DOMA\u0106IN"},"content":{"rendered":"<p><a href=\"https:\/\/www.prijedordanas.com\/wp-content\/uploads\/2016\/06\/selo-veselo-2016-miska-glava-plakat.jpg\" rel=\"attachment wp-att-52704\"><img loading=\"lazy\" decoding=\"async\" src=\"https:\/\/www.prijedordanas.com\/wp-content\/uploads\/2016\/06\/selo-veselo-2016-miska-glava-plakat-203x300.jpg\" alt=\"selo veselo 2016-miska glava-plakat\" width=\"203\" height=\"300\" class=\"alignleft size-medium wp-image-52704\" srcset=\"https:\/\/www.prijedordanas.com\/wp-content\/uploads\/2016\/06\/selo-veselo-2016-miska-glava-plakat-203x300.jpg 203w, https:\/\/www.prijedordanas.com\/wp-content\/uploads\/2016\/06\/selo-veselo-2016-miska-glava-plakat.jpg 541w\" sizes=\"(max-width: 203px) 100vw, 203px\" \/><\/a>Kulturno-zabavni karavan \u201eSelo veselo\u201c, koji se odr\u017eava u okviru prijedorskog \u201eKulturnog ljeta 2016\u201c, u nedjelju 12. juna, krenuc\u0301e iz Miske Glave kod dru\u0161tvenog doma gdje c\u0301e se, s po\u010detkom u 18 \u010dasova, odr\u017eati prva ovogodi\u0161nja manifestacija. <\/p>\n<p>Pored sela domac\u0301ina, ekipe Miske Glave, na takmi\u010denju u tradicionalnim i atraktivnim igrama i poznavanju poljoprivrede, u\u010destvovac\u0301e ekipe Ljeskare \u2013 Kalajevo, Ljubija i Donji Volar -Jugovci.<\/p>\n<p>U kulturno-umjetni\u010dkom programu nastupic\u0301e \u010dlanovi folklornog ansambla i orkestra KUD \u201eKozara\u201c iz Prijedora, izvorne grupe, narodni umjetnici, muzi\u010dari i vokalni solisti Mirjana Boltic\u0301 i Predo Miljatovic\u0301. <\/p>\n<p>Voditelj progama je Sa\u0161a Goronja, a ulaz je besplatan.<\/p>\n<p>Pokrovitelj manifestacije je grad Prijedor, a prijatelji manifestacije su \u201eAutotransport\u201c Prijedor i samostalni prevoznici \u201eGoronja\u201c i \u201eVujasin-Prevoz\u201c.<\/p>\n<p>\u201cSelo veselo\u201c je tradicionalna i jedna od najposjec\u0301enijih manifestacija \u201eKulturnog ljeta\u201c, a njen cilj je o\u017eivljavanje i unaprije\u0111enje dru\u0161tvenog \u017eivota u na\u0161im selima.<\/p>\n<p>Sa\u0161a Goronja<\/p>\n","protected":false},"excerpt":{"rendered":"<p>Kulturno-zabavni karavan \u201eSelo veselo\u201c, koji se odr\u017eava u okviru prijedorskog \u201eKulturnog ljeta 2016\u201c, u nedjelju 12. juna, krenuc\u0301e iz Miske Glave kod dru\u0161tvenog doma gdje c\u0301e se, s po\u010detkom u [&hellip;]<\/p>\n","protected":false},"author":1,"featured_media":0,"comment_status":"closed","ping_status":"open","sticky":false,"template":"","format":"standard","meta":{"_monsterinsights_skip_tracking":false,"_monsterinsights_sitenote_active":false,"_monsterinsights_sitenote_note":"","_monsterinsights_sitenote_category":0,"footnotes":""},"categories":[6],"tags":[1708,2245],"yoast_head":"<!-- This site is optimized with the Yoast SEO plugin v21.6 - https:\/\/yoast.com\/wordpress\/plugins\/seo\/ -->\n<title>PO\u010cINJE KULTURNO-ZABAVNI KARAVAN \u201eSELO VESELO 2016\u201c: MISKA GLAVA PRVI DOMA\u0106IN - PrijedorDanas.com - Prijedorski gradski portal<\/title>\n<meta name=\"robots\" content=\"index, follow, max-snippet:-1, max-image-preview:large, max-video-preview:-1\" \/>\n<link rel=\"canonical\" href=\"https:\/\/www.prijedordanas.com\/?p=52703\" \/>\n<meta property=\"og:locale\" content=\"en_US\" \/>\n<meta property=\"og:type\" content=\"article\" \/>\n<meta property=\"og:title\" content=\"PO\u010cINJE KULTURNO-ZABAVNI KARAVAN \u201eSELO VESELO 2016\u201c: MISKA GLAVA PRVI DOMA\u0106IN - PrijedorDanas.com - Prijedorski gradski portal\" \/>\n<meta property=\"og:description\" content=\"Kulturno-zabavni karavan \u201eSelo veselo\u201c, koji se odr\u017eava u okviru prijedorskog \u201eKulturnog ljeta 2016\u201c, u nedjelju 12. juna, krenuc\u0301e iz Miske Glave kod dru\u0161tvenog doma gdje c\u0301e se, s po\u010detkom u [&hellip;]\" \/>\n<meta property=\"og:url\" content=\"https:\/\/www.prijedordanas.com\/?p=52703\" \/>\n<meta property=\"og:site_name\" content=\"PrijedorDanas.com - Prijedorski gradski portal\" \/>\n<meta property=\"article:publisher\" content=\"https:\/\/www.facebook.com\/PrijedorDanasCom\/\" \/>\n<meta property=\"article:published_time\" content=\"2016-06-10T08:18:36+00:00\" \/>\n<meta property=\"og:image\" content=\"https:\/\/www.prijedordanas.com\/wp-content\/uploads\/2016\/06\/selo-veselo-2016-miska-glava-plakat-203x300.jpg\" \/>\n<meta name=\"author\" content=\"admin\" \/>\n<meta name=\"twitter:card\" content=\"summary_large_image\" \/>\n<meta name=\"twitter:label1\" content=\"Written by\" \/>\n\t<meta name=\"twitter:data1\" content=\"admin\" \/>\n\t<meta name=\"twitter:label2\" content=\"Est. reading time\" \/>\n\t<meta name=\"twitter:data2\" content=\"1 minute\" \/>\n<script type=\"application\/ld+json\" class=\"yoast-schema-graph\">{\"@context\":\"https:\/\/schema.org\",\"@graph\":[{\"@type\":\"Article\",\"@id\":\"https:\/\/www.prijedordanas.com\/?p=52703#article\",\"isPartOf\":{\"@id\":\"https:\/\/www.prijedordanas.com\/?p=52703\"},\"author\":{\"name\":\"admin\",\"@id\":\"https:\/\/www.prijedordanas.com\/#\/schema\/person\/4e08ccf29b506ca916ff86d46bb700e6\"},\"headline\":\"PO\u010cINJE KULTURNO-ZABAVNI KARAVAN \u201eSELO VESELO 2016\u201c: MISKA GLAVA PRVI DOMA\u0106IN\",\"datePublished\":\"2016-06-10T08:18:36+00:00\",\"dateModified\":\"2016-06-10T08:18:36+00:00\",\"mainEntityOfPage\":{\"@id\":\"https:\/\/www.prijedordanas.com\/?p=52703\"},\"wordCount\":167,\"publisher\":{\"@id\":\"https:\/\/www.prijedordanas.com\/#organization\"},\"keywords\":[\"Miska Glava\",\"Selo veselo\"],\"articleSection\":[\"Kultura\"],\"inLanguage\":\"en-US\"},{\"@type\":\"WebPage\",\"@id\":\"https:\/\/www.prijedordanas.com\/?p=52703\",\"url\":\"https:\/\/www.prijedordanas.com\/?p=52703\",\"name\":\"PO\u010cINJE KULTURNO-ZABAVNI KARAVAN \u201eSELO VESELO 2016\u201c: MISKA GLAVA PRVI DOMA\u0106IN - PrijedorDanas.com - Prijedorski gradski portal\",\"isPartOf\":{\"@id\":\"https:\/\/www.prijedordanas.com\/#website\"},\"datePublished\":\"2016-06-10T08:18:36+00:00\",\"dateModified\":\"2016-06-10T08:18:36+00:00\",\"breadcrumb\":{\"@id\":\"https:\/\/www.prijedordanas.com\/?p=52703#breadcrumb\"},\"inLanguage\":\"en-US\",\"potentialAction\":[{\"@type\":\"ReadAction\",\"target\":[\"https:\/\/www.prijedordanas.com\/?p=52703\"]}]},{\"@type\":\"BreadcrumbList\",\"@id\":\"https:\/\/www.prijedordanas.com\/?p=52703#breadcrumb\",\"itemListElement\":[{\"@type\":\"ListItem\",\"position\":1,\"name\":\"Home\",\"item\":\"https:\/\/www.prijedordanas.com\/\"},{\"@type\":\"ListItem\",\"position\":2,\"name\":\"PO\u010cINJE KULTURNO-ZABAVNI KARAVAN \u201eSELO VESELO 2016\u201c: MISKA GLAVA PRVI DOMA\u0106IN\"}]},{\"@type\":\"WebSite\",\"@id\":\"https:\/\/www.prijedordanas.com\/#website\",\"url\":\"https:\/\/www.prijedordanas.com\/\",\"name\":\"PrijedorDanas.com - Prijedorski gradski portal\",\"description\":\"Portal o doga\u0111anjima u gradu Prijedoru\",\"publisher\":{\"@id\":\"https:\/\/www.prijedordanas.com\/#organization\"},\"potentialAction\":[{\"@type\":\"SearchAction\",\"target\":{\"@type\":\"EntryPoint\",\"urlTemplate\":\"https:\/\/www.prijedordanas.com\/?s={search_term_string}\"},\"query-input\":\"required name=search_term_string\"}],\"inLanguage\":\"en-US\"},{\"@type\":\"Organization\",\"@id\":\"https:\/\/www.prijedordanas.com\/#organization\",\"name\":\"PrijedorDanas.com\",\"url\":\"https:\/\/www.prijedordanas.com\/\",\"logo\":{\"@type\":\"ImageObject\",\"inLanguage\":\"en-US\",\"@id\":\"https:\/\/www.prijedordanas.com\/#\/schema\/logo\/image\/\",\"url\":\"http:\/\/www.prijedordanas.com\/wp-content\/uploads\/2021\/12\/logopng.png\",\"contentUrl\":\"http:\/\/www.prijedordanas.com\/wp-content\/uploads\/2021\/12\/logopng.png\",\"width\":1019,\"height\":776,\"caption\":\"PrijedorDanas.com\"},\"image\":{\"@id\":\"https:\/\/www.prijedordanas.com\/#\/schema\/logo\/image\/\"},\"sameAs\":[\"https:\/\/www.facebook.com\/PrijedorDanasCom\/\"]},{\"@type\":\"Person\",\"@id\":\"https:\/\/www.prijedordanas.com\/#\/schema\/person\/4e08ccf29b506ca916ff86d46bb700e6\",\"name\":\"admin\",\"image\":{\"@type\":\"ImageObject\",\"inLanguage\":\"en-US\",\"@id\":\"https:\/\/www.prijedordanas.com\/#\/schema\/person\/image\/\",\"url\":\"https:\/\/secure.gravatar.com\/avatar\/1d3fc949d550f0b53a5f0d51e06dfd79?s=96&d=mm&r=g\",\"contentUrl\":\"https:\/\/secure.gravatar.com\/avatar\/1d3fc949d550f0b53a5f0d51e06dfd79?s=96&d=mm&r=g\",\"caption\":\"admin\"},\"url\":\"https:\/\/www.prijedordanas.com\/?author=1\"}]}<\/script>\n<!-- \/ Yoast SEO plugin. -->","yoast_head_json":{"title":"PO\u010cINJE KULTURNO-ZABAVNI KARAVAN \u201eSELO VESELO 2016\u201c: MISKA GLAVA PRVI DOMA\u0106IN - PrijedorDanas.com - Prijedorski gradski portal","robots":{"index":"index","follow":"follow","max-snippet":"max-snippet:-1","max-image-preview":"max-image-preview:large","max-video-preview":"max-video-preview:-1"},"canonical":"https:\/\/www.prijedordanas.com\/?p=52703","og_locale":"en_US","og_type":"article","og_title":"PO\u010cINJE KULTURNO-ZABAVNI KARAVAN \u201eSELO VESELO 2016\u201c: MISKA GLAVA PRVI DOMA\u0106IN - PrijedorDanas.com - Prijedorski gradski portal","og_description":"Kulturno-zabavni karavan \u201eSelo veselo\u201c, koji se odr\u017eava u okviru prijedorskog \u201eKulturnog ljeta 2016\u201c, u nedjelju 12. juna, krenuc\u0301e iz Miske Glave kod dru\u0161tvenog doma gdje c\u0301e se, s po\u010detkom u [&hellip;]","og_url":"https:\/\/www.prijedordanas.com\/?p=52703","og_site_name":"PrijedorDanas.com - Prijedorski gradski portal","article_publisher":"https:\/\/www.facebook.com\/PrijedorDanasCom\/","article_published_time":"2016-06-10T08:18:36+00:00","og_image":[{"url":"https:\/\/www.prijedordanas.com\/wp-content\/uploads\/2016\/06\/selo-veselo-2016-miska-glava-plakat-203x300.jpg"}],"author":"admin","twitter_card":"summary_large_image","twitter_misc":{"Written by":"admin","Est. reading time":"1 minute"},"schema":{"@context":"https:\/\/schema.org","@graph":[{"@type":"Article","@id":"https:\/\/www.prijedordanas.com\/?p=52703#article","isPartOf":{"@id":"https:\/\/www.prijedordanas.com\/?p=52703"},"author":{"name":"admin","@id":"https:\/\/www.prijedordanas.com\/#\/schema\/person\/4e08ccf29b506ca916ff86d46bb700e6"},"headline":"PO\u010cINJE KULTURNO-ZABAVNI KARAVAN \u201eSELO VESELO 2016\u201c: MISKA GLAVA PRVI DOMA\u0106IN","datePublished":"2016-06-10T08:18:36+00:00","dateModified":"2016-06-10T08:18:36+00:00","mainEntityOfPage":{"@id":"https:\/\/www.prijedordanas.com\/?p=52703"},"wordCount":167,"publisher":{"@id":"https:\/\/www.prijedordanas.com\/#organization"},"keywords":["Miska Glava","Selo veselo"],"articleSection":["Kultura"],"inLanguage":"en-US"},{"@type":"WebPage","@id":"https:\/\/www.prijedordanas.com\/?p=52703","url":"https:\/\/www.prijedordanas.com\/?p=52703","name":"PO\u010cINJE KULTURNO-ZABAVNI KARAVAN \u201eSELO VESELO 2016\u201c: MISKA GLAVA PRVI DOMA\u0106IN - PrijedorDanas.com - Prijedorski gradski portal","isPartOf":{"@id":"https:\/\/www.prijedordanas.com\/#website"},"datePublished":"2016-06-10T08:18:36+00:00","dateModified":"2016-06-10T08:18:36+00:00","breadcrumb":{"@id":"https:\/\/www.prijedordanas.com\/?p=52703#breadcrumb"},"inLanguage":"en-US","potentialAction":[{"@type":"ReadAction","target":["https:\/\/www.prijedordanas.com\/?p=52703"]}]},{"@type":"BreadcrumbList","@id":"https:\/\/www.prijedordanas.com\/?p=52703#breadcrumb","itemListElement":[{"@type":"ListItem","position":1,"name":"Home","item":"https:\/\/www.prijedordanas.com\/"},{"@type":"ListItem","position":2,"name":"PO\u010cINJE KULTURNO-ZABAVNI KARAVAN \u201eSELO VESELO 2016\u201c: MISKA GLAVA PRVI DOMA\u0106IN"}]},{"@type":"WebSite","@id":"https:\/\/www.prijedordanas.com\/#website","url":"https:\/\/www.prijedordanas.com\/","name":"PrijedorDanas.com - Prijedorski gradski portal","description":"Portal o doga\u0111anjima u gradu Prijedoru","publisher":{"@id":"https:\/\/www.prijedordanas.com\/#organization"},"potentialAction":[{"@type":"SearchAction","target":{"@type":"EntryPoint","urlTemplate":"https:\/\/www.prijedordanas.com\/?s={search_term_string}"},"query-input":"required name=search_term_string"}],"inLanguage":"en-US"},{"@type":"Organization","@id":"https:\/\/www.prijedordanas.com\/#organization","name":"PrijedorDanas.com","url":"https:\/\/www.prijedordanas.com\/","logo":{"@type":"ImageObject","inLanguage":"en-US","@id":"https:\/\/www.prijedordanas.com\/#\/schema\/logo\/image\/","url":"http:\/\/www.prijedordanas.com\/wp-content\/uploads\/2021\/12\/logopng.png","contentUrl":"http:\/\/www.prijedordanas.com\/wp-content\/uploads\/2021\/12\/logopng.png","width":1019,"height":776,"caption":"PrijedorDanas.com"},"image":{"@id":"https:\/\/www.prijedordanas.com\/#\/schema\/logo\/image\/"},"sameAs":["https:\/\/www.facebook.com\/PrijedorDanasCom\/"]},{"@type":"Person","@id":"https:\/\/www.prijedordanas.com\/#\/schema\/person\/4e08ccf29b506ca916ff86d46bb700e6","name":"admin","image":{"@type":"ImageObject","inLanguage":"en-US","@id":"https:\/\/www.prijedordanas.com\/#\/schema\/person\/image\/","url":"https:\/\/secure.gravatar.com\/avatar\/1d3fc949d550f0b53a5f0d51e06dfd79?s=96&d=mm&r=g","contentUrl":"https:\/\/secure.gravatar.com\/avatar\/1d3fc949d550f0b53a5f0d51e06dfd79?s=96&d=mm&r=g","caption":"admin"},"url":"https:\/\/www.prijedordanas.com\/?author=1"}]}},"_links":{"self":[{"href":"https:\/\/www.prijedordanas.com\/index.php?rest_route=\/wp\/v2\/posts\/52703"}],"collection":[{"href":"https:\/\/www.prijedordanas.com\/index.php?rest_route=\/wp\/v2\/posts"}],"about":[{"href":"https:\/\/www.prijedordanas.com\/index.php?rest_route=\/wp\/v2\/types\/post"}],"author":[{"embeddable":true,"href":"https:\/\/www.prijedordanas.com\/index.php?rest_route=\/wp\/v2\/users\/1"}],"replies":[{"embeddable":true,"href":"https:\/\/www.prijedordanas.com\/index.php?rest_route=%2Fwp%2Fv2%2Fcomments&post=52703"}],"version-history":[{"count":1,"href":"https:\/\/www.prijedordanas.com\/index.php?rest_route=\/wp\/v2\/posts\/52703\/revisions"}],"predecessor-version":[{"id":52705,"href":"https:\/\/www.prijedordanas.com\/index.php?rest_route=\/wp\/v2\/posts\/52703\/revisions\/52705"}],"wp:attachment":[{"href":"https:\/\/www.prijedordanas.com\/index.php?rest_route=%2Fwp%2Fv2%2Fmedia&parent=52703"}],"wp:term":[{"taxonomy":"category","embeddable":true,"href":"https:\/\/www.prijedordanas.com\/index.php?rest_route=%2Fwp%2Fv2%2Fcategories&post=52703"},{"taxonomy":"post_tag","embeddable":true,"href":"https:\/\/www.prijedordanas.com\/index.php?rest_route=%2Fwp%2Fv2%2Ftags&post=52703"}],"curies":[{"name":"wp","href":"https:\/\/api.w.org\/{rel}","templated":true}]}}