{"id":52640,"date":"2016-06-09T14:45:29","date_gmt":"2016-06-09T12:45:29","guid":{"rendered":"https:\/\/www.prijedordanas.com\/?p=52640"},"modified":"2016-06-09T14:45:29","modified_gmt":"2016-06-09T12:45:29","slug":"protesti-ministar-savanovic-politicko-nadmetanje-za-gradonacelnika","status":"publish","type":"post","link":"https:\/\/www.prijedordanas.com\/?p=52640","title":{"rendered":"PROTESTI-MINISTAR SAVANOVI\u0106: POLITI\u010cKO NADMETANJE ZA GRADONA\u010cELNIKA"},"content":{"rendered":"<p><a href=\"https:\/\/www.prijedordanas.com\/wp-content\/uploads\/2016\/04\/ministar-savanovic.jpg\" rel=\"attachment wp-att-47083\"><img loading=\"lazy\" decoding=\"async\" src=\"https:\/\/www.prijedordanas.com\/wp-content\/uploads\/2016\/04\/ministar-savanovic-300x225.jpg\" alt=\"ministar savanovic\" width=\"300\" height=\"225\" class=\"alignleft size-medium wp-image-47083\" srcset=\"https:\/\/www.prijedordanas.com\/wp-content\/uploads\/2016\/04\/ministar-savanovic-300x225.jpg 300w, https:\/\/www.prijedordanas.com\/wp-content\/uploads\/2016\/04\/ministar-savanovic.jpg 600w\" sizes=\"(max-width: 300px) 100vw, 300px\" \/><\/a>Ministar rada i bora\u010dko-invalidske za\u0161tite Republike Srpske Milenko Savanovi\u0107 smatra da protesti opozicije najavljeni za ve\u010deras u Prijedoru povodom namjere Vlade Srpske da proda dr\u017eavni udio u Rudnicima \u017eeljezne rude &#8220;LJubija&#8221; predstavljaju &#8220;politi\u010dko nadmetanje pred lokalne izbore za gradona\u010delnika Prijedora&#8221;.<\/p>\n<p>&#8220;Opozicija uvijek tra\u017ei razloge da pravi neki problem, to radi i ve\u010deras u Prijedoru da skrene pa\u017enju javnosti. Ubije\u0111en sam da ne\u0107e imati onu podr\u0161ku gra\u0111ana kojoj su se nadali&#8221;, rekao je Savanovi\u0107 novinarima u Banjaluci. <\/p>\n<p>On je podsjetio da &#8220;Mital&#8221; godinama nije pla\u0107ao koncesiju, rekav\u0161i da ne zna za\u0161to ta koncesija nije pla\u0107ana. <\/p>\n<p>&#8220;Ugovor sa &#8216;Mitalom&#8217; je 2004. godine potpisao tada\u0161nji premijer Srpske Dragan Mikerevi\u0107 i vjerovatno u tom ugovoru su bile odredbe koje im to omogu\u0107avaju&#8221;, naveo je Savanovi\u0107. <\/p>\n<p>On je rekao da je izraelska kompanija zainteresovana za kupovinu dr\u017eavnog djela akcija u R\u017dR &#8220;LJubija&#8221; mnogo ozbiljnija i da daje duplo ve\u0107u cijenu za eksploataciju rude. <\/p>\n<p>Savanovi\u0107 je istakao da se odlazak mladih i obrazovanih ljudi sa ovih prostora, sa kojim se susre\u0107e iz Srpska i Federacija BiH, mo\u017ee zaustaviti samo razvojem i otvaranje novih radnih mjesta u realnom sektoru. <\/p>\n<p>On je istakao da Vlada Srpske to ima u svom programu, ali i da vodi aktivnosti na privla\u010denju doma\u0107eg i stranog kapitala. <\/p>\n<p>&#8220;To ide te\u0161ko jer Srpska nije dr\u017eava, ve\u0107 je dio dr\u017eave i, s obzirom na to da se u Sarajevu ne mo\u017eemo politi\u010dki dogovoriti, imamo jedno politi\u010dko neure\u0111eno stanje, koje po principu spojenih posuda uti\u010de na ekonomsko stanje&#8221;, naveo je Savanovi\u0107. <\/p>\n<p>SRNA<\/p>\n","protected":false},"excerpt":{"rendered":"<p>Ministar rada i bora\u010dko-invalidske za\u0161tite Republike Srpske Milenko Savanovi\u0107 smatra da protesti opozicije najavljeni za ve\u010deras u Prijedoru povodom namjere Vlade Srpske da proda dr\u017eavni udio u Rudnicima \u017eeljezne rude [&hellip;]<\/p>\n","protected":false},"author":1,"featured_media":0,"comment_status":"closed","ping_status":"open","sticky":false,"template":"","format":"standard","meta":{"_monsterinsights_skip_tracking":false,"_monsterinsights_sitenote_active":false,"_monsterinsights_sitenote_note":"","_monsterinsights_sitenote_category":0,"footnotes":""},"categories":[8],"tags":[6879,6878,211],"yoast_head":"<!-- This site is optimized with the Yoast SEO plugin v21.6 - https:\/\/yoast.com\/wordpress\/plugins\/seo\/ -->\n<title>PROTESTI-MINISTAR SAVANOVI\u0106: POLITI\u010cKO NADMETANJE ZA GRADONA\u010cELNIKA - PrijedorDanas.com - Prijedorski gradski portal<\/title>\n<meta name=\"robots\" content=\"index, follow, max-snippet:-1, max-image-preview:large, max-video-preview:-1\" \/>\n<link rel=\"canonical\" href=\"https:\/\/www.prijedordanas.com\/?p=52640\" \/>\n<meta property=\"og:locale\" content=\"en_US\" \/>\n<meta property=\"og:type\" content=\"article\" \/>\n<meta property=\"og:title\" content=\"PROTESTI-MINISTAR SAVANOVI\u0106: POLITI\u010cKO NADMETANJE ZA GRADONA\u010cELNIKA - PrijedorDanas.com - Prijedorski gradski portal\" \/>\n<meta property=\"og:description\" content=\"Ministar rada i bora\u010dko-invalidske za\u0161tite Republike Srpske Milenko Savanovi\u0107 smatra da protesti opozicije najavljeni za ve\u010deras u Prijedoru povodom namjere Vlade Srpske da proda dr\u017eavni udio u Rudnicima \u017eeljezne rude [&hellip;]\" \/>\n<meta property=\"og:url\" content=\"https:\/\/www.prijedordanas.com\/?p=52640\" \/>\n<meta property=\"og:site_name\" content=\"PrijedorDanas.com - Prijedorski gradski portal\" \/>\n<meta property=\"article:publisher\" content=\"https:\/\/www.facebook.com\/PrijedorDanasCom\/\" \/>\n<meta property=\"article:published_time\" content=\"2016-06-09T12:45:29+00:00\" \/>\n<meta property=\"og:image\" content=\"https:\/\/www.prijedordanas.com\/wp-content\/uploads\/2016\/04\/ministar-savanovic-300x225.jpg\" \/>\n<meta name=\"author\" content=\"admin\" \/>\n<meta name=\"twitter:card\" content=\"summary_large_image\" \/>\n<meta name=\"twitter:label1\" content=\"Written by\" \/>\n\t<meta name=\"twitter:data1\" content=\"admin\" \/>\n\t<meta name=\"twitter:label2\" content=\"Est. reading time\" \/>\n\t<meta name=\"twitter:data2\" content=\"1 minute\" \/>\n<script type=\"application\/ld+json\" class=\"yoast-schema-graph\">{\"@context\":\"https:\/\/schema.org\",\"@graph\":[{\"@type\":\"Article\",\"@id\":\"https:\/\/www.prijedordanas.com\/?p=52640#article\",\"isPartOf\":{\"@id\":\"https:\/\/www.prijedordanas.com\/?p=52640\"},\"author\":{\"name\":\"admin\",\"@id\":\"https:\/\/www.prijedordanas.com\/#\/schema\/person\/4e08ccf29b506ca916ff86d46bb700e6\"},\"headline\":\"PROTESTI-MINISTAR SAVANOVI\u0106: POLITI\u010cKO NADMETANJE ZA GRADONA\u010cELNIKA\",\"datePublished\":\"2016-06-09T12:45:29+00:00\",\"dateModified\":\"2016-06-09T12:45:29+00:00\",\"mainEntityOfPage\":{\"@id\":\"https:\/\/www.prijedordanas.com\/?p=52640\"},\"wordCount\":287,\"publisher\":{\"@id\":\"https:\/\/www.prijedordanas.com\/#organization\"},\"keywords\":[\"Milenko Savanovi\u0107\",\"ministar rada i bora\u010dko-invalidske za\u0161tite Republike Srpske\",\"protesti\"],\"articleSection\":[\"Svakodnevno\"],\"inLanguage\":\"en-US\"},{\"@type\":\"WebPage\",\"@id\":\"https:\/\/www.prijedordanas.com\/?p=52640\",\"url\":\"https:\/\/www.prijedordanas.com\/?p=52640\",\"name\":\"PROTESTI-MINISTAR SAVANOVI\u0106: POLITI\u010cKO NADMETANJE ZA GRADONA\u010cELNIKA - PrijedorDanas.com - Prijedorski gradski portal\",\"isPartOf\":{\"@id\":\"https:\/\/www.prijedordanas.com\/#website\"},\"datePublished\":\"2016-06-09T12:45:29+00:00\",\"dateModified\":\"2016-06-09T12:45:29+00:00\",\"breadcrumb\":{\"@id\":\"https:\/\/www.prijedordanas.com\/?p=52640#breadcrumb\"},\"inLanguage\":\"en-US\",\"potentialAction\":[{\"@type\":\"ReadAction\",\"target\":[\"https:\/\/www.prijedordanas.com\/?p=52640\"]}]},{\"@type\":\"BreadcrumbList\",\"@id\":\"https:\/\/www.prijedordanas.com\/?p=52640#breadcrumb\",\"itemListElement\":[{\"@type\":\"ListItem\",\"position\":1,\"name\":\"Home\",\"item\":\"https:\/\/www.prijedordanas.com\/\"},{\"@type\":\"ListItem\",\"position\":2,\"name\":\"PROTESTI-MINISTAR SAVANOVI\u0106: POLITI\u010cKO NADMETANJE ZA GRADONA\u010cELNIKA\"}]},{\"@type\":\"WebSite\",\"@id\":\"https:\/\/www.prijedordanas.com\/#website\",\"url\":\"https:\/\/www.prijedordanas.com\/\",\"name\":\"PrijedorDanas.com - Prijedorski gradski portal\",\"description\":\"Portal o doga\u0111anjima u gradu Prijedoru\",\"publisher\":{\"@id\":\"https:\/\/www.prijedordanas.com\/#organization\"},\"potentialAction\":[{\"@type\":\"SearchAction\",\"target\":{\"@type\":\"EntryPoint\",\"urlTemplate\":\"https:\/\/www.prijedordanas.com\/?s={search_term_string}\"},\"query-input\":\"required name=search_term_string\"}],\"inLanguage\":\"en-US\"},{\"@type\":\"Organization\",\"@id\":\"https:\/\/www.prijedordanas.com\/#organization\",\"name\":\"PrijedorDanas.com\",\"url\":\"https:\/\/www.prijedordanas.com\/\",\"logo\":{\"@type\":\"ImageObject\",\"inLanguage\":\"en-US\",\"@id\":\"https:\/\/www.prijedordanas.com\/#\/schema\/logo\/image\/\",\"url\":\"http:\/\/www.prijedordanas.com\/wp-content\/uploads\/2021\/12\/logopng.png\",\"contentUrl\":\"http:\/\/www.prijedordanas.com\/wp-content\/uploads\/2021\/12\/logopng.png\",\"width\":1019,\"height\":776,\"caption\":\"PrijedorDanas.com\"},\"image\":{\"@id\":\"https:\/\/www.prijedordanas.com\/#\/schema\/logo\/image\/\"},\"sameAs\":[\"https:\/\/www.facebook.com\/PrijedorDanasCom\/\"]},{\"@type\":\"Person\",\"@id\":\"https:\/\/www.prijedordanas.com\/#\/schema\/person\/4e08ccf29b506ca916ff86d46bb700e6\",\"name\":\"admin\",\"image\":{\"@type\":\"ImageObject\",\"inLanguage\":\"en-US\",\"@id\":\"https:\/\/www.prijedordanas.com\/#\/schema\/person\/image\/\",\"url\":\"https:\/\/secure.gravatar.com\/avatar\/1d3fc949d550f0b53a5f0d51e06dfd79?s=96&d=mm&r=g\",\"contentUrl\":\"https:\/\/secure.gravatar.com\/avatar\/1d3fc949d550f0b53a5f0d51e06dfd79?s=96&d=mm&r=g\",\"caption\":\"admin\"},\"url\":\"https:\/\/www.prijedordanas.com\/?author=1\"}]}<\/script>\n<!-- \/ Yoast SEO plugin. -->","yoast_head_json":{"title":"PROTESTI-MINISTAR SAVANOVI\u0106: POLITI\u010cKO NADMETANJE ZA GRADONA\u010cELNIKA - PrijedorDanas.com - Prijedorski gradski portal","robots":{"index":"index","follow":"follow","max-snippet":"max-snippet:-1","max-image-preview":"max-image-preview:large","max-video-preview":"max-video-preview:-1"},"canonical":"https:\/\/www.prijedordanas.com\/?p=52640","og_locale":"en_US","og_type":"article","og_title":"PROTESTI-MINISTAR SAVANOVI\u0106: POLITI\u010cKO NADMETANJE ZA GRADONA\u010cELNIKA - PrijedorDanas.com - Prijedorski gradski portal","og_description":"Ministar rada i bora\u010dko-invalidske za\u0161tite Republike Srpske Milenko Savanovi\u0107 smatra da protesti opozicije najavljeni za ve\u010deras u Prijedoru povodom namjere Vlade Srpske da proda dr\u017eavni udio u Rudnicima \u017eeljezne rude [&hellip;]","og_url":"https:\/\/www.prijedordanas.com\/?p=52640","og_site_name":"PrijedorDanas.com - Prijedorski gradski portal","article_publisher":"https:\/\/www.facebook.com\/PrijedorDanasCom\/","article_published_time":"2016-06-09T12:45:29+00:00","og_image":[{"url":"https:\/\/www.prijedordanas.com\/wp-content\/uploads\/2016\/04\/ministar-savanovic-300x225.jpg"}],"author":"admin","twitter_card":"summary_large_image","twitter_misc":{"Written by":"admin","Est. reading time":"1 minute"},"schema":{"@context":"https:\/\/schema.org","@graph":[{"@type":"Article","@id":"https:\/\/www.prijedordanas.com\/?p=52640#article","isPartOf":{"@id":"https:\/\/www.prijedordanas.com\/?p=52640"},"author":{"name":"admin","@id":"https:\/\/www.prijedordanas.com\/#\/schema\/person\/4e08ccf29b506ca916ff86d46bb700e6"},"headline":"PROTESTI-MINISTAR SAVANOVI\u0106: POLITI\u010cKO NADMETANJE ZA GRADONA\u010cELNIKA","datePublished":"2016-06-09T12:45:29+00:00","dateModified":"2016-06-09T12:45:29+00:00","mainEntityOfPage":{"@id":"https:\/\/www.prijedordanas.com\/?p=52640"},"wordCount":287,"publisher":{"@id":"https:\/\/www.prijedordanas.com\/#organization"},"keywords":["Milenko Savanovi\u0107","ministar rada i bora\u010dko-invalidske za\u0161tite Republike Srpske","protesti"],"articleSection":["Svakodnevno"],"inLanguage":"en-US"},{"@type":"WebPage","@id":"https:\/\/www.prijedordanas.com\/?p=52640","url":"https:\/\/www.prijedordanas.com\/?p=52640","name":"PROTESTI-MINISTAR SAVANOVI\u0106: POLITI\u010cKO NADMETANJE ZA GRADONA\u010cELNIKA - PrijedorDanas.com - Prijedorski gradski portal","isPartOf":{"@id":"https:\/\/www.prijedordanas.com\/#website"},"datePublished":"2016-06-09T12:45:29+00:00","dateModified":"2016-06-09T12:45:29+00:00","breadcrumb":{"@id":"https:\/\/www.prijedordanas.com\/?p=52640#breadcrumb"},"inLanguage":"en-US","potentialAction":[{"@type":"ReadAction","target":["https:\/\/www.prijedordanas.com\/?p=52640"]}]},{"@type":"BreadcrumbList","@id":"https:\/\/www.prijedordanas.com\/?p=52640#breadcrumb","itemListElement":[{"@type":"ListItem","position":1,"name":"Home","item":"https:\/\/www.prijedordanas.com\/"},{"@type":"ListItem","position":2,"name":"PROTESTI-MINISTAR SAVANOVI\u0106: POLITI\u010cKO NADMETANJE ZA GRADONA\u010cELNIKA"}]},{"@type":"WebSite","@id":"https:\/\/www.prijedordanas.com\/#website","url":"https:\/\/www.prijedordanas.com\/","name":"PrijedorDanas.com - Prijedorski gradski portal","description":"Portal o doga\u0111anjima u gradu Prijedoru","publisher":{"@id":"https:\/\/www.prijedordanas.com\/#organization"},"potentialAction":[{"@type":"SearchAction","target":{"@type":"EntryPoint","urlTemplate":"https:\/\/www.prijedordanas.com\/?s={search_term_string}"},"query-input":"required name=search_term_string"}],"inLanguage":"en-US"},{"@type":"Organization","@id":"https:\/\/www.prijedordanas.com\/#organization","name":"PrijedorDanas.com","url":"https:\/\/www.prijedordanas.com\/","logo":{"@type":"ImageObject","inLanguage":"en-US","@id":"https:\/\/www.prijedordanas.com\/#\/schema\/logo\/image\/","url":"http:\/\/www.prijedordanas.com\/wp-content\/uploads\/2021\/12\/logopng.png","contentUrl":"http:\/\/www.prijedordanas.com\/wp-content\/uploads\/2021\/12\/logopng.png","width":1019,"height":776,"caption":"PrijedorDanas.com"},"image":{"@id":"https:\/\/www.prijedordanas.com\/#\/schema\/logo\/image\/"},"sameAs":["https:\/\/www.facebook.com\/PrijedorDanasCom\/"]},{"@type":"Person","@id":"https:\/\/www.prijedordanas.com\/#\/schema\/person\/4e08ccf29b506ca916ff86d46bb700e6","name":"admin","image":{"@type":"ImageObject","inLanguage":"en-US","@id":"https:\/\/www.prijedordanas.com\/#\/schema\/person\/image\/","url":"https:\/\/secure.gravatar.com\/avatar\/1d3fc949d550f0b53a5f0d51e06dfd79?s=96&d=mm&r=g","contentUrl":"https:\/\/secure.gravatar.com\/avatar\/1d3fc949d550f0b53a5f0d51e06dfd79?s=96&d=mm&r=g","caption":"admin"},"url":"https:\/\/www.prijedordanas.com\/?author=1"}]}},"_links":{"self":[{"href":"https:\/\/www.prijedordanas.com\/index.php?rest_route=\/wp\/v2\/posts\/52640"}],"collection":[{"href":"https:\/\/www.prijedordanas.com\/index.php?rest_route=\/wp\/v2\/posts"}],"about":[{"href":"https:\/\/www.prijedordanas.com\/index.php?rest_route=\/wp\/v2\/types\/post"}],"author":[{"embeddable":true,"href":"https:\/\/www.prijedordanas.com\/index.php?rest_route=\/wp\/v2\/users\/1"}],"replies":[{"embeddable":true,"href":"https:\/\/www.prijedordanas.com\/index.php?rest_route=%2Fwp%2Fv2%2Fcomments&post=52640"}],"version-history":[{"count":1,"href":"https:\/\/www.prijedordanas.com\/index.php?rest_route=\/wp\/v2\/posts\/52640\/revisions"}],"predecessor-version":[{"id":52641,"href":"https:\/\/www.prijedordanas.com\/index.php?rest_route=\/wp\/v2\/posts\/52640\/revisions\/52641"}],"wp:attachment":[{"href":"https:\/\/www.prijedordanas.com\/index.php?rest_route=%2Fwp%2Fv2%2Fmedia&parent=52640"}],"wp:term":[{"taxonomy":"category","embeddable":true,"href":"https:\/\/www.prijedordanas.com\/index.php?rest_route=%2Fwp%2Fv2%2Fcategories&post=52640"},{"taxonomy":"post_tag","embeddable":true,"href":"https:\/\/www.prijedordanas.com\/index.php?rest_route=%2Fwp%2Fv2%2Ftags&post=52640"}],"curies":[{"name":"wp","href":"https:\/\/api.w.org\/{rel}","templated":true}]}}