{"id":52635,"date":"2016-06-09T14:23:35","date_gmt":"2016-06-09T12:23:35","guid":{"rendered":"https:\/\/www.prijedordanas.com\/?p=52635"},"modified":"2016-06-09T14:23:35","modified_gmt":"2016-06-09T12:23:35","slug":"prijedor-veceras-protest-protiv-privatizacije-rzr-ljubija","status":"publish","type":"post","link":"https:\/\/www.prijedordanas.com\/?p=52635","title":{"rendered":"PRIJEDOR: VE\u010cERAS PROTEST PROTIV PRIVATIZACIJE R\u017dR &#8220;LJUBIJA&#8221;"},"content":{"rendered":"<p><a href=\"https:\/\/www.prijedordanas.com\/wp-content\/uploads\/2016\/06\/savez-za-promjene-protesti-prijedor-3.jpg\" rel=\"attachment wp-att-52537\"><img loading=\"lazy\" decoding=\"async\" class=\"alignleft size-medium wp-image-52537\" src=\"https:\/\/www.prijedordanas.com\/wp-content\/uploads\/2016\/06\/savez-za-promjene-protesti-prijedor-3-211x300.jpg\" alt=\"savez za promjene-protesti prijedor (3)\" width=\"211\" height=\"300\" srcset=\"https:\/\/www.prijedordanas.com\/wp-content\/uploads\/2016\/06\/savez-za-promjene-protesti-prijedor-3-211x300.jpg 211w, https:\/\/www.prijedordanas.com\/wp-content\/uploads\/2016\/06\/savez-za-promjene-protesti-prijedor-3.jpg 492w\" sizes=\"(max-width: 211px) 100vw, 211px\" \/><\/a>U Prijedoru \u0107e ve\u010deras biti odr\u017ean protest, koji Savez za promjene organizuje protiv rasprodaje prirodnih resursa i prodaje dr\u017eavnog kapitala u Rudnicima \u017eeljezne rude \/R\u017dR\/ &#8220;LJubija&#8221;.<\/p>\n<p>Predstavnici Saveza za promjene pozvali su ju\u010de gra\u0111ane da do\u0111u na proteste koji su zakazani za 19.00 \u010dasova na Trgu majora Zorana Karlice.<\/p>\n<p>Predsjednik Gradskog odbora SNSD-a Prijedor Drago Tadi\u0107 pozvao je \u010dlanice Saveza za promjene da proteste protiv privatizacije R\u017dR &#8220;LJubija&#8221;, umjesto u Prijedoru, organizuju u LJubiji, kojoj bi se stari sjaj mogao vratiti samo ponovnim o\u017eivljavanjem rudnika.<\/p>\n<p>Predsjednik Gradskog odbora Socijalisti\u010dke partije Prijedor Milenko Puziga\u0107a izjavio je da ova stranka ne podr\u017eava nikakav vid protesta u Prijedoru jer smatra da se takvim na\u010dinom ni\u0161ta ne posti\u017ee.<\/p>\n<p>Gradona\u010delnik Prijedora Marko Pavi\u0107 pozvao je \u010dlanice Saveza za promjene da u Prijedoru protestuju &#8220;na trgovima koje su napravili, pred zgradama koje su izgradili i na ulicama koje su asfaltirali&#8221;.<\/p>\n<p><a href=\"https:\/\/www.prijedordanas.com\/wp-content\/uploads\/2016\/06\/savez-za-promjene-protesti-prijedor-1.jpg\" rel=\"attachment wp-att-52539\"><img loading=\"lazy\" decoding=\"async\" class=\"alignleft size-medium wp-image-52539\" src=\"https:\/\/www.prijedordanas.com\/wp-content\/uploads\/2016\/06\/savez-za-promjene-protesti-prijedor-1-300x128.jpg\" alt=\"savez za promjene-protesti prijedor (1)\" width=\"300\" height=\"128\" srcset=\"https:\/\/www.prijedordanas.com\/wp-content\/uploads\/2016\/06\/savez-za-promjene-protesti-prijedor-1-300x128.jpg 300w, https:\/\/www.prijedordanas.com\/wp-content\/uploads\/2016\/06\/savez-za-promjene-protesti-prijedor-1-768x326.jpg 768w, https:\/\/www.prijedordanas.com\/wp-content\/uploads\/2016\/06\/savez-za-promjene-protesti-prijedor-1.jpg 960w\" sizes=\"(max-width: 300px) 100vw, 300px\" \/><\/a>Prijedorska Bora\u010dka organizacija saop\u0161tila je da \u0107e ispo\u0161tovati odluku Bora\u010dke organizacije Republike Srpske da se ne podr\u017ei nijedan miting koji organizuju politi\u010dke partije, pa tako ni protest koji u Prijedoru organizuje Savez za promjene zbog najavljene prodaje Rudnika \u017eeljezne rude &#8220;LJubija&#8221;.<\/p>\n<p>U Udru\u017eenju penzionera grada Prijedor ka\u017eu da ne osporavaju svojim \u010dlanovima da iza\u0111u na proteste, ali i da ne pozivaju nikoga da se pojavi na protestima jer penzioneri ne bi trebalo da u\u010destvuju u njima.<\/p>\n<p>Na\u010delnik Centra javne bezbjednosti \/CJB\/ Prijedor Dalibor Ivani\u0107 najavio je da \u0107e biti preduzete sve pripremne i preventivne radnje sa dovoljnim brojem policijskih snaga u obezbje\u0111enju mirnog okupljanja najavljenog u ovom gradu.<\/p>\n<p>Vlada Republike Srpske uputila je u skup\u0161tinsku proceduru prijedlog odluke o prodaji 64,99 odsto dr\u017eavnog kapitala u Rudnicima \u017eeljezne rude &#8220;LJubija&#8221;.<\/p>\n<p>SRNA<\/p>\n<p><a href=\"https:\/\/www.prijedordanas.com\/wp-content\/uploads\/2016\/06\/savez-za-promjene-protesti-prijedor-2.jpg\" rel=\"attachment wp-att-52538\"><img loading=\"lazy\" decoding=\"async\" class=\"alignleft size-medium wp-image-52538\" src=\"https:\/\/www.prijedordanas.com\/wp-content\/uploads\/2016\/06\/savez-za-promjene-protesti-prijedor-2-152x300.jpg\" alt=\"savez za promjene-protesti prijedor (2)\" width=\"152\" height=\"300\" srcset=\"https:\/\/www.prijedordanas.com\/wp-content\/uploads\/2016\/06\/savez-za-promjene-protesti-prijedor-2-152x300.jpg 152w, https:\/\/www.prijedordanas.com\/wp-content\/uploads\/2016\/06\/savez-za-promjene-protesti-prijedor-2.jpg 354w\" sizes=\"(max-width: 152px) 100vw, 152px\" \/><\/a> <a href=\"https:\/\/www.prijedordanas.com\/wp-content\/uploads\/2016\/06\/srna-szp-protesti.jpg\" rel=\"attachment wp-att-52554\"><img loading=\"lazy\" decoding=\"async\" class=\"alignleft size-medium wp-image-52554\" src=\"https:\/\/www.prijedordanas.com\/wp-content\/uploads\/2016\/06\/srna-szp-protesti-201x300.jpg\" alt=\"srna-szp-protesti\" width=\"201\" height=\"300\" srcset=\"https:\/\/www.prijedordanas.com\/wp-content\/uploads\/2016\/06\/srna-szp-protesti-201x300.jpg 201w, https:\/\/www.prijedordanas.com\/wp-content\/uploads\/2016\/06\/srna-szp-protesti.jpg 402w\" sizes=\"(max-width: 201px) 100vw, 201px\" \/><\/a><\/p>\n","protected":false},"excerpt":{"rendered":"<p>U Prijedoru \u0107e ve\u010deras biti odr\u017ean protest, koji Savez za promjene organizuje protiv rasprodaje prirodnih resursa i prodaje dr\u017eavnog kapitala u Rudnicima \u017eeljezne rude \/R\u017dR\/ &#8220;LJubija&#8221;. Predstavnici Saveza za promjene [&hellip;]<\/p>\n","protected":false},"author":1,"featured_media":0,"comment_status":"closed","ping_status":"open","sticky":false,"template":"","format":"standard","meta":{"_monsterinsights_skip_tracking":false,"_monsterinsights_sitenote_active":false,"_monsterinsights_sitenote_note":"","_monsterinsights_sitenote_category":0,"footnotes":""},"categories":[4],"tags":[3848,225,5528],"yoast_head":"<!-- This site is optimized with the Yoast SEO plugin v21.6 - https:\/\/yoast.com\/wordpress\/plugins\/seo\/ -->\n<title>PRIJEDOR: VE\u010cERAS PROTEST PROTIV PRIVATIZACIJE R\u017dR &quot;LJUBIJA&quot; - PrijedorDanas.com - Prijedorski gradski portal<\/title>\n<meta name=\"robots\" content=\"index, follow, max-snippet:-1, max-image-preview:large, max-video-preview:-1\" \/>\n<link rel=\"canonical\" href=\"https:\/\/www.prijedordanas.com\/?p=52635\" \/>\n<meta property=\"og:locale\" content=\"en_US\" \/>\n<meta property=\"og:type\" content=\"article\" \/>\n<meta property=\"og:title\" content=\"PRIJEDOR: VE\u010cERAS PROTEST PROTIV PRIVATIZACIJE R\u017dR &quot;LJUBIJA&quot; - PrijedorDanas.com - Prijedorski gradski portal\" \/>\n<meta property=\"og:description\" content=\"U Prijedoru \u0107e ve\u010deras biti odr\u017ean protest, koji Savez za promjene organizuje protiv rasprodaje prirodnih resursa i prodaje dr\u017eavnog kapitala u Rudnicima \u017eeljezne rude \/R\u017dR\/ &#8220;LJubija&#8221;. Predstavnici Saveza za promjene [&hellip;]\" \/>\n<meta property=\"og:url\" content=\"https:\/\/www.prijedordanas.com\/?p=52635\" \/>\n<meta property=\"og:site_name\" content=\"PrijedorDanas.com - Prijedorski gradski portal\" \/>\n<meta property=\"article:publisher\" content=\"https:\/\/www.facebook.com\/PrijedorDanasCom\/\" \/>\n<meta property=\"article:published_time\" content=\"2016-06-09T12:23:35+00:00\" \/>\n<meta property=\"og:image\" content=\"https:\/\/www.prijedordanas.com\/wp-content\/uploads\/2016\/06\/savez-za-promjene-protesti-prijedor-3-211x300.jpg\" \/>\n<meta name=\"author\" content=\"admin\" \/>\n<meta name=\"twitter:card\" content=\"summary_large_image\" \/>\n<meta name=\"twitter:label1\" content=\"Written by\" \/>\n\t<meta name=\"twitter:data1\" content=\"admin\" \/>\n\t<meta name=\"twitter:label2\" content=\"Est. reading time\" \/>\n\t<meta name=\"twitter:data2\" content=\"2 minutes\" \/>\n<script type=\"application\/ld+json\" class=\"yoast-schema-graph\">{\"@context\":\"https:\/\/schema.org\",\"@graph\":[{\"@type\":\"Article\",\"@id\":\"https:\/\/www.prijedordanas.com\/?p=52635#article\",\"isPartOf\":{\"@id\":\"https:\/\/www.prijedordanas.com\/?p=52635\"},\"author\":{\"name\":\"admin\",\"@id\":\"https:\/\/www.prijedordanas.com\/#\/schema\/person\/4e08ccf29b506ca916ff86d46bb700e6\"},\"headline\":\"PRIJEDOR: VE\u010cERAS PROTEST PROTIV PRIVATIZACIJE R\u017dR &#8220;LJUBIJA&#8221;\",\"datePublished\":\"2016-06-09T12:23:35+00:00\",\"dateModified\":\"2016-06-09T12:23:35+00:00\",\"mainEntityOfPage\":{\"@id\":\"https:\/\/www.prijedordanas.com\/?p=52635\"},\"wordCount\":311,\"publisher\":{\"@id\":\"https:\/\/www.prijedordanas.com\/#organization\"},\"keywords\":[\"protest\",\"R\u017dR Ljubija\",\"Savez za promjene\"],\"articleSection\":[\"Dru\u0161tvo\"],\"inLanguage\":\"en-US\"},{\"@type\":\"WebPage\",\"@id\":\"https:\/\/www.prijedordanas.com\/?p=52635\",\"url\":\"https:\/\/www.prijedordanas.com\/?p=52635\",\"name\":\"PRIJEDOR: VE\u010cERAS PROTEST PROTIV PRIVATIZACIJE R\u017dR \\\"LJUBIJA\\\" - PrijedorDanas.com - Prijedorski gradski portal\",\"isPartOf\":{\"@id\":\"https:\/\/www.prijedordanas.com\/#website\"},\"datePublished\":\"2016-06-09T12:23:35+00:00\",\"dateModified\":\"2016-06-09T12:23:35+00:00\",\"breadcrumb\":{\"@id\":\"https:\/\/www.prijedordanas.com\/?p=52635#breadcrumb\"},\"inLanguage\":\"en-US\",\"potentialAction\":[{\"@type\":\"ReadAction\",\"target\":[\"https:\/\/www.prijedordanas.com\/?p=52635\"]}]},{\"@type\":\"BreadcrumbList\",\"@id\":\"https:\/\/www.prijedordanas.com\/?p=52635#breadcrumb\",\"itemListElement\":[{\"@type\":\"ListItem\",\"position\":1,\"name\":\"Home\",\"item\":\"https:\/\/www.prijedordanas.com\/\"},{\"@type\":\"ListItem\",\"position\":2,\"name\":\"PRIJEDOR: VE\u010cERAS PROTEST PROTIV PRIVATIZACIJE R\u017dR &#8220;LJUBIJA&#8221;\"}]},{\"@type\":\"WebSite\",\"@id\":\"https:\/\/www.prijedordanas.com\/#website\",\"url\":\"https:\/\/www.prijedordanas.com\/\",\"name\":\"PrijedorDanas.com - Prijedorski gradski portal\",\"description\":\"Portal o doga\u0111anjima u gradu Prijedoru\",\"publisher\":{\"@id\":\"https:\/\/www.prijedordanas.com\/#organization\"},\"potentialAction\":[{\"@type\":\"SearchAction\",\"target\":{\"@type\":\"EntryPoint\",\"urlTemplate\":\"https:\/\/www.prijedordanas.com\/?s={search_term_string}\"},\"query-input\":\"required name=search_term_string\"}],\"inLanguage\":\"en-US\"},{\"@type\":\"Organization\",\"@id\":\"https:\/\/www.prijedordanas.com\/#organization\",\"name\":\"PrijedorDanas.com\",\"url\":\"https:\/\/www.prijedordanas.com\/\",\"logo\":{\"@type\":\"ImageObject\",\"inLanguage\":\"en-US\",\"@id\":\"https:\/\/www.prijedordanas.com\/#\/schema\/logo\/image\/\",\"url\":\"http:\/\/www.prijedordanas.com\/wp-content\/uploads\/2021\/12\/logopng.png\",\"contentUrl\":\"http:\/\/www.prijedordanas.com\/wp-content\/uploads\/2021\/12\/logopng.png\",\"width\":1019,\"height\":776,\"caption\":\"PrijedorDanas.com\"},\"image\":{\"@id\":\"https:\/\/www.prijedordanas.com\/#\/schema\/logo\/image\/\"},\"sameAs\":[\"https:\/\/www.facebook.com\/PrijedorDanasCom\/\"]},{\"@type\":\"Person\",\"@id\":\"https:\/\/www.prijedordanas.com\/#\/schema\/person\/4e08ccf29b506ca916ff86d46bb700e6\",\"name\":\"admin\",\"image\":{\"@type\":\"ImageObject\",\"inLanguage\":\"en-US\",\"@id\":\"https:\/\/www.prijedordanas.com\/#\/schema\/person\/image\/\",\"url\":\"https:\/\/secure.gravatar.com\/avatar\/1d3fc949d550f0b53a5f0d51e06dfd79?s=96&d=mm&r=g\",\"contentUrl\":\"https:\/\/secure.gravatar.com\/avatar\/1d3fc949d550f0b53a5f0d51e06dfd79?s=96&d=mm&r=g\",\"caption\":\"admin\"},\"url\":\"https:\/\/www.prijedordanas.com\/?author=1\"}]}<\/script>\n<!-- \/ Yoast SEO plugin. -->","yoast_head_json":{"title":"PRIJEDOR: VE\u010cERAS PROTEST PROTIV PRIVATIZACIJE R\u017dR \"LJUBIJA\" - PrijedorDanas.com - Prijedorski gradski portal","robots":{"index":"index","follow":"follow","max-snippet":"max-snippet:-1","max-image-preview":"max-image-preview:large","max-video-preview":"max-video-preview:-1"},"canonical":"https:\/\/www.prijedordanas.com\/?p=52635","og_locale":"en_US","og_type":"article","og_title":"PRIJEDOR: VE\u010cERAS PROTEST PROTIV PRIVATIZACIJE R\u017dR \"LJUBIJA\" - PrijedorDanas.com - Prijedorski gradski portal","og_description":"U Prijedoru \u0107e ve\u010deras biti odr\u017ean protest, koji Savez za promjene organizuje protiv rasprodaje prirodnih resursa i prodaje dr\u017eavnog kapitala u Rudnicima \u017eeljezne rude \/R\u017dR\/ &#8220;LJubija&#8221;. Predstavnici Saveza za promjene [&hellip;]","og_url":"https:\/\/www.prijedordanas.com\/?p=52635","og_site_name":"PrijedorDanas.com - Prijedorski gradski portal","article_publisher":"https:\/\/www.facebook.com\/PrijedorDanasCom\/","article_published_time":"2016-06-09T12:23:35+00:00","og_image":[{"url":"https:\/\/www.prijedordanas.com\/wp-content\/uploads\/2016\/06\/savez-za-promjene-protesti-prijedor-3-211x300.jpg"}],"author":"admin","twitter_card":"summary_large_image","twitter_misc":{"Written by":"admin","Est. reading time":"2 minutes"},"schema":{"@context":"https:\/\/schema.org","@graph":[{"@type":"Article","@id":"https:\/\/www.prijedordanas.com\/?p=52635#article","isPartOf":{"@id":"https:\/\/www.prijedordanas.com\/?p=52635"},"author":{"name":"admin","@id":"https:\/\/www.prijedordanas.com\/#\/schema\/person\/4e08ccf29b506ca916ff86d46bb700e6"},"headline":"PRIJEDOR: VE\u010cERAS PROTEST PROTIV PRIVATIZACIJE R\u017dR &#8220;LJUBIJA&#8221;","datePublished":"2016-06-09T12:23:35+00:00","dateModified":"2016-06-09T12:23:35+00:00","mainEntityOfPage":{"@id":"https:\/\/www.prijedordanas.com\/?p=52635"},"wordCount":311,"publisher":{"@id":"https:\/\/www.prijedordanas.com\/#organization"},"keywords":["protest","R\u017dR Ljubija","Savez za promjene"],"articleSection":["Dru\u0161tvo"],"inLanguage":"en-US"},{"@type":"WebPage","@id":"https:\/\/www.prijedordanas.com\/?p=52635","url":"https:\/\/www.prijedordanas.com\/?p=52635","name":"PRIJEDOR: VE\u010cERAS PROTEST PROTIV PRIVATIZACIJE R\u017dR \"LJUBIJA\" - PrijedorDanas.com - Prijedorski gradski portal","isPartOf":{"@id":"https:\/\/www.prijedordanas.com\/#website"},"datePublished":"2016-06-09T12:23:35+00:00","dateModified":"2016-06-09T12:23:35+00:00","breadcrumb":{"@id":"https:\/\/www.prijedordanas.com\/?p=52635#breadcrumb"},"inLanguage":"en-US","potentialAction":[{"@type":"ReadAction","target":["https:\/\/www.prijedordanas.com\/?p=52635"]}]},{"@type":"BreadcrumbList","@id":"https:\/\/www.prijedordanas.com\/?p=52635#breadcrumb","itemListElement":[{"@type":"ListItem","position":1,"name":"Home","item":"https:\/\/www.prijedordanas.com\/"},{"@type":"ListItem","position":2,"name":"PRIJEDOR: VE\u010cERAS PROTEST PROTIV PRIVATIZACIJE R\u017dR &#8220;LJUBIJA&#8221;"}]},{"@type":"WebSite","@id":"https:\/\/www.prijedordanas.com\/#website","url":"https:\/\/www.prijedordanas.com\/","name":"PrijedorDanas.com - Prijedorski gradski portal","description":"Portal o doga\u0111anjima u gradu Prijedoru","publisher":{"@id":"https:\/\/www.prijedordanas.com\/#organization"},"potentialAction":[{"@type":"SearchAction","target":{"@type":"EntryPoint","urlTemplate":"https:\/\/www.prijedordanas.com\/?s={search_term_string}"},"query-input":"required name=search_term_string"}],"inLanguage":"en-US"},{"@type":"Organization","@id":"https:\/\/www.prijedordanas.com\/#organization","name":"PrijedorDanas.com","url":"https:\/\/www.prijedordanas.com\/","logo":{"@type":"ImageObject","inLanguage":"en-US","@id":"https:\/\/www.prijedordanas.com\/#\/schema\/logo\/image\/","url":"http:\/\/www.prijedordanas.com\/wp-content\/uploads\/2021\/12\/logopng.png","contentUrl":"http:\/\/www.prijedordanas.com\/wp-content\/uploads\/2021\/12\/logopng.png","width":1019,"height":776,"caption":"PrijedorDanas.com"},"image":{"@id":"https:\/\/www.prijedordanas.com\/#\/schema\/logo\/image\/"},"sameAs":["https:\/\/www.facebook.com\/PrijedorDanasCom\/"]},{"@type":"Person","@id":"https:\/\/www.prijedordanas.com\/#\/schema\/person\/4e08ccf29b506ca916ff86d46bb700e6","name":"admin","image":{"@type":"ImageObject","inLanguage":"en-US","@id":"https:\/\/www.prijedordanas.com\/#\/schema\/person\/image\/","url":"https:\/\/secure.gravatar.com\/avatar\/1d3fc949d550f0b53a5f0d51e06dfd79?s=96&d=mm&r=g","contentUrl":"https:\/\/secure.gravatar.com\/avatar\/1d3fc949d550f0b53a5f0d51e06dfd79?s=96&d=mm&r=g","caption":"admin"},"url":"https:\/\/www.prijedordanas.com\/?author=1"}]}},"_links":{"self":[{"href":"https:\/\/www.prijedordanas.com\/index.php?rest_route=\/wp\/v2\/posts\/52635"}],"collection":[{"href":"https:\/\/www.prijedordanas.com\/index.php?rest_route=\/wp\/v2\/posts"}],"about":[{"href":"https:\/\/www.prijedordanas.com\/index.php?rest_route=\/wp\/v2\/types\/post"}],"author":[{"embeddable":true,"href":"https:\/\/www.prijedordanas.com\/index.php?rest_route=\/wp\/v2\/users\/1"}],"replies":[{"embeddable":true,"href":"https:\/\/www.prijedordanas.com\/index.php?rest_route=%2Fwp%2Fv2%2Fcomments&post=52635"}],"version-history":[{"count":1,"href":"https:\/\/www.prijedordanas.com\/index.php?rest_route=\/wp\/v2\/posts\/52635\/revisions"}],"predecessor-version":[{"id":52636,"href":"https:\/\/www.prijedordanas.com\/index.php?rest_route=\/wp\/v2\/posts\/52635\/revisions\/52636"}],"wp:attachment":[{"href":"https:\/\/www.prijedordanas.com\/index.php?rest_route=%2Fwp%2Fv2%2Fmedia&parent=52635"}],"wp:term":[{"taxonomy":"category","embeddable":true,"href":"https:\/\/www.prijedordanas.com\/index.php?rest_route=%2Fwp%2Fv2%2Fcategories&post=52635"},{"taxonomy":"post_tag","embeddable":true,"href":"https:\/\/www.prijedordanas.com\/index.php?rest_route=%2Fwp%2Fv2%2Ftags&post=52635"}],"curies":[{"name":"wp","href":"https:\/\/api.w.org\/{rel}","templated":true}]}}