{"id":52609,"date":"2016-06-09T11:38:36","date_gmt":"2016-06-09T09:38:36","guid":{"rendered":"https:\/\/www.prijedordanas.com\/?p=52609"},"modified":"2016-06-09T11:38:36","modified_gmt":"2016-06-09T09:38:36","slug":"sudenje-vlasenko-koncar-dokazi-o-vojnoj-pripadnosti-svjedoka","status":"publish","type":"post","link":"https:\/\/www.prijedordanas.com\/?p=52609","title":{"rendered":"SU\u0110ENJE VLASENKO-KON\u010cAR: DOKAZI O VOJNOJ PRIPADNOSTI SVJEDOKA"},"content":{"rendered":"<p><a href=\"https:\/\/www.prijedordanas.com\/wp-content\/uploads\/2016\/02\/sud-bih-1-2.jpg\" rel=\"attachment wp-att-42457\"><img loading=\"lazy\" decoding=\"async\" class=\"alignleft size-medium wp-image-42457\" src=\"https:\/\/www.prijedordanas.com\/wp-content\/uploads\/2016\/02\/sud-bih-1-2-300x200.jpg\" alt=\"sud bih (1)\" width=\"300\" height=\"200\" srcset=\"https:\/\/www.prijedordanas.com\/wp-content\/uploads\/2016\/02\/sud-bih-1-2-300x200.jpg 300w, https:\/\/www.prijedordanas.com\/wp-content\/uploads\/2016\/02\/sud-bih-1-2-480x320.jpg 480w, https:\/\/www.prijedordanas.com\/wp-content\/uploads\/2016\/02\/sud-bih-1-2.jpg 600w\" sizes=\"(max-width: 300px) 100vw, 300px\" \/><\/a>Na su\u0111enju za zlo\u010dine po\u010dinjene na podru\u010dju Prijedora, Tu\u017eila\u0161tvo Bosne i Hercegovine ulo\u017eilo je materijalne dokaze kojim je poku\u0161alo pokazati da su Nikola i Vaso Mijatovi\u0107 bili pripadnici Vojske Republike Srpske.<\/p>\n<p>Tu\u017eilac \u0106azim Hasanspahi\u0107 ulo\u017eio je rje\u0161enja i uvjerenja od 1996. do 2010.godine, prema kojim Vaso Mijatovi\u0107 ima status ratnog vojnog invalida kao pripadnik Vojske Republike Srpske (VRS) zbog ranjavanja 24. maja 1992. u Podgra\u0111u (op\u0161tina Prijedor).<\/p>\n<p>\u201cNikola Mijatovi\u0107 je svjedo\u010dio na okolnosti ranjavanja Vase Mijatovi\u0107a, gdje je naveo da je ranjen kao civil\u201c, kazao je Hasanspahi\u0107.<\/p>\n<p><a href=\"https:\/\/www.prijedordanas.com\/wp-content\/uploads\/2016\/02\/sud-bih-2-2.jpg\" rel=\"attachment wp-att-41824\"><img loading=\"lazy\" decoding=\"async\" src=\"https:\/\/www.prijedordanas.com\/wp-content\/uploads\/2016\/02\/sud-bih-2-2-300x225.jpg\" alt=\"sud bih (2)\" width=\"300\" height=\"225\" class=\"alignleft size-medium wp-image-41824\" srcset=\"https:\/\/www.prijedordanas.com\/wp-content\/uploads\/2016\/02\/sud-bih-2-2-300x225.jpg 300w, https:\/\/www.prijedordanas.com\/wp-content\/uploads\/2016\/02\/sud-bih-2-2.jpg 500w\" sizes=\"(max-width: 300px) 100vw, 300px\" \/><\/a>Tu\u017eilac je ulo\u017eio i kopije vojnih dokumenata za Nikolu Mijatovi\u0107a i Milo\u0161a Kon\u010dara, koji su svjedo\u010dili u korist Odbrane.<\/p>\n<p>\u201cIz ovih dokaza proizilazi, pogotovo za Nikolu Mijatovi\u0107a, da je isti bio mobilisan kao pripadnik VRS od 24. maja 1992. godine, \u0161to je suprotno njegovom svjedo\u010denju. Iz tih razloga izvodim ove dokaze kao repliku\u201c, rekao je Hasanspahi\u0107.<\/p>\n<p>Tu\u017eila\u0161tvo Bosne i Hercegovine (Tu\u017eila\u0161tvo BiH) tereti Mitra i Radeta Vlasenka, te Dragu Kon\u010dara, da su od 24. maja do polovine augusta 1992. u\u010destvovali u progonu civilnog nesrpskog stanovni\u0161tva s podru\u010dja Prijedora. U optu\u017enici se navodi da su u sklopu progona vr\u0161ena ubistva i prisilni nestanci.<\/p>\n<p>Odbrana prvooptu\u017eenog Mitra Vlasenka je kazala kako se ovo odnosi na svjedoka, a ne na optu\u017eenog.<\/p>\n<p>Su\u0111enje \u0107e se nastaviti 12. jula, saslu\u0161anjem za\u0161ti\u0107enog svjedoka Odbrane drugooptu\u017eenog Radeta Vlasenka.<\/p>\n<p>BIRN<\/p>\n","protected":false},"excerpt":{"rendered":"<p>Na su\u0111enju za zlo\u010dine po\u010dinjene na podru\u010dju Prijedora, Tu\u017eila\u0161tvo Bosne i Hercegovine ulo\u017eilo je materijalne dokaze kojim je poku\u0161alo pokazati da su Nikola i Vaso Mijatovi\u0107 bili pripadnici Vojske Republike [&hellip;]<\/p>\n","protected":false},"author":1,"featured_media":0,"comment_status":"closed","ping_status":"open","sticky":false,"template":"","format":"standard","meta":{"_monsterinsights_skip_tracking":false,"_monsterinsights_sitenote_active":false,"_monsterinsights_sitenote_note":"","_monsterinsights_sitenote_category":0,"footnotes":""},"categories":[5],"tags":[2658,531,249,2657],"yoast_head":"<!-- This site is optimized with the Yoast SEO plugin v21.6 - https:\/\/yoast.com\/wordpress\/plugins\/seo\/ -->\n<title>SU\u0110ENJE VLASENKO-KON\u010cAR: DOKAZI O VOJNOJ PRIPADNOSTI SVJEDOKA - PrijedorDanas.com - Prijedorski gradski portal<\/title>\n<meta name=\"robots\" content=\"index, follow, max-snippet:-1, max-image-preview:large, max-video-preview:-1\" \/>\n<link rel=\"canonical\" href=\"https:\/\/www.prijedordanas.com\/?p=52609\" \/>\n<meta property=\"og:locale\" content=\"en_US\" \/>\n<meta property=\"og:type\" content=\"article\" \/>\n<meta property=\"og:title\" content=\"SU\u0110ENJE VLASENKO-KON\u010cAR: DOKAZI O VOJNOJ PRIPADNOSTI SVJEDOKA - PrijedorDanas.com - Prijedorski gradski portal\" \/>\n<meta property=\"og:description\" content=\"Na su\u0111enju za zlo\u010dine po\u010dinjene na podru\u010dju Prijedora, Tu\u017eila\u0161tvo Bosne i Hercegovine ulo\u017eilo je materijalne dokaze kojim je poku\u0161alo pokazati da su Nikola i Vaso Mijatovi\u0107 bili pripadnici Vojske Republike [&hellip;]\" \/>\n<meta property=\"og:url\" content=\"https:\/\/www.prijedordanas.com\/?p=52609\" \/>\n<meta property=\"og:site_name\" content=\"PrijedorDanas.com - Prijedorski gradski portal\" \/>\n<meta property=\"article:publisher\" content=\"https:\/\/www.facebook.com\/PrijedorDanasCom\/\" \/>\n<meta property=\"article:published_time\" content=\"2016-06-09T09:38:36+00:00\" \/>\n<meta property=\"og:image\" content=\"https:\/\/www.prijedordanas.com\/wp-content\/uploads\/2016\/02\/sud-bih-1-2-300x200.jpg\" \/>\n<meta name=\"author\" content=\"admin\" \/>\n<meta name=\"twitter:card\" content=\"summary_large_image\" \/>\n<meta name=\"twitter:label1\" content=\"Written by\" \/>\n\t<meta name=\"twitter:data1\" content=\"admin\" \/>\n\t<meta name=\"twitter:label2\" content=\"Est. reading time\" \/>\n\t<meta name=\"twitter:data2\" content=\"1 minute\" \/>\n<script type=\"application\/ld+json\" class=\"yoast-schema-graph\">{\"@context\":\"https:\/\/schema.org\",\"@graph\":[{\"@type\":\"Article\",\"@id\":\"https:\/\/www.prijedordanas.com\/?p=52609#article\",\"isPartOf\":{\"@id\":\"https:\/\/www.prijedordanas.com\/?p=52609\"},\"author\":{\"name\":\"admin\",\"@id\":\"https:\/\/www.prijedordanas.com\/#\/schema\/person\/4e08ccf29b506ca916ff86d46bb700e6\"},\"headline\":\"SU\u0110ENJE VLASENKO-KON\u010cAR: DOKAZI O VOJNOJ PRIPADNOSTI SVJEDOKA\",\"datePublished\":\"2016-06-09T09:38:36+00:00\",\"dateModified\":\"2016-06-09T09:38:36+00:00\",\"mainEntityOfPage\":{\"@id\":\"https:\/\/www.prijedordanas.com\/?p=52609\"},\"wordCount\":260,\"publisher\":{\"@id\":\"https:\/\/www.prijedordanas.com\/#organization\"},\"keywords\":[\"Kon\u010dar\",\"Sud BiH\",\"su\u0111enje\",\"Vlasenko\"],\"articleSection\":[\"Hronika\"],\"inLanguage\":\"en-US\"},{\"@type\":\"WebPage\",\"@id\":\"https:\/\/www.prijedordanas.com\/?p=52609\",\"url\":\"https:\/\/www.prijedordanas.com\/?p=52609\",\"name\":\"SU\u0110ENJE VLASENKO-KON\u010cAR: DOKAZI O VOJNOJ PRIPADNOSTI SVJEDOKA - PrijedorDanas.com - Prijedorski gradski portal\",\"isPartOf\":{\"@id\":\"https:\/\/www.prijedordanas.com\/#website\"},\"datePublished\":\"2016-06-09T09:38:36+00:00\",\"dateModified\":\"2016-06-09T09:38:36+00:00\",\"breadcrumb\":{\"@id\":\"https:\/\/www.prijedordanas.com\/?p=52609#breadcrumb\"},\"inLanguage\":\"en-US\",\"potentialAction\":[{\"@type\":\"ReadAction\",\"target\":[\"https:\/\/www.prijedordanas.com\/?p=52609\"]}]},{\"@type\":\"BreadcrumbList\",\"@id\":\"https:\/\/www.prijedordanas.com\/?p=52609#breadcrumb\",\"itemListElement\":[{\"@type\":\"ListItem\",\"position\":1,\"name\":\"Home\",\"item\":\"https:\/\/www.prijedordanas.com\/\"},{\"@type\":\"ListItem\",\"position\":2,\"name\":\"SU\u0110ENJE VLASENKO-KON\u010cAR: DOKAZI O VOJNOJ PRIPADNOSTI SVJEDOKA\"}]},{\"@type\":\"WebSite\",\"@id\":\"https:\/\/www.prijedordanas.com\/#website\",\"url\":\"https:\/\/www.prijedordanas.com\/\",\"name\":\"PrijedorDanas.com - Prijedorski gradski portal\",\"description\":\"Portal o doga\u0111anjima u gradu Prijedoru\",\"publisher\":{\"@id\":\"https:\/\/www.prijedordanas.com\/#organization\"},\"potentialAction\":[{\"@type\":\"SearchAction\",\"target\":{\"@type\":\"EntryPoint\",\"urlTemplate\":\"https:\/\/www.prijedordanas.com\/?s={search_term_string}\"},\"query-input\":\"required name=search_term_string\"}],\"inLanguage\":\"en-US\"},{\"@type\":\"Organization\",\"@id\":\"https:\/\/www.prijedordanas.com\/#organization\",\"name\":\"PrijedorDanas.com\",\"url\":\"https:\/\/www.prijedordanas.com\/\",\"logo\":{\"@type\":\"ImageObject\",\"inLanguage\":\"en-US\",\"@id\":\"https:\/\/www.prijedordanas.com\/#\/schema\/logo\/image\/\",\"url\":\"http:\/\/www.prijedordanas.com\/wp-content\/uploads\/2021\/12\/logopng.png\",\"contentUrl\":\"http:\/\/www.prijedordanas.com\/wp-content\/uploads\/2021\/12\/logopng.png\",\"width\":1019,\"height\":776,\"caption\":\"PrijedorDanas.com\"},\"image\":{\"@id\":\"https:\/\/www.prijedordanas.com\/#\/schema\/logo\/image\/\"},\"sameAs\":[\"https:\/\/www.facebook.com\/PrijedorDanasCom\/\"]},{\"@type\":\"Person\",\"@id\":\"https:\/\/www.prijedordanas.com\/#\/schema\/person\/4e08ccf29b506ca916ff86d46bb700e6\",\"name\":\"admin\",\"image\":{\"@type\":\"ImageObject\",\"inLanguage\":\"en-US\",\"@id\":\"https:\/\/www.prijedordanas.com\/#\/schema\/person\/image\/\",\"url\":\"https:\/\/secure.gravatar.com\/avatar\/1d3fc949d550f0b53a5f0d51e06dfd79?s=96&d=mm&r=g\",\"contentUrl\":\"https:\/\/secure.gravatar.com\/avatar\/1d3fc949d550f0b53a5f0d51e06dfd79?s=96&d=mm&r=g\",\"caption\":\"admin\"},\"url\":\"https:\/\/www.prijedordanas.com\/?author=1\"}]}<\/script>\n<!-- \/ Yoast SEO plugin. -->","yoast_head_json":{"title":"SU\u0110ENJE VLASENKO-KON\u010cAR: DOKAZI O VOJNOJ PRIPADNOSTI SVJEDOKA - PrijedorDanas.com - Prijedorski gradski portal","robots":{"index":"index","follow":"follow","max-snippet":"max-snippet:-1","max-image-preview":"max-image-preview:large","max-video-preview":"max-video-preview:-1"},"canonical":"https:\/\/www.prijedordanas.com\/?p=52609","og_locale":"en_US","og_type":"article","og_title":"SU\u0110ENJE VLASENKO-KON\u010cAR: DOKAZI O VOJNOJ PRIPADNOSTI SVJEDOKA - PrijedorDanas.com - Prijedorski gradski portal","og_description":"Na su\u0111enju za zlo\u010dine po\u010dinjene na podru\u010dju Prijedora, Tu\u017eila\u0161tvo Bosne i Hercegovine ulo\u017eilo je materijalne dokaze kojim je poku\u0161alo pokazati da su Nikola i Vaso Mijatovi\u0107 bili pripadnici Vojske Republike [&hellip;]","og_url":"https:\/\/www.prijedordanas.com\/?p=52609","og_site_name":"PrijedorDanas.com - Prijedorski gradski portal","article_publisher":"https:\/\/www.facebook.com\/PrijedorDanasCom\/","article_published_time":"2016-06-09T09:38:36+00:00","og_image":[{"url":"https:\/\/www.prijedordanas.com\/wp-content\/uploads\/2016\/02\/sud-bih-1-2-300x200.jpg"}],"author":"admin","twitter_card":"summary_large_image","twitter_misc":{"Written by":"admin","Est. reading time":"1 minute"},"schema":{"@context":"https:\/\/schema.org","@graph":[{"@type":"Article","@id":"https:\/\/www.prijedordanas.com\/?p=52609#article","isPartOf":{"@id":"https:\/\/www.prijedordanas.com\/?p=52609"},"author":{"name":"admin","@id":"https:\/\/www.prijedordanas.com\/#\/schema\/person\/4e08ccf29b506ca916ff86d46bb700e6"},"headline":"SU\u0110ENJE VLASENKO-KON\u010cAR: DOKAZI O VOJNOJ PRIPADNOSTI SVJEDOKA","datePublished":"2016-06-09T09:38:36+00:00","dateModified":"2016-06-09T09:38:36+00:00","mainEntityOfPage":{"@id":"https:\/\/www.prijedordanas.com\/?p=52609"},"wordCount":260,"publisher":{"@id":"https:\/\/www.prijedordanas.com\/#organization"},"keywords":["Kon\u010dar","Sud BiH","su\u0111enje","Vlasenko"],"articleSection":["Hronika"],"inLanguage":"en-US"},{"@type":"WebPage","@id":"https:\/\/www.prijedordanas.com\/?p=52609","url":"https:\/\/www.prijedordanas.com\/?p=52609","name":"SU\u0110ENJE VLASENKO-KON\u010cAR: DOKAZI O VOJNOJ PRIPADNOSTI SVJEDOKA - PrijedorDanas.com - Prijedorski gradski portal","isPartOf":{"@id":"https:\/\/www.prijedordanas.com\/#website"},"datePublished":"2016-06-09T09:38:36+00:00","dateModified":"2016-06-09T09:38:36+00:00","breadcrumb":{"@id":"https:\/\/www.prijedordanas.com\/?p=52609#breadcrumb"},"inLanguage":"en-US","potentialAction":[{"@type":"ReadAction","target":["https:\/\/www.prijedordanas.com\/?p=52609"]}]},{"@type":"BreadcrumbList","@id":"https:\/\/www.prijedordanas.com\/?p=52609#breadcrumb","itemListElement":[{"@type":"ListItem","position":1,"name":"Home","item":"https:\/\/www.prijedordanas.com\/"},{"@type":"ListItem","position":2,"name":"SU\u0110ENJE VLASENKO-KON\u010cAR: DOKAZI O VOJNOJ PRIPADNOSTI SVJEDOKA"}]},{"@type":"WebSite","@id":"https:\/\/www.prijedordanas.com\/#website","url":"https:\/\/www.prijedordanas.com\/","name":"PrijedorDanas.com - Prijedorski gradski portal","description":"Portal o doga\u0111anjima u gradu Prijedoru","publisher":{"@id":"https:\/\/www.prijedordanas.com\/#organization"},"potentialAction":[{"@type":"SearchAction","target":{"@type":"EntryPoint","urlTemplate":"https:\/\/www.prijedordanas.com\/?s={search_term_string}"},"query-input":"required name=search_term_string"}],"inLanguage":"en-US"},{"@type":"Organization","@id":"https:\/\/www.prijedordanas.com\/#organization","name":"PrijedorDanas.com","url":"https:\/\/www.prijedordanas.com\/","logo":{"@type":"ImageObject","inLanguage":"en-US","@id":"https:\/\/www.prijedordanas.com\/#\/schema\/logo\/image\/","url":"http:\/\/www.prijedordanas.com\/wp-content\/uploads\/2021\/12\/logopng.png","contentUrl":"http:\/\/www.prijedordanas.com\/wp-content\/uploads\/2021\/12\/logopng.png","width":1019,"height":776,"caption":"PrijedorDanas.com"},"image":{"@id":"https:\/\/www.prijedordanas.com\/#\/schema\/logo\/image\/"},"sameAs":["https:\/\/www.facebook.com\/PrijedorDanasCom\/"]},{"@type":"Person","@id":"https:\/\/www.prijedordanas.com\/#\/schema\/person\/4e08ccf29b506ca916ff86d46bb700e6","name":"admin","image":{"@type":"ImageObject","inLanguage":"en-US","@id":"https:\/\/www.prijedordanas.com\/#\/schema\/person\/image\/","url":"https:\/\/secure.gravatar.com\/avatar\/1d3fc949d550f0b53a5f0d51e06dfd79?s=96&d=mm&r=g","contentUrl":"https:\/\/secure.gravatar.com\/avatar\/1d3fc949d550f0b53a5f0d51e06dfd79?s=96&d=mm&r=g","caption":"admin"},"url":"https:\/\/www.prijedordanas.com\/?author=1"}]}},"_links":{"self":[{"href":"https:\/\/www.prijedordanas.com\/index.php?rest_route=\/wp\/v2\/posts\/52609"}],"collection":[{"href":"https:\/\/www.prijedordanas.com\/index.php?rest_route=\/wp\/v2\/posts"}],"about":[{"href":"https:\/\/www.prijedordanas.com\/index.php?rest_route=\/wp\/v2\/types\/post"}],"author":[{"embeddable":true,"href":"https:\/\/www.prijedordanas.com\/index.php?rest_route=\/wp\/v2\/users\/1"}],"replies":[{"embeddable":true,"href":"https:\/\/www.prijedordanas.com\/index.php?rest_route=%2Fwp%2Fv2%2Fcomments&post=52609"}],"version-history":[{"count":1,"href":"https:\/\/www.prijedordanas.com\/index.php?rest_route=\/wp\/v2\/posts\/52609\/revisions"}],"predecessor-version":[{"id":52610,"href":"https:\/\/www.prijedordanas.com\/index.php?rest_route=\/wp\/v2\/posts\/52609\/revisions\/52610"}],"wp:attachment":[{"href":"https:\/\/www.prijedordanas.com\/index.php?rest_route=%2Fwp%2Fv2%2Fmedia&parent=52609"}],"wp:term":[{"taxonomy":"category","embeddable":true,"href":"https:\/\/www.prijedordanas.com\/index.php?rest_route=%2Fwp%2Fv2%2Fcategories&post=52609"},{"taxonomy":"post_tag","embeddable":true,"href":"https:\/\/www.prijedordanas.com\/index.php?rest_route=%2Fwp%2Fv2%2Ftags&post=52609"}],"curies":[{"name":"wp","href":"https:\/\/api.w.org\/{rel}","templated":true}]}}